{"id":64367,"date":"2019-03-01T13:10:08","date_gmt":"2019-03-01T10:10:08","guid":{"rendered":"http:\/\/www.tvturk.com\/index.php\/ibrahim-oztek-hocali-soykirimi-turke-soykirimin-en-acimasiz-ornegidir\/"},"modified":"2019-03-01T13:10:16","modified_gmt":"2019-03-01T10:10:16","slug":"ibrahim-oztek-hocali-soykirimi-turke-soykirimin-en-acimasiz-ornegidir","status":"publish","type":"post","link":"http:\/\/www.tvturk.com\/index.php\/ibrahim-oztek-hocali-soykirimi-turke-soykirimin-en-acimasiz-ornegidir\/","title":{"rendered":"\u0130brahim \u00d6ztek: &#8220;Hocal\u0131 Soyk\u0131r\u0131m\u0131, T\u00fcrk\u2019e soyk\u0131r\u0131m\u0131n en ac\u0131mas\u0131z \u00f6rne\u011fidir&#8221;"},"content":{"rendered":"<p>Anadolu Ayd\u0131nlar Oca\u011f\u0131 Genel Ba\u015fkan\u0131 Prof. Dr. \u0130brahim \u00d6ztek, \u00dcsk\u00fcdar \u00dcniversitesi\u2019nde verdi\u011fi bir konferansta, &#8220;Hocal\u0131 Soyk\u0131r\u0131m\u0131, T\u00fcrk\u2019e soyk\u0131r\u0131m\u0131n en ac\u0131mas\u0131z \u00f6rne\u011fidir&#8221; dedi.<\/p>\n<p>Prof. Dr. \u0130brahim \u00d6ztek, Hocal\u0131 Soyk\u0131r\u0131m\u0131\u2019n\u0131n 27. y\u0131l\u0131 nedeni ile \u00f6\u011fretim \u00fcyesi oldu\u011fu \u00dcsk\u00fcdar \u00dcniversitesi\u2019nde bir konferans verdi. Konferansa Azerbaycan Cumhuriyeti \u0130stanbul konsoloslar\u0131 Ramiz Hac\u0131zade ve Ayaz Pirimov, \u0130stiklal Sava\u015f\u0131 kahramanlar\u0131ndan Kaz\u0131m Karabekir Pa\u015fa\u2019n\u0131n k\u0131z\u0131 say\u0131n Timsal Karabekir Y\u0131ld\u0131ran, K\u0131br\u0131s mukavemet te\u015fkilat\u0131n\u0131n kurucular\u0131ndan K\u0131br\u0131s Gazisi emekli T\u00fcmgeneral Cumhur Evcil, emekli T\u00fcmgeneral Tar\u0131k \u00d6zkut, bir\u00e7ok \u00f6\u011fretim \u00fcyesi hocalar, bir\u00e7ok sivil toplum kurumu y\u00f6neticileri ve \u00f6\u011frenciler kat\u0131ld\u0131.<\/p>\n<p>Prof. Dr. \u0130brahim \u00d6zek 300\u2019e kadar nadir slaytlar e\u015fli\u011finde d\u00fcnyan\u0131n en ac\u0131mas\u0131z soyk\u0131r\u0131m\u0131 Hocal\u0131\u2019y\u0131 t\u00fcm incelikleri ile dile getirdi\u011fi gibi bu soyk\u0131r\u0131m\u0131n b\u00fcy\u00fck oyunun bir par\u00e7as\u0131 oldu\u011funu vurgulad\u0131 ve bu oyunun T\u00fcrklere kar\u015f\u0131 \u00e7ok \u00f6zel plan ve projelerle s\u00fcrd\u00fcr\u00fcld\u00fc\u011f\u00fcn\u00fc s\u00f6yledi.<\/p>\n<p>&#8220;Hocal\u0131 Soyk\u0131r\u0131m\u0131\u2019n\u0131n yaralar\u0131 hen\u00fcz kapanmam\u0131\u015ft\u0131r&#8221;<\/p>\n<p>\u00d6ztek, d\u00fcnyada en \u00e7ok soyk\u0131r\u0131ma u\u011fram\u0131\u015f milletin T\u00fcrkler oldu\u011funu belirterek, &#8220;Hocal\u0131, 20. y\u00fczy\u0131lda t\u00fcm s\u00f6zde \u00e7a\u011fda\u015f ve medeni d\u00fcnyan\u0131n g\u00f6zleri \u00f6n\u00fcnde Azerbaycan, Karaba\u011f ve Hocal\u0131\u2019da ya\u015fayan soyda\u015flar\u0131m\u0131za uygulanan en ac\u0131mas\u0131z soyk\u0131r\u0131m\u0131n bir \u00f6rne\u011fidir. Bug\u00fcn de yar\u0131n da f\u0131rsat bulacak t\u00fcm d\u00fc\u015fmanlar\u0131m\u0131z, T\u00fcrk\u2019e soyk\u0131r\u0131mdan vazge\u00e7meyeceklerdir. Aradan 27 y\u0131l ge\u00e7mesine ra\u011fmen Hocal\u0131 soyk\u0131r\u0131m\u0131n\u0131n yaralar\u0131 hen\u00fcz kapanmam\u0131\u015ft\u0131r. Karaba\u011f, 6 bin y\u0131ld\u0131r T\u00fcrk yurdudur ve bu yurt, kay\u0131ts\u0131z \u015farts\u0131z Azerbaycan\u2019a teslim edilmeli ve bu kadim T\u00fcrk yurdunda Azerbaycan\u2019\u0131n ay-y\u0131ld\u0131zl\u0131 bayra\u011f\u0131 dalgalanmal\u0131d\u0131r&#8221; ifadelerini kulland\u0131.<\/p>\n<p>&#8220;Ermeniler her \u015feylerini T\u00fcrk\u2019e bor\u00e7ludur&#8221;<\/p>\n<p>&#8220;Kendilerine T\u00fcrk tarihinden tarih olu\u015fturmaya \u00e7al\u0131\u015fan bu a\u00e7g\u00f6zl\u00fc Ermeni toplulu\u011fu her zaman oldu\u011fu gibi T\u00fcrk yurtlar\u0131na sald\u0131rmay\u0131 adet haline getirmi\u015ftir&#8221; diyen \u00d6ztek, s\u00f6zlerini \u015f\u00f6yle s\u00fcrd\u00fcrd\u00fc:<\/p>\n<p>&#8220;2,5 milyon Ermeni, ya\u015fad\u0131\u011f\u0131 topraklar d\u0131\u015f\u0131nda d\u00fcnyan\u0131n her yerinde d\u00fc\u015fmanl\u0131klar\u0131na devam etmektedir. Ermeni\u2019nin bu T\u00fcrk d\u00fc\u015fmanl\u0131\u011f\u0131 onlar\u0131n ya\u015fam iksiridir. Bu d\u00fc\u015fmanl\u0131k onlar\u0131 ayakta tutmaktad\u0131r. Bunu yapmasalar d\u00fcnyadan silinip gidecekler. Onun i\u00e7indir ki, Ermeniler her \u015feylerini T\u00fcrk\u2019e bor\u00e7ludur. Ermenistan ve Ermeniler\u2019in ya\u015fad\u0131klar\u0131 co\u011frafyada hayat bulabilmesi i\u00e7in Azerbaycan ve T\u00fcrkiye\u2019ye muhta\u00e7t\u0131r. T\u00fcrkiye\u2019de \u00e7al\u0131\u015fan 50 bine yak\u0131n Ermeni han\u0131m T\u00fcrk \u00e7ocuklar\u0131na dad\u0131l\u0131k yapmakta ve kazand\u0131klar\u0131 paralarla Ermenistan\u2019\u0131n ekonomisine b\u00fcy\u00fck katk\u0131lar sa\u011flamaktad\u0131r.<\/p>\n<p>200 y\u0131ld\u0131r Rusya, daha sonra \u0130ngiltere ve Fransa taraf\u0131ndan azd\u0131r\u0131l\u0131p \u00fczerimize sal\u0131nan Ermeniler, bug\u00fcn de Emperyal g\u00fc\u00e7lerin b\u00fcy\u00fck oyunlar\u0131n\u0131n k\u00fc\u00e7\u00fck piyonlar\u0131d\u0131r. B\u00fcy\u00fck oyun, T\u00fcrk milletinin Kafkaslar\u2019da, Azerbaycan\u2019da, Hazar havzas\u0131nda, Orta Do\u011fu ve Orta Asya\u2019daki zenginliklerinin payla\u015f\u0131m\u0131d\u0131r. Azerbaycan petrol ve gaz deposu, T\u00fcrkiye ise petro-gaz\u0131n d\u00fcnyaya ta\u015f\u0131naca\u011f\u0131 arterler \u00fczerindedir. Bu zenginlikleri koruma ve kollama sadece bar\u0131\u015f\u0131n g\u00fcvercini olmakla de\u011fil, ayn\u0131 zamanda sava\u015f\u0131n kartal\u0131 olmaktan ge\u00e7mektedir. Hocal\u0131 Soyk\u0131r\u0131m\u0131, T\u00fcrk\u2019e 250 y\u0131ld\u0131r s\u00fcrd\u00fcr\u00fclen soyk\u0131r\u0131m\u0131n son \u00f6rneklerindendir.&#8221;<\/p>\n<p>&#8220;T\u00fcrk milleti var\u0131yla yo\u011fuyla bir gelmeli ve kendi birli\u011fini kurmal\u0131d\u0131r&#8221;<\/p>\n<p>Prof. Dr. \u0130brahim \u00d6ztek, 1. D\u00fcnya \u015eava\u015f\u0131\u2019n\u0131n Osmanl\u0131 \u0130mparatorlu\u011fu\u2019nu ve onun zenginliklerini yok etme amac\u0131 g\u00fctt\u00fc\u011f\u00fcn\u00fc vurgulayarak, &#8220;Bug\u00fcn de T\u00fcrk\u2019e, Azerbaycan ve Anadolu topraklar\u0131 \u00e7ok g\u00f6r\u00fclmektedir. Do\u011fu T\u00fcrkistan\u2019da T\u00fcrk\u2019e soyk\u0131r\u0131m\u0131 s\u00fcrd\u00fcren K\u0131z\u0131l \u00c7in\u2019in ba\u015f\u0131 \u00e7ekti\u011fi \u015eanghay i\u015fbirli\u011fi \u00f6rg\u00fct\u00fc bug\u00fcn t\u00fcm T\u00fcrk devletlerini i\u00e7ine alm\u0131\u015ft\u0131r. Halbuki T\u00fcrk milleti var\u0131yla yo\u011fuyla bir araya gelmeli ve kendi birli\u011fini kurmal\u0131d\u0131r. Orta Do\u011fu sahipsizdir. BOP, bu sahipsiz b\u00f6lgede kurulmu\u015f bir Amerikan imparatorlu\u011fudur. Buna kar\u015f\u0131 T\u00fcrkiye\u2019yi bekleyen \u00e7ok ciddi g\u00f6revler vard\u0131r. T\u00fcrkiye Ortado\u011fu siyasetini yeniden ve k\u00f6kl\u00fc olarak g\u00f6zden ge\u00e7irmek zorundad\u0131r&#8221; a\u00e7\u0131klamas\u0131nda bulundu.<\/p>\n<p>Konferans\u0131n sonunda Azerbaycan Konsolosu Ramiz Hac\u0131zade, Timsal Karabekir ve Cumhur Evcil Pa\u015fa, Hocal\u0131 Soyk\u0131r\u0131m\u0131 konusunda g\u00f6r\u00fc\u015f ve d\u00fc\u015f\u00fcncelerini belirttiler.<div class=\"tiled-gallery type-rectangular tiled-gallery-unresized\" data-original-width=\"500\" data-carousel-extra='null' itemscope itemtype=\"http:\/\/schema.org\/ImageGallery\" > <div class=\"gallery-row\" style=\"width: 500px; height: 224px;\" data-original-width=\"500\" data-original-height=\"224\" > <div class=\"gallery-group images-1\" style=\"width: 334px; height: 224px;\" data-original-width=\"334\" data-original-height=\"224\" > <div class=\"tiled-gallery-item tiled-gallery-item-large\" itemprop=\"associatedMedia\" itemscope itemtype=\"http:\/\/schema.org\/ImageObject\"> <a href=\"http:\/\/www.tvturk.com\/index.php\/ibrahim-oztek-hocali-soykirimi-turke-soykirimin-en-acimasiz-ornegidir\/ibrahim-oztek-hocali-soykirimi-turke-soykirimin-en-acimasiz-ornegidir-3\/\" border=\"0\" itemprop=\"url\"> <meta itemprop=\"width\" content=\"330\"> <meta itemprop=\"height\" content=\"220\"> <img decoding=\"async\" class=\"\" data-attachment-id=\"64369\" data-orig-file=\"http:\/\/www.tvturk.com\/wp-content\/uploads\/2019\/03\/ibrahim-oztek-hocali-soykirimi-turke-soykirimin-en-acimasiz-ornegidir_76c8e72.jpg\" data-orig-size=\"1000,666\" data-comments-opened=\"\" data-image-meta=\"{&quot;aperture&quot;:&quot;0&quot;,&quot;credit&quot;:&quot;IHA&quot;,&quot;camera&quot;:&quot;&quot;,&quot;caption&quot;:&quot;PROF. DR. \\u0130BRAH\\u0130M \\u00d6ZTEK, HOCALI SOYKIRIMI\\u0027NIN 27. YILI NEDEN\\u0130 \\u0130LE \\u00d6\\u011eRET\\u0130M \\u00dcYES\\u0130 OLDU\\u011eU \\u00dcSK\\u00dcDAR \\u00dcN\\u0130VERS\\u0130TES\\u0130\\u0027NDE B\\u0130R KONFERANS VERD\\u0130. KONFERANSA AZERBAYCAN CUMHUR\\u0130YET\\u0130 \\u0130STANBUL KONSOLOSLARI RAM\\u0130Z HACIZADE VE AYAZ P\\u0130R\\u0130MOV, \\u0130ST\\u0130KLAL SAVA\\u015eI KAHRAMANLARINDAN KAZIM KARABEK\\u0130R PA\\u015eA\\u0027NIN KIZI SAYIN T\\u0130MSAL KARABEK\\u0130R YILDIRAN, KIBRIS MUKAVEMET TE\\u015eK\\u0130LATININ KURUCULARINDAN KIBRIS GAZ\\u0130S\\u0130 EMEKL\\u0130 T\\u00dcMGENERAL CUMHUR EVC\\u0130L, EMEKL\\u0130 T\\u00dcMGENERAL TARIK \\u00d6ZKUT, B\\u0130R\\u00c7OK \\u00d6\\u011eRET\\u0130M \\u00dcYES\\u0130 HOCALAR, B\\u0130R\\u00c7OK S\\u0130V\\u0130L TOPLUM KURUMU Y\\u00d6NET\\u0130C\\u0130LER\\u0130 VE \\u00d6\\u011eRENC\\u0130LER KATILDI. (TURGAY KILI\\u00c7\\\/\\u0130STANBUL-\\u0130HA)&quot;,&quot;created_timestamp&quot;:&quot;0&quot;,&quot;copyright&quot;:&quot;\\u0130HLAS HABER AJANSI, www.iha.com.tr&quot;,&quot;focal_length&quot;:&quot;0&quot;,&quot;iso&quot;:&quot;0&quot;,&quot;shutter_speed&quot;:&quot;0&quot;,&quot;title&quot;:&quot;\\u0130BRAH\\u0130M \\u00d6ZTEK: \\u0022HOCALI SOYKIRIMI, T\\u00dcRK\\u0027E SOYKIRIMIN EN ACIMASIZ \\u00d6RNE\\u011e\\u0130D\\u0130R\\u0022&quot;,&quot;orientation&quot;:&quot;0&quot;}\" data-image-title=\"\u0130brahim \u00d6ztek: &amp;#8220;Hocal\u0131 Soyk\u0131r\u0131m\u0131, T\u00fcrk\u2019e soyk\u0131r\u0131m\u0131n en ac\u0131mas\u0131z \u00f6rne\u011fidir&amp;#8221;\" data-image-description=\"&lt;p&gt;\u0130brahim \u00d6ztek: &amp;#8220;Hocal\u0131 Soyk\u0131r\u0131m\u0131, T\u00fcrk\u2019e soyk\u0131r\u0131m\u0131n en ac\u0131mas\u0131z \u00f6rne\u011fidir&amp;#8221;&lt;\/p&gt; \" data-medium-file=\"https:\/\/i0.wp.com\/www.tvturk.com\/wp-content\/uploads\/2019\/03\/ibrahim-oztek-hocali-soykirimi-turke-soykirimin-en-acimasiz-ornegidir_76c8e72.jpg?fit=300%2C200\" data-large-file=\"https:\/\/i0.wp.com\/www.tvturk.com\/wp-content\/uploads\/2019\/03\/ibrahim-oztek-hocali-soykirimi-turke-soykirimin-en-acimasiz-ornegidir_76c8e72.jpg?fit=1000%2C666\" src=\"https:\/\/i0.wp.com\/www.tvturk.com\/wp-content\/uploads\/2019\/03\/ibrahim-oztek-hocali-soykirimi-turke-soykirimin-en-acimasiz-ornegidir_76c8e72.jpg?w=330&#038;h=220\" srcset=\"https:\/\/i0.wp.com\/www.tvturk.com\/wp-content\/uploads\/2019\/03\/ibrahim-oztek-hocali-soykirimi-turke-soykirimin-en-acimasiz-ornegidir_76c8e72.jpg?w=1000 1000w, https:\/\/i0.wp.com\/www.tvturk.com\/wp-content\/uploads\/2019\/03\/ibrahim-oztek-hocali-soykirimi-turke-soykirimin-en-acimasiz-ornegidir_76c8e72.jpg?resize=150%2C100 150w, https:\/\/i0.wp.com\/www.tvturk.com\/wp-content\/uploads\/2019\/03\/ibrahim-oztek-hocali-soykirimi-turke-soykirimin-en-acimasiz-ornegidir_76c8e72.jpg?resize=300%2C200 300w, https:\/\/i0.wp.com\/www.tvturk.com\/wp-content\/uploads\/2019\/03\/ibrahim-oztek-hocali-soykirimi-turke-soykirimin-en-acimasiz-ornegidir_76c8e72.jpg?resize=768%2C511 768w, https:\/\/i0.wp.com\/www.tvturk.com\/wp-content\/uploads\/2019\/03\/ibrahim-oztek-hocali-soykirimi-turke-soykirimin-en-acimasiz-ornegidir_76c8e72.jpg?resize=170%2C113 170w, https:\/\/i0.wp.com\/www.tvturk.com\/wp-content\/uploads\/2019\/03\/ibrahim-oztek-hocali-soykirimi-turke-soykirimin-en-acimasiz-ornegidir_76c8e72.jpg?resize=120%2C80 120w\" width=\"330\" height=\"220\" loading=\"lazy\" data-original-width=\"330\" data-original-height=\"220\" itemprop=\"http:\/\/schema.org\/image\" title=\"\u0130brahim \u00d6ztek: &quot;Hocal\u0131 Soyk\u0131r\u0131m\u0131, T\u00fcrk\u2019e soyk\u0131r\u0131m\u0131n en ac\u0131mas\u0131z \u00f6rne\u011fidir&quot;\" alt=\"\u0130brahim \u00d6ztek: &quot;Hocal\u0131 Soyk\u0131r\u0131m\u0131, T\u00fcrk\u2019e soyk\u0131r\u0131m\u0131n en ac\u0131mas\u0131z \u00f6rne\u011fidir&quot;\" style=\"width: 330px; height: 220px;\" \/> <\/a> <\/div> <\/div> <!-- close group --> <div class=\"gallery-group images-2\" style=\"width: 166px; height: 224px;\" data-original-width=\"166\" data-original-height=\"224\" > <div class=\"tiled-gallery-item tiled-gallery-item-small\" itemprop=\"associatedMedia\" itemscope itemtype=\"http:\/\/schema.org\/ImageObject\"> <a href=\"http:\/\/www.tvturk.com\/index.php\/ibrahim-oztek-hocali-soykirimi-turke-soykirimin-en-acimasiz-ornegidir\/ibrahim-oztek-hocali-soykirimi-turke-soykirimin-en-acimasiz-ornegidir-4\/\" border=\"0\" itemprop=\"url\"> <meta itemprop=\"width\" content=\"162\"> <meta itemprop=\"height\" content=\"108\"> <img decoding=\"async\" class=\"\" data-attachment-id=\"64370\" data-orig-file=\"http:\/\/www.tvturk.com\/wp-content\/uploads\/2019\/03\/ibrahim-oztek-hocali-soykirimi-turke-soykirimin-en-acimasiz-ornegidir_e33d3f5.jpg\" data-orig-size=\"1000,666\" data-comments-opened=\"\" data-image-meta=\"{&quot;aperture&quot;:&quot;0&quot;,&quot;credit&quot;:&quot;IHA&quot;,&quot;camera&quot;:&quot;&quot;,&quot;caption&quot;:&quot;PROF. DR. \\u0130BRAH\\u0130M \\u00d6ZTEK, HOCALI SOYKIRIMI\\u0027NIN 27. YILI NEDEN\\u0130 \\u0130LE \\u00d6\\u011eRET\\u0130M \\u00dcYES\\u0130 OLDU\\u011eU \\u00dcSK\\u00dcDAR \\u00dcN\\u0130VERS\\u0130TES\\u0130\\u0027NDE B\\u0130R KONFERANS VERD\\u0130. KONFERANSA AZERBAYCAN CUMHUR\\u0130YET\\u0130 \\u0130STANBUL KONSOLOSLARI RAM\\u0130Z HACIZADE VE AYAZ P\\u0130R\\u0130MOV, \\u0130ST\\u0130KLAL SAVA\\u015eI KAHRAMANLARINDAN KAZIM KARABEK\\u0130R PA\\u015eA\\u0027NIN KIZI SAYIN T\\u0130MSAL KARABEK\\u0130R YILDIRAN, KIBRIS MUKAVEMET TE\\u015eK\\u0130LATININ KURUCULARINDAN KIBRIS GAZ\\u0130S\\u0130 EMEKL\\u0130 T\\u00dcMGENERAL CUMHUR EVC\\u0130L, EMEKL\\u0130 T\\u00dcMGENERAL TARIK \\u00d6ZKUT, B\\u0130R\\u00c7OK \\u00d6\\u011eRET\\u0130M \\u00dcYES\\u0130 HOCALAR, B\\u0130R\\u00c7OK S\\u0130V\\u0130L TOPLUM KURUMU Y\\u00d6NET\\u0130C\\u0130LER\\u0130 VE \\u00d6\\u011eRENC\\u0130LER KATILDI. (TURGAY KILI\\u00c7\\\/\\u0130STANBUL-\\u0130HA)&quot;,&quot;created_timestamp&quot;:&quot;0&quot;,&quot;copyright&quot;:&quot;\\u0130HLAS HABER AJANSI, www.iha.com.tr&quot;,&quot;focal_length&quot;:&quot;0&quot;,&quot;iso&quot;:&quot;0&quot;,&quot;shutter_speed&quot;:&quot;0&quot;,&quot;title&quot;:&quot;\\u0130BRAH\\u0130M \\u00d6ZTEK: \\u0022HOCALI SOYKIRIMI, T\\u00dcRK\\u0027E SOYKIRIMIN EN ACIMASIZ \\u00d6RNE\\u011e\\u0130D\\u0130R\\u0022&quot;,&quot;orientation&quot;:&quot;0&quot;}\" data-image-title=\"\u0130brahim \u00d6ztek: &amp;#8220;Hocal\u0131 Soyk\u0131r\u0131m\u0131, T\u00fcrk\u2019e soyk\u0131r\u0131m\u0131n en ac\u0131mas\u0131z \u00f6rne\u011fidir&amp;#8221;\" data-image-description=\"&lt;p&gt;\u0130brahim \u00d6ztek: &amp;#8220;Hocal\u0131 Soyk\u0131r\u0131m\u0131, T\u00fcrk\u2019e soyk\u0131r\u0131m\u0131n en ac\u0131mas\u0131z \u00f6rne\u011fidir&amp;#8221;&lt;\/p&gt; \" data-medium-file=\"https:\/\/i0.wp.com\/www.tvturk.com\/wp-content\/uploads\/2019\/03\/ibrahim-oztek-hocali-soykirimi-turke-soykirimin-en-acimasiz-ornegidir_e33d3f5.jpg?fit=300%2C200\" data-large-file=\"https:\/\/i0.wp.com\/www.tvturk.com\/wp-content\/uploads\/2019\/03\/ibrahim-oztek-hocali-soykirimi-turke-soykirimin-en-acimasiz-ornegidir_e33d3f5.jpg?fit=1000%2C666\" src=\"https:\/\/i0.wp.com\/www.tvturk.com\/wp-content\/uploads\/2019\/03\/ibrahim-oztek-hocali-soykirimi-turke-soykirimin-en-acimasiz-ornegidir_e33d3f5.jpg?w=162&#038;h=108\" srcset=\"https:\/\/i0.wp.com\/www.tvturk.com\/wp-content\/uploads\/2019\/03\/ibrahim-oztek-hocali-soykirimi-turke-soykirimin-en-acimasiz-ornegidir_e33d3f5.jpg?w=1000 1000w, https:\/\/i0.wp.com\/www.tvturk.com\/wp-content\/uploads\/2019\/03\/ibrahim-oztek-hocali-soykirimi-turke-soykirimin-en-acimasiz-ornegidir_e33d3f5.jpg?resize=150%2C100 150w, https:\/\/i0.wp.com\/www.tvturk.com\/wp-content\/uploads\/2019\/03\/ibrahim-oztek-hocali-soykirimi-turke-soykirimin-en-acimasiz-ornegidir_e33d3f5.jpg?resize=300%2C200 300w, https:\/\/i0.wp.com\/www.tvturk.com\/wp-content\/uploads\/2019\/03\/ibrahim-oztek-hocali-soykirimi-turke-soykirimin-en-acimasiz-ornegidir_e33d3f5.jpg?resize=768%2C511 768w, https:\/\/i0.wp.com\/www.tvturk.com\/wp-content\/uploads\/2019\/03\/ibrahim-oztek-hocali-soykirimi-turke-soykirimin-en-acimasiz-ornegidir_e33d3f5.jpg?resize=170%2C113 170w, https:\/\/i0.wp.com\/www.tvturk.com\/wp-content\/uploads\/2019\/03\/ibrahim-oztek-hocali-soykirimi-turke-soykirimin-en-acimasiz-ornegidir_e33d3f5.jpg?resize=120%2C80 120w\" width=\"162\" height=\"108\" loading=\"lazy\" data-original-width=\"162\" data-original-height=\"108\" itemprop=\"http:\/\/schema.org\/image\" title=\"\u0130brahim \u00d6ztek: &quot;Hocal\u0131 Soyk\u0131r\u0131m\u0131, T\u00fcrk\u2019e soyk\u0131r\u0131m\u0131n en ac\u0131mas\u0131z \u00f6rne\u011fidir&quot;\" alt=\"\u0130brahim \u00d6ztek: &quot;Hocal\u0131 Soyk\u0131r\u0131m\u0131, T\u00fcrk\u2019e soyk\u0131r\u0131m\u0131n en ac\u0131mas\u0131z \u00f6rne\u011fidir&quot;\" style=\"width: 162px; height: 108px;\" \/> <\/a> <\/div> <div class=\"tiled-gallery-item tiled-gallery-item-small\" itemprop=\"associatedMedia\" itemscope itemtype=\"http:\/\/schema.org\/ImageObject\"> <a href=\"http:\/\/www.tvturk.com\/index.php\/ibrahim-oztek-hocali-soykirimi-turke-soykirimin-en-acimasiz-ornegidir\/ibrahim-oztek-hocali-soykirimi-turke-soykirimin-en-acimasiz-ornegidir-5\/\" border=\"0\" itemprop=\"url\"> <meta itemprop=\"width\" content=\"162\"> <meta itemprop=\"height\" content=\"108\"> <img decoding=\"async\" class=\"\" data-attachment-id=\"64371\" data-orig-file=\"http:\/\/www.tvturk.com\/wp-content\/uploads\/2019\/03\/ibrahim-oztek-hocali-soykirimi-turke-soykirimin-en-acimasiz-ornegidir_22549d1.jpg\" data-orig-size=\"1000,666\" data-comments-opened=\"\" data-image-meta=\"{&quot;aperture&quot;:&quot;0&quot;,&quot;credit&quot;:&quot;IHA&quot;,&quot;camera&quot;:&quot;&quot;,&quot;caption&quot;:&quot;PROF. DR. \\u0130BRAH\\u0130M \\u00d6ZTEK, HOCALI SOYKIRIMI\\u0027NIN 27. YILI NEDEN\\u0130 \\u0130LE \\u00d6\\u011eRET\\u0130M \\u00dcYES\\u0130 OLDU\\u011eU \\u00dcSK\\u00dcDAR \\u00dcN\\u0130VERS\\u0130TES\\u0130\\u0027NDE B\\u0130R KONFERANS VERD\\u0130. KONFERANSA AZERBAYCAN CUMHUR\\u0130YET\\u0130 \\u0130STANBUL KONSOLOSLARI RAM\\u0130Z HACIZADE VE AYAZ P\\u0130R\\u0130MOV, \\u0130ST\\u0130KLAL SAVA\\u015eI KAHRAMANLARINDAN KAZIM KARABEK\\u0130R PA\\u015eA\\u0027NIN KIZI SAYIN T\\u0130MSAL KARABEK\\u0130R YILDIRAN, KIBRIS MUKAVEMET TE\\u015eK\\u0130LATININ KURUCULARINDAN KIBRIS GAZ\\u0130S\\u0130 EMEKL\\u0130 T\\u00dcMGENERAL CUMHUR EVC\\u0130L, EMEKL\\u0130 T\\u00dcMGENERAL TARIK \\u00d6ZKUT, B\\u0130R\\u00c7OK \\u00d6\\u011eRET\\u0130M \\u00dcYES\\u0130 HOCALAR, B\\u0130R\\u00c7OK S\\u0130V\\u0130L TOPLUM KURUMU Y\\u00d6NET\\u0130C\\u0130LER\\u0130 VE \\u00d6\\u011eRENC\\u0130LER KATILDI. (TURGAY KILI\\u00c7\\\/\\u0130STANBUL-\\u0130HA)&quot;,&quot;created_timestamp&quot;:&quot;0&quot;,&quot;copyright&quot;:&quot;\\u0130HLAS HABER AJANSI, www.iha.com.tr&quot;,&quot;focal_length&quot;:&quot;0&quot;,&quot;iso&quot;:&quot;0&quot;,&quot;shutter_speed&quot;:&quot;0&quot;,&quot;title&quot;:&quot;\\u0130BRAH\\u0130M \\u00d6ZTEK: \\u0022HOCALI SOYKIRIMI, T\\u00dcRK\\u0027E SOYKIRIMIN EN ACIMASIZ \\u00d6RNE\\u011e\\u0130D\\u0130R\\u0022&quot;,&quot;orientation&quot;:&quot;0&quot;}\" data-image-title=\"\u0130brahim \u00d6ztek: &amp;#8220;Hocal\u0131 Soyk\u0131r\u0131m\u0131, T\u00fcrk\u2019e soyk\u0131r\u0131m\u0131n en ac\u0131mas\u0131z \u00f6rne\u011fidir&amp;#8221;\" data-image-description=\"&lt;p&gt;\u0130brahim \u00d6ztek: &amp;#8220;Hocal\u0131 Soyk\u0131r\u0131m\u0131, T\u00fcrk\u2019e soyk\u0131r\u0131m\u0131n en ac\u0131mas\u0131z \u00f6rne\u011fidir&amp;#8221;&lt;\/p&gt; \" data-medium-file=\"https:\/\/i0.wp.com\/www.tvturk.com\/wp-content\/uploads\/2019\/03\/ibrahim-oztek-hocali-soykirimi-turke-soykirimin-en-acimasiz-ornegidir_22549d1.jpg?fit=300%2C200\" data-large-file=\"https:\/\/i0.wp.com\/www.tvturk.com\/wp-content\/uploads\/2019\/03\/ibrahim-oztek-hocali-soykirimi-turke-soykirimin-en-acimasiz-ornegidir_22549d1.jpg?fit=1000%2C666\" src=\"https:\/\/i0.wp.com\/www.tvturk.com\/wp-content\/uploads\/2019\/03\/ibrahim-oztek-hocali-soykirimi-turke-soykirimin-en-acimasiz-ornegidir_22549d1.jpg?w=162&#038;h=108\" srcset=\"https:\/\/i0.wp.com\/www.tvturk.com\/wp-content\/uploads\/2019\/03\/ibrahim-oztek-hocali-soykirimi-turke-soykirimin-en-acimasiz-ornegidir_22549d1.jpg?w=1000 1000w, https:\/\/i0.wp.com\/www.tvturk.com\/wp-content\/uploads\/2019\/03\/ibrahim-oztek-hocali-soykirimi-turke-soykirimin-en-acimasiz-ornegidir_22549d1.jpg?resize=150%2C100 150w, https:\/\/i0.wp.com\/www.tvturk.com\/wp-content\/uploads\/2019\/03\/ibrahim-oztek-hocali-soykirimi-turke-soykirimin-en-acimasiz-ornegidir_22549d1.jpg?resize=300%2C200 300w, https:\/\/i0.wp.com\/www.tvturk.com\/wp-content\/uploads\/2019\/03\/ibrahim-oztek-hocali-soykirimi-turke-soykirimin-en-acimasiz-ornegidir_22549d1.jpg?resize=768%2C511 768w, https:\/\/i0.wp.com\/www.tvturk.com\/wp-content\/uploads\/2019\/03\/ibrahim-oztek-hocali-soykirimi-turke-soykirimin-en-acimasiz-ornegidir_22549d1.jpg?resize=170%2C113 170w, https:\/\/i0.wp.com\/www.tvturk.com\/wp-content\/uploads\/2019\/03\/ibrahim-oztek-hocali-soykirimi-turke-soykirimin-en-acimasiz-ornegidir_22549d1.jpg?resize=120%2C80 120w\" width=\"162\" height=\"108\" loading=\"lazy\" data-original-width=\"162\" data-original-height=\"108\" itemprop=\"http:\/\/schema.org\/image\" title=\"\u0130brahim \u00d6ztek: &quot;Hocal\u0131 Soyk\u0131r\u0131m\u0131, T\u00fcrk\u2019e soyk\u0131r\u0131m\u0131n en ac\u0131mas\u0131z \u00f6rne\u011fidir&quot;\" alt=\"\u0130brahim \u00d6ztek: &quot;Hocal\u0131 Soyk\u0131r\u0131m\u0131, T\u00fcrk\u2019e soyk\u0131r\u0131m\u0131n en ac\u0131mas\u0131z \u00f6rne\u011fidir&quot;\" style=\"width: 162px; height: 108px;\" \/> <\/a> <\/div> <\/div> <!-- close group --> <\/div> <!-- close row --> <div class=\"gallery-row\" style=\"width: 500px; height: 224px;\" data-original-width=\"500\" data-original-height=\"224\" > <div class=\"gallery-group images-2\" style=\"width: 166px; height: 224px;\" data-original-width=\"166\" data-original-height=\"224\" > <div class=\"tiled-gallery-item tiled-gallery-item-small\" itemprop=\"associatedMedia\" itemscope itemtype=\"http:\/\/schema.org\/ImageObject\"> <a href=\"http:\/\/www.tvturk.com\/index.php\/ibrahim-oztek-hocali-soykirimi-turke-soykirimin-en-acimasiz-ornegidir\/ibrahim-oztek-hocali-soykirimi-turke-soykirimin-en-acimasiz-ornegidir-6\/\" border=\"0\" itemprop=\"url\"> <meta itemprop=\"width\" content=\"162\"> <meta itemprop=\"height\" content=\"108\"> <img decoding=\"async\" class=\"\" data-attachment-id=\"64372\" data-orig-file=\"http:\/\/www.tvturk.com\/wp-content\/uploads\/2019\/03\/ibrahim-oztek-hocali-soykirimi-turke-soykirimin-en-acimasiz-ornegidir_aeeae15.jpg\" data-orig-size=\"1000,666\" data-comments-opened=\"\" data-image-meta=\"{&quot;aperture&quot;:&quot;0&quot;,&quot;credit&quot;:&quot;IHA&quot;,&quot;camera&quot;:&quot;&quot;,&quot;caption&quot;:&quot;PROF. DR. \\u0130BRAH\\u0130M \\u00d6ZTEK, HOCALI SOYKIRIMI\\u0027NIN 27. YILI NEDEN\\u0130 \\u0130LE \\u00d6\\u011eRET\\u0130M \\u00dcYES\\u0130 OLDU\\u011eU \\u00dcSK\\u00dcDAR \\u00dcN\\u0130VERS\\u0130TES\\u0130\\u0027NDE B\\u0130R KONFERANS VERD\\u0130. KONFERANSA AZERBAYCAN CUMHUR\\u0130YET\\u0130 \\u0130STANBUL KONSOLOSLARI RAM\\u0130Z HACIZADE VE AYAZ P\\u0130R\\u0130MOV, \\u0130ST\\u0130KLAL SAVA\\u015eI KAHRAMANLARINDAN KAZIM KARABEK\\u0130R PA\\u015eA\\u0027NIN KIZI SAYIN T\\u0130MSAL KARABEK\\u0130R YILDIRAN, KIBRIS MUKAVEMET TE\\u015eK\\u0130LATININ KURUCULARINDAN KIBRIS GAZ\\u0130S\\u0130 EMEKL\\u0130 T\\u00dcMGENERAL CUMHUR EVC\\u0130L, EMEKL\\u0130 T\\u00dcMGENERAL TARIK \\u00d6ZKUT, B\\u0130R\\u00c7OK \\u00d6\\u011eRET\\u0130M \\u00dcYES\\u0130 HOCALAR, B\\u0130R\\u00c7OK S\\u0130V\\u0130L TOPLUM KURUMU Y\\u00d6NET\\u0130C\\u0130LER\\u0130 VE \\u00d6\\u011eRENC\\u0130LER KATILDI. (TURGAY KILI\\u00c7\\\/\\u0130STANBUL-\\u0130HA)&quot;,&quot;created_timestamp&quot;:&quot;0&quot;,&quot;copyright&quot;:&quot;\\u0130HLAS HABER AJANSI, www.iha.com.tr&quot;,&quot;focal_length&quot;:&quot;0&quot;,&quot;iso&quot;:&quot;0&quot;,&quot;shutter_speed&quot;:&quot;0&quot;,&quot;title&quot;:&quot;\\u0130BRAH\\u0130M \\u00d6ZTEK: \\u0022HOCALI SOYKIRIMI, T\\u00dcRK\\u0027E SOYKIRIMIN EN ACIMASIZ \\u00d6RNE\\u011e\\u0130D\\u0130R\\u0022&quot;,&quot;orientation&quot;:&quot;0&quot;}\" data-image-title=\"\u0130brahim \u00d6ztek: &amp;#8220;Hocal\u0131 Soyk\u0131r\u0131m\u0131, T\u00fcrk\u2019e soyk\u0131r\u0131m\u0131n en ac\u0131mas\u0131z \u00f6rne\u011fidir&amp;#8221;\" data-image-description=\"&lt;p&gt;\u0130brahim \u00d6ztek: &amp;#8220;Hocal\u0131 Soyk\u0131r\u0131m\u0131, T\u00fcrk\u2019e soyk\u0131r\u0131m\u0131n en ac\u0131mas\u0131z \u00f6rne\u011fidir&amp;#8221;&lt;\/p&gt; \" data-medium-file=\"https:\/\/i0.wp.com\/www.tvturk.com\/wp-content\/uploads\/2019\/03\/ibrahim-oztek-hocali-soykirimi-turke-soykirimin-en-acimasiz-ornegidir_aeeae15.jpg?fit=300%2C200\" data-large-file=\"https:\/\/i0.wp.com\/www.tvturk.com\/wp-content\/uploads\/2019\/03\/ibrahim-oztek-hocali-soykirimi-turke-soykirimin-en-acimasiz-ornegidir_aeeae15.jpg?fit=1000%2C666\" src=\"https:\/\/i0.wp.com\/www.tvturk.com\/wp-content\/uploads\/2019\/03\/ibrahim-oztek-hocali-soykirimi-turke-soykirimin-en-acimasiz-ornegidir_aeeae15.jpg?w=162&#038;h=108\" srcset=\"https:\/\/i0.wp.com\/www.tvturk.com\/wp-content\/uploads\/2019\/03\/ibrahim-oztek-hocali-soykirimi-turke-soykirimin-en-acimasiz-ornegidir_aeeae15.jpg?w=1000 1000w, https:\/\/i0.wp.com\/www.tvturk.com\/wp-content\/uploads\/2019\/03\/ibrahim-oztek-hocali-soykirimi-turke-soykirimin-en-acimasiz-ornegidir_aeeae15.jpg?resize=150%2C100 150w, https:\/\/i0.wp.com\/www.tvturk.com\/wp-content\/uploads\/2019\/03\/ibrahim-oztek-hocali-soykirimi-turke-soykirimin-en-acimasiz-ornegidir_aeeae15.jpg?resize=300%2C200 300w, https:\/\/i0.wp.com\/www.tvturk.com\/wp-content\/uploads\/2019\/03\/ibrahim-oztek-hocali-soykirimi-turke-soykirimin-en-acimasiz-ornegidir_aeeae15.jpg?resize=768%2C511 768w, https:\/\/i0.wp.com\/www.tvturk.com\/wp-content\/uploads\/2019\/03\/ibrahim-oztek-hocali-soykirimi-turke-soykirimin-en-acimasiz-ornegidir_aeeae15.jpg?resize=170%2C113 170w, https:\/\/i0.wp.com\/www.tvturk.com\/wp-content\/uploads\/2019\/03\/ibrahim-oztek-hocali-soykirimi-turke-soykirimin-en-acimasiz-ornegidir_aeeae15.jpg?resize=120%2C80 120w\" width=\"162\" height=\"108\" loading=\"lazy\" data-original-width=\"162\" data-original-height=\"108\" itemprop=\"http:\/\/schema.org\/image\" title=\"\u0130brahim \u00d6ztek: &quot;Hocal\u0131 Soyk\u0131r\u0131m\u0131, T\u00fcrk\u2019e soyk\u0131r\u0131m\u0131n en ac\u0131mas\u0131z \u00f6rne\u011fidir&quot;\" alt=\"\u0130brahim \u00d6ztek: &quot;Hocal\u0131 Soyk\u0131r\u0131m\u0131, T\u00fcrk\u2019e soyk\u0131r\u0131m\u0131n en ac\u0131mas\u0131z \u00f6rne\u011fidir&quot;\" style=\"width: 162px; height: 108px;\" \/> <\/a> <\/div> <div class=\"tiled-gallery-item tiled-gallery-item-small\" itemprop=\"associatedMedia\" itemscope itemtype=\"http:\/\/schema.org\/ImageObject\"> <a href=\"http:\/\/www.tvturk.com\/index.php\/ibrahim-oztek-hocali-soykirimi-turke-soykirimin-en-acimasiz-ornegidir\/ibrahim-oztek-hocali-soykirimi-turke-soykirimin-en-acimasiz-ornegidir-7\/\" border=\"0\" itemprop=\"url\"> <meta itemprop=\"width\" content=\"162\"> <meta itemprop=\"height\" content=\"108\"> <img decoding=\"async\" class=\"\" data-attachment-id=\"64373\" data-orig-file=\"http:\/\/www.tvturk.com\/wp-content\/uploads\/2019\/03\/ibrahim-oztek-hocali-soykirimi-turke-soykirimin-en-acimasiz-ornegidir_8a43b24.jpg\" data-orig-size=\"1000,666\" data-comments-opened=\"\" data-image-meta=\"{&quot;aperture&quot;:&quot;0&quot;,&quot;credit&quot;:&quot;IHA&quot;,&quot;camera&quot;:&quot;&quot;,&quot;caption&quot;:&quot;PROF. DR. \\u0130BRAH\\u0130M \\u00d6ZTEK, HOCALI SOYKIRIMI\\u0027NIN 27. YILI NEDEN\\u0130 \\u0130LE \\u00d6\\u011eRET\\u0130M \\u00dcYES\\u0130 OLDU\\u011eU \\u00dcSK\\u00dcDAR \\u00dcN\\u0130VERS\\u0130TES\\u0130\\u0027NDE B\\u0130R KONFERANS VERD\\u0130. KONFERANSA AZERBAYCAN CUMHUR\\u0130YET\\u0130 \\u0130STANBUL KONSOLOSLARI RAM\\u0130Z HACIZADE VE AYAZ P\\u0130R\\u0130MOV, \\u0130ST\\u0130KLAL SAVA\\u015eI KAHRAMANLARINDAN KAZIM KARABEK\\u0130R PA\\u015eA\\u0027NIN KIZI SAYIN T\\u0130MSAL KARABEK\\u0130R YILDIRAN, KIBRIS MUKAVEMET TE\\u015eK\\u0130LATININ KURUCULARINDAN KIBRIS GAZ\\u0130S\\u0130 EMEKL\\u0130 T\\u00dcMGENERAL CUMHUR EVC\\u0130L, EMEKL\\u0130 T\\u00dcMGENERAL TARIK \\u00d6ZKUT, B\\u0130R\\u00c7OK \\u00d6\\u011eRET\\u0130M \\u00dcYES\\u0130 HOCALAR, B\\u0130R\\u00c7OK S\\u0130V\\u0130L TOPLUM KURUMU Y\\u00d6NET\\u0130C\\u0130LER\\u0130 VE \\u00d6\\u011eRENC\\u0130LER KATILDI. (TURGAY KILI\\u00c7\\\/\\u0130STANBUL-\\u0130HA)&quot;,&quot;created_timestamp&quot;:&quot;0&quot;,&quot;copyright&quot;:&quot;\\u0130HLAS HABER AJANSI, www.iha.com.tr&quot;,&quot;focal_length&quot;:&quot;0&quot;,&quot;iso&quot;:&quot;0&quot;,&quot;shutter_speed&quot;:&quot;0&quot;,&quot;title&quot;:&quot;\\u0130BRAH\\u0130M \\u00d6ZTEK: \\u0022HOCALI SOYKIRIMI, T\\u00dcRK\\u0027E SOYKIRIMIN EN ACIMASIZ \\u00d6RNE\\u011e\\u0130D\\u0130R\\u0022&quot;,&quot;orientation&quot;:&quot;0&quot;}\" data-image-title=\"\u0130brahim \u00d6ztek: &amp;#8220;Hocal\u0131 Soyk\u0131r\u0131m\u0131, T\u00fcrk\u2019e soyk\u0131r\u0131m\u0131n en ac\u0131mas\u0131z \u00f6rne\u011fidir&amp;#8221;\" data-image-description=\"&lt;p&gt;\u0130brahim \u00d6ztek: &amp;#8220;Hocal\u0131 Soyk\u0131r\u0131m\u0131, T\u00fcrk\u2019e soyk\u0131r\u0131m\u0131n en ac\u0131mas\u0131z \u00f6rne\u011fidir&amp;#8221;&lt;\/p&gt; \" data-medium-file=\"https:\/\/i0.wp.com\/www.tvturk.com\/wp-content\/uploads\/2019\/03\/ibrahim-oztek-hocali-soykirimi-turke-soykirimin-en-acimasiz-ornegidir_8a43b24.jpg?fit=300%2C200\" data-large-file=\"https:\/\/i0.wp.com\/www.tvturk.com\/wp-content\/uploads\/2019\/03\/ibrahim-oztek-hocali-soykirimi-turke-soykirimin-en-acimasiz-ornegidir_8a43b24.jpg?fit=1000%2C666\" src=\"https:\/\/i0.wp.com\/www.tvturk.com\/wp-content\/uploads\/2019\/03\/ibrahim-oztek-hocali-soykirimi-turke-soykirimin-en-acimasiz-ornegidir_8a43b24.jpg?w=162&#038;h=108\" srcset=\"https:\/\/i0.wp.com\/www.tvturk.com\/wp-content\/uploads\/2019\/03\/ibrahim-oztek-hocali-soykirimi-turke-soykirimin-en-acimasiz-ornegidir_8a43b24.jpg?w=1000 1000w, https:\/\/i0.wp.com\/www.tvturk.com\/wp-content\/uploads\/2019\/03\/ibrahim-oztek-hocali-soykirimi-turke-soykirimin-en-acimasiz-ornegidir_8a43b24.jpg?resize=150%2C100 150w, https:\/\/i0.wp.com\/www.tvturk.com\/wp-content\/uploads\/2019\/03\/ibrahim-oztek-hocali-soykirimi-turke-soykirimin-en-acimasiz-ornegidir_8a43b24.jpg?resize=300%2C200 300w, https:\/\/i0.wp.com\/www.tvturk.com\/wp-content\/uploads\/2019\/03\/ibrahim-oztek-hocali-soykirimi-turke-soykirimin-en-acimasiz-ornegidir_8a43b24.jpg?resize=768%2C511 768w, https:\/\/i0.wp.com\/www.tvturk.com\/wp-content\/uploads\/2019\/03\/ibrahim-oztek-hocali-soykirimi-turke-soykirimin-en-acimasiz-ornegidir_8a43b24.jpg?resize=170%2C113 170w, https:\/\/i0.wp.com\/www.tvturk.com\/wp-content\/uploads\/2019\/03\/ibrahim-oztek-hocali-soykirimi-turke-soykirimin-en-acimasiz-ornegidir_8a43b24.jpg?resize=120%2C80 120w\" width=\"162\" height=\"108\" loading=\"lazy\" data-original-width=\"162\" data-original-height=\"108\" itemprop=\"http:\/\/schema.org\/image\" title=\"\u0130brahim \u00d6ztek: &quot;Hocal\u0131 Soyk\u0131r\u0131m\u0131, T\u00fcrk\u2019e soyk\u0131r\u0131m\u0131n en ac\u0131mas\u0131z \u00f6rne\u011fidir&quot;\" alt=\"\u0130brahim \u00d6ztek: &quot;Hocal\u0131 Soyk\u0131r\u0131m\u0131, T\u00fcrk\u2019e soyk\u0131r\u0131m\u0131n en ac\u0131mas\u0131z \u00f6rne\u011fidir&quot;\" style=\"width: 162px; height: 108px;\" \/> <\/a> <\/div> <\/div> <!-- close group --> <div class=\"gallery-group images-1\" style=\"width: 334px; height: 224px;\" data-original-width=\"334\" data-original-height=\"224\" > <div class=\"tiled-gallery-item tiled-gallery-item-large\" itemprop=\"associatedMedia\" itemscope itemtype=\"http:\/\/schema.org\/ImageObject\"> <a href=\"http:\/\/www.tvturk.com\/index.php\/ibrahim-oztek-hocali-soykirimi-turke-soykirimin-en-acimasiz-ornegidir\/ibrahim-oztek-hocali-soykirimi-turke-soykirimin-en-acimasiz-ornegidir-8\/\" border=\"0\" itemprop=\"url\"> <meta itemprop=\"width\" content=\"330\"> <meta itemprop=\"height\" content=\"220\"> <img decoding=\"async\" class=\"\" data-attachment-id=\"64374\" data-orig-file=\"http:\/\/www.tvturk.com\/wp-content\/uploads\/2019\/03\/ibrahim-oztek-hocali-soykirimi-turke-soykirimin-en-acimasiz-ornegidir_a1e7ce5.jpg\" data-orig-size=\"1000,666\" data-comments-opened=\"\" data-image-meta=\"{&quot;aperture&quot;:&quot;0&quot;,&quot;credit&quot;:&quot;IHA&quot;,&quot;camera&quot;:&quot;&quot;,&quot;caption&quot;:&quot;PROF. DR. \\u0130BRAH\\u0130M \\u00d6ZTEK, HOCALI SOYKIRIMI\\u0027NIN 27. YILI NEDEN\\u0130 \\u0130LE \\u00d6\\u011eRET\\u0130M \\u00dcYES\\u0130 OLDU\\u011eU \\u00dcSK\\u00dcDAR \\u00dcN\\u0130VERS\\u0130TES\\u0130\\u0027NDE B\\u0130R KONFERANS VERD\\u0130. KONFERANSA AZERBAYCAN CUMHUR\\u0130YET\\u0130 \\u0130STANBUL KONSOLOSLARI RAM\\u0130Z HACIZADE VE AYAZ P\\u0130R\\u0130MOV, \\u0130ST\\u0130KLAL SAVA\\u015eI KAHRAMANLARINDAN KAZIM KARABEK\\u0130R PA\\u015eA\\u0027NIN KIZI SAYIN T\\u0130MSAL KARABEK\\u0130R YILDIRAN, KIBRIS MUKAVEMET TE\\u015eK\\u0130LATININ KURUCULARINDAN KIBRIS GAZ\\u0130S\\u0130 EMEKL\\u0130 T\\u00dcMGENERAL CUMHUR EVC\\u0130L, EMEKL\\u0130 T\\u00dcMGENERAL TARIK \\u00d6ZKUT, B\\u0130R\\u00c7OK \\u00d6\\u011eRET\\u0130M \\u00dcYES\\u0130 HOCALAR, B\\u0130R\\u00c7OK S\\u0130V\\u0130L TOPLUM KURUMU Y\\u00d6NET\\u0130C\\u0130LER\\u0130 VE \\u00d6\\u011eRENC\\u0130LER KATILDI. (TURGAY KILI\\u00c7\\\/\\u0130STANBUL-\\u0130HA)&quot;,&quot;created_timestamp&quot;:&quot;0&quot;,&quot;copyright&quot;:&quot;\\u0130HLAS HABER AJANSI, www.iha.com.tr&quot;,&quot;focal_length&quot;:&quot;0&quot;,&quot;iso&quot;:&quot;0&quot;,&quot;shutter_speed&quot;:&quot;0&quot;,&quot;title&quot;:&quot;\\u0130BRAH\\u0130M \\u00d6ZTEK: \\u0022HOCALI SOYKIRIMI, T\\u00dcRK\\u0027E SOYKIRIMIN EN ACIMASIZ \\u00d6RNE\\u011e\\u0130D\\u0130R\\u0022&quot;,&quot;orientation&quot;:&quot;0&quot;}\" data-image-title=\"\u0130brahim \u00d6ztek: &amp;#8220;Hocal\u0131 Soyk\u0131r\u0131m\u0131, T\u00fcrk\u2019e soyk\u0131r\u0131m\u0131n en ac\u0131mas\u0131z \u00f6rne\u011fidir&amp;#8221;\" data-image-description=\"&lt;p&gt;\u0130brahim \u00d6ztek: &amp;#8220;Hocal\u0131 Soyk\u0131r\u0131m\u0131, T\u00fcrk\u2019e soyk\u0131r\u0131m\u0131n en ac\u0131mas\u0131z \u00f6rne\u011fidir&amp;#8221;&lt;\/p&gt; \" data-medium-file=\"https:\/\/i0.wp.com\/www.tvturk.com\/wp-content\/uploads\/2019\/03\/ibrahim-oztek-hocali-soykirimi-turke-soykirimin-en-acimasiz-ornegidir_a1e7ce5.jpg?fit=300%2C200\" data-large-file=\"https:\/\/i0.wp.com\/www.tvturk.com\/wp-content\/uploads\/2019\/03\/ibrahim-oztek-hocali-soykirimi-turke-soykirimin-en-acimasiz-ornegidir_a1e7ce5.jpg?fit=1000%2C666\" src=\"https:\/\/i0.wp.com\/www.tvturk.com\/wp-content\/uploads\/2019\/03\/ibrahim-oztek-hocali-soykirimi-turke-soykirimin-en-acimasiz-ornegidir_a1e7ce5.jpg?w=330&#038;h=220\" srcset=\"https:\/\/i0.wp.com\/www.tvturk.com\/wp-content\/uploads\/2019\/03\/ibrahim-oztek-hocali-soykirimi-turke-soykirimin-en-acimasiz-ornegidir_a1e7ce5.jpg?w=1000 1000w, https:\/\/i0.wp.com\/www.tvturk.com\/wp-content\/uploads\/2019\/03\/ibrahim-oztek-hocali-soykirimi-turke-soykirimin-en-acimasiz-ornegidir_a1e7ce5.jpg?resize=150%2C100 150w, https:\/\/i0.wp.com\/www.tvturk.com\/wp-content\/uploads\/2019\/03\/ibrahim-oztek-hocali-soykirimi-turke-soykirimin-en-acimasiz-ornegidir_a1e7ce5.jpg?resize=300%2C200 300w, https:\/\/i0.wp.com\/www.tvturk.com\/wp-content\/uploads\/2019\/03\/ibrahim-oztek-hocali-soykirimi-turke-soykirimin-en-acimasiz-ornegidir_a1e7ce5.jpg?resize=768%2C511 768w, https:\/\/i0.wp.com\/www.tvturk.com\/wp-content\/uploads\/2019\/03\/ibrahim-oztek-hocali-soykirimi-turke-soykirimin-en-acimasiz-ornegidir_a1e7ce5.jpg?resize=170%2C113 170w, https:\/\/i0.wp.com\/www.tvturk.com\/wp-content\/uploads\/2019\/03\/ibrahim-oztek-hocali-soykirimi-turke-soykirimin-en-acimasiz-ornegidir_a1e7ce5.jpg?resize=120%2C80 120w\" width=\"330\" height=\"220\" loading=\"lazy\" data-original-width=\"330\" data-original-height=\"220\" itemprop=\"http:\/\/schema.org\/image\" title=\"\u0130brahim \u00d6ztek: &quot;Hocal\u0131 Soyk\u0131r\u0131m\u0131, T\u00fcrk\u2019e soyk\u0131r\u0131m\u0131n en ac\u0131mas\u0131z \u00f6rne\u011fidir&quot;\" alt=\"\u0130brahim \u00d6ztek: &quot;Hocal\u0131 Soyk\u0131r\u0131m\u0131, T\u00fcrk\u2019e soyk\u0131r\u0131m\u0131n en ac\u0131mas\u0131z \u00f6rne\u011fidir&quot;\" style=\"width: 330px; height: 220px;\" \/> <\/a> <\/div> <\/div> <!-- close group --> <\/div> <!-- close row --> <div class=\"gallery-row\" style=\"width: 500px; height: 112px;\" data-original-width=\"500\" data-original-height=\"112\" > <div class=\"gallery-group images-1\" style=\"width: 167px; height: 112px;\" data-original-width=\"167\" data-original-height=\"112\" > <div class=\"tiled-gallery-item tiled-gallery-item-small\" itemprop=\"associatedMedia\" itemscope itemtype=\"http:\/\/schema.org\/ImageObject\"> <a href=\"http:\/\/www.tvturk.com\/index.php\/ibrahim-oztek-hocali-soykirimi-turke-soykirimin-en-acimasiz-ornegidir\/ibrahim-oztek-hocali-soykirimi-turke-soykirimin-en-acimasiz-ornegidir-9\/\" border=\"0\" itemprop=\"url\"> <meta itemprop=\"width\" content=\"163\"> <meta itemprop=\"height\" content=\"108\"> <img decoding=\"async\" class=\"\" data-attachment-id=\"64375\" data-orig-file=\"http:\/\/www.tvturk.com\/wp-content\/uploads\/2019\/03\/ibrahim-oztek-hocali-soykirimi-turke-soykirimin-en-acimasiz-ornegidir_adb18e4.jpg\" data-orig-size=\"1000,666\" data-comments-opened=\"\" data-image-meta=\"{&quot;aperture&quot;:&quot;0&quot;,&quot;credit&quot;:&quot;IHA&quot;,&quot;camera&quot;:&quot;&quot;,&quot;caption&quot;:&quot;PROF. DR. \\u0130BRAH\\u0130M \\u00d6ZTEK, HOCALI SOYKIRIMI\\u0027NIN 27. YILI NEDEN\\u0130 \\u0130LE \\u00d6\\u011eRET\\u0130M \\u00dcYES\\u0130 OLDU\\u011eU \\u00dcSK\\u00dcDAR \\u00dcN\\u0130VERS\\u0130TES\\u0130\\u0027NDE B\\u0130R KONFERANS VERD\\u0130. KONFERANSA AZERBAYCAN CUMHUR\\u0130YET\\u0130 \\u0130STANBUL KONSOLOSLARI RAM\\u0130Z HACIZADE VE AYAZ P\\u0130R\\u0130MOV, \\u0130ST\\u0130KLAL SAVA\\u015eI KAHRAMANLARINDAN KAZIM KARABEK\\u0130R PA\\u015eA\\u0027NIN KIZI SAYIN T\\u0130MSAL KARABEK\\u0130R YILDIRAN, KIBRIS MUKAVEMET TE\\u015eK\\u0130LATININ KURUCULARINDAN KIBRIS GAZ\\u0130S\\u0130 EMEKL\\u0130 T\\u00dcMGENERAL CUMHUR EVC\\u0130L, EMEKL\\u0130 T\\u00dcMGENERAL TARIK \\u00d6ZKUT, B\\u0130R\\u00c7OK \\u00d6\\u011eRET\\u0130M \\u00dcYES\\u0130 HOCALAR, B\\u0130R\\u00c7OK S\\u0130V\\u0130L TOPLUM KURUMU Y\\u00d6NET\\u0130C\\u0130LER\\u0130 VE \\u00d6\\u011eRENC\\u0130LER KATILDI. (TURGAY KILI\\u00c7\\\/\\u0130STANBUL-\\u0130HA)&quot;,&quot;created_timestamp&quot;:&quot;0&quot;,&quot;copyright&quot;:&quot;\\u0130HLAS HABER AJANSI, www.iha.com.tr&quot;,&quot;focal_length&quot;:&quot;0&quot;,&quot;iso&quot;:&quot;0&quot;,&quot;shutter_speed&quot;:&quot;0&quot;,&quot;title&quot;:&quot;\\u0130BRAH\\u0130M \\u00d6ZTEK: \\u0022HOCALI SOYKIRIMI, T\\u00dcRK\\u0027E SOYKIRIMIN EN ACIMASIZ \\u00d6RNE\\u011e\\u0130D\\u0130R\\u0022&quot;,&quot;orientation&quot;:&quot;0&quot;}\" data-image-title=\"\u0130brahim \u00d6ztek: &amp;#8220;Hocal\u0131 Soyk\u0131r\u0131m\u0131, T\u00fcrk\u2019e soyk\u0131r\u0131m\u0131n en ac\u0131mas\u0131z \u00f6rne\u011fidir&amp;#8221;\" data-image-description=\"&lt;p&gt;\u0130brahim \u00d6ztek: &amp;#8220;Hocal\u0131 Soyk\u0131r\u0131m\u0131, T\u00fcrk\u2019e soyk\u0131r\u0131m\u0131n en ac\u0131mas\u0131z \u00f6rne\u011fidir&amp;#8221;&lt;\/p&gt; \" data-medium-file=\"https:\/\/i0.wp.com\/www.tvturk.com\/wp-content\/uploads\/2019\/03\/ibrahim-oztek-hocali-soykirimi-turke-soykirimin-en-acimasiz-ornegidir_adb18e4.jpg?fit=300%2C200\" data-large-file=\"https:\/\/i0.wp.com\/www.tvturk.com\/wp-content\/uploads\/2019\/03\/ibrahim-oztek-hocali-soykirimi-turke-soykirimin-en-acimasiz-ornegidir_adb18e4.jpg?fit=1000%2C666\" src=\"https:\/\/i0.wp.com\/www.tvturk.com\/wp-content\/uploads\/2019\/03\/ibrahim-oztek-hocali-soykirimi-turke-soykirimin-en-acimasiz-ornegidir_adb18e4.jpg?w=163&#038;h=108\" srcset=\"https:\/\/i0.wp.com\/www.tvturk.com\/wp-content\/uploads\/2019\/03\/ibrahim-oztek-hocali-soykirimi-turke-soykirimin-en-acimasiz-ornegidir_adb18e4.jpg?w=1000 1000w, https:\/\/i0.wp.com\/www.tvturk.com\/wp-content\/uploads\/2019\/03\/ibrahim-oztek-hocali-soykirimi-turke-soykirimin-en-acimasiz-ornegidir_adb18e4.jpg?resize=150%2C100 150w, https:\/\/i0.wp.com\/www.tvturk.com\/wp-content\/uploads\/2019\/03\/ibrahim-oztek-hocali-soykirimi-turke-soykirimin-en-acimasiz-ornegidir_adb18e4.jpg?resize=300%2C200 300w, https:\/\/i0.wp.com\/www.tvturk.com\/wp-content\/uploads\/2019\/03\/ibrahim-oztek-hocali-soykirimi-turke-soykirimin-en-acimasiz-ornegidir_adb18e4.jpg?resize=768%2C511 768w, https:\/\/i0.wp.com\/www.tvturk.com\/wp-content\/uploads\/2019\/03\/ibrahim-oztek-hocali-soykirimi-turke-soykirimin-en-acimasiz-ornegidir_adb18e4.jpg?resize=170%2C113 170w, https:\/\/i0.wp.com\/www.tvturk.com\/wp-content\/uploads\/2019\/03\/ibrahim-oztek-hocali-soykirimi-turke-soykirimin-en-acimasiz-ornegidir_adb18e4.jpg?resize=120%2C80 120w\" width=\"163\" height=\"108\" loading=\"lazy\" data-original-width=\"163\" data-original-height=\"108\" itemprop=\"http:\/\/schema.org\/image\" title=\"\u0130brahim \u00d6ztek: &quot;Hocal\u0131 Soyk\u0131r\u0131m\u0131, T\u00fcrk\u2019e soyk\u0131r\u0131m\u0131n en ac\u0131mas\u0131z \u00f6rne\u011fidir&quot;\" alt=\"\u0130brahim \u00d6ztek: &quot;Hocal\u0131 Soyk\u0131r\u0131m\u0131, T\u00fcrk\u2019e soyk\u0131r\u0131m\u0131n en ac\u0131mas\u0131z \u00f6rne\u011fidir&quot;\" style=\"width: 163px; height: 108px;\" \/> <\/a> <\/div> <\/div> <!-- close group --> <div class=\"gallery-group images-1\" style=\"width: 167px; height: 112px;\" data-original-width=\"167\" data-original-height=\"112\" > <div class=\"tiled-gallery-item tiled-gallery-item-small\" itemprop=\"associatedMedia\" itemscope itemtype=\"http:\/\/schema.org\/ImageObject\"> <a href=\"http:\/\/www.tvturk.com\/index.php\/ibrahim-oztek-hocali-soykirimi-turke-soykirimin-en-acimasiz-ornegidir\/ibrahim-oztek-hocali-soykirimi-turke-soykirimin-en-acimasiz-ornegidir-10\/\" border=\"0\" itemprop=\"url\"> <meta itemprop=\"width\" content=\"163\"> <meta itemprop=\"height\" content=\"108\"> <img decoding=\"async\" class=\"\" data-attachment-id=\"64376\" data-orig-file=\"http:\/\/www.tvturk.com\/wp-content\/uploads\/2019\/03\/ibrahim-oztek-hocali-soykirimi-turke-soykirimin-en-acimasiz-ornegidir_f495e87.jpg\" data-orig-size=\"1000,666\" data-comments-opened=\"\" data-image-meta=\"{&quot;aperture&quot;:&quot;0&quot;,&quot;credit&quot;:&quot;IHA&quot;,&quot;camera&quot;:&quot;&quot;,&quot;caption&quot;:&quot;PROF. DR. \\u0130BRAH\\u0130M \\u00d6ZTEK, HOCALI SOYKIRIMI\\u0027NIN 27. YILI NEDEN\\u0130 \\u0130LE \\u00d6\\u011eRET\\u0130M \\u00dcYES\\u0130 OLDU\\u011eU \\u00dcSK\\u00dcDAR \\u00dcN\\u0130VERS\\u0130TES\\u0130\\u0027NDE B\\u0130R KONFERANS VERD\\u0130. KONFERANSA AZERBAYCAN CUMHUR\\u0130YET\\u0130 \\u0130STANBUL KONSOLOSLARI RAM\\u0130Z HACIZADE VE AYAZ P\\u0130R\\u0130MOV, \\u0130ST\\u0130KLAL SAVA\\u015eI KAHRAMANLARINDAN KAZIM KARABEK\\u0130R PA\\u015eA\\u0027NIN KIZI SAYIN T\\u0130MSAL KARABEK\\u0130R YILDIRAN, KIBRIS MUKAVEMET TE\\u015eK\\u0130LATININ KURUCULARINDAN KIBRIS GAZ\\u0130S\\u0130 EMEKL\\u0130 T\\u00dcMGENERAL CUMHUR EVC\\u0130L, EMEKL\\u0130 T\\u00dcMGENERAL TARIK \\u00d6ZKUT, B\\u0130R\\u00c7OK \\u00d6\\u011eRET\\u0130M \\u00dcYES\\u0130 HOCALAR, B\\u0130R\\u00c7OK S\\u0130V\\u0130L TOPLUM KURUMU Y\\u00d6NET\\u0130C\\u0130LER\\u0130 VE \\u00d6\\u011eRENC\\u0130LER KATILDI. (TURGAY KILI\\u00c7\\\/\\u0130STANBUL-\\u0130HA)&quot;,&quot;created_timestamp&quot;:&quot;0&quot;,&quot;copyright&quot;:&quot;\\u0130HLAS HABER AJANSI, www.iha.com.tr&quot;,&quot;focal_length&quot;:&quot;0&quot;,&quot;iso&quot;:&quot;0&quot;,&quot;shutter_speed&quot;:&quot;0&quot;,&quot;title&quot;:&quot;\\u0130BRAH\\u0130M \\u00d6ZTEK: \\u0022HOCALI SOYKIRIMI, T\\u00dcRK\\u0027E SOYKIRIMIN EN ACIMASIZ \\u00d6RNE\\u011e\\u0130D\\u0130R\\u0022&quot;,&quot;orientation&quot;:&quot;0&quot;}\" data-image-title=\"\u0130brahim \u00d6ztek: &amp;#8220;Hocal\u0131 Soyk\u0131r\u0131m\u0131, T\u00fcrk\u2019e soyk\u0131r\u0131m\u0131n en ac\u0131mas\u0131z \u00f6rne\u011fidir&amp;#8221;\" data-image-description=\"&lt;p&gt;\u0130brahim \u00d6ztek: &amp;#8220;Hocal\u0131 Soyk\u0131r\u0131m\u0131, T\u00fcrk\u2019e soyk\u0131r\u0131m\u0131n en ac\u0131mas\u0131z \u00f6rne\u011fidir&amp;#8221;&lt;\/p&gt; \" data-medium-file=\"https:\/\/i0.wp.com\/www.tvturk.com\/wp-content\/uploads\/2019\/03\/ibrahim-oztek-hocali-soykirimi-turke-soykirimin-en-acimasiz-ornegidir_f495e87.jpg?fit=300%2C200\" data-large-file=\"https:\/\/i0.wp.com\/www.tvturk.com\/wp-content\/uploads\/2019\/03\/ibrahim-oztek-hocali-soykirimi-turke-soykirimin-en-acimasiz-ornegidir_f495e87.jpg?fit=1000%2C666\" src=\"https:\/\/i0.wp.com\/www.tvturk.com\/wp-content\/uploads\/2019\/03\/ibrahim-oztek-hocali-soykirimi-turke-soykirimin-en-acimasiz-ornegidir_f495e87.jpg?w=163&#038;h=108\" srcset=\"https:\/\/i0.wp.com\/www.tvturk.com\/wp-content\/uploads\/2019\/03\/ibrahim-oztek-hocali-soykirimi-turke-soykirimin-en-acimasiz-ornegidir_f495e87.jpg?w=1000 1000w, https:\/\/i0.wp.com\/www.tvturk.com\/wp-content\/uploads\/2019\/03\/ibrahim-oztek-hocali-soykirimi-turke-soykirimin-en-acimasiz-ornegidir_f495e87.jpg?resize=150%2C100 150w, https:\/\/i0.wp.com\/www.tvturk.com\/wp-content\/uploads\/2019\/03\/ibrahim-oztek-hocali-soykirimi-turke-soykirimin-en-acimasiz-ornegidir_f495e87.jpg?resize=300%2C200 300w, https:\/\/i0.wp.com\/www.tvturk.com\/wp-content\/uploads\/2019\/03\/ibrahim-oztek-hocali-soykirimi-turke-soykirimin-en-acimasiz-ornegidir_f495e87.jpg?resize=768%2C511 768w, https:\/\/i0.wp.com\/www.tvturk.com\/wp-content\/uploads\/2019\/03\/ibrahim-oztek-hocali-soykirimi-turke-soykirimin-en-acimasiz-ornegidir_f495e87.jpg?resize=170%2C113 170w, https:\/\/i0.wp.com\/www.tvturk.com\/wp-content\/uploads\/2019\/03\/ibrahim-oztek-hocali-soykirimi-turke-soykirimin-en-acimasiz-ornegidir_f495e87.jpg?resize=120%2C80 120w\" width=\"163\" height=\"108\" loading=\"lazy\" data-original-width=\"163\" data-original-height=\"108\" itemprop=\"http:\/\/schema.org\/image\" title=\"\u0130brahim \u00d6ztek: &quot;Hocal\u0131 Soyk\u0131r\u0131m\u0131, T\u00fcrk\u2019e soyk\u0131r\u0131m\u0131n en ac\u0131mas\u0131z \u00f6rne\u011fidir&quot;\" alt=\"\u0130brahim \u00d6ztek: &quot;Hocal\u0131 Soyk\u0131r\u0131m\u0131, T\u00fcrk\u2019e soyk\u0131r\u0131m\u0131n en ac\u0131mas\u0131z \u00f6rne\u011fidir&quot;\" style=\"width: 163px; height: 108px;\" \/> <\/a> <\/div> <\/div> <!-- close group --> <div class=\"gallery-group images-1\" style=\"width: 166px; height: 112px;\" data-original-width=\"166\" data-original-height=\"112\" > <div class=\"tiled-gallery-item tiled-gallery-item-small\" itemprop=\"associatedMedia\" itemscope itemtype=\"http:\/\/schema.org\/ImageObject\"> <a href=\"http:\/\/www.tvturk.com\/index.php\/ibrahim-oztek-hocali-soykirimi-turke-soykirimin-en-acimasiz-ornegidir\/ibrahim-oztek-hocali-soykirimi-turke-soykirimin-en-acimasiz-ornegidir-11\/\" border=\"0\" itemprop=\"url\"> <meta itemprop=\"width\" content=\"162\"> <meta itemprop=\"height\" content=\"108\"> <img decoding=\"async\" class=\"\" data-attachment-id=\"64377\" data-orig-file=\"http:\/\/www.tvturk.com\/wp-content\/uploads\/2019\/03\/ibrahim-oztek-hocali-soykirimi-turke-soykirimin-en-acimasiz-ornegidir_bcd5962.jpg\" data-orig-size=\"1000,666\" data-comments-opened=\"\" data-image-meta=\"{&quot;aperture&quot;:&quot;0&quot;,&quot;credit&quot;:&quot;IHA&quot;,&quot;camera&quot;:&quot;&quot;,&quot;caption&quot;:&quot;PROF. DR. \\u0130BRAH\\u0130M \\u00d6ZTEK, HOCALI SOYKIRIMI\\u0027NIN 27. YILI NEDEN\\u0130 \\u0130LE \\u00d6\\u011eRET\\u0130M \\u00dcYES\\u0130 OLDU\\u011eU \\u00dcSK\\u00dcDAR \\u00dcN\\u0130VERS\\u0130TES\\u0130\\u0027NDE B\\u0130R KONFERANS VERD\\u0130. KONFERANSA AZERBAYCAN CUMHUR\\u0130YET\\u0130 \\u0130STANBUL KONSOLOSLARI RAM\\u0130Z HACIZADE VE AYAZ P\\u0130R\\u0130MOV, \\u0130ST\\u0130KLAL SAVA\\u015eI KAHRAMANLARINDAN KAZIM KARABEK\\u0130R PA\\u015eA\\u0027NIN KIZI SAYIN T\\u0130MSAL KARABEK\\u0130R YILDIRAN, KIBRIS MUKAVEMET TE\\u015eK\\u0130LATININ KURUCULARINDAN KIBRIS GAZ\\u0130S\\u0130 EMEKL\\u0130 T\\u00dcMGENERAL CUMHUR EVC\\u0130L, EMEKL\\u0130 T\\u00dcMGENERAL TARIK \\u00d6ZKUT, B\\u0130R\\u00c7OK \\u00d6\\u011eRET\\u0130M \\u00dcYES\\u0130 HOCALAR, B\\u0130R\\u00c7OK S\\u0130V\\u0130L TOPLUM KURUMU Y\\u00d6NET\\u0130C\\u0130LER\\u0130 VE \\u00d6\\u011eRENC\\u0130LER KATILDI. (TURGAY KILI\\u00c7\\\/\\u0130STANBUL-\\u0130HA)&quot;,&quot;created_timestamp&quot;:&quot;0&quot;,&quot;copyright&quot;:&quot;\\u0130HLAS HABER AJANSI, www.iha.com.tr&quot;,&quot;focal_length&quot;:&quot;0&quot;,&quot;iso&quot;:&quot;0&quot;,&quot;shutter_speed&quot;:&quot;0&quot;,&quot;title&quot;:&quot;\\u0130BRAH\\u0130M \\u00d6ZTEK: \\u0022HOCALI SOYKIRIMI, T\\u00dcRK\\u0027E SOYKIRIMIN EN ACIMASIZ \\u00d6RNE\\u011e\\u0130D\\u0130R\\u0022&quot;,&quot;orientation&quot;:&quot;0&quot;}\" data-image-title=\"\u0130brahim \u00d6ztek: &amp;#8220;Hocal\u0131 Soyk\u0131r\u0131m\u0131, T\u00fcrk\u2019e soyk\u0131r\u0131m\u0131n en ac\u0131mas\u0131z \u00f6rne\u011fidir&amp;#8221;\" data-image-description=\"&lt;p&gt;\u0130brahim \u00d6ztek: &amp;#8220;Hocal\u0131 Soyk\u0131r\u0131m\u0131, T\u00fcrk\u2019e soyk\u0131r\u0131m\u0131n en ac\u0131mas\u0131z \u00f6rne\u011fidir&amp;#8221;&lt;\/p&gt; \" data-medium-file=\"https:\/\/i0.wp.com\/www.tvturk.com\/wp-content\/uploads\/2019\/03\/ibrahim-oztek-hocali-soykirimi-turke-soykirimin-en-acimasiz-ornegidir_bcd5962.jpg?fit=300%2C200\" data-large-file=\"https:\/\/i0.wp.com\/www.tvturk.com\/wp-content\/uploads\/2019\/03\/ibrahim-oztek-hocali-soykirimi-turke-soykirimin-en-acimasiz-ornegidir_bcd5962.jpg?fit=1000%2C666\" src=\"https:\/\/i0.wp.com\/www.tvturk.com\/wp-content\/uploads\/2019\/03\/ibrahim-oztek-hocali-soykirimi-turke-soykirimin-en-acimasiz-ornegidir_bcd5962.jpg?w=162&#038;h=108\" srcset=\"https:\/\/i0.wp.com\/www.tvturk.com\/wp-content\/uploads\/2019\/03\/ibrahim-oztek-hocali-soykirimi-turke-soykirimin-en-acimasiz-ornegidir_bcd5962.jpg?w=1000 1000w, https:\/\/i0.wp.com\/www.tvturk.com\/wp-content\/uploads\/2019\/03\/ibrahim-oztek-hocali-soykirimi-turke-soykirimin-en-acimasiz-ornegidir_bcd5962.jpg?resize=150%2C100 150w, https:\/\/i0.wp.com\/www.tvturk.com\/wp-content\/uploads\/2019\/03\/ibrahim-oztek-hocali-soykirimi-turke-soykirimin-en-acimasiz-ornegidir_bcd5962.jpg?resize=300%2C200 300w, https:\/\/i0.wp.com\/www.tvturk.com\/wp-content\/uploads\/2019\/03\/ibrahim-oztek-hocali-soykirimi-turke-soykirimin-en-acimasiz-ornegidir_bcd5962.jpg?resize=768%2C511 768w, https:\/\/i0.wp.com\/www.tvturk.com\/wp-content\/uploads\/2019\/03\/ibrahim-oztek-hocali-soykirimi-turke-soykirimin-en-acimasiz-ornegidir_bcd5962.jpg?resize=170%2C113 170w, https:\/\/i0.wp.com\/www.tvturk.com\/wp-content\/uploads\/2019\/03\/ibrahim-oztek-hocali-soykirimi-turke-soykirimin-en-acimasiz-ornegidir_bcd5962.jpg?resize=120%2C80 120w\" width=\"162\" height=\"108\" loading=\"lazy\" data-original-width=\"162\" data-original-height=\"108\" itemprop=\"http:\/\/schema.org\/image\" title=\"\u0130brahim \u00d6ztek: &quot;Hocal\u0131 Soyk\u0131r\u0131m\u0131, T\u00fcrk\u2019e soyk\u0131r\u0131m\u0131n en ac\u0131mas\u0131z \u00f6rne\u011fidir&quot;\" alt=\"\u0130brahim \u00d6ztek: &quot;Hocal\u0131 Soyk\u0131r\u0131m\u0131, T\u00fcrk\u2019e soyk\u0131r\u0131m\u0131n en ac\u0131mas\u0131z \u00f6rne\u011fidir&quot;\" style=\"width: 162px; height: 108px;\" \/> <\/a> <\/div> <\/div> <!-- close group --> <\/div> <!-- close row --> <\/div><\/p>\n","protected":false},"excerpt":{"rendered":"<p>PROF. DR. \u0130BRAH\u0130M \u00d6ZTEK, HOCALI SOYKIRIMI&#8217;NIN 27. YILI NEDEN\u0130 \u0130LE \u00d6\u011eRET\u0130M \u00dcYES\u0130 OLDU\u011eU \u00dcSK\u00dcDAR \u00dcN\u0130VERS\u0130TES\u0130&#8217;NDE B\u0130R KONFERANS VERD\u0130. KONFERANSA AZERBAYCAN CUMHUR\u0130YET\u0130 \u0130STANBUL KONSOLOSLARI RAM\u0130Z HACIZADE VE AYAZ P\u0130R\u0130MOV, \u0130ST\u0130KLAL SAVA\u015eI KAHRAMANLARINDAN KAZIM KARABEK\u0130R PA\u015eA&#8217;NIN KIZI SAYIN T\u0130MSAL KARABEK\u0130R YILDIRAN, KIBRIS MUKAVEMET TE\u015eK\u0130LATININ KURUCULARINDAN KIBRIS GAZ\u0130S\u0130 EMEKL\u0130 T\u00dcMGENERAL CUMHUR EVC\u0130L, EMEKL\u0130 T\u00dcMGENERAL TARIK \u00d6ZKUT, B\u0130R\u00c7OK \u00d6\u011eRET\u0130M \u00dcYES\u0130 HOCALAR, B\u0130R\u00c7OK S\u0130V\u0130L TOPLUM KURUMU Y\u00d6NET\u0130C\u0130LER\u0130 VE \u00d6\u011eRENC\u0130LER KATILDI.<\/p>\n","protected":false},"author":1,"featured_media":64368,"comment_status":"closed","ping_status":"open","sticky":false,"template":"","format":"standard","meta":{"jetpack_post_was_ever_published":false,"_jetpack_newsletter_access":"","_jetpack_dont_email_post_to_subs":false,"_jetpack_newsletter_tier_id":0,"_jetpack_memberships_contains_paywalled_content":false,"_jetpack_memberships_contains_paid_content":false,"footnotes":"","jetpack_publicize_message":"","jetpack_publicize_feature_enabled":true,"jetpack_social_post_already_shared":true,"jetpack_social_options":{"image_generator_settings":{"template":"highway","default_image_id":0,"font":"","enabled":false},"version":2}},"categories":[1],"tags":[19766,9757,602,19767,14909,14910,18398,14913],"class_list":["post-64367","post","type-post","status-publish","format-standard","has-post-thumbnail","hentry","category-genel","tag-acimasiz","tag-hocali","tag-ibrahim","tag-ornegidir","tag-oztek","tag-soykirimi","tag-soykirimin","tag-turke"],"jetpack_publicize_connections":[],"jetpack_featured_media_url":"https:\/\/i0.wp.com\/www.tvturk.com\/wp-content\/uploads\/2019\/03\/ibrahim-oztek-hocali-soykirimi-turke-soykirimin-en-acimasiz-ornegidir_112c610.jpg?fit=1000%2C666","jetpack_sharing_enabled":true,"jetpack_shortlink":"https:\/\/wp.me\/paKIfm-gKb","_links":{"self":[{"href":"http:\/\/www.tvturk.com\/index.php\/wp-json\/wp\/v2\/posts\/64367","targetHints":{"allow":["GET"]}}],"collection":[{"href":"http:\/\/www.tvturk.com\/index.php\/wp-json\/wp\/v2\/posts"}],"about":[{"href":"http:\/\/www.tvturk.com\/index.php\/wp-json\/wp\/v2\/types\/post"}],"author":[{"embeddable":true,"href":"http:\/\/www.tvturk.com\/index.php\/wp-json\/wp\/v2\/users\/1"}],"replies":[{"embeddable":true,"href":"http:\/\/www.tvturk.com\/index.php\/wp-json\/wp\/v2\/comments?post=64367"}],"version-history":[{"count":1,"href":"http:\/\/www.tvturk.com\/index.php\/wp-json\/wp\/v2\/posts\/64367\/revisions"}],"predecessor-version":[{"id":64378,"href":"http:\/\/www.tvturk.com\/index.php\/wp-json\/wp\/v2\/posts\/64367\/revisions\/64378"}],"wp:featuredmedia":[{"embeddable":true,"href":"http:\/\/www.tvturk.com\/index.php\/wp-json\/wp\/v2\/media\/64368"}],"wp:attachment":[{"href":"http:\/\/www.tvturk.com\/index.php\/wp-json\/wp\/v2\/media?parent=64367"}],"wp:term":[{"taxonomy":"category","embeddable":true,"href":"http:\/\/www.tvturk.com\/index.php\/wp-json\/wp\/v2\/categories?post=64367"},{"taxonomy":"post_tag","embeddable":true,"href":"http:\/\/www.tvturk.com\/index.php\/wp-json\/wp\/v2\/tags?post=64367"}],"curies":[{"name":"wp","href":"https:\/\/api.w.org\/{rel}","templated":true}]}}