{"id":64658,"date":"2019-03-01T14:56:59","date_gmt":"2019-03-01T11:56:59","guid":{"rendered":"http:\/\/www.tvturk.com\/index.php\/belcikada-12-bin-ogrenci-iklim-degisikligine-karsi-yurudu\/"},"modified":"2019-03-01T14:56:59","modified_gmt":"2019-03-01T11:56:59","slug":"belcikada-12-bin-ogrenci-iklim-degisikligine-karsi-yurudu","status":"publish","type":"post","link":"http:\/\/www.tvturk.com\/index.php\/belcikada-12-bin-ogrenci-iklim-degisikligine-karsi-yurudu\/","title":{"rendered":"Bel\u00e7ika\u2019da 12 bin \u00f6\u011frenci iklim de\u011fi\u015fikli\u011fine kar\u015f\u0131 y\u00fcr\u00fcd\u00fc"},"content":{"rendered":"<p>Bel\u00e7ika\u2019n\u0131n farkl\u0131 \u015fehirlerinde toplanan yakla\u015f\u0131k 12 bin \u00f6\u011frenci iklim de\u011fi\u015fikli\u011fine tepki olarak y\u00fcr\u00fcd\u00fc.<\/p>\n<p>Ba\u015fta ba\u015fkent Br\u00fcksel olmak \u00fczere, Nivelles, Huy, Anvers, Dinant, Malines ve Liege gibi kent merkezlerinde toplanan ilkokul, lise ve \u00fcniversite \u00f6\u011frencileri, \u201cYouth For Climate\u201d ad\u0131 alt\u0131nda d\u00fczenlenen y\u00fcr\u00fcy\u00fc\u015fte, iklim de\u011fi\u015fikli\u011fine kar\u015f\u0131 seslerini duyurmaya \u00e7al\u0131\u015ft\u0131. Ba\u015fkent Br\u00fcksel\u2019deki g\u00f6steriye sadece bin 500 \u00f6\u011frenci kat\u0131l\u0131rken, Huy gibi k\u00fc\u00e7\u00fck bir \u015fehirde d\u00fczenlenen g\u00f6steriye 5 bin \u00f6\u011frencinin kat\u0131lmas\u0131 \u015fa\u015fk\u0131nl\u0131kla kar\u015f\u0131land\u0131.<\/p>\n<p>Siyasilere \u00f6nemli mesajlar verildi<\/p>\n<p>3 bin ki\u015finin kat\u0131ld\u0131\u011f\u0131 Anvers \u015fehrinde d\u00fczenlenen y\u00fcr\u00fcy\u00fc\u015fe \u00f6nc\u00fcl\u00fck eden Aruna De Wever, \u201cBug\u00fcn politikac\u0131lara bir mesaj veriyoruz. Ya okula geri d\u00f6nmemiz gerekti\u011fini s\u00f6ylemeye devam edersiniz ya da i\u015fe koyulabilirsiniz\u201d diyerek Bel\u00e7ikal\u0131 siyaset\u00e7ilere g\u00f6ndermede bulundu.<\/p>\n<p>Yap\u0131lan y\u00fcr\u00fcy\u00fc\u015flerde, Bel\u00e7ika politikas\u0131n\u0131n k\u00fcresel \u0131s\u0131nma konusunda uzun zamand\u0131r bir \u015fey yapmad\u0131\u011f\u0131na dikkat \u00e7ekilirken, y\u00fcr\u00fcy\u00fc\u015flerde a\u00e7\u0131lan pankartlarda, \u201cDaha fazla ar\u0131\u201d, \u201cAlternarif bir ya\u015fam d\u00fcnyas\u0131 yok\u201d, \u201c\u0130klimden daha s\u0131ca\u011f\u0131z\u201d gibi mesajlara yer verildi.<\/p>\n<p>\u00d6te yandan iklim de\u011fi\u015fikli\u011fine kar\u015f\u0131 yap\u0131lan y\u00fcr\u00fcy\u00fc\u015flerin 7 Mart tarihinde Bel\u00e7ika\u2019n\u0131n yine bir\u00e7ok kentinde yine d\u00fczenlenmesi bekleniyor.<\/p>\n","protected":false},"excerpt":{"rendered":"<p>BEL\u00c7\u0130KA\u2019NIN FARKLI \u015eEH\u0130RLER\u0130NDE TOPLANAN YAKLA\u015eIK 12 B\u0130N \u00d6\u011eRENC\u0130 \u0130KL\u0130M DE\u011e\u0130\u015e\u0130KL\u0130\u011e\u0130NE TEPK\u0130 OLARAK Y\u00dcR\u00dcD\u00dc.<\/p>\n","protected":false},"author":1,"featured_media":64659,"comment_status":"closed","ping_status":"open","sticky":false,"template":"","format":"standard","meta":{"jetpack_post_was_ever_published":false,"_jetpack_newsletter_access":"","_jetpack_dont_email_post_to_subs":false,"_jetpack_newsletter_tier_id":0,"_jetpack_memberships_contains_paywalled_content":false,"_jetpack_memberships_contains_paid_content":false,"footnotes":"","jetpack_publicize_message":"","jetpack_publicize_feature_enabled":true,"jetpack_social_post_already_shared":true,"jetpack_social_options":{"image_generator_settings":{"template":"highway","default_image_id":0,"font":"","enabled":false},"version":2}},"categories":[10],"tags":[5836,213,19832,6633,2541,773,2032],"class_list":["post-64658","post","type-post","status-publish","format-standard","has-post-thumbnail","hentry","category-dunya","tag-belcikada","tag-bin","tag-degisikligine","tag-iklim","tag-karsi","tag-ogrenci","tag-yurudu"],"jetpack_publicize_connections":[],"jetpack_featured_media_url":"https:\/\/i0.wp.com\/www.tvturk.com\/wp-content\/uploads\/2019\/03\/belcikada-12-bin-ogrenci-iklim-degisikligine-karsi-yurudu_ff07669.jpg?fit=1000%2C562","jetpack_sharing_enabled":true,"jetpack_shortlink":"https:\/\/wp.me\/paKIfm-gOS","_links":{"self":[{"href":"http:\/\/www.tvturk.com\/index.php\/wp-json\/wp\/v2\/posts\/64658","targetHints":{"allow":["GET"]}}],"collection":[{"href":"http:\/\/www.tvturk.com\/index.php\/wp-json\/wp\/v2\/posts"}],"about":[{"href":"http:\/\/www.tvturk.com\/index.php\/wp-json\/wp\/v2\/types\/post"}],"author":[{"embeddable":true,"href":"http:\/\/www.tvturk.com\/index.php\/wp-json\/wp\/v2\/users\/1"}],"replies":[{"embeddable":true,"href":"http:\/\/www.tvturk.com\/index.php\/wp-json\/wp\/v2\/comments?post=64658"}],"version-history":[{"count":0,"href":"http:\/\/www.tvturk.com\/index.php\/wp-json\/wp\/v2\/posts\/64658\/revisions"}],"wp:featuredmedia":[{"embeddable":true,"href":"http:\/\/www.tvturk.com\/index.php\/wp-json\/wp\/v2\/media\/64659"}],"wp:attachment":[{"href":"http:\/\/www.tvturk.com\/index.php\/wp-json\/wp\/v2\/media?parent=64658"}],"wp:term":[{"taxonomy":"category","embeddable":true,"href":"http:\/\/www.tvturk.com\/index.php\/wp-json\/wp\/v2\/categories?post=64658"},{"taxonomy":"post_tag","embeddable":true,"href":"http:\/\/www.tvturk.com\/index.php\/wp-json\/wp\/v2\/tags?post=64658"}],"curies":[{"name":"wp","href":"https:\/\/api.w.org\/{rel}","templated":true}]}}