{"id":64861,"date":"2019-03-01T15:59:11","date_gmt":"2019-03-01T12:59:11","guid":{"rendered":"http:\/\/www.tvturk.com\/index.php\/beylikduzu-kuvay-i-milliye-camisine-kavustu\/"},"modified":"2019-03-01T15:59:15","modified_gmt":"2019-03-01T12:59:15","slug":"beylikduzu-kuvay-i-milliye-camisine-kavustu","status":"publish","type":"post","link":"http:\/\/www.tvturk.com\/index.php\/beylikduzu-kuvay-i-milliye-camisine-kavustu\/","title":{"rendered":"Beylikd\u00fcz\u00fc Kuvay-i Milliye Camisi\u2019ne kavu\u015ftu"},"content":{"rendered":"<p>Beylikd\u00fcz\u00fc Belediyesi, 21 \u015eubat-17 Mart tarihleri aras\u0131nda il\u00e7enin d\u00f6rt bir yan\u0131nda hizmete girecek 25 eserden alt\u0131nc\u0131s\u0131n\u0131 olan Kuvay-i Milliye Camiisi ve Taziye Evi\u2019nin a\u00e7\u0131l\u0131\u015f\u0131n\u0131 d\u00fczenlenen t\u00f6ren ile ger\u00e7ekle\u015ftirdi.<\/p>\n<p>Yakuplu Mahallesi\u2019ne kazand\u0131r\u0131lan Kuvay-i Milliye Camisi ile Emre Akku\u015f ve R. Can Y\u0131ld\u0131z \u00c7ok Ama\u00e7l\u0131 Taziye Evi\u2019nin resmi a\u00e7\u0131l\u0131\u015f t\u00f6reni Cuma namaz\u0131 sonras\u0131nda ger\u00e7ekle\u015ftirildi. A\u00e7\u0131l\u0131\u015f t\u00f6renine, CHP Beylikd\u00fcz\u00fc Belediye Ba\u015fkan aday\u0131 Mehmet Murat \u00c7al\u0131k, Beylikd\u00fcz\u00fc Belediyesi Ba\u015fkan Vekili \u00d6mer \u015eat\u0131r, Yakuplu Mahallesi Muhtar\u0131 Y\u00fcksel Kol ve \u00e7ok say\u0131da vatanda\u015f kat\u0131ld\u0131.<\/p>\n<p>Dualar ile ba\u015flayan a\u00e7\u0131l\u0131\u015f program\u0131 protokol konu\u015fmalar\u0131 ile devam etti. Ard\u0131ndan Kuvay-i Milliye Camisi, Emre Akku\u015f ve R. Can Y\u0131ld\u0131z \u00c7ok Ama\u00e7l\u0131 Taziye Evi resmi a\u00e7\u0131l\u0131\u015f\u0131 i\u00e7in kurdele kesildi. A\u00e7\u0131l\u0131\u015fa gelen vatanda\u015flara taziye evinde yemek ikram\u0131nda bulunuldu. A\u00e7\u0131k ve kapal\u0131 olmak \u00fczere toplam bin 600 metrekare alana sahip  Kuvay-i Milliye Camisi\u2019nde 510 ki\u015fi kapal\u0131 alanda namaz k\u0131labilecek.Yakla\u015f\u0131k 160 metrekare alana sahip Emre Akku\u015f ve R. Can Y\u0131ld\u0131z \u00c7ok Ama\u00e7l\u0131 Taziye Evi, 170 ki\u015fi kapasitesi ile vatanda\u015flara hizmet verecek.<\/p>\n<p>\u201c10 y\u0131ld\u0131r bu caminin yap\u0131m\u0131 bekleniyordu\u201d<\/p>\n<p>B\u00f6lgenin yap\u0131lan camiye \u00e7ok ihtiyac\u0131 oldu\u011funu dile getiren CHP Beylikd\u00fcz\u00fc Belediye Ba\u015fkan aday\u0131 Mehmet Murat \u00c7al\u0131k, &#8220;Yakla\u015f\u0131k olarak 10 y\u0131ld\u0131r b\u00f6lgede ya\u015fayan vatanda\u015flar\u0131m\u0131z taraf\u0131ndan bu caminin yap\u0131m\u0131 bekleniyordu. Ba\u015fkan\u0131m\u0131z Ekrem \u0130mamo\u011flu kararl\u0131l\u0131kla ve cesaret ile burada cami yapmam\u0131z gerekti\u011fini s\u00f6yledi. Bu camiyi yapt\u0131\u011f\u0131m\u0131z toprak ve bu topra\u011f\u0131 vatan yapan bayrak bizim i\u00e7in \u00e7ok k\u0131ymetlidir. Ben biliyorum ki vatan ve bayrak olmazsa inan\u00e7lar\u0131m\u0131z\u0131 da ya\u015fatmazlar bize. O y\u00fczden bu caminin ismini Kuvay-i Milliye olmas\u0131na karar verdik\u201d ifadelerini kulland\u0131.<div class=\"tiled-gallery type-rectangular tiled-gallery-unresized\" data-original-width=\"500\" data-carousel-extra='null' itemscope itemtype=\"http:\/\/schema.org\/ImageGallery\" > <div class=\"gallery-row\" style=\"width: 500px; height: 251px;\" data-original-width=\"500\" data-original-height=\"251\" > <div class=\"gallery-group images-1\" style=\"width: 334px; height: 251px;\" data-original-width=\"334\" data-original-height=\"251\" > <div class=\"tiled-gallery-item tiled-gallery-item-large\" itemprop=\"associatedMedia\" itemscope itemtype=\"http:\/\/schema.org\/ImageObject\"> <a href=\"http:\/\/www.tvturk.com\/index.php\/beylikduzu-kuvay-i-milliye-camisine-kavustu\/beylikduzu-kuvay-i-milliye-camisine-kavustu-3\/\" border=\"0\" itemprop=\"url\"> <meta itemprop=\"width\" content=\"330\"> <meta itemprop=\"height\" content=\"247\"> <img decoding=\"async\" class=\"\" data-attachment-id=\"64863\" data-orig-file=\"http:\/\/www.tvturk.com\/wp-content\/uploads\/2019\/03\/beylikduzu-kuvay-i-milliye-camisine-kavustu_9724f73.jpg\" data-orig-size=\"1000,750\" data-comments-opened=\"\" data-image-meta=\"{&quot;aperture&quot;:&quot;0&quot;,&quot;credit&quot;:&quot;IHA&quot;,&quot;camera&quot;:&quot;&quot;,&quot;caption&quot;:&quot;B\\u00d6LGEN\\u0130N YAPILAN CAM\\u0130YE \\u00c7OK \\u0130HT\\u0130YACI OLDU\\u011eUNU D\\u0130LE GET\\u0130REN CHP BEYL\\u0130KD\\u00dcZ\\u00dc BELED\\u0130YE BA\\u015eKAN ADAYI MEHMET MURAT \\u00c7ALIK, \\u0022YAKLA\\u015eIK OLARAK 10 YILDIR B\\u00d6LGEDE YA\\u015eAYAN VATANDA\\u015eLARIMIZ TARAFINDAN BU CAM\\u0130N\\u0130N YAPIMI BEKLEN\\u0130YORDU. BA\\u015eKANIMIZ EKREM \\u0130MAMO\\u011eLU KARARLILIKLA VE CESARET \\u0130LE BURADA CAM\\u0130 YAPMAMIZ GEREKT\\u0130\\u011e\\u0130N\\u0130 S\\u00d6YLED\\u0130. BU CAM\\u0130Y\\u0130 YAPTI\\u011eIMIZ TOPRAK VE BU TOPRA\\u011eI VATAN YAPAN BAYRAK B\\u0130Z\\u0130M \\u0130\\u00c7\\u0130N \\u00c7OK KIYMETL\\u0130D\\u0130R\\u0022 DED\\u0130. (AHMET FARUK SARIKO\\u00c7\\\/\\u0130STANBUL-\\u0130HA)&quot;,&quot;created_timestamp&quot;:&quot;0&quot;,&quot;copyright&quot;:&quot;\\u0130HLAS HABER AJANSI, www.iha.com.tr&quot;,&quot;focal_length&quot;:&quot;0&quot;,&quot;iso&quot;:&quot;0&quot;,&quot;shutter_speed&quot;:&quot;0&quot;,&quot;title&quot;:&quot;BEYL\\u0130KD\\u00dcZ\\u00dc KUVAY-\\u0130 M\\u0130LL\\u0130YE CAM\\u0130S\\u0130\\u0027NE KAVU\\u015eTU KUVAY-\\u0130 M\\u0130LL\\u0130YE CAM\\u0130S\\u0130\\u0027N\\u0130N A\\u00c7ILI\\u015eI GER\\u00c7EKLE\\u015eT\\u0130R\\u0130LD\\u0130&quot;,&quot;orientation&quot;:&quot;0&quot;}\" data-image-title=\"Beylikd\u00fcz\u00fc Kuvay-i Milliye Camisi\u2019ne kavu\u015ftu\" data-image-description=\"&lt;p&gt;Beylikd\u00fcz\u00fc Kuvay-i Milliye Camisi\u2019ne kavu\u015ftu&lt;\/p&gt; \" data-medium-file=\"https:\/\/i0.wp.com\/www.tvturk.com\/wp-content\/uploads\/2019\/03\/beylikduzu-kuvay-i-milliye-camisine-kavustu_9724f73.jpg?fit=300%2C225\" data-large-file=\"https:\/\/i0.wp.com\/www.tvturk.com\/wp-content\/uploads\/2019\/03\/beylikduzu-kuvay-i-milliye-camisine-kavustu_9724f73.jpg?fit=1000%2C750\" src=\"https:\/\/i0.wp.com\/www.tvturk.com\/wp-content\/uploads\/2019\/03\/beylikduzu-kuvay-i-milliye-camisine-kavustu_9724f73.jpg?w=330&#038;h=247\" srcset=\"https:\/\/i0.wp.com\/www.tvturk.com\/wp-content\/uploads\/2019\/03\/beylikduzu-kuvay-i-milliye-camisine-kavustu_9724f73.jpg?w=1000 1000w, https:\/\/i0.wp.com\/www.tvturk.com\/wp-content\/uploads\/2019\/03\/beylikduzu-kuvay-i-milliye-camisine-kavustu_9724f73.jpg?resize=150%2C113 150w, https:\/\/i0.wp.com\/www.tvturk.com\/wp-content\/uploads\/2019\/03\/beylikduzu-kuvay-i-milliye-camisine-kavustu_9724f73.jpg?resize=300%2C225 300w, https:\/\/i0.wp.com\/www.tvturk.com\/wp-content\/uploads\/2019\/03\/beylikduzu-kuvay-i-milliye-camisine-kavustu_9724f73.jpg?resize=768%2C576 768w\" width=\"330\" height=\"247\" loading=\"lazy\" data-original-width=\"330\" data-original-height=\"247\" itemprop=\"http:\/\/schema.org\/image\" title=\"Beylikd\u00fcz\u00fc Kuvay-i Milliye Camisi\u2019ne kavu\u015ftu\" alt=\"Beylikd\u00fcz\u00fc Kuvay-i Milliye Camisi\u2019ne kavu\u015ftu\" style=\"width: 330px; height: 247px;\" \/> <\/a> <\/div> <\/div> <!-- close group --> <div class=\"gallery-group images-2\" style=\"width: 166px; height: 251px;\" data-original-width=\"166\" data-original-height=\"251\" > <div class=\"tiled-gallery-item tiled-gallery-item-small\" itemprop=\"associatedMedia\" itemscope itemtype=\"http:\/\/schema.org\/ImageObject\"> <a href=\"http:\/\/www.tvturk.com\/index.php\/beylikduzu-kuvay-i-milliye-camisine-kavustu\/beylikduzu-kuvay-i-milliye-camisine-kavustu-4\/\" border=\"0\" itemprop=\"url\"> <meta itemprop=\"width\" content=\"162\"> <meta itemprop=\"height\" content=\"122\"> <img decoding=\"async\" class=\"\" data-attachment-id=\"64864\" data-orig-file=\"http:\/\/www.tvturk.com\/wp-content\/uploads\/2019\/03\/beylikduzu-kuvay-i-milliye-camisine-kavustu_ce7dc83.jpg\" data-orig-size=\"1000,750\" data-comments-opened=\"\" data-image-meta=\"{&quot;aperture&quot;:&quot;0&quot;,&quot;credit&quot;:&quot;IHA&quot;,&quot;camera&quot;:&quot;&quot;,&quot;caption&quot;:&quot;BEYL\\u0130KD\\u00dcZ\\u00dc BELED\\u0130YES\\u0130, 21 \\u015eUBAT-17 MART TAR\\u0130HLER\\u0130 ARASINDA \\u0130L\\u00c7EN\\u0130N D\\u00d6RT B\\u0130R YANINDA H\\u0130ZMETE G\\u0130RECEK 25 ESERDEN ALTINCISINI OLAN KUVAY-\\u0130 M\\u0130LL\\u0130YE CAM\\u0130\\u0130S\\u0130 VE TAZ\\u0130YE EV\\u0130\\u0027N\\u0130N A\\u00c7ILI\\u015eINI D\\u00dcZENLENEN T\\u00d6REN \\u0130LE GER\\u00c7EKLE\\u015eT\\u0130RD\\u0130. (AHMET FARUK SARIKO\\u00c7\\\/\\u0130STANBUL-\\u0130HA)&quot;,&quot;created_timestamp&quot;:&quot;0&quot;,&quot;copyright&quot;:&quot;\\u0130HLAS HABER AJANSI, www.iha.com.tr&quot;,&quot;focal_length&quot;:&quot;0&quot;,&quot;iso&quot;:&quot;0&quot;,&quot;shutter_speed&quot;:&quot;0&quot;,&quot;title&quot;:&quot;BEYL\\u0130KD\\u00dcZ\\u00dc KUVAY-\\u0130 M\\u0130LL\\u0130YE CAM\\u0130S\\u0130\\u0027NE KAVU\\u015eTU KUVAY-\\u0130 M\\u0130LL\\u0130YE CAM\\u0130S\\u0130\\u0027N\\u0130N A\\u00c7ILI\\u015eI GER\\u00c7EKLE\\u015eT\\u0130R\\u0130LD\\u0130&quot;,&quot;orientation&quot;:&quot;0&quot;}\" data-image-title=\"Beylikd\u00fcz\u00fc Kuvay-i Milliye Camisi\u2019ne kavu\u015ftu\" data-image-description=\"&lt;p&gt;Beylikd\u00fcz\u00fc Kuvay-i Milliye Camisi\u2019ne kavu\u015ftu&lt;\/p&gt; \" data-medium-file=\"https:\/\/i0.wp.com\/www.tvturk.com\/wp-content\/uploads\/2019\/03\/beylikduzu-kuvay-i-milliye-camisine-kavustu_ce7dc83.jpg?fit=300%2C225\" data-large-file=\"https:\/\/i0.wp.com\/www.tvturk.com\/wp-content\/uploads\/2019\/03\/beylikduzu-kuvay-i-milliye-camisine-kavustu_ce7dc83.jpg?fit=1000%2C750\" src=\"https:\/\/i0.wp.com\/www.tvturk.com\/wp-content\/uploads\/2019\/03\/beylikduzu-kuvay-i-milliye-camisine-kavustu_ce7dc83.jpg?w=162&#038;h=122\" srcset=\"https:\/\/i0.wp.com\/www.tvturk.com\/wp-content\/uploads\/2019\/03\/beylikduzu-kuvay-i-milliye-camisine-kavustu_ce7dc83.jpg?w=1000 1000w, https:\/\/i0.wp.com\/www.tvturk.com\/wp-content\/uploads\/2019\/03\/beylikduzu-kuvay-i-milliye-camisine-kavustu_ce7dc83.jpg?resize=150%2C113 150w, https:\/\/i0.wp.com\/www.tvturk.com\/wp-content\/uploads\/2019\/03\/beylikduzu-kuvay-i-milliye-camisine-kavustu_ce7dc83.jpg?resize=300%2C225 300w, https:\/\/i0.wp.com\/www.tvturk.com\/wp-content\/uploads\/2019\/03\/beylikduzu-kuvay-i-milliye-camisine-kavustu_ce7dc83.jpg?resize=768%2C576 768w\" width=\"162\" height=\"122\" loading=\"lazy\" data-original-width=\"162\" data-original-height=\"122\" itemprop=\"http:\/\/schema.org\/image\" title=\"Beylikd\u00fcz\u00fc Kuvay-i Milliye Camisi\u2019ne kavu\u015ftu\" alt=\"Beylikd\u00fcz\u00fc Kuvay-i Milliye Camisi\u2019ne kavu\u015ftu\" style=\"width: 162px; height: 122px;\" \/> <\/a> <\/div> <div class=\"tiled-gallery-item tiled-gallery-item-small\" itemprop=\"associatedMedia\" itemscope itemtype=\"http:\/\/schema.org\/ImageObject\"> <a href=\"http:\/\/www.tvturk.com\/index.php\/beylikduzu-kuvay-i-milliye-camisine-kavustu\/beylikduzu-kuvay-i-milliye-camisine-kavustu-5\/\" border=\"0\" itemprop=\"url\"> <meta itemprop=\"width\" content=\"162\"> <meta itemprop=\"height\" content=\"121\"> <img decoding=\"async\" class=\"\" data-attachment-id=\"64865\" data-orig-file=\"http:\/\/www.tvturk.com\/wp-content\/uploads\/2019\/03\/beylikduzu-kuvay-i-milliye-camisine-kavustu_65e080a.jpg\" data-orig-size=\"1000,750\" data-comments-opened=\"\" data-image-meta=\"{&quot;aperture&quot;:&quot;0&quot;,&quot;credit&quot;:&quot;IHA&quot;,&quot;camera&quot;:&quot;&quot;,&quot;caption&quot;:&quot;BEYL\\u0130KD\\u00dcZ\\u00dc BELED\\u0130YES\\u0130, 21 \\u015eUBAT-17 MART TAR\\u0130HLER\\u0130 ARASINDA \\u0130L\\u00c7EN\\u0130N D\\u00d6RT B\\u0130R YANINDA H\\u0130ZMETE G\\u0130RECEK 25 ESERDEN ALTINCISINI OLAN KUVAY-\\u0130 M\\u0130LL\\u0130YE CAM\\u0130\\u0130S\\u0130 VE TAZ\\u0130YE EV\\u0130\\u0027N\\u0130N A\\u00c7ILI\\u015eINI D\\u00dcZENLENEN T\\u00d6REN \\u0130LE GER\\u00c7EKLE\\u015eT\\u0130RD\\u0130. (AHMET FARUK SARIKO\\u00c7\\\/\\u0130STANBUL-\\u0130HA)&quot;,&quot;created_timestamp&quot;:&quot;0&quot;,&quot;copyright&quot;:&quot;\\u0130HLAS HABER AJANSI, www.iha.com.tr&quot;,&quot;focal_length&quot;:&quot;0&quot;,&quot;iso&quot;:&quot;0&quot;,&quot;shutter_speed&quot;:&quot;0&quot;,&quot;title&quot;:&quot;BEYL\\u0130KD\\u00dcZ\\u00dc KUVAY-\\u0130 M\\u0130LL\\u0130YE CAM\\u0130S\\u0130\\u0027NE KAVU\\u015eTU KUVAY-\\u0130 M\\u0130LL\\u0130YE CAM\\u0130S\\u0130\\u0027N\\u0130N A\\u00c7ILI\\u015eI GER\\u00c7EKLE\\u015eT\\u0130R\\u0130LD\\u0130&quot;,&quot;orientation&quot;:&quot;0&quot;}\" data-image-title=\"Beylikd\u00fcz\u00fc Kuvay-i Milliye Camisi\u2019ne kavu\u015ftu\" data-image-description=\"&lt;p&gt;Beylikd\u00fcz\u00fc Kuvay-i Milliye Camisi\u2019ne kavu\u015ftu&lt;\/p&gt; \" data-medium-file=\"https:\/\/i0.wp.com\/www.tvturk.com\/wp-content\/uploads\/2019\/03\/beylikduzu-kuvay-i-milliye-camisine-kavustu_65e080a.jpg?fit=300%2C225\" data-large-file=\"https:\/\/i0.wp.com\/www.tvturk.com\/wp-content\/uploads\/2019\/03\/beylikduzu-kuvay-i-milliye-camisine-kavustu_65e080a.jpg?fit=1000%2C750\" src=\"https:\/\/i0.wp.com\/www.tvturk.com\/wp-content\/uploads\/2019\/03\/beylikduzu-kuvay-i-milliye-camisine-kavustu_65e080a.jpg?w=162&#038;h=121\" srcset=\"https:\/\/i0.wp.com\/www.tvturk.com\/wp-content\/uploads\/2019\/03\/beylikduzu-kuvay-i-milliye-camisine-kavustu_65e080a.jpg?w=1000 1000w, https:\/\/i0.wp.com\/www.tvturk.com\/wp-content\/uploads\/2019\/03\/beylikduzu-kuvay-i-milliye-camisine-kavustu_65e080a.jpg?resize=150%2C113 150w, https:\/\/i0.wp.com\/www.tvturk.com\/wp-content\/uploads\/2019\/03\/beylikduzu-kuvay-i-milliye-camisine-kavustu_65e080a.jpg?resize=300%2C225 300w, https:\/\/i0.wp.com\/www.tvturk.com\/wp-content\/uploads\/2019\/03\/beylikduzu-kuvay-i-milliye-camisine-kavustu_65e080a.jpg?resize=768%2C576 768w\" width=\"162\" height=\"121\" loading=\"lazy\" data-original-width=\"162\" data-original-height=\"121\" itemprop=\"http:\/\/schema.org\/image\" title=\"Beylikd\u00fcz\u00fc Kuvay-i Milliye Camisi\u2019ne kavu\u015ftu\" alt=\"Beylikd\u00fcz\u00fc Kuvay-i Milliye Camisi\u2019ne kavu\u015ftu\" style=\"width: 162px; height: 121px;\" \/> <\/a> <\/div> <\/div> <!-- close group --> <\/div> <!-- close row --> <div class=\"gallery-row\" style=\"width: 500px; height: 376px;\" data-original-width=\"500\" data-original-height=\"376\" > <div class=\"gallery-group images-1\" style=\"width: 500px; height: 376px;\" data-original-width=\"500\" data-original-height=\"376\" > <div class=\"tiled-gallery-item tiled-gallery-item-large\" itemprop=\"associatedMedia\" itemscope itemtype=\"http:\/\/schema.org\/ImageObject\"> <a href=\"http:\/\/www.tvturk.com\/index.php\/beylikduzu-kuvay-i-milliye-camisine-kavustu\/beylikduzu-kuvay-i-milliye-camisine-kavustu-6\/\" border=\"0\" itemprop=\"url\"> <meta itemprop=\"width\" content=\"496\"> <meta itemprop=\"height\" content=\"372\"> <img decoding=\"async\" class=\"\" data-attachment-id=\"64866\" data-orig-file=\"http:\/\/www.tvturk.com\/wp-content\/uploads\/2019\/03\/beylikduzu-kuvay-i-milliye-camisine-kavustu_35b9c6c.jpg\" data-orig-size=\"1000,750\" data-comments-opened=\"\" data-image-meta=\"{&quot;aperture&quot;:&quot;0&quot;,&quot;credit&quot;:&quot;IHA&quot;,&quot;camera&quot;:&quot;&quot;,&quot;caption&quot;:&quot;BEYL\\u0130KD\\u00dcZ\\u00dc BELED\\u0130YES\\u0130, 21 \\u015eUBAT-17 MART TAR\\u0130HLER\\u0130 ARASINDA \\u0130L\\u00c7EN\\u0130N D\\u00d6RT B\\u0130R YANINDA H\\u0130ZMETE G\\u0130RECEK 25 ESERDEN ALTINCISINI OLAN KUVAY-\\u0130 M\\u0130LL\\u0130YE CAM\\u0130\\u0130S\\u0130 VE TAZ\\u0130YE EV\\u0130\\u0027N\\u0130N A\\u00c7ILI\\u015eINI D\\u00dcZENLENEN T\\u00d6REN \\u0130LE GER\\u00c7EKLE\\u015eT\\u0130RD\\u0130. (AHMET FARUK SARIKO\\u00c7\\\/\\u0130STANBUL-\\u0130HA)&quot;,&quot;created_timestamp&quot;:&quot;0&quot;,&quot;copyright&quot;:&quot;\\u0130HLAS HABER AJANSI, www.iha.com.tr&quot;,&quot;focal_length&quot;:&quot;0&quot;,&quot;iso&quot;:&quot;0&quot;,&quot;shutter_speed&quot;:&quot;0&quot;,&quot;title&quot;:&quot;BEYL\\u0130KD\\u00dcZ\\u00dc KUVAY-\\u0130 M\\u0130LL\\u0130YE CAM\\u0130S\\u0130\\u0027NE KAVU\\u015eTU KUVAY-\\u0130 M\\u0130LL\\u0130YE CAM\\u0130S\\u0130\\u0027N\\u0130N A\\u00c7ILI\\u015eI GER\\u00c7EKLE\\u015eT\\u0130R\\u0130LD\\u0130&quot;,&quot;orientation&quot;:&quot;0&quot;}\" data-image-title=\"Beylikd\u00fcz\u00fc Kuvay-i Milliye Camisi\u2019ne kavu\u015ftu\" data-image-description=\"&lt;p&gt;Beylikd\u00fcz\u00fc Kuvay-i Milliye Camisi\u2019ne kavu\u015ftu&lt;\/p&gt; \" data-medium-file=\"https:\/\/i0.wp.com\/www.tvturk.com\/wp-content\/uploads\/2019\/03\/beylikduzu-kuvay-i-milliye-camisine-kavustu_35b9c6c.jpg?fit=300%2C225\" data-large-file=\"https:\/\/i0.wp.com\/www.tvturk.com\/wp-content\/uploads\/2019\/03\/beylikduzu-kuvay-i-milliye-camisine-kavustu_35b9c6c.jpg?fit=1000%2C750\" src=\"https:\/\/i0.wp.com\/www.tvturk.com\/wp-content\/uploads\/2019\/03\/beylikduzu-kuvay-i-milliye-camisine-kavustu_35b9c6c.jpg?w=496&#038;h=372\" srcset=\"https:\/\/i0.wp.com\/www.tvturk.com\/wp-content\/uploads\/2019\/03\/beylikduzu-kuvay-i-milliye-camisine-kavustu_35b9c6c.jpg?w=1000 1000w, https:\/\/i0.wp.com\/www.tvturk.com\/wp-content\/uploads\/2019\/03\/beylikduzu-kuvay-i-milliye-camisine-kavustu_35b9c6c.jpg?resize=150%2C113 150w, https:\/\/i0.wp.com\/www.tvturk.com\/wp-content\/uploads\/2019\/03\/beylikduzu-kuvay-i-milliye-camisine-kavustu_35b9c6c.jpg?resize=300%2C225 300w, https:\/\/i0.wp.com\/www.tvturk.com\/wp-content\/uploads\/2019\/03\/beylikduzu-kuvay-i-milliye-camisine-kavustu_35b9c6c.jpg?resize=768%2C576 768w\" width=\"496\" height=\"372\" loading=\"lazy\" data-original-width=\"496\" data-original-height=\"372\" itemprop=\"http:\/\/schema.org\/image\" title=\"Beylikd\u00fcz\u00fc Kuvay-i Milliye Camisi\u2019ne kavu\u015ftu\" alt=\"Beylikd\u00fcz\u00fc Kuvay-i Milliye Camisi\u2019ne kavu\u015ftu\" style=\"width: 496px; height: 372px;\" \/> <\/a> <\/div> <\/div> <!-- close group --> <\/div> <!-- close row --> <\/div><\/p>\n","protected":false},"excerpt":{"rendered":"<p>B\u00d6LGEN\u0130N YAPILAN CAM\u0130YE \u00c7OK \u0130HT\u0130YACI OLDU\u011eUNU D\u0130LE GET\u0130REN CHP BEYL\u0130KD\u00dcZ\u00dc BELED\u0130YE BA\u015eKAN ADAYI MEHMET MURAT \u00c7ALIK, &#8220;YAKLA\u015eIK OLARAK 10 YILDIR B\u00d6LGEDE YA\u015eAYAN VATANDA\u015eLARIMIZ TARAFINDAN BU CAM\u0130N\u0130N YAPIMI BEKLEN\u0130YORDU. BA\u015eKANIMIZ EKREM \u0130MAMO\u011eLU KARARLILIKLA VE CESARET \u0130LE BURADA CAM\u0130 YAPMAMIZ GEREKT\u0130\u011e\u0130N\u0130 S\u00d6YLED\u0130. BU CAM\u0130Y\u0130 YAPTI\u011eIMIZ TOPRAK VE BU TOPRA\u011eI VATAN YAPAN BAYRAK B\u0130Z\u0130M \u0130\u00c7\u0130N \u00c7OK KIYMETL\u0130D\u0130R&#8221; DED\u0130.<\/p>\n","protected":false},"author":1,"featured_media":64862,"comment_status":"closed","ping_status":"open","sticky":false,"template":"","format":"standard","meta":{"jetpack_post_was_ever_published":false,"_jetpack_newsletter_access":"","_jetpack_dont_email_post_to_subs":false,"_jetpack_newsletter_tier_id":0,"_jetpack_memberships_contains_paywalled_content":false,"_jetpack_memberships_contains_paid_content":false,"footnotes":"","jetpack_publicize_message":"","jetpack_publicize_feature_enabled":true,"jetpack_social_post_already_shared":true,"jetpack_social_options":{"image_generator_settings":{"template":"highway","default_image_id":0,"font":"","enabled":false},"version":2}},"categories":[1],"tags":[18254,19877,1825,19875,19876],"class_list":["post-64861","post","type-post","status-publish","format-standard","has-post-thumbnail","hentry","category-genel","tag-beylikduzu","tag-camisine","tag-kavustu","tag-kuvay-i","tag-milliye"],"jetpack_publicize_connections":[],"jetpack_featured_media_url":"https:\/\/i0.wp.com\/www.tvturk.com\/wp-content\/uploads\/2019\/03\/beylikduzu-kuvay-i-milliye-camisine-kavustu_dcc36a0.jpg?fit=1000%2C750","jetpack_sharing_enabled":true,"jetpack_shortlink":"https:\/\/wp.me\/paKIfm-gS9","_links":{"self":[{"href":"http:\/\/www.tvturk.com\/index.php\/wp-json\/wp\/v2\/posts\/64861","targetHints":{"allow":["GET"]}}],"collection":[{"href":"http:\/\/www.tvturk.com\/index.php\/wp-json\/wp\/v2\/posts"}],"about":[{"href":"http:\/\/www.tvturk.com\/index.php\/wp-json\/wp\/v2\/types\/post"}],"author":[{"embeddable":true,"href":"http:\/\/www.tvturk.com\/index.php\/wp-json\/wp\/v2\/users\/1"}],"replies":[{"embeddable":true,"href":"http:\/\/www.tvturk.com\/index.php\/wp-json\/wp\/v2\/comments?post=64861"}],"version-history":[{"count":1,"href":"http:\/\/www.tvturk.com\/index.php\/wp-json\/wp\/v2\/posts\/64861\/revisions"}],"predecessor-version":[{"id":64867,"href":"http:\/\/www.tvturk.com\/index.php\/wp-json\/wp\/v2\/posts\/64861\/revisions\/64867"}],"wp:featuredmedia":[{"embeddable":true,"href":"http:\/\/www.tvturk.com\/index.php\/wp-json\/wp\/v2\/media\/64862"}],"wp:attachment":[{"href":"http:\/\/www.tvturk.com\/index.php\/wp-json\/wp\/v2\/media?parent=64861"}],"wp:term":[{"taxonomy":"category","embeddable":true,"href":"http:\/\/www.tvturk.com\/index.php\/wp-json\/wp\/v2\/categories?post=64861"},{"taxonomy":"post_tag","embeddable":true,"href":"http:\/\/www.tvturk.com\/index.php\/wp-json\/wp\/v2\/tags?post=64861"}],"curies":[{"name":"wp","href":"https:\/\/api.w.org\/{rel}","templated":true}]}}