{"id":65309,"date":"2019-03-01T18:55:16","date_gmt":"2019-03-01T15:55:16","guid":{"rendered":"http:\/\/www.tvturk.com\/index.php\/aksener-40-yillik-okul-arkadasini-ziyaret-etti\/"},"modified":"2019-03-01T18:55:22","modified_gmt":"2019-03-01T15:55:22","slug":"aksener-40-yillik-okul-arkadasini-ziyaret-etti","status":"publish","type":"post","link":"http:\/\/www.tvturk.com\/index.php\/aksener-40-yillik-okul-arkadasini-ziyaret-etti\/","title":{"rendered":"Ak\u015fener, 40 y\u0131ll\u0131k okul arkada\u015f\u0131n\u0131 ziyaret etti"},"content":{"rendered":"<p>\u0130Y\u0130 Parti Genel Ba\u015fkan\u0131 Meral Ak\u015fener aday tan\u0131t\u0131m toplant\u0131s\u0131 i\u00e7in Bal\u0131kesir\u2019e geldi. Milli Kuvvetler Caddesi\u2019nde partililer taraf\u0131ndan kar\u015f\u0131lanan Ak\u015fener esnaflara hay\u0131rl\u0131 i\u015fler dilerken, 40 y\u0131l \u00f6nce birlikte okudu\u011fu Esma Ermi\u015fler\u2019le de bir araya geldi.<\/p>\n<p>\u0130Y\u0130 Parti Genel Ba\u015fkan\u0131 Meral Ak\u015fener 1970\u2019li y\u0131llarda Bursa \u00d6\u011fretmen Okulunda birlikte e\u011fitim ald\u0131\u011f\u0131 arkada\u015f\u0131 Esma Ermi\u015fler\u2019i unutmad\u0131. \u0130brahim Ermi\u015fler\u2019in sahibi oldu\u011fu i\u015fyerini ziyaret eden \u0130Y\u0130 Parti Genel Ba\u015fkan\u0131 Meral Ak\u015fener 40 k\u00fcsur y\u0131ld\u0131r g\u00f6rmedi\u011fi arkada\u015f\u0131 Esma Ermi\u015fler ile hasret giderdi. Esma Ermi\u015fler g\u00fcn\u00fcn an\u0131s\u0131na Meral Ak\u015fener\u2019e \u00e7i\u00e7ek takdim etti.<\/p>\n<p>&#8220;\u00c7ukurun i\u00e7ine d\u00fc\u015fmeyece\u011fiz&#8221;<\/p>\n<p>Esnaf ziyaretinin ard\u0131ndan ittifak orta\u011f\u0131 CHP \u0130l Ba\u015fkanl\u0131\u011f\u0131n\u0131 ziyaret eden \u0130Y\u0130 Parti Genel Ba\u015fkan\u0131 Meral Ak\u015fener burada CHP\u2019li belediye ba\u015fkan adaylar\u0131yla bulu\u015ftu. 31 Mart se\u00e7imleriyle ilgili de\u011ferlendirme yapan Ak\u015fener, \u201c11 milyon oy alm\u0131\u015f Cumhuriyet Halk Partisi, 5 milyon oy alm\u0131\u015f \u0130Y\u0130 Parti ve di\u011fer bile\u015fenlerimizle birlikte yani Demokrat Parti ve Saadet Partisi ile birlikte 17 milyon k\u00fcsur oy alm\u0131\u015f ittifak\u0131n se\u00e7menine her t\u00fcrl\u00fc hakaretin edilmesinin son derece tepkiyle kar\u015f\u0131land\u0131\u011f\u0131n\u0131 g\u00f6r\u00fcyorum. Ben bulundu\u011fum her yerde b\u00fct\u00fcn arkada\u015flar\u0131ma \u015funu s\u00f6yl\u00fcyorum; bizi bir \u00e7ukura itmeye \u00e7al\u0131\u015f\u0131yorlar. Oraya d\u00fc\u015fmeyece\u011fiz. Yumak atarlar ya kediler o yuma\u011fa tak\u0131l\u0131r, yumak at\u0131l\u0131yor ama o yuma\u011fa tak\u0131l\u0131nmayacak. Biz ekonomi konu\u015faca\u011f\u0131z, esnaf yan\u0131yor. Biz ekonomi konu\u015faca\u011f\u0131z, tencere kaynam\u0131yor. Biz ekonomi konu\u015faca\u011f\u0131z, k\u00f6yl\u00fc bitmi\u015f durumda. Biz ekonomi konu\u015faca\u011f\u0131z, gen\u00e7ler i\u015fsiz. Biz ekonomi konu\u015faca\u011f\u0131z ve belediye ba\u015fkan adaylar\u0131m\u0131z \u0130n\u015fallah belediye ba\u015fkan\u0131 olacaks\u0131n\u0131z. Belediye ba\u015fkanlar\u0131m\u0131z israf yapmayacaklar\u0131n\u0131 s\u00f6yleyecekler. Projelerini yar\u0131\u015ft\u0131racaklar. Size iftira at\u0131l\u0131yor; ba\u015fta bizler olmak \u00fczere hepimize iftiralar at\u0131l\u0131yor ama onlar\u0131 duymayacaks\u0131n\u0131z, projelerinizi yar\u0131\u015ft\u0131racaks\u0131n\u0131z. Ve iyi olan kazans\u0131n diyerek yola devam edece\u011fiz ve iyi olan kazans\u0131n dedi\u011fimiz i\u00e7in de kazanacaks\u0131n\u0131z in\u015fallah&#8221; diye konu\u015ftu.<\/p>\n<p>Ak\u015fener, konu\u015fmas\u0131n\u0131n devam\u0131nda \u015funlar\u0131 s\u00f6yledi:<\/p>\n<p>&#8220;Benim Bal\u0131kesir\u2019e \u00e7e\u015fitli d\u00f6nemlerde defalarca geldi\u011fim bir \u015fehir. \u0130lk defa Bal\u0131kesir\u2019i k\u00e2hir ekseriyeti olarak kararl\u0131 g\u00f6rd\u00fcm. Bu \u00e7ok \u00f6nemli bir \u015fey. \u0130n\u015fallah 31 Mart ak\u015fam\u0131 gayet olgun bir bi\u00e7imde; \u00fclkemize, milletimize yak\u0131\u015f\u0131r bir bi\u00e7imde g\u00f6revlerinizi devralacaksan\u0131z ve hizmete ba\u015flayacak ve devam edeceksiniz. \u0130sraf ortadan kalkmadan, kay\u0131rmac\u0131l\u0131k ortadan kalkmadan, yanda\u015fl\u0131k ortadan kalkmadan, yolsuzluk ortadan kalkmadan T\u00fcrk ekonomisinin d\u00fczelmesi m\u00fcmk\u00fcn de\u011fil. Dolay\u0131s\u0131yla ekonomik yang\u0131n\u0131n \u00f6n\u00fcne ge\u00e7ebilmek i\u00e7in suni g\u00fcndemler olu\u015fturuluyor. Bu suni g\u00fcndemlerin i\u00e7ine tak\u0131l\u0131p kalmayaca\u011f\u0131z biz, yolumuza devam edece\u011fiz. Ben bug\u00fcn ger\u00e7ekten \u00e7ok memnun kald\u0131m&#8221; dedi.<div class=\"tiled-gallery type-rectangular tiled-gallery-unresized\" data-original-width=\"500\" data-carousel-extra='null' itemscope itemtype=\"http:\/\/schema.org\/ImageGallery\" > <div class=\"gallery-row\" style=\"width: 500px; height: 224px;\" data-original-width=\"500\" data-original-height=\"224\" > <div class=\"gallery-group images-1\" style=\"width: 334px; height: 224px;\" data-original-width=\"334\" data-original-height=\"224\" > <div class=\"tiled-gallery-item tiled-gallery-item-large\" itemprop=\"associatedMedia\" itemscope itemtype=\"http:\/\/schema.org\/ImageObject\"> <a href=\"http:\/\/www.tvturk.com\/index.php\/aksener-40-yillik-okul-arkadasini-ziyaret-etti\/aksener-40-yillik-okul-arkadasini-ziyaret-etti-3\/\" border=\"0\" itemprop=\"url\"> <meta itemprop=\"width\" content=\"330\"> <meta itemprop=\"height\" content=\"220\"> <img decoding=\"async\" class=\"\" data-attachment-id=\"65311\" data-orig-file=\"http:\/\/www.tvturk.com\/wp-content\/uploads\/2019\/03\/aksener-40-yillik-okul-arkadasini-ziyaret-etti_524fbf3.jpg\" data-orig-size=\"1000,666\" data-comments-opened=\"\" data-image-meta=\"{&quot;aperture&quot;:&quot;0&quot;,&quot;credit&quot;:&quot;IHA&quot;,&quot;camera&quot;:&quot;&quot;,&quot;caption&quot;:&quot;M\\u0130LLET \\u0130TT\\u0130FAKI B\\u0130LE\\u015eENLER\\u0130NDEN \\u0130Y\\u0130 PART\\u0130\\u2019N\\u0130N GENEL BA\\u015eKANI MERAL AK\\u015eENER ADAY TANITIM TOPLANTISI \\u0130\\u00c7\\u0130N BALIKES\\u0130R\\u2019E GELD\\u0130. (HASAN OTA\\u011e FIRINCIO\\u011eULLARI - \\u00d6MER KANTARLIO\\u011eLU\\\/BALIKES\\u0130R-\\u0130HA)&quot;,&quot;created_timestamp&quot;:&quot;0&quot;,&quot;copyright&quot;:&quot;\\u0130HLAS HABER AJANSI, www.iha.com.tr&quot;,&quot;focal_length&quot;:&quot;0&quot;,&quot;iso&quot;:&quot;0&quot;,&quot;shutter_speed&quot;:&quot;0&quot;,&quot;title&quot;:&quot;AK\\u015eENER, 40 YILLIK OKUL ARKADA\\u015eINI Z\\u0130YARET ETT\\u0130&quot;,&quot;orientation&quot;:&quot;0&quot;}\" data-image-title=\"Ak\u015fener, 40 y\u0131ll\u0131k okul arkada\u015f\u0131n\u0131 ziyaret etti\" data-image-description=\"&lt;p&gt;Ak\u015fener, 40 y\u0131ll\u0131k okul arkada\u015f\u0131n\u0131 ziyaret etti&lt;\/p&gt; \" data-medium-file=\"https:\/\/i0.wp.com\/www.tvturk.com\/wp-content\/uploads\/2019\/03\/aksener-40-yillik-okul-arkadasini-ziyaret-etti_524fbf3.jpg?fit=300%2C200\" data-large-file=\"https:\/\/i0.wp.com\/www.tvturk.com\/wp-content\/uploads\/2019\/03\/aksener-40-yillik-okul-arkadasini-ziyaret-etti_524fbf3.jpg?fit=1000%2C666\" src=\"https:\/\/i0.wp.com\/www.tvturk.com\/wp-content\/uploads\/2019\/03\/aksener-40-yillik-okul-arkadasini-ziyaret-etti_524fbf3.jpg?w=330&#038;h=220\" srcset=\"https:\/\/i0.wp.com\/www.tvturk.com\/wp-content\/uploads\/2019\/03\/aksener-40-yillik-okul-arkadasini-ziyaret-etti_524fbf3.jpg?w=1000 1000w, https:\/\/i0.wp.com\/www.tvturk.com\/wp-content\/uploads\/2019\/03\/aksener-40-yillik-okul-arkadasini-ziyaret-etti_524fbf3.jpg?resize=150%2C100 150w, https:\/\/i0.wp.com\/www.tvturk.com\/wp-content\/uploads\/2019\/03\/aksener-40-yillik-okul-arkadasini-ziyaret-etti_524fbf3.jpg?resize=300%2C200 300w, https:\/\/i0.wp.com\/www.tvturk.com\/wp-content\/uploads\/2019\/03\/aksener-40-yillik-okul-arkadasini-ziyaret-etti_524fbf3.jpg?resize=768%2C511 768w, https:\/\/i0.wp.com\/www.tvturk.com\/wp-content\/uploads\/2019\/03\/aksener-40-yillik-okul-arkadasini-ziyaret-etti_524fbf3.jpg?resize=170%2C113 170w, https:\/\/i0.wp.com\/www.tvturk.com\/wp-content\/uploads\/2019\/03\/aksener-40-yillik-okul-arkadasini-ziyaret-etti_524fbf3.jpg?resize=120%2C80 120w\" width=\"330\" height=\"220\" loading=\"lazy\" data-original-width=\"330\" data-original-height=\"220\" itemprop=\"http:\/\/schema.org\/image\" title=\"Ak\u015fener, 40 y\u0131ll\u0131k okul arkada\u015f\u0131n\u0131 ziyaret etti\" alt=\"Ak\u015fener, 40 y\u0131ll\u0131k okul arkada\u015f\u0131n\u0131 ziyaret etti\" style=\"width: 330px; height: 220px;\" \/> <\/a> <\/div> <\/div> <!-- close group --> <div class=\"gallery-group images-2\" style=\"width: 166px; height: 224px;\" data-original-width=\"166\" data-original-height=\"224\" > <div class=\"tiled-gallery-item tiled-gallery-item-small\" itemprop=\"associatedMedia\" itemscope itemtype=\"http:\/\/schema.org\/ImageObject\"> <a href=\"http:\/\/www.tvturk.com\/index.php\/aksener-40-yillik-okul-arkadasini-ziyaret-etti\/aksener-40-yillik-okul-arkadasini-ziyaret-etti-4\/\" border=\"0\" itemprop=\"url\"> <meta itemprop=\"width\" content=\"162\"> <meta itemprop=\"height\" content=\"108\"> <img decoding=\"async\" class=\"\" data-attachment-id=\"65312\" data-orig-file=\"http:\/\/www.tvturk.com\/wp-content\/uploads\/2019\/03\/aksener-40-yillik-okul-arkadasini-ziyaret-etti_db276f6.jpg\" data-orig-size=\"1000,666\" data-comments-opened=\"\" data-image-meta=\"{&quot;aperture&quot;:&quot;0&quot;,&quot;credit&quot;:&quot;IHA&quot;,&quot;camera&quot;:&quot;&quot;,&quot;caption&quot;:&quot;M\\u0130LLET \\u0130TT\\u0130FAKI B\\u0130LE\\u015eENLER\\u0130NDEN \\u0130Y\\u0130 PART\\u0130\\u2019N\\u0130N GENEL BA\\u015eKANI MERAL AK\\u015eENER ADAY TANITIM TOPLANTISI \\u0130\\u00c7\\u0130N BALIKES\\u0130R\\u2019E GELD\\u0130. (HASAN OTA\\u011e FIRINCIO\\u011eULLARI - \\u00d6MER KANTARLIO\\u011eLU\\\/BALIKES\\u0130R-\\u0130HA)&quot;,&quot;created_timestamp&quot;:&quot;0&quot;,&quot;copyright&quot;:&quot;\\u0130HLAS HABER AJANSI, www.iha.com.tr&quot;,&quot;focal_length&quot;:&quot;0&quot;,&quot;iso&quot;:&quot;0&quot;,&quot;shutter_speed&quot;:&quot;0&quot;,&quot;title&quot;:&quot;AK\\u015eENER, 40 YILLIK OKUL ARKADA\\u015eINI Z\\u0130YARET ETT\\u0130&quot;,&quot;orientation&quot;:&quot;0&quot;}\" data-image-title=\"Ak\u015fener, 40 y\u0131ll\u0131k okul arkada\u015f\u0131n\u0131 ziyaret etti\" data-image-description=\"&lt;p&gt;Ak\u015fener, 40 y\u0131ll\u0131k okul arkada\u015f\u0131n\u0131 ziyaret etti&lt;\/p&gt; \" data-medium-file=\"https:\/\/i0.wp.com\/www.tvturk.com\/wp-content\/uploads\/2019\/03\/aksener-40-yillik-okul-arkadasini-ziyaret-etti_db276f6.jpg?fit=300%2C200\" data-large-file=\"https:\/\/i0.wp.com\/www.tvturk.com\/wp-content\/uploads\/2019\/03\/aksener-40-yillik-okul-arkadasini-ziyaret-etti_db276f6.jpg?fit=1000%2C666\" src=\"https:\/\/i0.wp.com\/www.tvturk.com\/wp-content\/uploads\/2019\/03\/aksener-40-yillik-okul-arkadasini-ziyaret-etti_db276f6.jpg?w=162&#038;h=108\" srcset=\"https:\/\/i0.wp.com\/www.tvturk.com\/wp-content\/uploads\/2019\/03\/aksener-40-yillik-okul-arkadasini-ziyaret-etti_db276f6.jpg?w=1000 1000w, https:\/\/i0.wp.com\/www.tvturk.com\/wp-content\/uploads\/2019\/03\/aksener-40-yillik-okul-arkadasini-ziyaret-etti_db276f6.jpg?resize=150%2C100 150w, https:\/\/i0.wp.com\/www.tvturk.com\/wp-content\/uploads\/2019\/03\/aksener-40-yillik-okul-arkadasini-ziyaret-etti_db276f6.jpg?resize=300%2C200 300w, https:\/\/i0.wp.com\/www.tvturk.com\/wp-content\/uploads\/2019\/03\/aksener-40-yillik-okul-arkadasini-ziyaret-etti_db276f6.jpg?resize=768%2C511 768w, https:\/\/i0.wp.com\/www.tvturk.com\/wp-content\/uploads\/2019\/03\/aksener-40-yillik-okul-arkadasini-ziyaret-etti_db276f6.jpg?resize=170%2C113 170w, https:\/\/i0.wp.com\/www.tvturk.com\/wp-content\/uploads\/2019\/03\/aksener-40-yillik-okul-arkadasini-ziyaret-etti_db276f6.jpg?resize=120%2C80 120w\" width=\"162\" height=\"108\" loading=\"lazy\" data-original-width=\"162\" data-original-height=\"108\" itemprop=\"http:\/\/schema.org\/image\" title=\"Ak\u015fener, 40 y\u0131ll\u0131k okul arkada\u015f\u0131n\u0131 ziyaret etti\" alt=\"Ak\u015fener, 40 y\u0131ll\u0131k okul arkada\u015f\u0131n\u0131 ziyaret etti\" style=\"width: 162px; height: 108px;\" \/> <\/a> <\/div> <div class=\"tiled-gallery-item tiled-gallery-item-small\" itemprop=\"associatedMedia\" itemscope itemtype=\"http:\/\/schema.org\/ImageObject\"> <a href=\"http:\/\/www.tvturk.com\/index.php\/aksener-40-yillik-okul-arkadasini-ziyaret-etti\/aksener-40-yillik-okul-arkadasini-ziyaret-etti-5\/\" border=\"0\" itemprop=\"url\"> <meta itemprop=\"width\" content=\"162\"> <meta itemprop=\"height\" content=\"108\"> <img decoding=\"async\" class=\"\" data-attachment-id=\"65313\" data-orig-file=\"http:\/\/www.tvturk.com\/wp-content\/uploads\/2019\/03\/aksener-40-yillik-okul-arkadasini-ziyaret-etti_83c207f.jpg\" data-orig-size=\"1000,666\" data-comments-opened=\"\" data-image-meta=\"{&quot;aperture&quot;:&quot;0&quot;,&quot;credit&quot;:&quot;IHA&quot;,&quot;camera&quot;:&quot;&quot;,&quot;caption&quot;:&quot;M\\u0130LLET \\u0130TT\\u0130FAKI B\\u0130LE\\u015eENLER\\u0130NDEN \\u0130Y\\u0130 PART\\u0130\\u2019N\\u0130N GENEL BA\\u015eKANI MERAL AK\\u015eENER ADAY TANITIM TOPLANTISI \\u0130\\u00c7\\u0130N BALIKES\\u0130R\\u2019E GELD\\u0130. (HASAN OTA\\u011e FIRINCIO\\u011eULLARI - \\u00d6MER KANTARLIO\\u011eLU\\\/BALIKES\\u0130R-\\u0130HA)&quot;,&quot;created_timestamp&quot;:&quot;0&quot;,&quot;copyright&quot;:&quot;\\u0130HLAS HABER AJANSI, www.iha.com.tr&quot;,&quot;focal_length&quot;:&quot;0&quot;,&quot;iso&quot;:&quot;0&quot;,&quot;shutter_speed&quot;:&quot;0&quot;,&quot;title&quot;:&quot;AK\\u015eENER, 40 YILLIK OKUL ARKADA\\u015eINI Z\\u0130YARET ETT\\u0130&quot;,&quot;orientation&quot;:&quot;0&quot;}\" data-image-title=\"Ak\u015fener, 40 y\u0131ll\u0131k okul arkada\u015f\u0131n\u0131 ziyaret etti\" data-image-description=\"&lt;p&gt;Ak\u015fener, 40 y\u0131ll\u0131k okul arkada\u015f\u0131n\u0131 ziyaret etti&lt;\/p&gt; \" data-medium-file=\"https:\/\/i0.wp.com\/www.tvturk.com\/wp-content\/uploads\/2019\/03\/aksener-40-yillik-okul-arkadasini-ziyaret-etti_83c207f.jpg?fit=300%2C200\" data-large-file=\"https:\/\/i0.wp.com\/www.tvturk.com\/wp-content\/uploads\/2019\/03\/aksener-40-yillik-okul-arkadasini-ziyaret-etti_83c207f.jpg?fit=1000%2C666\" src=\"https:\/\/i0.wp.com\/www.tvturk.com\/wp-content\/uploads\/2019\/03\/aksener-40-yillik-okul-arkadasini-ziyaret-etti_83c207f.jpg?w=162&#038;h=108\" srcset=\"https:\/\/i0.wp.com\/www.tvturk.com\/wp-content\/uploads\/2019\/03\/aksener-40-yillik-okul-arkadasini-ziyaret-etti_83c207f.jpg?w=1000 1000w, https:\/\/i0.wp.com\/www.tvturk.com\/wp-content\/uploads\/2019\/03\/aksener-40-yillik-okul-arkadasini-ziyaret-etti_83c207f.jpg?resize=150%2C100 150w, https:\/\/i0.wp.com\/www.tvturk.com\/wp-content\/uploads\/2019\/03\/aksener-40-yillik-okul-arkadasini-ziyaret-etti_83c207f.jpg?resize=300%2C200 300w, https:\/\/i0.wp.com\/www.tvturk.com\/wp-content\/uploads\/2019\/03\/aksener-40-yillik-okul-arkadasini-ziyaret-etti_83c207f.jpg?resize=768%2C511 768w, https:\/\/i0.wp.com\/www.tvturk.com\/wp-content\/uploads\/2019\/03\/aksener-40-yillik-okul-arkadasini-ziyaret-etti_83c207f.jpg?resize=170%2C113 170w, https:\/\/i0.wp.com\/www.tvturk.com\/wp-content\/uploads\/2019\/03\/aksener-40-yillik-okul-arkadasini-ziyaret-etti_83c207f.jpg?resize=120%2C80 120w\" width=\"162\" height=\"108\" loading=\"lazy\" data-original-width=\"162\" data-original-height=\"108\" itemprop=\"http:\/\/schema.org\/image\" title=\"Ak\u015fener, 40 y\u0131ll\u0131k okul arkada\u015f\u0131n\u0131 ziyaret etti\" alt=\"Ak\u015fener, 40 y\u0131ll\u0131k okul arkada\u015f\u0131n\u0131 ziyaret etti\" style=\"width: 162px; height: 108px;\" \/> <\/a> <\/div> <\/div> <!-- close group --> <\/div> <!-- close row --> <div class=\"gallery-row\" style=\"width: 500px; height: 168px;\" data-original-width=\"500\" data-original-height=\"168\" > <div class=\"gallery-group images-1\" style=\"width: 250px; height: 168px;\" data-original-width=\"250\" data-original-height=\"168\" > <div class=\"tiled-gallery-item tiled-gallery-item-small\" itemprop=\"associatedMedia\" itemscope itemtype=\"http:\/\/schema.org\/ImageObject\"> <a href=\"http:\/\/www.tvturk.com\/index.php\/aksener-40-yillik-okul-arkadasini-ziyaret-etti\/aksener-40-yillik-okul-arkadasini-ziyaret-etti-6\/\" border=\"0\" itemprop=\"url\"> <meta itemprop=\"width\" content=\"246\"> <meta itemprop=\"height\" content=\"164\"> <img decoding=\"async\" class=\"\" data-attachment-id=\"65314\" data-orig-file=\"http:\/\/www.tvturk.com\/wp-content\/uploads\/2019\/03\/aksener-40-yillik-okul-arkadasini-ziyaret-etti_82bbac1.jpg\" data-orig-size=\"1000,666\" data-comments-opened=\"\" data-image-meta=\"{&quot;aperture&quot;:&quot;0&quot;,&quot;credit&quot;:&quot;IHA&quot;,&quot;camera&quot;:&quot;&quot;,&quot;caption&quot;:&quot;M\\u0130LLET \\u0130TT\\u0130FAKI B\\u0130LE\\u015eENLER\\u0130NDEN \\u0130Y\\u0130 PART\\u0130\\u2019N\\u0130N GENEL BA\\u015eKANI MERAL AK\\u015eENER ADAY TANITIM TOPLANTISI \\u0130\\u00c7\\u0130N BALIKES\\u0130R\\u2019E GELD\\u0130. (HASAN OTA\\u011e FIRINCIO\\u011eULLARI - \\u00d6MER KANTARLIO\\u011eLU\\\/BALIKES\\u0130R-\\u0130HA)&quot;,&quot;created_timestamp&quot;:&quot;0&quot;,&quot;copyright&quot;:&quot;\\u0130HLAS HABER AJANSI, www.iha.com.tr&quot;,&quot;focal_length&quot;:&quot;0&quot;,&quot;iso&quot;:&quot;0&quot;,&quot;shutter_speed&quot;:&quot;0&quot;,&quot;title&quot;:&quot;AK\\u015eENER, 40 YILLIK OKUL ARKADA\\u015eINI Z\\u0130YARET ETT\\u0130&quot;,&quot;orientation&quot;:&quot;0&quot;}\" data-image-title=\"Ak\u015fener, 40 y\u0131ll\u0131k okul arkada\u015f\u0131n\u0131 ziyaret etti\" data-image-description=\"&lt;p&gt;Ak\u015fener, 40 y\u0131ll\u0131k okul arkada\u015f\u0131n\u0131 ziyaret etti&lt;\/p&gt; \" data-medium-file=\"https:\/\/i0.wp.com\/www.tvturk.com\/wp-content\/uploads\/2019\/03\/aksener-40-yillik-okul-arkadasini-ziyaret-etti_82bbac1.jpg?fit=300%2C200\" data-large-file=\"https:\/\/i0.wp.com\/www.tvturk.com\/wp-content\/uploads\/2019\/03\/aksener-40-yillik-okul-arkadasini-ziyaret-etti_82bbac1.jpg?fit=1000%2C666\" src=\"https:\/\/i0.wp.com\/www.tvturk.com\/wp-content\/uploads\/2019\/03\/aksener-40-yillik-okul-arkadasini-ziyaret-etti_82bbac1.jpg?w=246&#038;h=164\" srcset=\"https:\/\/i0.wp.com\/www.tvturk.com\/wp-content\/uploads\/2019\/03\/aksener-40-yillik-okul-arkadasini-ziyaret-etti_82bbac1.jpg?w=1000 1000w, https:\/\/i0.wp.com\/www.tvturk.com\/wp-content\/uploads\/2019\/03\/aksener-40-yillik-okul-arkadasini-ziyaret-etti_82bbac1.jpg?resize=150%2C100 150w, https:\/\/i0.wp.com\/www.tvturk.com\/wp-content\/uploads\/2019\/03\/aksener-40-yillik-okul-arkadasini-ziyaret-etti_82bbac1.jpg?resize=300%2C200 300w, https:\/\/i0.wp.com\/www.tvturk.com\/wp-content\/uploads\/2019\/03\/aksener-40-yillik-okul-arkadasini-ziyaret-etti_82bbac1.jpg?resize=768%2C511 768w, https:\/\/i0.wp.com\/www.tvturk.com\/wp-content\/uploads\/2019\/03\/aksener-40-yillik-okul-arkadasini-ziyaret-etti_82bbac1.jpg?resize=170%2C113 170w, https:\/\/i0.wp.com\/www.tvturk.com\/wp-content\/uploads\/2019\/03\/aksener-40-yillik-okul-arkadasini-ziyaret-etti_82bbac1.jpg?resize=120%2C80 120w\" width=\"246\" height=\"164\" loading=\"lazy\" data-original-width=\"246\" data-original-height=\"164\" itemprop=\"http:\/\/schema.org\/image\" title=\"Ak\u015fener, 40 y\u0131ll\u0131k okul arkada\u015f\u0131n\u0131 ziyaret etti\" alt=\"Ak\u015fener, 40 y\u0131ll\u0131k okul arkada\u015f\u0131n\u0131 ziyaret etti\" style=\"width: 246px; height: 164px;\" \/> <\/a> <\/div> <\/div> <!-- close group --> <div class=\"gallery-group images-1\" style=\"width: 250px; height: 168px;\" data-original-width=\"250\" data-original-height=\"168\" > <div class=\"tiled-gallery-item tiled-gallery-item-small\" itemprop=\"associatedMedia\" itemscope itemtype=\"http:\/\/schema.org\/ImageObject\"> <a href=\"http:\/\/www.tvturk.com\/index.php\/aksener-40-yillik-okul-arkadasini-ziyaret-etti\/aksener-40-yillik-okul-arkadasini-ziyaret-etti-7\/\" border=\"0\" itemprop=\"url\"> <meta itemprop=\"width\" content=\"246\"> <meta itemprop=\"height\" content=\"164\"> <img decoding=\"async\" class=\"\" data-attachment-id=\"65315\" data-orig-file=\"http:\/\/www.tvturk.com\/wp-content\/uploads\/2019\/03\/aksener-40-yillik-okul-arkadasini-ziyaret-etti_dcbf8c6.jpg\" data-orig-size=\"1000,666\" data-comments-opened=\"\" data-image-meta=\"{&quot;aperture&quot;:&quot;0&quot;,&quot;credit&quot;:&quot;IHA&quot;,&quot;camera&quot;:&quot;&quot;,&quot;caption&quot;:&quot;M\\u0130LLET \\u0130TT\\u0130FAKI B\\u0130LE\\u015eENLER\\u0130NDEN \\u0130Y\\u0130 PART\\u0130\\u2019N\\u0130N GENEL BA\\u015eKANI MERAL AK\\u015eENER ADAY TANITIM TOPLANTISI \\u0130\\u00c7\\u0130N BALIKES\\u0130R\\u2019E GELD\\u0130. (HASAN OTA\\u011e FIRINCIO\\u011eULLARI - \\u00d6MER KANTARLIO\\u011eLU\\\/BALIKES\\u0130R-\\u0130HA)&quot;,&quot;created_timestamp&quot;:&quot;0&quot;,&quot;copyright&quot;:&quot;\\u0130HLAS HABER AJANSI, www.iha.com.tr&quot;,&quot;focal_length&quot;:&quot;0&quot;,&quot;iso&quot;:&quot;0&quot;,&quot;shutter_speed&quot;:&quot;0&quot;,&quot;title&quot;:&quot;AK\\u015eENER, 40 YILLIK OKUL ARKADA\\u015eINI Z\\u0130YARET ETT\\u0130&quot;,&quot;orientation&quot;:&quot;0&quot;}\" data-image-title=\"Ak\u015fener, 40 y\u0131ll\u0131k okul arkada\u015f\u0131n\u0131 ziyaret etti\" data-image-description=\"&lt;p&gt;Ak\u015fener, 40 y\u0131ll\u0131k okul arkada\u015f\u0131n\u0131 ziyaret etti&lt;\/p&gt; \" data-medium-file=\"https:\/\/i0.wp.com\/www.tvturk.com\/wp-content\/uploads\/2019\/03\/aksener-40-yillik-okul-arkadasini-ziyaret-etti_dcbf8c6.jpg?fit=300%2C200\" data-large-file=\"https:\/\/i0.wp.com\/www.tvturk.com\/wp-content\/uploads\/2019\/03\/aksener-40-yillik-okul-arkadasini-ziyaret-etti_dcbf8c6.jpg?fit=1000%2C666\" src=\"https:\/\/i0.wp.com\/www.tvturk.com\/wp-content\/uploads\/2019\/03\/aksener-40-yillik-okul-arkadasini-ziyaret-etti_dcbf8c6.jpg?w=246&#038;h=164\" srcset=\"https:\/\/i0.wp.com\/www.tvturk.com\/wp-content\/uploads\/2019\/03\/aksener-40-yillik-okul-arkadasini-ziyaret-etti_dcbf8c6.jpg?w=1000 1000w, https:\/\/i0.wp.com\/www.tvturk.com\/wp-content\/uploads\/2019\/03\/aksener-40-yillik-okul-arkadasini-ziyaret-etti_dcbf8c6.jpg?resize=150%2C100 150w, https:\/\/i0.wp.com\/www.tvturk.com\/wp-content\/uploads\/2019\/03\/aksener-40-yillik-okul-arkadasini-ziyaret-etti_dcbf8c6.jpg?resize=300%2C200 300w, https:\/\/i0.wp.com\/www.tvturk.com\/wp-content\/uploads\/2019\/03\/aksener-40-yillik-okul-arkadasini-ziyaret-etti_dcbf8c6.jpg?resize=768%2C511 768w, https:\/\/i0.wp.com\/www.tvturk.com\/wp-content\/uploads\/2019\/03\/aksener-40-yillik-okul-arkadasini-ziyaret-etti_dcbf8c6.jpg?resize=170%2C113 170w, https:\/\/i0.wp.com\/www.tvturk.com\/wp-content\/uploads\/2019\/03\/aksener-40-yillik-okul-arkadasini-ziyaret-etti_dcbf8c6.jpg?resize=120%2C80 120w\" width=\"246\" height=\"164\" loading=\"lazy\" data-original-width=\"246\" data-original-height=\"164\" itemprop=\"http:\/\/schema.org\/image\" title=\"Ak\u015fener, 40 y\u0131ll\u0131k okul arkada\u015f\u0131n\u0131 ziyaret etti\" alt=\"Ak\u015fener, 40 y\u0131ll\u0131k okul arkada\u015f\u0131n\u0131 ziyaret etti\" style=\"width: 246px; height: 164px;\" \/> <\/a> <\/div> <\/div> <!-- close group --> <\/div> <!-- close row --> <\/div><\/p>\n","protected":false},"excerpt":{"rendered":"<p>\u0130Y\u0130 PART\u0130 GENEL BA\u015eKANI MERAL AK\u015eENER ADAY TANITIM TOPLANTISI \u0130\u00c7\u0130N BALIKES\u0130R\u2019E GELD\u0130. M\u0130LL\u0130 KUVVETLER CADDES\u0130\u2019NDE PART\u0130L\u0130LER TARAFINDAN KAR\u015eILANAN AK\u015eENER ESNAFLARA HAYIRLI \u0130\u015eLER D\u0130LERKEN, 40 YIL \u00d6NCE B\u0130RL\u0130KTE OKUDU\u011eU ESMA ERM\u0130\u015eLER\u2019LE DE B\u0130R ARAYA GELD\u0130.<\/p>\n","protected":false},"author":1,"featured_media":65310,"comment_status":"closed","ping_status":"open","sticky":false,"template":"","format":"standard","meta":{"jetpack_post_was_ever_published":false,"_jetpack_newsletter_access":"","_jetpack_dont_email_post_to_subs":false,"_jetpack_newsletter_tier_id":0,"_jetpack_memberships_contains_paywalled_content":false,"_jetpack_memberships_contains_paid_content":false,"footnotes":"","jetpack_publicize_message":"","jetpack_publicize_feature_enabled":true,"jetpack_social_post_already_shared":true,"jetpack_social_options":{"image_generator_settings":{"template":"highway","default_image_id":0,"font":"","enabled":false},"version":2}},"categories":[9],"tags":[11064,7132,207,120,710,150],"class_list":["post-65309","post","type-post","status-publish","format-standard","has-post-thumbnail","hentry","category-siyaset","tag-aksener","tag-arkadasini","tag-etti","tag-okul","tag-yillik","tag-ziyaret"],"jetpack_publicize_connections":[],"jetpack_featured_media_url":"https:\/\/i0.wp.com\/www.tvturk.com\/wp-content\/uploads\/2019\/03\/aksener-40-yillik-okul-arkadasini-ziyaret-etti_835de79.jpg?fit=1000%2C666","jetpack_sharing_enabled":true,"jetpack_shortlink":"https:\/\/wp.me\/paKIfm-gZn","_links":{"self":[{"href":"http:\/\/www.tvturk.com\/index.php\/wp-json\/wp\/v2\/posts\/65309","targetHints":{"allow":["GET"]}}],"collection":[{"href":"http:\/\/www.tvturk.com\/index.php\/wp-json\/wp\/v2\/posts"}],"about":[{"href":"http:\/\/www.tvturk.com\/index.php\/wp-json\/wp\/v2\/types\/post"}],"author":[{"embeddable":true,"href":"http:\/\/www.tvturk.com\/index.php\/wp-json\/wp\/v2\/users\/1"}],"replies":[{"embeddable":true,"href":"http:\/\/www.tvturk.com\/index.php\/wp-json\/wp\/v2\/comments?post=65309"}],"version-history":[{"count":1,"href":"http:\/\/www.tvturk.com\/index.php\/wp-json\/wp\/v2\/posts\/65309\/revisions"}],"predecessor-version":[{"id":65316,"href":"http:\/\/www.tvturk.com\/index.php\/wp-json\/wp\/v2\/posts\/65309\/revisions\/65316"}],"wp:featuredmedia":[{"embeddable":true,"href":"http:\/\/www.tvturk.com\/index.php\/wp-json\/wp\/v2\/media\/65310"}],"wp:attachment":[{"href":"http:\/\/www.tvturk.com\/index.php\/wp-json\/wp\/v2\/media?parent=65309"}],"wp:term":[{"taxonomy":"category","embeddable":true,"href":"http:\/\/www.tvturk.com\/index.php\/wp-json\/wp\/v2\/categories?post=65309"},{"taxonomy":"post_tag","embeddable":true,"href":"http:\/\/www.tvturk.com\/index.php\/wp-json\/wp\/v2\/tags?post=65309"}],"curies":[{"name":"wp","href":"https:\/\/api.w.org\/{rel}","templated":true}]}}