{"id":65515,"date":"2019-03-01T20:57:10","date_gmt":"2019-03-01T17:57:10","guid":{"rendered":"http:\/\/www.tvturk.com\/index.php\/yildirim-ve-toper-besiktasta-vatandaslara-seslendi\/"},"modified":"2019-03-01T20:57:14","modified_gmt":"2019-03-01T17:57:14","slug":"yildirim-ve-toper-besiktasta-vatandaslara-seslendi","status":"publish","type":"post","link":"http:\/\/www.tvturk.com\/index.php\/yildirim-ve-toper-besiktasta-vatandaslara-seslendi\/","title":{"rendered":"Y\u0131ld\u0131r\u0131m ve Toper Be\u015fikta\u015f\u2019ta vatanda\u015flara seslendi"},"content":{"rendered":"<p>AK Parti \u0130stanbul B\u00fcy\u00fck\u015fehir Belediye Ba\u015fkan Aday\u0131 Binali Y\u0131ld\u0131r\u0131m  ve Cumhur \u0130ttifak\u0131 MHP Be\u015fikta\u015f Belediye Ba\u015fkan Aday\u0131 Av. Serkan Toper, Be\u015fikta\u015f\u2019ta vatanda\u015flarla bir araya geldi. Vatanda\u015flara seslenen ikili \u00c7ar\u015f\u0131 grubuyla \u00e7ay i\u00e7ti. Y\u0131ld\u0131r\u0131m\u2019a memleketi Erzincan\u2019\u0131n plaka numaras\u0131n\u0131 ta\u015f\u0131yan Be\u015fikta\u015f formas\u0131 hediye edildi. Sohbet s\u0131ras\u0131nda renkli g\u00f6r\u00fcnt\u00fcler olu\u015ftu.<\/p>\n<p>AK Parti \u0130stanbul B\u00fcy\u00fck\u015fehir Belediye Ba\u015fkan Aday\u0131 Binali Y\u0131ld\u0131r\u0131m  ve Cumhur \u0130ttifak\u0131 Milliyet\u00e7i Hareket Partisi (MHP) Be\u015fikta\u015f Belediye Ba\u015fkan Aday\u0131 Av. Serkan Toper, 31 Mart Yerel Se\u00e7im \u00e7al\u0131\u015fmalar\u0131na Be\u015fikta\u015f\u2019ta devam etti. \u00c7al\u0131\u015fmalar kapsam\u0131nda il\u00e7eye gelen Y\u0131ld\u0131r\u0131m\u2019\u0131 Be\u015fikta\u015f Belediye Ba\u015fkan Aday\u0131 Toper kar\u015f\u0131lad\u0131. Y\u0131ld\u0131r\u0131m ve Toper ilk olarak AK Parti Be\u015fikta\u015f \u0130l\u00e7e Ba\u015fkanl\u0131\u011f\u0131n\u0131 ve MHP Be\u015fikta\u015f \u0130l\u00e7e Ba\u015fkanl\u0131\u011f\u0131n\u0131 ziyaret etti. Ziyaretlerin ard\u0131ndan Y\u0131ld\u0131r\u0131m ve Topar vatanda\u015flarla bir araya geldi. Ba\u015fkan adaylar\u0131 \u00f6nce vatanda\u015flar\u0131n sorular\u0131n\u0131 ve sorunlar\u0131n\u0131 dinledi. Ard\u0131ndan Binali Y\u0131ld\u0131r\u0131m vatanda\u015flara hitap etti.<\/p>\n<p>Y\u0131ld\u0131r\u0131m ve Toper Be\u015fikta\u015f\u2019ta \u00c7ar\u015f\u0131 Grubu\u2019yla da bir araya gelerek \u00e7ay i\u00e7ti. Ba\u015fkan adaylar\u0131n\u0131n \u00c7ar\u015f\u0131 Gurubu\u2019yla sohbet etti\u011fi anlar renkli g\u00f6r\u00fcnt\u00fclere sahne oldu. Y\u0131ld\u0131r\u0131m\u2019a 24 numaral\u0131 Be\u015fikta\u015f formas\u0131 ve atk\u0131 hediye edildi. Forma numaras\u0131n\u0131n ise Y\u0131ld\u0131r\u0131m\u2019\u0131n memleketi olan Erzincan\u2019\u0131n plaka numaras\u0131 olmas\u0131 dikkat \u00e7ekti.<\/p>\n<p>\u201dOnu se\u00e7erken beni de unutmay\u0131n\u201d<\/p>\n<p>Y\u0131ld\u0131r\u0131m, \u201cBe\u015fikta\u015f\u2019ta g\u00fczel programlar yap\u0131yoruz. Hem\u015fehrilerimizle bir araya geliyoruz, sohbet ediyoruz. Projelerimizi payla\u015f\u0131yoruz. \u0130stanbul\u2019u konu\u015fuyoruz. \u0130stanbul\u2019un gelece\u011fini konu\u015fuyoruz\u201d dedi.  Y\u0131ld\u0131r\u0131m\u2019\u0131n \u201cCumhur aday\u0131m\u0131z Serkan Toper\u2019i ba\u015fkan yapacak m\u0131y\u0131z?\u201d diye sormas\u0131 \u00fczerine toplanan kalabal\u0131k \u201cEvet\u201d cevab\u0131 verdi. Bunun \u00fczerine Y\u0131ld\u0131r\u0131m\u2019\u0131n \u201dOnu se\u00e7erken beni de unutmay\u0131n\u201d demesi g\u00fcl\u00fc\u015fmelere neden oldu.<\/p>\n<p>Y\u0131ld\u0131r\u0131m s\u00f6zlerine \u015f\u00f6yle devam etti: \u201cBe\u015fikta\u015f bunlar\u0131 hak etmiyor. Be\u015fikta\u015f\u2019\u0131n kaderini de\u011fi\u015ftirmek sizin elinizde. Be\u015fikta\u015f\u2019ta aday\u0131m\u0131z Serkan Toper\u2019i belediye ba\u015fkan\u0131 yapa\u011f\u0131z. Bunun i\u00e7in \u00e7ok \u00e7al\u0131\u015faca\u011f\u0131z. G\u00f6n\u00fcl Belediyecili\u011fini anlataca\u011f\u0131z. Projelerini anlataca\u011f\u0131z ve \u0130stanbul\u2019un Be\u015fikta\u015f\u2019\u0131n ihtiya\u00e7lar\u0131n\u0131 nas\u0131l \u00e7\u00f6zece\u011fimizi hep beraber konu\u015faca\u011f\u0131z. \u0130stanbul d\u00fcnyan\u0131n ba\u015fkenti, \u0130stanbul T\u00fcrkiye\u2019nin \u00f6zetidir. \u0130stanbul iki k\u0131tan\u0131n birle\u015fti\u011fi yerdir. \u0130stanbul T\u00fcrkiye\u2019nin ekonomisinin bel kemi\u011fidir. \u0130stanbul\u2019u in\u015fallah yeni d\u00f6nemde cumhuriyetimizin y\u00fcz\u00fcnc\u00fc y\u0131l\u0131na giderken parmakla say\u0131l\u0131 iller aras\u0131na sokaca\u011f\u0131z buna karar verdik, buna ah ettik. Bunu metrolar\u0131m\u0131zla, otoparklar\u0131m\u0131zla, ye\u015fil vadilerimizle gen\u00e7lerimizle, kad\u0131nlar\u0131m\u0131zla \u0130stanbul\u2019un b\u00fct\u00fcn payda\u015flar\u0131yla ba\u015faraca\u011f\u0131z.\u201d<\/p>\n<p>Y\u0131ld\u0131r\u0131m, Be\u015fikta\u015f \u00c7ar\u015f\u0131 Grubu\u2019na seslenerek \u201c\u00c7ar\u015f\u0131 herkese kar\u015f\u0131 ama Binali Y\u0131ld\u0131r\u0131m\u2019a kar\u015f\u0131 de\u011fil de\u011fil mi?\u201d diye sordu. Grup ise Y\u0131ld\u0131r\u0131m\u2019a \u201c\u0130stanbul\u2019un ba\u015fkan\u0131 Binali ba\u015fkan\u201d \u015feklinde slogan atarak yan\u0131t verdi.<div class=\"tiled-gallery type-rectangular tiled-gallery-unresized\" data-original-width=\"500\" data-carousel-extra='null' itemscope itemtype=\"http:\/\/schema.org\/ImageGallery\" > <div class=\"gallery-row\" style=\"width: 500px; height: 224px;\" data-original-width=\"500\" data-original-height=\"224\" > <div class=\"gallery-group images-1\" style=\"width: 334px; height: 224px;\" data-original-width=\"334\" data-original-height=\"224\" > <div class=\"tiled-gallery-item tiled-gallery-item-large\" itemprop=\"associatedMedia\" itemscope itemtype=\"http:\/\/schema.org\/ImageObject\"> <a href=\"http:\/\/www.tvturk.com\/index.php\/yildirim-ve-toper-besiktasta-vatandaslara-seslendi\/yildirim-ve-toper-besiktasta-vatandaslara-seslendi-3\/\" border=\"0\" itemprop=\"url\"> <meta itemprop=\"width\" content=\"330\"> <meta itemprop=\"height\" content=\"220\"> <img decoding=\"async\" class=\"\" data-attachment-id=\"65517\" data-orig-file=\"http:\/\/www.tvturk.com\/wp-content\/uploads\/2019\/03\/yildirim-ve-toper-besiktasta-vatandaslara-seslendi_0b85351.jpg\" data-orig-size=\"1000,666\" data-comments-opened=\"\" data-image-meta=\"{&quot;aperture&quot;:&quot;0&quot;,&quot;credit&quot;:&quot;IHA&quot;,&quot;camera&quot;:&quot;&quot;,&quot;caption&quot;:&quot;AK PART\\u0130 \\u0130STANBUL B\\u00dcY\\u00dcK\\u015eEH\\u0130R BELED\\u0130YE BA\\u015eKAN ADAYI B\\u0130NAL\\u0130 YILDIRIM VE CUMHUR \\u0130TT\\u0130FAKI MHP BE\\u015e\\u0130KTA\\u015e BELED\\u0130YE BA\\u015eKAN ADAYI AV. SERKAN TOPER, BE\\u015e\\u0130KTA\\u015e\\u0027TA VATANDA\\u015eLARLA B\\u0130R ARAYA GELD\\u0130. VATANDA\\u015eLARA SESLENEN \\u0130K\\u0130L\\u0130 \\u00c7AR\\u015eI GRUBUYLA \\u00c7AY \\u0130\\u00c7T\\u0130. (VOLKAN KAYALAR\\\/\\u0130STANBUL-\\u0130HA)&quot;,&quot;created_timestamp&quot;:&quot;0&quot;,&quot;copyright&quot;:&quot;\\u0130HLAS HABER AJANSI, www.iha.com.tr&quot;,&quot;focal_length&quot;:&quot;0&quot;,&quot;iso&quot;:&quot;0&quot;,&quot;shutter_speed&quot;:&quot;0&quot;,&quot;title&quot;:&quot;YILDIRIM VE TOPER BE\\u015e\\u0130KTA\\u015e\\u0027TA VATANDA\\u015eLARA SESLEND\\u0130 AK PART\\u0130 \\u0130STANBUL B\\u00dcY\\u00dcK\\u015eEH\\u0130R BELED\\u0130YE BA\\u015eKAN ADAYI YILDIRIM VE MHP BE\\u015e\\u0130KTA\\u015e BELED\\u0130YE BA\\u015eKAN ADAYI TOPER VATANDA\\u015eLARLA B\\u0130R ARAYA GELD\\u0130 YILDIRIM\\u0027A MEMLEKET\\u0130N\\u0130N PLAKA NUMARASINI TA\\u015eIYAN BE\\u015e\\u0130KTA\\u015e FORMASI HED\\u0130YE ED\\u0130LD\\u0130&quot;,&quot;orientation&quot;:&quot;0&quot;}\" data-image-title=\"Y\u0131ld\u0131r\u0131m ve Toper Be\u015fikta\u015f\u2019ta vatanda\u015flara seslendi\" data-image-description=\"&lt;p&gt;Y\u0131ld\u0131r\u0131m ve Toper Be\u015fikta\u015f\u2019ta vatanda\u015flara seslendi&lt;\/p&gt; \" data-medium-file=\"https:\/\/i0.wp.com\/www.tvturk.com\/wp-content\/uploads\/2019\/03\/yildirim-ve-toper-besiktasta-vatandaslara-seslendi_0b85351.jpg?fit=300%2C200\" data-large-file=\"https:\/\/i0.wp.com\/www.tvturk.com\/wp-content\/uploads\/2019\/03\/yildirim-ve-toper-besiktasta-vatandaslara-seslendi_0b85351.jpg?fit=1000%2C666\" src=\"https:\/\/i0.wp.com\/www.tvturk.com\/wp-content\/uploads\/2019\/03\/yildirim-ve-toper-besiktasta-vatandaslara-seslendi_0b85351.jpg?w=330&#038;h=220\" srcset=\"https:\/\/i0.wp.com\/www.tvturk.com\/wp-content\/uploads\/2019\/03\/yildirim-ve-toper-besiktasta-vatandaslara-seslendi_0b85351.jpg?w=1000 1000w, https:\/\/i0.wp.com\/www.tvturk.com\/wp-content\/uploads\/2019\/03\/yildirim-ve-toper-besiktasta-vatandaslara-seslendi_0b85351.jpg?resize=150%2C100 150w, https:\/\/i0.wp.com\/www.tvturk.com\/wp-content\/uploads\/2019\/03\/yildirim-ve-toper-besiktasta-vatandaslara-seslendi_0b85351.jpg?resize=300%2C200 300w, https:\/\/i0.wp.com\/www.tvturk.com\/wp-content\/uploads\/2019\/03\/yildirim-ve-toper-besiktasta-vatandaslara-seslendi_0b85351.jpg?resize=768%2C511 768w, https:\/\/i0.wp.com\/www.tvturk.com\/wp-content\/uploads\/2019\/03\/yildirim-ve-toper-besiktasta-vatandaslara-seslendi_0b85351.jpg?resize=170%2C113 170w, https:\/\/i0.wp.com\/www.tvturk.com\/wp-content\/uploads\/2019\/03\/yildirim-ve-toper-besiktasta-vatandaslara-seslendi_0b85351.jpg?resize=120%2C80 120w\" width=\"330\" height=\"220\" loading=\"lazy\" data-original-width=\"330\" data-original-height=\"220\" itemprop=\"http:\/\/schema.org\/image\" title=\"Y\u0131ld\u0131r\u0131m ve Toper Be\u015fikta\u015f\u2019ta vatanda\u015flara seslendi\" alt=\"Y\u0131ld\u0131r\u0131m ve Toper Be\u015fikta\u015f\u2019ta vatanda\u015flara seslendi\" style=\"width: 330px; height: 220px;\" \/> <\/a> <\/div> <\/div> <!-- close group --> <div class=\"gallery-group images-2\" style=\"width: 166px; height: 224px;\" data-original-width=\"166\" data-original-height=\"224\" > <div class=\"tiled-gallery-item tiled-gallery-item-small\" itemprop=\"associatedMedia\" itemscope itemtype=\"http:\/\/schema.org\/ImageObject\"> <a href=\"http:\/\/www.tvturk.com\/index.php\/yildirim-ve-toper-besiktasta-vatandaslara-seslendi\/yildirim-ve-toper-besiktasta-vatandaslara-seslendi-4\/\" border=\"0\" itemprop=\"url\"> <meta itemprop=\"width\" content=\"162\"> <meta itemprop=\"height\" content=\"108\"> <img decoding=\"async\" class=\"\" data-attachment-id=\"65518\" data-orig-file=\"http:\/\/www.tvturk.com\/wp-content\/uploads\/2019\/03\/yildirim-ve-toper-besiktasta-vatandaslara-seslendi_7bdcf4a.jpg\" data-orig-size=\"1000,666\" data-comments-opened=\"\" data-image-meta=\"{&quot;aperture&quot;:&quot;0&quot;,&quot;credit&quot;:&quot;IHA&quot;,&quot;camera&quot;:&quot;&quot;,&quot;caption&quot;:&quot;AK PART\\u0130 \\u0130STANBUL B\\u00dcY\\u00dcK\\u015eEH\\u0130R BELED\\u0130YE BA\\u015eKAN ADAYI B\\u0130NAL\\u0130 YILDIRIM VE CUMHUR \\u0130TT\\u0130FAKI MHP BE\\u015e\\u0130KTA\\u015e BELED\\u0130YE BA\\u015eKAN ADAYI AV. SERKAN TOPER, BE\\u015e\\u0130KTA\\u015e\\u0027TA VATANDA\\u015eLARLA B\\u0130R ARAYA GELD\\u0130. VATANDA\\u015eLARA SESLENEN \\u0130K\\u0130L\\u0130 \\u00c7AR\\u015eI GRUBUYLA \\u00c7AY \\u0130\\u00c7T\\u0130. (VOLKAN KAYALAR\\\/\\u0130STANBUL-\\u0130HA)&quot;,&quot;created_timestamp&quot;:&quot;0&quot;,&quot;copyright&quot;:&quot;\\u0130HLAS HABER AJANSI, www.iha.com.tr&quot;,&quot;focal_length&quot;:&quot;0&quot;,&quot;iso&quot;:&quot;0&quot;,&quot;shutter_speed&quot;:&quot;0&quot;,&quot;title&quot;:&quot;YILDIRIM VE TOPER BE\\u015e\\u0130KTA\\u015e\\u0027TA VATANDA\\u015eLARA SESLEND\\u0130 AK PART\\u0130 \\u0130STANBUL B\\u00dcY\\u00dcK\\u015eEH\\u0130R BELED\\u0130YE BA\\u015eKAN ADAYI YILDIRIM VE MHP BE\\u015e\\u0130KTA\\u015e BELED\\u0130YE BA\\u015eKAN ADAYI TOPER VATANDA\\u015eLARLA B\\u0130R ARAYA GELD\\u0130 YILDIRIM\\u0027A MEMLEKET\\u0130N\\u0130N PLAKA NUMARASINI TA\\u015eIYAN BE\\u015e\\u0130KTA\\u015e FORMASI HED\\u0130YE ED\\u0130LD\\u0130&quot;,&quot;orientation&quot;:&quot;0&quot;}\" data-image-title=\"Y\u0131ld\u0131r\u0131m ve Toper Be\u015fikta\u015f\u2019ta vatanda\u015flara seslendi\" data-image-description=\"&lt;p&gt;Y\u0131ld\u0131r\u0131m ve Toper Be\u015fikta\u015f\u2019ta vatanda\u015flara seslendi&lt;\/p&gt; \" data-medium-file=\"https:\/\/i0.wp.com\/www.tvturk.com\/wp-content\/uploads\/2019\/03\/yildirim-ve-toper-besiktasta-vatandaslara-seslendi_7bdcf4a.jpg?fit=300%2C200\" data-large-file=\"https:\/\/i0.wp.com\/www.tvturk.com\/wp-content\/uploads\/2019\/03\/yildirim-ve-toper-besiktasta-vatandaslara-seslendi_7bdcf4a.jpg?fit=1000%2C666\" src=\"https:\/\/i0.wp.com\/www.tvturk.com\/wp-content\/uploads\/2019\/03\/yildirim-ve-toper-besiktasta-vatandaslara-seslendi_7bdcf4a.jpg?w=162&#038;h=108\" srcset=\"https:\/\/i0.wp.com\/www.tvturk.com\/wp-content\/uploads\/2019\/03\/yildirim-ve-toper-besiktasta-vatandaslara-seslendi_7bdcf4a.jpg?w=1000 1000w, https:\/\/i0.wp.com\/www.tvturk.com\/wp-content\/uploads\/2019\/03\/yildirim-ve-toper-besiktasta-vatandaslara-seslendi_7bdcf4a.jpg?resize=150%2C100 150w, https:\/\/i0.wp.com\/www.tvturk.com\/wp-content\/uploads\/2019\/03\/yildirim-ve-toper-besiktasta-vatandaslara-seslendi_7bdcf4a.jpg?resize=300%2C200 300w, https:\/\/i0.wp.com\/www.tvturk.com\/wp-content\/uploads\/2019\/03\/yildirim-ve-toper-besiktasta-vatandaslara-seslendi_7bdcf4a.jpg?resize=768%2C511 768w, https:\/\/i0.wp.com\/www.tvturk.com\/wp-content\/uploads\/2019\/03\/yildirim-ve-toper-besiktasta-vatandaslara-seslendi_7bdcf4a.jpg?resize=170%2C113 170w, https:\/\/i0.wp.com\/www.tvturk.com\/wp-content\/uploads\/2019\/03\/yildirim-ve-toper-besiktasta-vatandaslara-seslendi_7bdcf4a.jpg?resize=120%2C80 120w\" width=\"162\" height=\"108\" loading=\"lazy\" data-original-width=\"162\" data-original-height=\"108\" itemprop=\"http:\/\/schema.org\/image\" title=\"Y\u0131ld\u0131r\u0131m ve Toper Be\u015fikta\u015f\u2019ta vatanda\u015flara seslendi\" alt=\"Y\u0131ld\u0131r\u0131m ve Toper Be\u015fikta\u015f\u2019ta vatanda\u015flara seslendi\" style=\"width: 162px; height: 108px;\" \/> <\/a> <\/div> <div class=\"tiled-gallery-item tiled-gallery-item-small\" itemprop=\"associatedMedia\" itemscope itemtype=\"http:\/\/schema.org\/ImageObject\"> <a href=\"http:\/\/www.tvturk.com\/index.php\/yildirim-ve-toper-besiktasta-vatandaslara-seslendi\/yildirim-ve-toper-besiktasta-vatandaslara-seslendi-5\/\" border=\"0\" itemprop=\"url\"> <meta itemprop=\"width\" content=\"162\"> <meta itemprop=\"height\" content=\"108\"> <img decoding=\"async\" class=\"\" data-attachment-id=\"65519\" data-orig-file=\"http:\/\/www.tvturk.com\/wp-content\/uploads\/2019\/03\/yildirim-ve-toper-besiktasta-vatandaslara-seslendi_efbda81.jpg\" data-orig-size=\"1000,666\" data-comments-opened=\"\" data-image-meta=\"{&quot;aperture&quot;:&quot;0&quot;,&quot;credit&quot;:&quot;IHA&quot;,&quot;camera&quot;:&quot;&quot;,&quot;caption&quot;:&quot;AK PART\\u0130 \\u0130STANBUL B\\u00dcY\\u00dcK\\u015eEH\\u0130R BELED\\u0130YE BA\\u015eKAN ADAYI B\\u0130NAL\\u0130 YILDIRIM VE CUMHUR \\u0130TT\\u0130FAKI MHP BE\\u015e\\u0130KTA\\u015e BELED\\u0130YE BA\\u015eKAN ADAYI AV. SERKAN TOPER, BE\\u015e\\u0130KTA\\u015e\\u0027TA VATANDA\\u015eLARLA B\\u0130R ARAYA GELD\\u0130. VATANDA\\u015eLARA SESLENEN \\u0130K\\u0130L\\u0130 \\u00c7AR\\u015eI GRUBUYLA \\u00c7AY \\u0130\\u00c7T\\u0130. (VOLKAN KAYALAR\\\/\\u0130STANBUL-\\u0130HA)&quot;,&quot;created_timestamp&quot;:&quot;0&quot;,&quot;copyright&quot;:&quot;\\u0130HLAS HABER AJANSI, www.iha.com.tr&quot;,&quot;focal_length&quot;:&quot;0&quot;,&quot;iso&quot;:&quot;0&quot;,&quot;shutter_speed&quot;:&quot;0&quot;,&quot;title&quot;:&quot;YILDIRIM VE TOPER BE\\u015e\\u0130KTA\\u015e\\u0027TA VATANDA\\u015eLARA SESLEND\\u0130 AK PART\\u0130 \\u0130STANBUL B\\u00dcY\\u00dcK\\u015eEH\\u0130R BELED\\u0130YE BA\\u015eKAN ADAYI YILDIRIM VE MHP BE\\u015e\\u0130KTA\\u015e BELED\\u0130YE BA\\u015eKAN ADAYI TOPER VATANDA\\u015eLARLA B\\u0130R ARAYA GELD\\u0130 YILDIRIM\\u0027A MEMLEKET\\u0130N\\u0130N PLAKA NUMARASINI TA\\u015eIYAN BE\\u015e\\u0130KTA\\u015e FORMASI HED\\u0130YE ED\\u0130LD\\u0130&quot;,&quot;orientation&quot;:&quot;0&quot;}\" data-image-title=\"Y\u0131ld\u0131r\u0131m ve Toper Be\u015fikta\u015f\u2019ta vatanda\u015flara seslendi\" data-image-description=\"&lt;p&gt;Y\u0131ld\u0131r\u0131m ve Toper Be\u015fikta\u015f\u2019ta vatanda\u015flara seslendi&lt;\/p&gt; \" data-medium-file=\"https:\/\/i0.wp.com\/www.tvturk.com\/wp-content\/uploads\/2019\/03\/yildirim-ve-toper-besiktasta-vatandaslara-seslendi_efbda81.jpg?fit=300%2C200\" data-large-file=\"https:\/\/i0.wp.com\/www.tvturk.com\/wp-content\/uploads\/2019\/03\/yildirim-ve-toper-besiktasta-vatandaslara-seslendi_efbda81.jpg?fit=1000%2C666\" src=\"https:\/\/i0.wp.com\/www.tvturk.com\/wp-content\/uploads\/2019\/03\/yildirim-ve-toper-besiktasta-vatandaslara-seslendi_efbda81.jpg?w=162&#038;h=108\" srcset=\"https:\/\/i0.wp.com\/www.tvturk.com\/wp-content\/uploads\/2019\/03\/yildirim-ve-toper-besiktasta-vatandaslara-seslendi_efbda81.jpg?w=1000 1000w, https:\/\/i0.wp.com\/www.tvturk.com\/wp-content\/uploads\/2019\/03\/yildirim-ve-toper-besiktasta-vatandaslara-seslendi_efbda81.jpg?resize=150%2C100 150w, https:\/\/i0.wp.com\/www.tvturk.com\/wp-content\/uploads\/2019\/03\/yildirim-ve-toper-besiktasta-vatandaslara-seslendi_efbda81.jpg?resize=300%2C200 300w, https:\/\/i0.wp.com\/www.tvturk.com\/wp-content\/uploads\/2019\/03\/yildirim-ve-toper-besiktasta-vatandaslara-seslendi_efbda81.jpg?resize=768%2C511 768w, https:\/\/i0.wp.com\/www.tvturk.com\/wp-content\/uploads\/2019\/03\/yildirim-ve-toper-besiktasta-vatandaslara-seslendi_efbda81.jpg?resize=170%2C113 170w, https:\/\/i0.wp.com\/www.tvturk.com\/wp-content\/uploads\/2019\/03\/yildirim-ve-toper-besiktasta-vatandaslara-seslendi_efbda81.jpg?resize=120%2C80 120w\" width=\"162\" height=\"108\" loading=\"lazy\" data-original-width=\"162\" data-original-height=\"108\" itemprop=\"http:\/\/schema.org\/image\" title=\"Y\u0131ld\u0131r\u0131m ve Toper Be\u015fikta\u015f\u2019ta vatanda\u015flara seslendi\" alt=\"Y\u0131ld\u0131r\u0131m ve Toper Be\u015fikta\u015f\u2019ta vatanda\u015flara seslendi\" style=\"width: 162px; height: 108px;\" \/> <\/a> <\/div> <\/div> <!-- close group --> <\/div> <!-- close row --> <div class=\"gallery-row\" style=\"width: 500px; height: 304px;\" data-original-width=\"500\" data-original-height=\"304\" > <div class=\"gallery-group images-1\" style=\"width: 500px; height: 304px;\" data-original-width=\"500\" data-original-height=\"304\" > <div class=\"tiled-gallery-item tiled-gallery-item-large\" itemprop=\"associatedMedia\" itemscope itemtype=\"http:\/\/schema.org\/ImageObject\"> <a href=\"http:\/\/www.tvturk.com\/index.php\/yildirim-ve-toper-besiktasta-vatandaslara-seslendi\/yildirim-ve-toper-besiktasta-vatandaslara-seslendi-6\/\" border=\"0\" itemprop=\"url\"> <meta itemprop=\"width\" content=\"496\"> <meta itemprop=\"height\" content=\"300\"> <img decoding=\"async\" class=\"\" data-attachment-id=\"65520\" data-orig-file=\"http:\/\/www.tvturk.com\/wp-content\/uploads\/2019\/03\/yildirim-ve-toper-besiktasta-vatandaslara-seslendi_c4b2d13.jpg\" data-orig-size=\"1000,605\" data-comments-opened=\"\" data-image-meta=\"{&quot;aperture&quot;:&quot;0&quot;,&quot;credit&quot;:&quot;IHA&quot;,&quot;camera&quot;:&quot;&quot;,&quot;caption&quot;:&quot;AK PART\\u0130 \\u0130STANBUL B\\u00dcY\\u00dcK\\u015eEH\\u0130R BELED\\u0130YE BA\\u015eKAN ADAYI B\\u0130NAL\\u0130 YILDIRIM VE CUMHUR \\u0130TT\\u0130FAKI M\\u0130LL\\u0130YET\\u00c7\\u0130 HAREKET PART\\u0130S\\u0130 (MHP) BE\\u015e\\u0130KTA\\u015e BELED\\u0130YE BA\\u015eKAN ADAYI AV. SERKAN TOPER, 31 MART YEREL SE\\u00c7\\u0130M \\u00c7ALI\\u015eMALARINA BE\\u015e\\u0130KTA\\u015e\\u0027TA DEVAM ETT\\u0130. (VOLKAN KAYALAR\\\/\\u0130STANBUL-\\u0130HA)&quot;,&quot;created_timestamp&quot;:&quot;0&quot;,&quot;copyright&quot;:&quot;\\u0130HLAS HABER AJANSI, www.iha.com.tr&quot;,&quot;focal_length&quot;:&quot;0&quot;,&quot;iso&quot;:&quot;0&quot;,&quot;shutter_speed&quot;:&quot;0&quot;,&quot;title&quot;:&quot;YILDIRIM VE TOPER BE\\u015e\\u0130KTA\\u015e\\u0027TA VATANDA\\u015eLARA SESLEND\\u0130 AK PART\\u0130 \\u0130STANBUL B\\u00dcY\\u00dcK\\u015eEH\\u0130R BELED\\u0130YE BA\\u015eKAN ADAYI YILDIRIM VE MHP BE\\u015e\\u0130KTA\\u015e BELED\\u0130YE BA\\u015eKAN ADAYI TOPER VATANDA\\u015eLARLA B\\u0130R ARAYA GELD\\u0130 YILDIRIM\\u0027A MEMLEKET\\u0130N\\u0130N PLAKA NUMARASINI TA\\u015eIYAN BE\\u015e\\u0130KTA\\u015e FORMASI HED\\u0130YE ED\\u0130LD\\u0130&quot;,&quot;orientation&quot;:&quot;0&quot;}\" data-image-title=\"Y\u0131ld\u0131r\u0131m ve Toper Be\u015fikta\u015f\u2019ta vatanda\u015flara seslendi\" data-image-description=\"&lt;p&gt;Y\u0131ld\u0131r\u0131m ve Toper Be\u015fikta\u015f\u2019ta vatanda\u015flara seslendi&lt;\/p&gt; \" data-medium-file=\"https:\/\/i0.wp.com\/www.tvturk.com\/wp-content\/uploads\/2019\/03\/yildirim-ve-toper-besiktasta-vatandaslara-seslendi_c4b2d13.jpg?fit=300%2C182\" data-large-file=\"https:\/\/i0.wp.com\/www.tvturk.com\/wp-content\/uploads\/2019\/03\/yildirim-ve-toper-besiktasta-vatandaslara-seslendi_c4b2d13.jpg?fit=1000%2C605\" src=\"https:\/\/i0.wp.com\/www.tvturk.com\/wp-content\/uploads\/2019\/03\/yildirim-ve-toper-besiktasta-vatandaslara-seslendi_c4b2d13.jpg?w=496&#038;h=300\" srcset=\"https:\/\/i0.wp.com\/www.tvturk.com\/wp-content\/uploads\/2019\/03\/yildirim-ve-toper-besiktasta-vatandaslara-seslendi_c4b2d13.jpg?w=1000 1000w, https:\/\/i0.wp.com\/www.tvturk.com\/wp-content\/uploads\/2019\/03\/yildirim-ve-toper-besiktasta-vatandaslara-seslendi_c4b2d13.jpg?resize=150%2C91 150w, https:\/\/i0.wp.com\/www.tvturk.com\/wp-content\/uploads\/2019\/03\/yildirim-ve-toper-besiktasta-vatandaslara-seslendi_c4b2d13.jpg?resize=300%2C182 300w, https:\/\/i0.wp.com\/www.tvturk.com\/wp-content\/uploads\/2019\/03\/yildirim-ve-toper-besiktasta-vatandaslara-seslendi_c4b2d13.jpg?resize=768%2C465 768w, https:\/\/i0.wp.com\/www.tvturk.com\/wp-content\/uploads\/2019\/03\/yildirim-ve-toper-besiktasta-vatandaslara-seslendi_c4b2d13.jpg?resize=187%2C113 187w\" width=\"496\" height=\"300\" loading=\"lazy\" data-original-width=\"496\" data-original-height=\"300\" itemprop=\"http:\/\/schema.org\/image\" title=\"Y\u0131ld\u0131r\u0131m ve Toper Be\u015fikta\u015f\u2019ta vatanda\u015flara seslendi\" alt=\"Y\u0131ld\u0131r\u0131m ve Toper Be\u015fikta\u015f\u2019ta vatanda\u015flara seslendi\" style=\"width: 496px; height: 300px;\" \/> <\/a> <\/div> <\/div> <!-- close group --> <\/div> <!-- close row --> <\/div><\/p>\n","protected":false},"excerpt":{"rendered":"<p>AK PART\u0130 \u0130STANBUL B\u00dcY\u00dcK\u015eEH\u0130R BELED\u0130YE BA\u015eKAN ADAYI B\u0130NAL\u0130 YILDIRIM  VE CUMHUR \u0130TT\u0130FAKI MHP BE\u015e\u0130KTA\u015e BELED\u0130YE BA\u015eKAN ADAYI AV. SERKAN TOPER, BE\u015e\u0130KTA\u015e&#8217;TA VATANDA\u015eLARLA B\u0130R ARAYA GELD\u0130. VATANDA\u015eLARA SESLENEN \u0130K\u0130L\u0130 \u00c7AR\u015eI GRUBUYLA \u00c7AY \u0130\u00c7T\u0130.<\/p>\n","protected":false},"author":1,"featured_media":65516,"comment_status":"closed","ping_status":"open","sticky":false,"template":"","format":"standard","meta":{"jetpack_post_was_ever_published":false,"_jetpack_newsletter_access":"","_jetpack_dont_email_post_to_subs":false,"_jetpack_newsletter_tier_id":0,"_jetpack_memberships_contains_paywalled_content":false,"_jetpack_memberships_contains_paid_content":false,"footnotes":"","jetpack_publicize_message":"","jetpack_publicize_feature_enabled":true,"jetpack_social_post_already_shared":true,"jetpack_social_options":{"image_generator_settings":{"template":"highway","default_image_id":0,"font":"","enabled":false},"version":2}},"categories":[1],"tags":[3383,12873,19990,874,376],"class_list":["post-65515","post","type-post","status-publish","format-standard","has-post-thumbnail","hentry","category-genel","tag-besiktasta","tag-seslendi","tag-toper","tag-vatandaslara","tag-yildirim"],"jetpack_publicize_connections":[],"jetpack_featured_media_url":"https:\/\/i0.wp.com\/www.tvturk.com\/wp-content\/uploads\/2019\/03\/yildirim-ve-toper-besiktasta-vatandaslara-seslendi_139df5e.jpg?fit=1000%2C720","jetpack_sharing_enabled":true,"jetpack_shortlink":"https:\/\/wp.me\/paKIfm-h2H","_links":{"self":[{"href":"http:\/\/www.tvturk.com\/index.php\/wp-json\/wp\/v2\/posts\/65515","targetHints":{"allow":["GET"]}}],"collection":[{"href":"http:\/\/www.tvturk.com\/index.php\/wp-json\/wp\/v2\/posts"}],"about":[{"href":"http:\/\/www.tvturk.com\/index.php\/wp-json\/wp\/v2\/types\/post"}],"author":[{"embeddable":true,"href":"http:\/\/www.tvturk.com\/index.php\/wp-json\/wp\/v2\/users\/1"}],"replies":[{"embeddable":true,"href":"http:\/\/www.tvturk.com\/index.php\/wp-json\/wp\/v2\/comments?post=65515"}],"version-history":[{"count":1,"href":"http:\/\/www.tvturk.com\/index.php\/wp-json\/wp\/v2\/posts\/65515\/revisions"}],"predecessor-version":[{"id":65521,"href":"http:\/\/www.tvturk.com\/index.php\/wp-json\/wp\/v2\/posts\/65515\/revisions\/65521"}],"wp:featuredmedia":[{"embeddable":true,"href":"http:\/\/www.tvturk.com\/index.php\/wp-json\/wp\/v2\/media\/65516"}],"wp:attachment":[{"href":"http:\/\/www.tvturk.com\/index.php\/wp-json\/wp\/v2\/media?parent=65515"}],"wp:term":[{"taxonomy":"category","embeddable":true,"href":"http:\/\/www.tvturk.com\/index.php\/wp-json\/wp\/v2\/categories?post=65515"},{"taxonomy":"post_tag","embeddable":true,"href":"http:\/\/www.tvturk.com\/index.php\/wp-json\/wp\/v2\/tags?post=65515"}],"curies":[{"name":"wp","href":"https:\/\/api.w.org\/{rel}","templated":true}]}}