{"id":65522,"date":"2019-03-01T21:06:02","date_gmt":"2019-03-01T18:06:02","guid":{"rendered":"http:\/\/www.tvturk.com\/index.php\/pakistan-hintli-pilotu-serbest-birakti\/"},"modified":"2019-03-01T21:06:03","modified_gmt":"2019-03-01T18:06:03","slug":"pakistan-hintli-pilotu-serbest-birakti","status":"publish","type":"post","link":"http:\/\/www.tvturk.com\/index.php\/pakistan-hintli-pilotu-serbest-birakti\/","title":{"rendered":"Pakistan, Hintli pilotu serbest b\u0131rakt\u0131"},"content":{"rendered":"<p>Pakistan, \u00c7ar\u015famba g\u00fcn\u00fc ihtilafl\u0131 Ke\u015fmir b\u00f6lgesi yak\u0131nlar\u0131nda d\u00fc\u015f\u00fcrd\u00fc\u011f\u00fc Hint sava\u015f u\u00e7a\u011f\u0131n\u0131n pilotu Abhinandan Varthaman\u2019\u0131 serbest b\u0131rakt\u0131.<\/p>\n<p>Pakistan ile Hindistan aras\u0131ndaki krizde tansiyon d\u00fc\u015f\u00fcyor. Pakistan, \u00c7ar\u015famba g\u00fcn\u00fc ihtilafl\u0131 Ke\u015fmir b\u00f6lgesi yak\u0131nlar\u0131nda d\u00fc\u015f\u00fcrd\u00fc\u011f\u00fc Hint sava\u015f u\u00e7a\u011f\u0131n\u0131n pilotu Abhinandan Varthaman\u2019\u0131 serbest b\u0131rakt\u0131. \u0130ki \u00fclke aras\u0131ndaki Wagah s\u0131n\u0131r kap\u0131s\u0131nda ger\u00e7ekle\u015fen iade t\u00f6reninde Varthaman evrak i\u015flerinin tamamlanmas\u0131ndan sonra kendi \u00fclkesinin yetkililerine teslim edildi. Varthaman\u2019\u0131n sivil k\u0131yafetler i\u00e7erisinde Hindistan\u2019a teslim edilmesi ise dikkat \u00e7ekti.<\/p>\n<p>Hindistan, 26 \u015eubat\u2019ta Ke\u015fmir Kontrol Hatt\u0131\u2019n\u0131n Pakistan taraf\u0131nda bulunan ter\u00f6r \u00f6rg\u00fct\u00fc kamplar\u0131na hava sald\u0131r\u0131s\u0131 d\u00fczenledi\u011fini duyurmu\u015ftu. Pakistan taraf\u0131 ise s\u0131n\u0131r ihlalini k\u0131nayarak ikinci bir ihlal oldu\u011funda kar\u015f\u0131l\u0131k vereceklerini a\u00e7\u0131klad\u0131. \u00c7ar\u015famba g\u00fcn\u00fc yine Hindistan s\u0131n\u0131r\u0131 ihlal etmi\u015f, Pakistan da 2 Hint u\u00e7a\u011f\u0131n\u0131 d\u00fc\u015f\u00fcrm\u00fc\u015f Hint pilot Abhinandan Varthaman\u2019\u0131 esir alm\u0131\u015ft\u0131. Pakistan Ba\u015fbakan\u0131 Imran Khan\u2019da \u201ciyi niyet g\u00f6stergesi\u201d olarak pilotu serbest b\u0131rakacaklar\u0131n\u0131 a\u00e7\u0131klam\u0131\u015ft\u0131.<div class=\"tiled-gallery type-rectangular tiled-gallery-unresized\" data-original-width=\"500\" data-carousel-extra='null' itemscope itemtype=\"http:\/\/schema.org\/ImageGallery\" > <div class=\"gallery-row\" style=\"width: 500px; height: 749px;\" data-original-width=\"500\" data-original-height=\"749\" > <div class=\"gallery-group images-1\" style=\"width: 500px; height: 749px;\" data-original-width=\"500\" data-original-height=\"749\" > <div class=\"tiled-gallery-item tiled-gallery-item-large\" itemprop=\"associatedMedia\" itemscope itemtype=\"http:\/\/schema.org\/ImageObject\"> <a href=\"http:\/\/www.tvturk.com\/index.php\/pakistan-hintli-pilotu-serbest-birakti\/pakistan-hintli-pilotu-serbest-birakti-3\/\" border=\"0\" itemprop=\"url\"> <meta itemprop=\"width\" content=\"496\"> <meta itemprop=\"height\" content=\"745\"> <img decoding=\"async\" class=\"\" data-attachment-id=\"65524\" data-orig-file=\"http:\/\/www.tvturk.com\/wp-content\/uploads\/2019\/03\/pakistan-hintli-pilotu-serbest-birakti_910166d.jpg\" data-orig-size=\"666,1000\" data-comments-opened=\"\" data-image-meta=\"{&quot;aperture&quot;:&quot;0&quot;,&quot;credit&quot;:&quot;IHA&quot;,&quot;camera&quot;:&quot;&quot;,&quot;caption&quot;:&quot;PAK\\u0130STAN, \\u00c7AR\\u015eAMBA G\\u00dcN\\u00dc \\u0130HT\\u0130LAFLI KE\\u015eM\\u0130R B\\u00d6LGES\\u0130 YAKINLARINDA D\\u00dc\\u015e\\u00dcRD\\u00dc\\u011e\\u00dc H\\u0130NT SAVA\\u015e U\\u00c7A\\u011eININ P\\u0130LOTU ABH\\u0130NANDAN VARTHAMAN\\u2019I SERBEST BIRAKTI. (\\u0130HA\\\/\\u0130SLAMABAD-\\u0130HA)&quot;,&quot;created_timestamp&quot;:&quot;0&quot;,&quot;copyright&quot;:&quot;\\u0130HLAS HABER AJANSI, www.iha.com.tr&quot;,&quot;focal_length&quot;:&quot;0&quot;,&quot;iso&quot;:&quot;0&quot;,&quot;shutter_speed&quot;:&quot;0&quot;,&quot;title&quot;:&quot;PAK\\u0130STAN, H\\u0130NTL\\u0130 P\\u0130LOTU SERBEST BIRAKTI&quot;,&quot;orientation&quot;:&quot;0&quot;}\" data-image-title=\"Pakistan, Hintli pilotu serbest b\u0131rakt\u0131\" data-image-description=\"&lt;p&gt;Pakistan, Hintli pilotu serbest b\u0131rakt\u0131&lt;\/p&gt; \" data-medium-file=\"https:\/\/i0.wp.com\/www.tvturk.com\/wp-content\/uploads\/2019\/03\/pakistan-hintli-pilotu-serbest-birakti_910166d.jpg?fit=200%2C300\" data-large-file=\"https:\/\/i0.wp.com\/www.tvturk.com\/wp-content\/uploads\/2019\/03\/pakistan-hintli-pilotu-serbest-birakti_910166d.jpg?fit=666%2C1000\" src=\"https:\/\/i0.wp.com\/www.tvturk.com\/wp-content\/uploads\/2019\/03\/pakistan-hintli-pilotu-serbest-birakti_910166d.jpg?w=496&#038;h=745\" srcset=\"https:\/\/i0.wp.com\/www.tvturk.com\/wp-content\/uploads\/2019\/03\/pakistan-hintli-pilotu-serbest-birakti_910166d.jpg?w=666 666w, https:\/\/i0.wp.com\/www.tvturk.com\/wp-content\/uploads\/2019\/03\/pakistan-hintli-pilotu-serbest-birakti_910166d.jpg?resize=100%2C150 100w, https:\/\/i0.wp.com\/www.tvturk.com\/wp-content\/uploads\/2019\/03\/pakistan-hintli-pilotu-serbest-birakti_910166d.jpg?resize=200%2C300 200w\" width=\"496\" height=\"745\" loading=\"lazy\" data-original-width=\"496\" data-original-height=\"745\" itemprop=\"http:\/\/schema.org\/image\" title=\"Pakistan, Hintli pilotu serbest b\u0131rakt\u0131\" alt=\"Pakistan, Hintli pilotu serbest b\u0131rakt\u0131\" style=\"width: 496px; height: 745px;\" \/> <\/a> <\/div> <\/div> <!-- close group --> <\/div> <!-- close row --> <\/div><\/p>\n","protected":false},"excerpt":{"rendered":"<p>PAK\u0130STAN, \u00c7AR\u015eAMBA G\u00dcN\u00dc \u0130HT\u0130LAFLI KE\u015eM\u0130R B\u00d6LGES\u0130 YAKINLARINDA D\u00dc\u015e\u00dcRD\u00dc\u011e\u00dc H\u0130NT SAVA\u015e U\u00c7A\u011eININ P\u0130LOTU ABH\u0130NANDAN VARTHAMAN\u2019I SERBEST BIRAKTI.<\/p>\n","protected":false},"author":1,"featured_media":65523,"comment_status":"closed","ping_status":"open","sticky":false,"template":"","format":"standard","meta":{"jetpack_post_was_ever_published":false,"_jetpack_newsletter_access":"","_jetpack_dont_email_post_to_subs":false,"_jetpack_newsletter_tier_id":0,"_jetpack_memberships_contains_paywalled_content":false,"_jetpack_memberships_contains_paid_content":false,"footnotes":"","jetpack_publicize_message":"","jetpack_publicize_feature_enabled":true,"jetpack_social_post_already_shared":true,"jetpack_social_options":{"image_generator_settings":{"template":"highway","default_image_id":0,"font":"","enabled":false},"version":2}},"categories":[10],"tags":[4570,19991,11727,7751,594],"class_list":["post-65522","post","type-post","status-publish","format-standard","has-post-thumbnail","hentry","category-dunya","tag-birakti","tag-hintli","tag-pakistan","tag-pilotu","tag-serbest"],"jetpack_publicize_connections":[],"jetpack_featured_media_url":"https:\/\/i0.wp.com\/www.tvturk.com\/wp-content\/uploads\/2019\/03\/pakistan-hintli-pilotu-serbest-birakti_a684f98.jpg?fit=1000%2C691","jetpack_sharing_enabled":true,"jetpack_shortlink":"https:\/\/wp.me\/paKIfm-h2O","_links":{"self":[{"href":"http:\/\/www.tvturk.com\/index.php\/wp-json\/wp\/v2\/posts\/65522","targetHints":{"allow":["GET"]}}],"collection":[{"href":"http:\/\/www.tvturk.com\/index.php\/wp-json\/wp\/v2\/posts"}],"about":[{"href":"http:\/\/www.tvturk.com\/index.php\/wp-json\/wp\/v2\/types\/post"}],"author":[{"embeddable":true,"href":"http:\/\/www.tvturk.com\/index.php\/wp-json\/wp\/v2\/users\/1"}],"replies":[{"embeddable":true,"href":"http:\/\/www.tvturk.com\/index.php\/wp-json\/wp\/v2\/comments?post=65522"}],"version-history":[{"count":1,"href":"http:\/\/www.tvturk.com\/index.php\/wp-json\/wp\/v2\/posts\/65522\/revisions"}],"predecessor-version":[{"id":65525,"href":"http:\/\/www.tvturk.com\/index.php\/wp-json\/wp\/v2\/posts\/65522\/revisions\/65525"}],"wp:featuredmedia":[{"embeddable":true,"href":"http:\/\/www.tvturk.com\/index.php\/wp-json\/wp\/v2\/media\/65523"}],"wp:attachment":[{"href":"http:\/\/www.tvturk.com\/index.php\/wp-json\/wp\/v2\/media?parent=65522"}],"wp:term":[{"taxonomy":"category","embeddable":true,"href":"http:\/\/www.tvturk.com\/index.php\/wp-json\/wp\/v2\/categories?post=65522"},{"taxonomy":"post_tag","embeddable":true,"href":"http:\/\/www.tvturk.com\/index.php\/wp-json\/wp\/v2\/tags?post=65522"}],"curies":[{"name":"wp","href":"https:\/\/api.w.org\/{rel}","templated":true}]}}