{"id":65682,"date":"2019-03-01T22:46:57","date_gmt":"2019-03-01T19:46:57","guid":{"rendered":"http:\/\/www.tvturk.com\/index.php\/inegolde-sarjli-bisikletin-calinma-ani-kamerada\/"},"modified":"2019-03-01T22:46:58","modified_gmt":"2019-03-01T19:46:58","slug":"inegolde-sarjli-bisikletin-calinma-ani-kamerada","status":"publish","type":"post","link":"http:\/\/www.tvturk.com\/index.php\/inegolde-sarjli-bisikletin-calinma-ani-kamerada\/","title":{"rendered":"\u0130neg\u00f6l\u2019de \u015farjl\u0131 bisikletin \u00e7al\u0131nma an\u0131 kamerada"},"content":{"rendered":"<p>Bursa\u2019n\u0131n \u0130neg\u00f6l il\u00e7esinde kimli\u011fi belirsiz bir ki\u015fi yoldan ge\u00e7en vatanda\u015flara ald\u0131r\u0131\u015f etmeden i\u015fyeri \u00f6n\u00fcnde bulunan \u015farjl\u0131 bisikleti \u00e7alarak kay\u0131plara kar\u0131\u015ft\u0131. O anlar ise saniye saniye g\u00fcvenlik kameras\u0131na yans\u0131d\u0131.<\/p>\n<p>Al\u0131nan bilgilere g\u00f6re, hen\u00fcz kimli\u011fi belirlenemeyen bir \u015fah\u0131s i\u015fyeri \u00f6n\u00fcnde park halinde olan \u015farjl\u0131 bisikleti g\u00f6z\u00fcne kestirdi. Yoldan ge\u00e7en vatanda\u015flar olmas\u0131na ra\u011fmen \u015fah\u0131s \u00f6nce etraf\u0131 bir s\u00fcre kola\u00e7an ettikten sonra saniyeler i\u00e7erisinde f\u0131rsat\u0131n\u0131 buldu\u011fu anda Z.B.\u2019ye ait olan \u015farjl\u0131 bisikleti yaya olarak al\u0131p olay yerinden h\u0131zla uzakla\u015ft\u0131. O anlar ise saniye saniye g\u00fcvenlik kameras\u0131na yans\u0131d\u0131. H\u0131rs\u0131z \u015farjl\u0131 bisikleti g\u00f6t\u00fcrd\u00fc\u011f\u00fc s\u0131rada kar\u015f\u0131 istikametten gelen bir ki\u015finin ise sadece bakmakla yetinmesi \u015fa\u015f\u0131rtt\u0131. Bir s\u00fcre sonra \u00e7\u0131kt\u0131\u011f\u0131nda \u015farjl\u0131 bisikletinin yerinde olmad\u0131\u011f\u0131 g\u00f6ren Z.B. g\u00fcvenlik kamera g\u00f6r\u00fcnt\u00fclerini izledi\u011finde \u00e7al\u0131nd\u0131\u011f\u0131n\u0131 fark etti. Z.B emniyette giderek \u015fikayette bulundu. Olayla ilgili soru\u015fturma s\u00fcrd\u00fcr\u00fcl\u00fcyor.<div class=\"tiled-gallery type-rectangular tiled-gallery-unresized\" data-original-width=\"500\" data-carousel-extra='null' itemscope itemtype=\"http:\/\/schema.org\/ImageGallery\" > <div class=\"gallery-row\" style=\"width: 500px; height: 279px;\" data-original-width=\"500\" data-original-height=\"279\" > <div class=\"gallery-group images-1\" style=\"width: 500px; height: 279px;\" data-original-width=\"500\" data-original-height=\"279\" > <div class=\"tiled-gallery-item tiled-gallery-item-large\" itemprop=\"associatedMedia\" itemscope itemtype=\"http:\/\/schema.org\/ImageObject\"> <a href=\"http:\/\/www.tvturk.com\/index.php\/inegolde-sarjli-bisikletin-calinma-ani-kamerada\/inegolde-sarjli-bisikletin-calinma-ani-kamerada-3\/\" border=\"0\" itemprop=\"url\"> <meta itemprop=\"width\" content=\"496\"> <meta itemprop=\"height\" content=\"275\"> <img decoding=\"async\" class=\"\" data-attachment-id=\"65684\" data-orig-file=\"http:\/\/www.tvturk.com\/wp-content\/uploads\/2019\/03\/inegolde-sarjli-bisikletin-calinma-ani-kamerada_295a738.jpg\" data-orig-size=\"1000,554\" data-comments-opened=\"\" data-image-meta=\"{&quot;aperture&quot;:&quot;0&quot;,&quot;credit&quot;:&quot;IHA&quot;,&quot;camera&quot;:&quot;&quot;,&quot;caption&quot;:&quot;BURSA\\u0027NIN \\u0130NEG\\u00d6L \\u0130L\\u00c7ES\\u0130NDE K\\u0130ML\\u0130\\u011e\\u0130 BEL\\u0130RS\\u0130Z B\\u0130R K\\u0130\\u015e\\u0130 YOLDAN GE\\u00c7EN VATANDA\\u015eLARA ALDIRI\\u015e ETMEDEN \\u0130\\u015eYER\\u0130 \\u00d6N\\u00dcNDE BULUNAN \\u015eARJLI B\\u0130S\\u0130KLET\\u0130 \\u00c7ALARAK KAYIPLARA KARI\\u015eTI. O ANLAR \\u0130SE SAN\\u0130YE SAN\\u0130YE G\\u00dcVENL\\u0130K KAMERASINA YANSIDI. (SEYFETT\\u0130N ARAS\\\/BURSA-\\u0130HA)&quot;,&quot;created_timestamp&quot;:&quot;0&quot;,&quot;copyright&quot;:&quot;\\u0130HLAS HABER AJANSI, www.iha.com.tr&quot;,&quot;focal_length&quot;:&quot;0&quot;,&quot;iso&quot;:&quot;0&quot;,&quot;shutter_speed&quot;:&quot;0&quot;,&quot;title&quot;:&quot;\\u0130NEG\\u00d6L\\u2019DE \\u015eARJLI B\\u0130S\\u0130KLET\\u0130N \\u00c7ALINMA ANI KAMERADA SAN\\u0130YE SAN\\u0130YE HIRSIZLIK ANI KAMERAYA B\\u00d6YLE YANSIDI&quot;,&quot;orientation&quot;:&quot;0&quot;}\" data-image-title=\"\u0130neg\u00f6l\u2019de \u015farjl\u0131 bisikletin \u00e7al\u0131nma an\u0131 kamerada\" data-image-description=\"&lt;p&gt;\u0130neg\u00f6l\u2019de \u015farjl\u0131 bisikletin \u00e7al\u0131nma an\u0131 kamerada&lt;\/p&gt; \" data-medium-file=\"https:\/\/i0.wp.com\/www.tvturk.com\/wp-content\/uploads\/2019\/03\/inegolde-sarjli-bisikletin-calinma-ani-kamerada_295a738.jpg?fit=300%2C166\" data-large-file=\"https:\/\/i0.wp.com\/www.tvturk.com\/wp-content\/uploads\/2019\/03\/inegolde-sarjli-bisikletin-calinma-ani-kamerada_295a738.jpg?fit=1000%2C554\" src=\"https:\/\/i0.wp.com\/www.tvturk.com\/wp-content\/uploads\/2019\/03\/inegolde-sarjli-bisikletin-calinma-ani-kamerada_295a738.jpg?w=496&#038;h=275\" srcset=\"https:\/\/i0.wp.com\/www.tvturk.com\/wp-content\/uploads\/2019\/03\/inegolde-sarjli-bisikletin-calinma-ani-kamerada_295a738.jpg?w=1000 1000w, https:\/\/i0.wp.com\/www.tvturk.com\/wp-content\/uploads\/2019\/03\/inegolde-sarjli-bisikletin-calinma-ani-kamerada_295a738.jpg?resize=150%2C83 150w, https:\/\/i0.wp.com\/www.tvturk.com\/wp-content\/uploads\/2019\/03\/inegolde-sarjli-bisikletin-calinma-ani-kamerada_295a738.jpg?resize=300%2C166 300w, https:\/\/i0.wp.com\/www.tvturk.com\/wp-content\/uploads\/2019\/03\/inegolde-sarjli-bisikletin-calinma-ani-kamerada_295a738.jpg?resize=768%2C425 768w\" width=\"496\" height=\"275\" loading=\"lazy\" data-original-width=\"496\" data-original-height=\"275\" itemprop=\"http:\/\/schema.org\/image\" title=\"\u0130neg\u00f6l\u2019de \u015farjl\u0131 bisikletin \u00e7al\u0131nma an\u0131 kamerada\" alt=\"\u0130neg\u00f6l\u2019de \u015farjl\u0131 bisikletin \u00e7al\u0131nma an\u0131 kamerada\" style=\"width: 496px; height: 275px;\" \/> <\/a> <\/div> <\/div> <!-- close group --> <\/div> <!-- close row --> <\/div><\/p>\n","protected":false},"excerpt":{"rendered":"<p>BURSA&#8217;NIN \u0130NEG\u00d6L \u0130L\u00c7ES\u0130NDE K\u0130ML\u0130\u011e\u0130 BEL\u0130RS\u0130Z B\u0130R K\u0130\u015e\u0130 YOLDAN GE\u00c7EN VATANDA\u015eLARA ALDIRI\u015e ETMEDEN \u0130\u015eYER\u0130 \u00d6N\u00dcNDE BULUNAN \u015eARJLI B\u0130S\u0130KLET\u0130 \u00c7ALARAK KAYIPLARA KARI\u015eTI. O ANLAR \u0130SE SAN\u0130YE SAN\u0130YE G\u00dcVENL\u0130K KAMERASINA YANSIDI.<\/p>\n","protected":false},"author":1,"featured_media":65683,"comment_status":"closed","ping_status":"open","sticky":false,"template":"","format":"standard","meta":{"jetpack_post_was_ever_published":false,"_jetpack_newsletter_access":"","_jetpack_dont_email_post_to_subs":false,"_jetpack_newsletter_tier_id":0,"_jetpack_memberships_contains_paywalled_content":false,"_jetpack_memberships_contains_paid_content":false,"footnotes":"","jetpack_publicize_message":"","jetpack_publicize_feature_enabled":true,"jetpack_social_post_already_shared":true,"jetpack_social_options":{"image_generator_settings":{"template":"highway","default_image_id":0,"font":"","enabled":false},"version":2}},"categories":[655],"tags":[3320,20013,20014,4199,1142,20012],"class_list":["post-65682","post","type-post","status-publish","format-standard","has-post-thumbnail","hentry","category-son-dakika","tag-ani","tag-bisikletin","tag-calinma","tag-inegolde","tag-kamerada","tag-sarjli"],"jetpack_publicize_connections":[],"jetpack_featured_media_url":"https:\/\/i0.wp.com\/www.tvturk.com\/wp-content\/uploads\/2019\/03\/inegolde-sarjli-bisikletin-calinma-ani-kamerada_49d808e.jpg?fit=1000%2C526","jetpack_sharing_enabled":true,"jetpack_shortlink":"https:\/\/wp.me\/paKIfm-h5o","_links":{"self":[{"href":"http:\/\/www.tvturk.com\/index.php\/wp-json\/wp\/v2\/posts\/65682","targetHints":{"allow":["GET"]}}],"collection":[{"href":"http:\/\/www.tvturk.com\/index.php\/wp-json\/wp\/v2\/posts"}],"about":[{"href":"http:\/\/www.tvturk.com\/index.php\/wp-json\/wp\/v2\/types\/post"}],"author":[{"embeddable":true,"href":"http:\/\/www.tvturk.com\/index.php\/wp-json\/wp\/v2\/users\/1"}],"replies":[{"embeddable":true,"href":"http:\/\/www.tvturk.com\/index.php\/wp-json\/wp\/v2\/comments?post=65682"}],"version-history":[{"count":1,"href":"http:\/\/www.tvturk.com\/index.php\/wp-json\/wp\/v2\/posts\/65682\/revisions"}],"predecessor-version":[{"id":65685,"href":"http:\/\/www.tvturk.com\/index.php\/wp-json\/wp\/v2\/posts\/65682\/revisions\/65685"}],"wp:featuredmedia":[{"embeddable":true,"href":"http:\/\/www.tvturk.com\/index.php\/wp-json\/wp\/v2\/media\/65683"}],"wp:attachment":[{"href":"http:\/\/www.tvturk.com\/index.php\/wp-json\/wp\/v2\/media?parent=65682"}],"wp:term":[{"taxonomy":"category","embeddable":true,"href":"http:\/\/www.tvturk.com\/index.php\/wp-json\/wp\/v2\/categories?post=65682"},{"taxonomy":"post_tag","embeddable":true,"href":"http:\/\/www.tvturk.com\/index.php\/wp-json\/wp\/v2\/tags?post=65682"}],"curies":[{"name":"wp","href":"https:\/\/api.w.org\/{rel}","templated":true}]}}