{"id":65716,"date":"2019-03-01T23:11:10","date_gmt":"2019-03-01T20:11:10","guid":{"rendered":"http:\/\/www.tvturk.com\/index.php\/cezayirde-sivil-halk-polisleri-korudu\/"},"modified":"2019-03-01T23:11:14","modified_gmt":"2019-03-01T20:11:14","slug":"cezayirde-sivil-halk-polisleri-korudu","status":"publish","type":"post","link":"http:\/\/www.tvturk.com\/index.php\/cezayirde-sivil-halk-polisleri-korudu\/","title":{"rendered":"Cezayir\u2019de sivil halk polisleri korudu"},"content":{"rendered":"<p>Cezayir Cumhurba\u015fkan\u0131 Abdulaziz Buteflika\u2019n\u0131n 5\u2019nci kez cumhurba\u015fkanl\u0131\u011f\u0131 adayl\u0131\u011f\u0131n\u0131 protesto eden halk bir kez daha sokaklar\u0131 doldurdu. Protestolar esnas\u0131nda bir grup vatanda\u015f\u0131n polisleri korumak i\u00e7in kordon olu\u015fturmas\u0131 dikkat \u00e7ekti.<\/p>\n<p>Cezayir\u2019de halk Cumhurba\u015fkan\u0131 Abdulaziz Buteflika\u2019n\u0131n 5\u2019nci kez cumhurba\u015fkanl\u0131\u011f\u0131 adayl\u0131\u011f\u0131n\u0131 protesto etmek i\u00e7in soka\u011fa \u00e7\u0131kt\u0131. 1999 y\u0131l\u0131ndan bu yana iktidarda olan Buteflika\u2019n\u0131n 18 Nisan\u2019da yap\u0131lacak cumhurba\u015fkanl\u0131\u011f\u0131 se\u00e7imlerine adayl\u0131\u011f\u0131na \u2018hay\u0131r\u2019 demek i\u00e7in vatanda\u015flar bir kez daha protesto g\u00f6sterisi d\u00fczenledi.  Protestolar esnas\u0131nda bir grup sivil vatanda\u015f\u0131n polisleri protestoculardan korumak i\u00e7in kordon olu\u015fturmas\u0131 ise dikkat \u00e7ekti.<div class=\"tiled-gallery type-rectangular tiled-gallery-unresized\" data-original-width=\"500\" data-carousel-extra='null' itemscope itemtype=\"http:\/\/schema.org\/ImageGallery\" > <div class=\"gallery-row\" style=\"width: 500px; height: 238px;\" data-original-width=\"500\" data-original-height=\"238\" > <div class=\"gallery-group images-1\" style=\"width: 325px; height: 238px;\" data-original-width=\"325\" data-original-height=\"238\" > <div class=\"tiled-gallery-item tiled-gallery-item-large\" itemprop=\"associatedMedia\" itemscope itemtype=\"http:\/\/schema.org\/ImageObject\"> <a href=\"http:\/\/www.tvturk.com\/index.php\/cezayirde-sivil-halk-polisleri-korudu\/cezayirde-sivil-halk-polisleri-korudu-3\/\" border=\"0\" itemprop=\"url\"> <meta itemprop=\"width\" content=\"321\"> <meta itemprop=\"height\" content=\"234\"> <img decoding=\"async\" class=\"\" data-attachment-id=\"65718\" data-orig-file=\"http:\/\/www.tvturk.com\/wp-content\/uploads\/2019\/03\/cezayirde-sivil-halk-polisleri-korudu_41e16a6.jpg\" data-orig-size=\"1000,727\" data-comments-opened=\"\" data-image-meta=\"{&quot;aperture&quot;:&quot;0&quot;,&quot;credit&quot;:&quot;IHA&quot;,&quot;camera&quot;:&quot;&quot;,&quot;caption&quot;:&quot;CEZAY\\u0130R CUMHURBA\\u015eKANI ABDULAZ\\u0130Z BUTEFL\\u0130KA\\u0027NIN 5\\u2019NC\\u0130 KEZ CUMHURBA\\u015eKANLI\\u011eI ADAYLI\\u011eINI PROTESTO EDEN HALK B\\u0130R KEZ DAHA SOKAKLARI DOLDURDU. PROTESTOLAR ESNASINDA B\\u0130R GRUP VATANDA\\u015eIN POL\\u0130SLER\\u0130 KORUMAK \\u0130\\u00c7\\u0130N KORDON OLU\\u015eTURMASI D\\u0130KKAT \\u00c7EKT\\u0130. (EPA\\\/CEZAY\\u0130R-EPA)&quot;,&quot;created_timestamp&quot;:&quot;0&quot;,&quot;copyright&quot;:&quot;\\u0130HLAS HABER AJANSI, www.iha.com.tr&quot;,&quot;focal_length&quot;:&quot;0&quot;,&quot;iso&quot;:&quot;0&quot;,&quot;shutter_speed&quot;:&quot;0&quot;,&quot;title&quot;:&quot;CEZAY\\u0130R\\u2019DE S\\u0130V\\u0130L HALK POL\\u0130SLER\\u0130 KORUDU&quot;,&quot;orientation&quot;:&quot;0&quot;}\" data-image-title=\"Cezayir\u2019de sivil halk polisleri korudu\" data-image-description=\"&lt;p&gt;Cezayir\u2019de sivil halk polisleri korudu&lt;\/p&gt; \" data-medium-file=\"https:\/\/i0.wp.com\/www.tvturk.com\/wp-content\/uploads\/2019\/03\/cezayirde-sivil-halk-polisleri-korudu_41e16a6.jpg?fit=300%2C218\" data-large-file=\"https:\/\/i0.wp.com\/www.tvturk.com\/wp-content\/uploads\/2019\/03\/cezayirde-sivil-halk-polisleri-korudu_41e16a6.jpg?fit=1000%2C727\" src=\"https:\/\/i0.wp.com\/www.tvturk.com\/wp-content\/uploads\/2019\/03\/cezayirde-sivil-halk-polisleri-korudu_41e16a6.jpg?w=321&#038;h=234\" srcset=\"https:\/\/i0.wp.com\/www.tvturk.com\/wp-content\/uploads\/2019\/03\/cezayirde-sivil-halk-polisleri-korudu_41e16a6.jpg?w=1000 1000w, https:\/\/i0.wp.com\/www.tvturk.com\/wp-content\/uploads\/2019\/03\/cezayirde-sivil-halk-polisleri-korudu_41e16a6.jpg?resize=150%2C109 150w, https:\/\/i0.wp.com\/www.tvturk.com\/wp-content\/uploads\/2019\/03\/cezayirde-sivil-halk-polisleri-korudu_41e16a6.jpg?resize=300%2C218 300w, https:\/\/i0.wp.com\/www.tvturk.com\/wp-content\/uploads\/2019\/03\/cezayirde-sivil-halk-polisleri-korudu_41e16a6.jpg?resize=768%2C558 768w\" width=\"321\" height=\"234\" loading=\"lazy\" data-original-width=\"321\" data-original-height=\"234\" itemprop=\"http:\/\/schema.org\/image\" title=\"Cezayir\u2019de sivil halk polisleri korudu\" alt=\"Cezayir\u2019de sivil halk polisleri korudu\" style=\"width: 321px; height: 234px;\" \/> <\/a> <\/div> <\/div> <!-- close group --> <div class=\"gallery-group images-2\" style=\"width: 175px; height: 238px;\" data-original-width=\"175\" data-original-height=\"238\" > <div class=\"tiled-gallery-item tiled-gallery-item-small\" itemprop=\"associatedMedia\" itemscope itemtype=\"http:\/\/schema.org\/ImageObject\"> <a href=\"http:\/\/www.tvturk.com\/index.php\/cezayirde-sivil-halk-polisleri-korudu\/cezayirde-sivil-halk-polisleri-korudu-4\/\" border=\"0\" itemprop=\"url\"> <meta itemprop=\"width\" content=\"171\"> <meta itemprop=\"height\" content=\"114\"> <img decoding=\"async\" class=\"\" data-attachment-id=\"65719\" data-orig-file=\"http:\/\/www.tvturk.com\/wp-content\/uploads\/2019\/03\/cezayirde-sivil-halk-polisleri-korudu_32b517c.jpg\" data-orig-size=\"1000,666\" data-comments-opened=\"\" data-image-meta=\"{&quot;aperture&quot;:&quot;0&quot;,&quot;credit&quot;:&quot;IHA&quot;,&quot;camera&quot;:&quot;&quot;,&quot;caption&quot;:&quot;CEZAY\\u0130R CUMHURBA\\u015eKANI ABDULAZ\\u0130Z BUTEFL\\u0130KA\\u0027NIN 5\\u2019NC\\u0130 KEZ CUMHURBA\\u015eKANLI\\u011eI ADAYLI\\u011eINI PROTESTO EDEN HALK B\\u0130R KEZ DAHA SOKAKLARI DOLDURDU. PROTESTOLAR ESNASINDA B\\u0130R GRUP VATANDA\\u015eIN POL\\u0130SLER\\u0130 KORUMAK \\u0130\\u00c7\\u0130N KORDON OLU\\u015eTURMASI D\\u0130KKAT \\u00c7EKT\\u0130. (EPA\\\/CEZAY\\u0130R-EPA)&quot;,&quot;created_timestamp&quot;:&quot;0&quot;,&quot;copyright&quot;:&quot;\\u0130HLAS HABER AJANSI, www.iha.com.tr&quot;,&quot;focal_length&quot;:&quot;0&quot;,&quot;iso&quot;:&quot;0&quot;,&quot;shutter_speed&quot;:&quot;0&quot;,&quot;title&quot;:&quot;CEZAY\\u0130R\\u2019DE S\\u0130V\\u0130L HALK POL\\u0130SLER\\u0130 KORUDU&quot;,&quot;orientation&quot;:&quot;0&quot;}\" data-image-title=\"Cezayir\u2019de sivil halk polisleri korudu\" data-image-description=\"&lt;p&gt;Cezayir\u2019de sivil halk polisleri korudu&lt;\/p&gt; \" data-medium-file=\"https:\/\/i0.wp.com\/www.tvturk.com\/wp-content\/uploads\/2019\/03\/cezayirde-sivil-halk-polisleri-korudu_32b517c.jpg?fit=300%2C200\" data-large-file=\"https:\/\/i0.wp.com\/www.tvturk.com\/wp-content\/uploads\/2019\/03\/cezayirde-sivil-halk-polisleri-korudu_32b517c.jpg?fit=1000%2C666\" src=\"https:\/\/i0.wp.com\/www.tvturk.com\/wp-content\/uploads\/2019\/03\/cezayirde-sivil-halk-polisleri-korudu_32b517c.jpg?w=171&#038;h=114\" srcset=\"https:\/\/i0.wp.com\/www.tvturk.com\/wp-content\/uploads\/2019\/03\/cezayirde-sivil-halk-polisleri-korudu_32b517c.jpg?w=1000 1000w, https:\/\/i0.wp.com\/www.tvturk.com\/wp-content\/uploads\/2019\/03\/cezayirde-sivil-halk-polisleri-korudu_32b517c.jpg?resize=150%2C100 150w, https:\/\/i0.wp.com\/www.tvturk.com\/wp-content\/uploads\/2019\/03\/cezayirde-sivil-halk-polisleri-korudu_32b517c.jpg?resize=300%2C200 300w, https:\/\/i0.wp.com\/www.tvturk.com\/wp-content\/uploads\/2019\/03\/cezayirde-sivil-halk-polisleri-korudu_32b517c.jpg?resize=768%2C511 768w, https:\/\/i0.wp.com\/www.tvturk.com\/wp-content\/uploads\/2019\/03\/cezayirde-sivil-halk-polisleri-korudu_32b517c.jpg?resize=170%2C113 170w, https:\/\/i0.wp.com\/www.tvturk.com\/wp-content\/uploads\/2019\/03\/cezayirde-sivil-halk-polisleri-korudu_32b517c.jpg?resize=120%2C80 120w\" width=\"171\" height=\"114\" loading=\"lazy\" data-original-width=\"171\" data-original-height=\"114\" itemprop=\"http:\/\/schema.org\/image\" title=\"Cezayir\u2019de sivil halk polisleri korudu\" alt=\"Cezayir\u2019de sivil halk polisleri korudu\" style=\"width: 171px; height: 114px;\" \/> <\/a> <\/div> <div class=\"tiled-gallery-item tiled-gallery-item-small\" itemprop=\"associatedMedia\" itemscope itemtype=\"http:\/\/schema.org\/ImageObject\"> <a href=\"http:\/\/www.tvturk.com\/index.php\/cezayirde-sivil-halk-polisleri-korudu\/cezayirde-sivil-halk-polisleri-korudu-5\/\" border=\"0\" itemprop=\"url\"> <meta itemprop=\"width\" content=\"171\"> <meta itemprop=\"height\" content=\"116\"> <img decoding=\"async\" class=\"\" data-attachment-id=\"65720\" data-orig-file=\"http:\/\/www.tvturk.com\/wp-content\/uploads\/2019\/03\/cezayirde-sivil-halk-polisleri-korudu_e8fc195.jpg\" data-orig-size=\"1000,679\" data-comments-opened=\"\" data-image-meta=\"{&quot;aperture&quot;:&quot;0&quot;,&quot;credit&quot;:&quot;IHA&quot;,&quot;camera&quot;:&quot;&quot;,&quot;caption&quot;:&quot;CEZAY\\u0130R CUMHURBA\\u015eKANI ABDULAZ\\u0130Z BUTEFL\\u0130KA\\u0027NIN 5\\u2019NC\\u0130 KEZ CUMHURBA\\u015eKANLI\\u011eI ADAYLI\\u011eINI PROTESTO EDEN HALK B\\u0130R KEZ DAHA SOKAKLARI DOLDURDU. PROTESTOLAR ESNASINDA B\\u0130R GRUP VATANDA\\u015eIN POL\\u0130SLER\\u0130 KORUMAK \\u0130\\u00c7\\u0130N KORDON OLU\\u015eTURMASI D\\u0130KKAT \\u00c7EKT\\u0130. (EPA\\\/CEZAY\\u0130R-EPA)&quot;,&quot;created_timestamp&quot;:&quot;0&quot;,&quot;copyright&quot;:&quot;\\u0130HLAS HABER AJANSI, www.iha.com.tr&quot;,&quot;focal_length&quot;:&quot;0&quot;,&quot;iso&quot;:&quot;0&quot;,&quot;shutter_speed&quot;:&quot;0&quot;,&quot;title&quot;:&quot;CEZAY\\u0130R\\u2019DE S\\u0130V\\u0130L HALK POL\\u0130SLER\\u0130 KORUDU&quot;,&quot;orientation&quot;:&quot;0&quot;}\" data-image-title=\"Cezayir\u2019de sivil halk polisleri korudu\" data-image-description=\"&lt;p&gt;Cezayir\u2019de sivil halk polisleri korudu&lt;\/p&gt; \" data-medium-file=\"https:\/\/i0.wp.com\/www.tvturk.com\/wp-content\/uploads\/2019\/03\/cezayirde-sivil-halk-polisleri-korudu_e8fc195.jpg?fit=300%2C204\" data-large-file=\"https:\/\/i0.wp.com\/www.tvturk.com\/wp-content\/uploads\/2019\/03\/cezayirde-sivil-halk-polisleri-korudu_e8fc195.jpg?fit=1000%2C679\" src=\"https:\/\/i0.wp.com\/www.tvturk.com\/wp-content\/uploads\/2019\/03\/cezayirde-sivil-halk-polisleri-korudu_e8fc195.jpg?w=171&#038;h=116\" srcset=\"https:\/\/i0.wp.com\/www.tvturk.com\/wp-content\/uploads\/2019\/03\/cezayirde-sivil-halk-polisleri-korudu_e8fc195.jpg?w=1000 1000w, https:\/\/i0.wp.com\/www.tvturk.com\/wp-content\/uploads\/2019\/03\/cezayirde-sivil-halk-polisleri-korudu_e8fc195.jpg?resize=150%2C102 150w, https:\/\/i0.wp.com\/www.tvturk.com\/wp-content\/uploads\/2019\/03\/cezayirde-sivil-halk-polisleri-korudu_e8fc195.jpg?resize=300%2C204 300w, https:\/\/i0.wp.com\/www.tvturk.com\/wp-content\/uploads\/2019\/03\/cezayirde-sivil-halk-polisleri-korudu_e8fc195.jpg?resize=768%2C521 768w, https:\/\/i0.wp.com\/www.tvturk.com\/wp-content\/uploads\/2019\/03\/cezayirde-sivil-halk-polisleri-korudu_e8fc195.jpg?resize=120%2C80 120w, https:\/\/i0.wp.com\/www.tvturk.com\/wp-content\/uploads\/2019\/03\/cezayirde-sivil-halk-polisleri-korudu_e8fc195.jpg?resize=80%2C55 80w\" width=\"171\" height=\"116\" loading=\"lazy\" data-original-width=\"171\" data-original-height=\"116\" itemprop=\"http:\/\/schema.org\/image\" title=\"Cezayir\u2019de sivil halk polisleri korudu\" alt=\"Cezayir\u2019de sivil halk polisleri korudu\" style=\"width: 171px; height: 116px;\" \/> <\/a> <\/div> <\/div> <!-- close group --> <\/div> <!-- close row --> <div class=\"gallery-row\" style=\"width: 500px; height: 227px;\" data-original-width=\"500\" data-original-height=\"227\" > <div class=\"gallery-group images-1\" style=\"width: 338px; height: 227px;\" data-original-width=\"338\" data-original-height=\"227\" > <div class=\"tiled-gallery-item tiled-gallery-item-large\" itemprop=\"associatedMedia\" itemscope itemtype=\"http:\/\/schema.org\/ImageObject\"> <a href=\"http:\/\/www.tvturk.com\/index.php\/cezayirde-sivil-halk-polisleri-korudu\/cezayirde-sivil-halk-polisleri-korudu-6\/\" border=\"0\" itemprop=\"url\"> <meta itemprop=\"width\" content=\"334\"> <meta itemprop=\"height\" content=\"223\"> <img decoding=\"async\" class=\"\" data-attachment-id=\"65721\" data-orig-file=\"http:\/\/www.tvturk.com\/wp-content\/uploads\/2019\/03\/cezayirde-sivil-halk-polisleri-korudu_9256749.jpg\" data-orig-size=\"1000,666\" data-comments-opened=\"\" data-image-meta=\"{&quot;aperture&quot;:&quot;0&quot;,&quot;credit&quot;:&quot;IHA&quot;,&quot;camera&quot;:&quot;&quot;,&quot;caption&quot;:&quot;CEZAY\\u0130R CUMHURBA\\u015eKANI ABDULAZ\\u0130Z BUTEFL\\u0130KA\\u0027NIN 5\\u2019NC\\u0130 KEZ CUMHURBA\\u015eKANLI\\u011eI ADAYLI\\u011eINI PROTESTO EDEN HALK B\\u0130R KEZ DAHA SOKAKLARI DOLDURDU. PROTESTOLAR ESNASINDA B\\u0130R GRUP VATANDA\\u015eIN POL\\u0130SLER\\u0130 KORUMAK \\u0130\\u00c7\\u0130N KORDON OLU\\u015eTURMASI D\\u0130KKAT \\u00c7EKT\\u0130. (EPA\\\/CEZAY\\u0130R-EPA)&quot;,&quot;created_timestamp&quot;:&quot;0&quot;,&quot;copyright&quot;:&quot;\\u0130HLAS HABER AJANSI, www.iha.com.tr&quot;,&quot;focal_length&quot;:&quot;0&quot;,&quot;iso&quot;:&quot;0&quot;,&quot;shutter_speed&quot;:&quot;0&quot;,&quot;title&quot;:&quot;CEZAY\\u0130R\\u2019DE S\\u0130V\\u0130L HALK POL\\u0130SLER\\u0130 KORUDU&quot;,&quot;orientation&quot;:&quot;0&quot;}\" data-image-title=\"Cezayir\u2019de sivil halk polisleri korudu\" data-image-description=\"&lt;p&gt;Cezayir\u2019de sivil halk polisleri korudu&lt;\/p&gt; \" data-medium-file=\"https:\/\/i0.wp.com\/www.tvturk.com\/wp-content\/uploads\/2019\/03\/cezayirde-sivil-halk-polisleri-korudu_9256749.jpg?fit=300%2C200\" data-large-file=\"https:\/\/i0.wp.com\/www.tvturk.com\/wp-content\/uploads\/2019\/03\/cezayirde-sivil-halk-polisleri-korudu_9256749.jpg?fit=1000%2C666\" src=\"https:\/\/i0.wp.com\/www.tvturk.com\/wp-content\/uploads\/2019\/03\/cezayirde-sivil-halk-polisleri-korudu_9256749.jpg?w=334&#038;h=223\" srcset=\"https:\/\/i0.wp.com\/www.tvturk.com\/wp-content\/uploads\/2019\/03\/cezayirde-sivil-halk-polisleri-korudu_9256749.jpg?w=1000 1000w, https:\/\/i0.wp.com\/www.tvturk.com\/wp-content\/uploads\/2019\/03\/cezayirde-sivil-halk-polisleri-korudu_9256749.jpg?resize=150%2C100 150w, https:\/\/i0.wp.com\/www.tvturk.com\/wp-content\/uploads\/2019\/03\/cezayirde-sivil-halk-polisleri-korudu_9256749.jpg?resize=300%2C200 300w, https:\/\/i0.wp.com\/www.tvturk.com\/wp-content\/uploads\/2019\/03\/cezayirde-sivil-halk-polisleri-korudu_9256749.jpg?resize=768%2C511 768w, https:\/\/i0.wp.com\/www.tvturk.com\/wp-content\/uploads\/2019\/03\/cezayirde-sivil-halk-polisleri-korudu_9256749.jpg?resize=170%2C113 170w, https:\/\/i0.wp.com\/www.tvturk.com\/wp-content\/uploads\/2019\/03\/cezayirde-sivil-halk-polisleri-korudu_9256749.jpg?resize=120%2C80 120w\" width=\"334\" height=\"223\" loading=\"lazy\" data-original-width=\"334\" data-original-height=\"223\" itemprop=\"http:\/\/schema.org\/image\" title=\"Cezayir\u2019de sivil halk polisleri korudu\" alt=\"Cezayir\u2019de sivil halk polisleri korudu\" style=\"width: 334px; height: 223px;\" \/> <\/a> <\/div> <\/div> <!-- close group --> <div class=\"gallery-group images-1\" style=\"width: 162px; height: 227px;\" data-original-width=\"162\" data-original-height=\"227\" > <div class=\"tiled-gallery-item tiled-gallery-item-small\" itemprop=\"associatedMedia\" itemscope itemtype=\"http:\/\/schema.org\/ImageObject\"> <a href=\"http:\/\/www.tvturk.com\/index.php\/cezayirde-sivil-halk-polisleri-korudu\/cezayirde-sivil-halk-polisleri-korudu-7\/\" border=\"0\" itemprop=\"url\"> <meta itemprop=\"width\" content=\"158\"> <meta itemprop=\"height\" content=\"223\"> <img decoding=\"async\" class=\"\" data-attachment-id=\"65722\" data-orig-file=\"http:\/\/www.tvturk.com\/wp-content\/uploads\/2019\/03\/cezayirde-sivil-halk-polisleri-korudu_a75f4ce.jpg\" data-orig-size=\"709,1000\" data-comments-opened=\"\" data-image-meta=\"{&quot;aperture&quot;:&quot;0&quot;,&quot;credit&quot;:&quot;IHA&quot;,&quot;camera&quot;:&quot;&quot;,&quot;caption&quot;:&quot;CEZAY\\u0130R CUMHURBA\\u015eKANI ABDULAZ\\u0130Z BUTEFL\\u0130KA\\u0027NIN 5\\u2019NC\\u0130 KEZ CUMHURBA\\u015eKANLI\\u011eI ADAYLI\\u011eINI PROTESTO EDEN HALK B\\u0130R KEZ DAHA SOKAKLARI DOLDURDU. PROTESTOLAR ESNASINDA B\\u0130R GRUP VATANDA\\u015eIN POL\\u0130SLER\\u0130 KORUMAK \\u0130\\u00c7\\u0130N KORDON OLU\\u015eTURMASI D\\u0130KKAT \\u00c7EKT\\u0130. (EPA\\\/CEZAY\\u0130R-EPA)&quot;,&quot;created_timestamp&quot;:&quot;0&quot;,&quot;copyright&quot;:&quot;\\u0130HLAS HABER AJANSI, www.iha.com.tr&quot;,&quot;focal_length&quot;:&quot;0&quot;,&quot;iso&quot;:&quot;0&quot;,&quot;shutter_speed&quot;:&quot;0&quot;,&quot;title&quot;:&quot;CEZAY\\u0130R\\u2019DE S\\u0130V\\u0130L HALK POL\\u0130SLER\\u0130 KORUDU&quot;,&quot;orientation&quot;:&quot;0&quot;}\" data-image-title=\"Cezayir\u2019de sivil halk polisleri korudu\" data-image-description=\"&lt;p&gt;Cezayir\u2019de sivil halk polisleri korudu&lt;\/p&gt; \" data-medium-file=\"https:\/\/i0.wp.com\/www.tvturk.com\/wp-content\/uploads\/2019\/03\/cezayirde-sivil-halk-polisleri-korudu_a75f4ce.jpg?fit=213%2C300\" data-large-file=\"https:\/\/i0.wp.com\/www.tvturk.com\/wp-content\/uploads\/2019\/03\/cezayirde-sivil-halk-polisleri-korudu_a75f4ce.jpg?fit=709%2C1000\" src=\"https:\/\/i0.wp.com\/www.tvturk.com\/wp-content\/uploads\/2019\/03\/cezayirde-sivil-halk-polisleri-korudu_a75f4ce.jpg?w=158&#038;h=223\" srcset=\"https:\/\/i0.wp.com\/www.tvturk.com\/wp-content\/uploads\/2019\/03\/cezayirde-sivil-halk-polisleri-korudu_a75f4ce.jpg?w=709 709w, https:\/\/i0.wp.com\/www.tvturk.com\/wp-content\/uploads\/2019\/03\/cezayirde-sivil-halk-polisleri-korudu_a75f4ce.jpg?resize=106%2C150 106w, https:\/\/i0.wp.com\/www.tvturk.com\/wp-content\/uploads\/2019\/03\/cezayirde-sivil-halk-polisleri-korudu_a75f4ce.jpg?resize=213%2C300 213w\" width=\"158\" height=\"223\" loading=\"lazy\" data-original-width=\"158\" data-original-height=\"223\" itemprop=\"http:\/\/schema.org\/image\" title=\"Cezayir\u2019de sivil halk polisleri korudu\" alt=\"Cezayir\u2019de sivil halk polisleri korudu\" style=\"width: 158px; height: 223px;\" \/> <\/a> <\/div> <\/div> <!-- close group --> <\/div> <!-- close row --> <\/div><\/p>\n","protected":false},"excerpt":{"rendered":"<p>CEZAY\u0130R CUMHURBA\u015eKANI ABDULAZ\u0130Z BUTEFL\u0130KA&#8217;NIN 5\u2019NC\u0130 KEZ CUMHURBA\u015eKANLI\u011eI ADAYLI\u011eINI PROTESTO EDEN HALK B\u0130R KEZ DAHA SOKAKLARI DOLDURDU. PROTESTOLAR ESNASINDA B\u0130R GRUP VATANDA\u015eIN POL\u0130SLER\u0130 KORUMAK \u0130\u00c7\u0130N KORDON OLU\u015eTURMASI D\u0130KKAT \u00c7EKT\u0130.<\/p>\n","protected":false},"author":1,"featured_media":65717,"comment_status":"closed","ping_status":"open","sticky":false,"template":"","format":"standard","meta":{"jetpack_post_was_ever_published":false,"_jetpack_newsletter_access":"","_jetpack_dont_email_post_to_subs":false,"_jetpack_newsletter_tier_id":0,"_jetpack_memberships_contains_paywalled_content":false,"_jetpack_memberships_contains_paid_content":false,"footnotes":"","jetpack_publicize_message":"","jetpack_publicize_feature_enabled":true,"jetpack_social_post_already_shared":true,"jetpack_social_options":{"image_generator_settings":{"template":"highway","default_image_id":0,"font":"","enabled":false},"version":2}},"categories":[10],"tags":[7235,18443,1933,15976,1796],"class_list":["post-65716","post","type-post","status-publish","format-standard","has-post-thumbnail","hentry","category-dunya","tag-sivil","tag-cezayirde","tag-halk","tag-korudu","tag-polisleri"],"jetpack_publicize_connections":[],"jetpack_featured_media_url":"https:\/\/i0.wp.com\/www.tvturk.com\/wp-content\/uploads\/2019\/03\/cezayirde-sivil-halk-polisleri-korudu_249ffc0.jpg?fit=1000%2C666","jetpack_sharing_enabled":true,"jetpack_shortlink":"https:\/\/wp.me\/paKIfm-h5W","_links":{"self":[{"href":"http:\/\/www.tvturk.com\/index.php\/wp-json\/wp\/v2\/posts\/65716","targetHints":{"allow":["GET"]}}],"collection":[{"href":"http:\/\/www.tvturk.com\/index.php\/wp-json\/wp\/v2\/posts"}],"about":[{"href":"http:\/\/www.tvturk.com\/index.php\/wp-json\/wp\/v2\/types\/post"}],"author":[{"embeddable":true,"href":"http:\/\/www.tvturk.com\/index.php\/wp-json\/wp\/v2\/users\/1"}],"replies":[{"embeddable":true,"href":"http:\/\/www.tvturk.com\/index.php\/wp-json\/wp\/v2\/comments?post=65716"}],"version-history":[{"count":1,"href":"http:\/\/www.tvturk.com\/index.php\/wp-json\/wp\/v2\/posts\/65716\/revisions"}],"predecessor-version":[{"id":65723,"href":"http:\/\/www.tvturk.com\/index.php\/wp-json\/wp\/v2\/posts\/65716\/revisions\/65723"}],"wp:featuredmedia":[{"embeddable":true,"href":"http:\/\/www.tvturk.com\/index.php\/wp-json\/wp\/v2\/media\/65717"}],"wp:attachment":[{"href":"http:\/\/www.tvturk.com\/index.php\/wp-json\/wp\/v2\/media?parent=65716"}],"wp:term":[{"taxonomy":"category","embeddable":true,"href":"http:\/\/www.tvturk.com\/index.php\/wp-json\/wp\/v2\/categories?post=65716"},{"taxonomy":"post_tag","embeddable":true,"href":"http:\/\/www.tvturk.com\/index.php\/wp-json\/wp\/v2\/tags?post=65716"}],"curies":[{"name":"wp","href":"https:\/\/api.w.org\/{rel}","templated":true}]}}