{"id":65812,"date":"2019-03-02T07:42:59","date_gmt":"2019-03-02T04:42:59","guid":{"rendered":"http:\/\/www.tvturk.com\/index.php\/karli-yollari-asan-ekipler-3-hasta-kurtardi\/"},"modified":"2019-03-02T07:43:00","modified_gmt":"2019-03-02T04:43:00","slug":"karli-yollari-asan-ekipler-3-hasta-kurtardi","status":"publish","type":"post","link":"http:\/\/www.tvturk.com\/index.php\/karli-yollari-asan-ekipler-3-hasta-kurtardi\/","title":{"rendered":"Karl\u0131 yollar\u0131 a\u015fan ekipler, 3 hasta kurtard\u0131"},"content":{"rendered":"<p>Bing\u00f6l\u2019de kar ya\u011f\u0131\u015f\u0131 nedeniyle yollar\u0131 kapal\u0131 k\u00f6y ve mezrada mahsur kalan 3 hasta, Ulusal Medikal Kurtarma Ekipleri (UMKE) 6 saatlik yo\u011fun \u00e7al\u0131\u015fmas\u0131 sonucu kurtar\u0131larak hastaneye nakil edildi.<\/p>\n<p>Bing\u00f6l genelinde \u00f6nceki g\u00fcn etkili olan kar ya\u011f\u0131\u015f\u0131 nedeniyle bir \u00e7ok k\u00f6y ve mezran\u0131n yolu kapand\u0131.  Karla m\u00fccadele ekipleri yollar\u0131n a\u00e7\u0131lmas\u0131 i\u00e7in \u00e7al\u0131\u015fma yaparken hasta vatanda\u015flar i\u00e7in de UMKE ekipleri devreye girdi.<\/p>\n<p>Al\u0131nan bilgilere g\u00f6re, Karl\u0131ova il\u00e7esine ba\u011fl\u0131 Bah\u00e7e k\u00f6yde ate\u015fi y\u00fckselen 11 ya\u015f\u0131ndaki Ey\u00fcp \u015eim\u015fek\u2019in ailesi durumu 112 Acil Komuta Merkezine  bildirdi. Yolun kar nedeniyle kapal\u0131 olmas\u0131ndan dolay\u0131 devreye \u0130l Sa\u011fl\u0131k M\u00fcd\u00fcrl\u00fc\u011f\u00fc\u2019ne ba\u011fl\u0131 UMKE girdi.  K\u0131sa s\u00fcrede k\u00f6ye paletli ambulansla yeti\u015fen ekipler, \u015eim\u015fek\u2019i alarak Karl\u0131ova Devlet Hastanesi\u2019ne nakil etti.Ayn\u0131 k\u00f6yde ikamet eden b\u00f6brek yetmezli\u011fi hastas\u0131 \u015eahin Bayram\u2019\u0131n fenala\u015fmas\u0131 \u00fczerine yine devreye giren ekipler, onuda il\u00e7e devlet hastanesine ula\u015ft\u0131rd\u0131.<\/p>\n<p>Yine Karl\u0131ova il\u00e7esine ba\u011fl\u0131 Saka\u00f6ren k\u00f6y\u00fcnde ikamet eden b\u00f6brek yetmezli\u011fi hastas\u0131 Kutbettin Kala\u2019da rahats\u0131zland\u0131.Harekete ge\u00e7en UMKE ekipleri, paletli ara\u00e7la k\u00f6ye ula\u015farak hastay\u0131 al\u0131p  il\u00e7e devlet hastanesine sevk etti.<\/p>\n<p>UMKE ekiplerinin 6 saatlik yo\u011fun \u00e7al\u0131\u015fmas\u0131yla  3 hasta kurtar\u0131l\u0131rken, paletli ambulans ile karla kapal\u0131 olan Sakan\u00f6ren k\u00f6y yoluda ula\u015f\u0131ma a\u00e7\u0131ld\u0131.<div class=\"tiled-gallery type-rectangular tiled-gallery-unresized\" data-original-width=\"500\" data-carousel-extra='null' itemscope itemtype=\"http:\/\/schema.org\/ImageGallery\" > <div class=\"gallery-row\" style=\"width: 500px; height: 558px;\" data-original-width=\"500\" data-original-height=\"558\" > <div class=\"gallery-group images-1\" style=\"width: 500px; height: 558px;\" data-original-width=\"500\" data-original-height=\"558\" > <div class=\"tiled-gallery-item tiled-gallery-item-large\" itemprop=\"associatedMedia\" itemscope itemtype=\"http:\/\/schema.org\/ImageObject\"> <a href=\"http:\/\/www.tvturk.com\/index.php\/karli-yollari-asan-ekipler-3-hasta-kurtardi\/karli-yollari-asan-ekipler-3-hasta-kurtardi-3\/\" border=\"0\" itemprop=\"url\"> <meta itemprop=\"width\" content=\"496\"> <meta itemprop=\"height\" content=\"554\"> <img decoding=\"async\" class=\"\" data-attachment-id=\"65814\" data-orig-file=\"http:\/\/www.tvturk.com\/wp-content\/uploads\/2019\/03\/karli-yollari-asan-ekipler-3-hasta-kurtardi_3365e6a.jpg\" data-orig-size=\"729,814\" data-comments-opened=\"\" data-image-meta=\"{&quot;aperture&quot;:&quot;0&quot;,&quot;credit&quot;:&quot;IHA&quot;,&quot;camera&quot;:&quot;&quot;,&quot;caption&quot;:&quot;B\\u0130NG\\u00d6L\\u2019DE KAR YA\\u011eI\\u015eI NEDEN\\u0130YLE MAHSUR KALAN 3 HASTA, UMKE EK\\u0130PLER\\u0130N\\u0130N 6 SAATL\\u0130K YO\\u011eUN \\u00c7ALI\\u015eMASI SONUCU KURTARILARAK HASTANEYE NAK\\u0130L ED\\u0130LD\\u0130. (MUHAMMET AL\\u0130 \\u00c7\\u0130FT\\u00c7\\u0130\\\/B\\u0130NG\\u00d6L-\\u0130HA)&quot;,&quot;created_timestamp&quot;:&quot;1551541080&quot;,&quot;copyright&quot;:&quot;\\u0130HLAS HABER AJANSI, www.iha.com.tr&quot;,&quot;focal_length&quot;:&quot;0&quot;,&quot;iso&quot;:&quot;0&quot;,&quot;shutter_speed&quot;:&quot;0&quot;,&quot;title&quot;:&quot;KARLI YOLLARI A\\u015eAN EK\\u0130PLER, 3 HASTA KURTARDI&quot;,&quot;orientation&quot;:&quot;0&quot;}\" data-image-title=\"Karl\u0131 yollar\u0131 a\u015fan ekipler, 3 hasta kurtard\u0131\" data-image-description=\"&lt;p&gt;Karl\u0131 yollar\u0131 a\u015fan ekipler, 3 hasta kurtard\u0131&lt;\/p&gt; \" data-medium-file=\"https:\/\/i0.wp.com\/www.tvturk.com\/wp-content\/uploads\/2019\/03\/karli-yollari-asan-ekipler-3-hasta-kurtardi_3365e6a.jpg?fit=269%2C300\" data-large-file=\"https:\/\/i0.wp.com\/www.tvturk.com\/wp-content\/uploads\/2019\/03\/karli-yollari-asan-ekipler-3-hasta-kurtardi_3365e6a.jpg?fit=729%2C814\" src=\"https:\/\/i0.wp.com\/www.tvturk.com\/wp-content\/uploads\/2019\/03\/karli-yollari-asan-ekipler-3-hasta-kurtardi_3365e6a.jpg?w=496&#038;h=554\" srcset=\"https:\/\/i0.wp.com\/www.tvturk.com\/wp-content\/uploads\/2019\/03\/karli-yollari-asan-ekipler-3-hasta-kurtardi_3365e6a.jpg?w=729 729w, https:\/\/i0.wp.com\/www.tvturk.com\/wp-content\/uploads\/2019\/03\/karli-yollari-asan-ekipler-3-hasta-kurtardi_3365e6a.jpg?resize=134%2C150 134w, https:\/\/i0.wp.com\/www.tvturk.com\/wp-content\/uploads\/2019\/03\/karli-yollari-asan-ekipler-3-hasta-kurtardi_3365e6a.jpg?resize=269%2C300 269w\" width=\"496\" height=\"554\" loading=\"lazy\" data-original-width=\"496\" data-original-height=\"554\" itemprop=\"http:\/\/schema.org\/image\" title=\"Karl\u0131 yollar\u0131 a\u015fan ekipler, 3 hasta kurtard\u0131\" alt=\"Karl\u0131 yollar\u0131 a\u015fan ekipler, 3 hasta kurtard\u0131\" style=\"width: 496px; height: 554px;\" \/> <\/a> <\/div> <\/div> <!-- close group --> <\/div> <!-- close row --> <\/div><\/p>\n","protected":false},"excerpt":{"rendered":"<p>B\u0130NG\u00d6L\u2019DE KAR YA\u011eI\u015eI NEDEN\u0130YLE MAHSUR KALAN 3 HASTA, UMKE EK\u0130PLER\u0130N\u0130N 6 SAATL\u0130K YO\u011eUN \u00c7ALI\u015eMASI SONUCU KURTARILARAK HASTANEYE NAK\u0130L ED\u0130LD\u0130.<\/p>\n","protected":false},"author":1,"featured_media":65813,"comment_status":"closed","ping_status":"open","sticky":false,"template":"","format":"standard","meta":{"jetpack_post_was_ever_published":false,"_jetpack_newsletter_access":"","_jetpack_dont_email_post_to_subs":false,"_jetpack_newsletter_tier_id":0,"_jetpack_memberships_contains_paywalled_content":false,"_jetpack_memberships_contains_paid_content":false,"footnotes":"","jetpack_publicize_message":"","jetpack_publicize_feature_enabled":true,"jetpack_social_post_already_shared":true,"jetpack_social_options":{"image_generator_settings":{"template":"highway","default_image_id":0,"font":"","enabled":false},"version":2}},"categories":[1],"tags":[5207,3576,4166,7986,477,5024],"class_list":["post-65812","post","type-post","status-publish","format-standard","has-post-thumbnail","hentry","category-genel","tag-asan","tag-ekipler","tag-hasta","tag-karli","tag-kurtardi","tag-yollari"],"jetpack_publicize_connections":[],"jetpack_featured_media_url":"https:\/\/i0.wp.com\/www.tvturk.com\/wp-content\/uploads\/2019\/03\/karli-yollari-asan-ekipler-3-hasta-kurtardi_d76e1ce.jpg?fit=1000%2C585","jetpack_sharing_enabled":true,"jetpack_shortlink":"https:\/\/wp.me\/paKIfm-h7u","_links":{"self":[{"href":"http:\/\/www.tvturk.com\/index.php\/wp-json\/wp\/v2\/posts\/65812","targetHints":{"allow":["GET"]}}],"collection":[{"href":"http:\/\/www.tvturk.com\/index.php\/wp-json\/wp\/v2\/posts"}],"about":[{"href":"http:\/\/www.tvturk.com\/index.php\/wp-json\/wp\/v2\/types\/post"}],"author":[{"embeddable":true,"href":"http:\/\/www.tvturk.com\/index.php\/wp-json\/wp\/v2\/users\/1"}],"replies":[{"embeddable":true,"href":"http:\/\/www.tvturk.com\/index.php\/wp-json\/wp\/v2\/comments?post=65812"}],"version-history":[{"count":1,"href":"http:\/\/www.tvturk.com\/index.php\/wp-json\/wp\/v2\/posts\/65812\/revisions"}],"predecessor-version":[{"id":65815,"href":"http:\/\/www.tvturk.com\/index.php\/wp-json\/wp\/v2\/posts\/65812\/revisions\/65815"}],"wp:featuredmedia":[{"embeddable":true,"href":"http:\/\/www.tvturk.com\/index.php\/wp-json\/wp\/v2\/media\/65813"}],"wp:attachment":[{"href":"http:\/\/www.tvturk.com\/index.php\/wp-json\/wp\/v2\/media?parent=65812"}],"wp:term":[{"taxonomy":"category","embeddable":true,"href":"http:\/\/www.tvturk.com\/index.php\/wp-json\/wp\/v2\/categories?post=65812"},{"taxonomy":"post_tag","embeddable":true,"href":"http:\/\/www.tvturk.com\/index.php\/wp-json\/wp\/v2\/tags?post=65812"}],"curies":[{"name":"wp","href":"https:\/\/api.w.org\/{rel}","templated":true}]}}