{"id":65869,"date":"2019-03-02T09:41:15","date_gmt":"2019-03-02T06:41:15","guid":{"rendered":"http:\/\/www.tvturk.com\/index.php\/kitap-cikarmak-istedi-basina-gelmedik-kalmadi\/"},"modified":"2019-03-02T09:41:20","modified_gmt":"2019-03-02T06:41:20","slug":"kitap-cikarmak-istedi-basina-gelmedik-kalmadi","status":"publish","type":"post","link":"http:\/\/www.tvturk.com\/index.php\/kitap-cikarmak-istedi-basina-gelmedik-kalmadi\/","title":{"rendered":"Kitap \u00e7\u0131karmak istedi, ba\u015f\u0131na gelmedik kalmad\u0131"},"content":{"rendered":"<p>\u00dc\u00e7\u00fcnc\u00fc roman\u0131n\u0131 \u00e7\u0131karmak i\u00e7in uzun zamand\u0131r u\u011fra\u015fan korku ve polisiye yazar\u0131 Melis B\u00fcy\u00fckplevne\u2019nin ba\u015f\u0131na olmad\u0131k i\u015fler geldi.<\/p>\n<p>Korku ve polisiye yazar\u0131 Melis B\u00fcy\u00fckplevne, \u00fc\u00e7\u00fcnc\u00fc roman\u0131n\u0131 \u00e7\u0131kartmak i\u00e7in uzun zamand\u0131r adeta sava\u015f veriyor. Bu sava\u015f\u0131n nedeni ard\u0131 ard\u0131na ya\u015fad\u0131\u011f\u0131 \u015fanss\u0131zl\u0131klar. B\u00fcy\u00fckplevne, ya\u015fad\u0131\u011f\u0131 talihsizlikleri \u0130HA Muhabiri Ay\u015feg\u00fcl Ayano\u011flu\u2019na anlatt\u0131. \u0130\u015fte, \u201cBu kadar \u015fanss\u0131zl\u0131k da olur mu?!\u201d diyece\u011finiz o r\u00f6portaj:<\/p>\n<p>Olaylara ge\u00e7meden \u00f6nce, sizi tan\u0131mayanlar i\u00e7in biraz kendinizden bahsedebilir misiniz?<\/p>\n<p>Elbette! Ad\u0131m Melis B\u00fcy\u00fckplevne. 1984\u2019te \u0130stanbul\u2019da do\u011fdum. Yedi ya\u015f\u0131nda babam\u0131n tayini nedeniyle Almanya\u2019ya gittim ve orada 11 sene ya\u015fad\u0131ktan sonra 2002\u2019de T\u00fcrkiye\u2019ye d\u00f6nerek Marmara \u00dcniversitesi \u0130leti\u015fim Fak\u00fcltesi\u2019nde \u2018Radyo TV ve Sinema\u2019 okudum.<\/p>\n<p>Almanya ser\u00fcveninde tiyatro e\u011fitimi g\u00f6rd\u00fcm ve bir\u00e7ok oyunda rol ald\u0131m. Her zaman hikayeler yazd\u0131m ve okullar aras\u0131 d\u00fczenlenen bir yar\u0131\u015fmada \u2018En iyi bilim-kurgu\u2019 ikincilik \u00f6d\u00fcl\u00fcn\u00fc kazand\u0131m. \u00d6\u011fretmenlerin, buna ra\u011fmen kompozisyonlarda k\u0131r\u0131k not vermelerine ald\u0131r\u0131\u015f etmeyip, pes etmedim ve yazmaya devam edip yazar oldum. \u015eu ana kadar 2 yay\u0131nlanm\u0131\u015f roman\u0131m var. G\u00fcncel olarak da ayr\u0131ca bir gazetede k\u00f6\u015fe yazarl\u0131\u011f\u0131 yap\u0131yorum.<\/p>\n<p>\u0130lk kitaplar\u0131n\u0131z ne \u00fczerineydi?<\/p>\n<p>\u0130lk kitab\u0131m Hayal-i R\u00fcya; Gelibolu\u2019da, sava\u015f d\u00f6neminde ya\u015fanm\u0131\u015f gizemli bir a\u015fk hikayesi ile g\u00fcn\u00fcm\u00fczde bir grup gencin ya\u015fad\u0131\u011f\u0131 gerilimli olaylar\u0131 anlat\u0131yor. Baba taraf\u0131ndan Gelibolu\u2019lu oldu\u011fum i\u00e7in pek bilinmeyen tarihi yerleri ve olaylar\u0131 da i\u015fledim.<\/p>\n<p>\u0130kinci kitab\u0131m Kanl\u0131 Yal\u0131 biraz daha korku bazl\u0131. \u0130stanbul\u2019da y\u0131llar \u00f6nce i\u015flenmi\u015f ve faili bulunamam\u0131\u015f bir cinayete sahne olan Kanl\u0131 Yal\u0131 ile yollar\u0131 kesi\u015fen \u00fc\u00e7 ki\u015fiyi konu al\u0131yor. Bunlardan biri; bir seminer i\u00e7in \u0130stanbul\u2019a gelen \u00fcnl\u00fc Parapsikolog Dr. Andrews. G\u00f6rece\u011fi bir r\u00fcya sonras\u0131, kendisi birden bu yal\u0131n\u0131n bir par\u00e7as\u0131 oluyor ve b\u00fcy\u00fck bir gerilim ba\u015fl\u0131yor.<\/p>\n<p>Kitaplar\u0131n\u0131z hep gerilim tarz\u0131 m\u0131?<\/p>\n<p>Evet, \u00e7ocuklu\u011fumdan beri hem gerilim okumay\u0131, hem de yazmay\u0131 severim. Hatta film se\u00e7imlerim de bu y\u00f6ndedir. Polisiye ve gerilim.<\/p>\n<p>Kitaplar\u0131n\u0131zla ilgili geri d\u00f6n\u00fc\u015fler nas\u0131l?<\/p>\n<p>Bekledi\u011fimden \u00e7ok daha iyi geri d\u00f6n\u00fc\u015fler ald\u0131m. Uzun zamand\u0131r kitap okumam\u0131\u015f oldu\u011funu s\u00f6yleyen baz\u0131 insanlar bana ula\u015f\u0131p, sayenizde bir kitap bitirdim dediler. Ak\u0131c\u0131 bir dili tercih etti\u011fim i\u00e7in neredeyse herkesten ayn\u0131 yorumu al\u0131yorum: \u201cKitap \u00e7ok ak\u0131c\u0131yd\u0131 ve hemen bitti.\u201d<\/p>\n<p>Demek ki do\u011fru yolday\u0131m. Ayr\u0131ca korkup, kitab\u0131 yar\u0131da b\u0131rakt\u0131\u011f\u0131n\u0131 s\u00f6yleyen ama devam\u0131n\u0131 merak etti\u011fi i\u00e7in anlatmam\u0131 isteyen de oldu.<\/p>\n<p>Gelelim inan\u0131lmas\u0131 g\u00fc\u00e7 olaylara. \u00d6nceki yay\u0131nevinden ayr\u0131lman\u0131z\u0131n sebebi neydi ve \u00fc\u00e7\u00fcnc\u00fc kitab\u0131n\u0131z neden \u00e7\u0131kamad\u0131?<\/p>\n<p>\u0130lk 2 kitaptan sonra, ba\u015far\u0131l\u0131 grafi\u011fime ra\u011fmen umdu\u011fum deste\u011fi g\u00f6remeyince yay\u0131nevinden ayr\u0131lma karar\u0131 ald\u0131m. G\u00fcn\u00fcm\u00fczde reklam ve sosyal medya platformu \u00e7ok \u00f6nemli ve buna uyum sa\u011flayamazsan\u0131z i\u015fler maalesef y\u00fcr\u00fcm\u00fcyor. Bunu tek ba\u015f\u0131ma yapmak da beni \u00e7ok y\u0131pratt\u0131. T\u00fcm bunlar ya\u015fan\u0131rken bir ba\u015fka yay\u0131nevi sahibi ile tan\u0131\u015ft\u0131m ve k\u0131sa s\u00fcrede yeni kitab\u0131m i\u00e7in anla\u015ft\u0131m. Her \u015fey tamamd\u0131. Son bir kez okuyacakt\u0131 ve bas\u0131m\u0131 konu\u015facakt\u0131k. \u0130\u015fte ne olduysa bundan sonra oldu.<\/p>\n<p>\u00c7ok merak ettim. Neler oldu?<\/p>\n<p>15  Temmuz 2016 sabah\u0131 yay\u0131nevi sahibi ile g\u00f6r\u00fc\u015ft\u00fck. Sakin bir yere gidip kitab\u0131 yeniden okuyaca\u011f\u0131n\u0131 s\u00f6yledi. O zaman neredeydi bilmiyorum ama konu\u015furken arka fondan helikopter sesine benzer bir ses geliyordu ve g\u00fcr\u00fclt\u00fcden pek bir \u015fey anlayamam\u0131\u015ft\u0131m. Yay\u0131nevi sahibi, daha sonra haberle\u015firiz deyince, tamam dedim ve telefonu kapatt\u0131m. Ak\u015fam televizyonu izlerken birden son dakika haberleri belirmeye ba\u015flad\u0131 ve malum olaylar ya\u015fand\u0131. K\u0131sa bir s\u00fcre sonra OHAL ilan edilince yay\u0131nevi sahibi beni arad\u0131 ve kitap i\u015finin ertelendi\u011fini s\u00f6yledi. \u2019Bas\u0131mlar durdu\u2019 dedi. Bu durumu do\u011fal kar\u015f\u0131lad\u0131m ve 1-2 ay beklemeye karar verdim. Yakla\u015f\u0131k bir ay sonra yay\u0131nevi sahibi bana, \u2019Kitab\u0131n\u0131z\u0131 Aral\u0131k gibi basar\u0131z\u2019 diye bir mesaj att\u0131. Aral\u0131k oldu ama ne arayan var ne de soran. Biraz daha bekleyeyim derken bir mesaj daha geldi: \u2019Her hafta canl\u0131 m\u00fczi\u011fimiz var, sizleri de bekleriz\u2019 Yer falan da belirtilmi\u015fti. \u00d6nce reklam sand\u0131m. Sonra bir bakt\u0131m benim eski yay\u0131nevi sahibi. Adam bran\u015f de\u011fi\u015ftirmi\u015f ve gastronomiye y\u00f6nelmi\u015fti. A\u011flasam m\u0131 g\u00fclsem mi, bilemedim.<\/p>\n<p>Ciddi ciddi bir de canl\u0131 m\u00fczi\u011fe mi davet etmi\u015f?<\/p>\n<p>Aynen \u00f6yle. Y\u0131lba\u015f\u0131nda da hindili bir video att\u0131 bana. Dedim, tamam. Sil ba\u015ftan yeni bir yay\u0131nevi bulma vakti geldi.<\/p>\n<p>Sonra neler oldu?<\/p>\n<p>Sonra epey bir ara\u015ft\u0131rma yapt\u0131m, bir s\u00fcr\u00fc ki\u015fiyle g\u00f6r\u00fc\u015ft\u00fcm, ara\u015ft\u0131rd\u0131m ve ge\u00e7ti\u011fimiz y\u0131l bir yay\u0131nevi daha buldum. Her konuda anla\u015ft\u0131k. Eyl\u00fcl gibi basar\u0131z diye konu\u015ftuk ve aradan bir hafta ge\u00e7ti ge\u00e7medi, haberlerde ka\u011f\u0131t fabrikas\u0131n\u0131n sat\u0131ld\u0131\u011f\u0131 s\u00f6ylendi. B\u00f6ylelikle ka\u011f\u0131t fiyatlar\u0131 u\u00e7tu ve bu anla\u015fma da suya d\u00fc\u015ft\u00fc. Kurun inan\u0131lmaz y\u00fckseli\u015fi de fiyatlar\u0131 direkt olarak etkiledi tabii. Bir ara kitab\u0131 ben bast\u0131ray\u0131m dedim ama imkan\u0131 yok, o rakamlar\u0131 veremem.<\/p>\n<p>Ger\u00e7ekten de b\u00fcy\u00fck bir \u015fanss\u0131zl\u0131k olmu\u015f. Hep b\u00f6yle \u015fanss\u0131z m\u0131s\u0131n\u0131zd\u0131r?<\/p>\n<p>Maalesef \u00f6yleyim. \u0130lk kitab\u0131m\u0131n bas\u0131m\u0131 da olayl\u0131yd\u0131 zaten.<\/p>\n<p>Nas\u0131l yani?<\/p>\n<p>\u0130lk kitab\u0131m asl\u0131nda 2008\u2019de \u00e7\u0131kacakt\u0131. O zamanlar iyi bilinen bir yay\u0131nevi ile anla\u015fm\u0131\u015ft\u0131m ama ekonomik kriz patlak verdi ve yay\u0131nevi bas\u0131mlar\u0131 durdurdu. \u0130kinci kitab\u0131m da gecikmeli \u00e7\u0131kt\u0131 asl\u0131nda. Matbaac\u0131m\u0131z \u00f6l\u00fcnce, bas\u0131m\u0131 gecikti.<\/p>\n<p>\u015eaka deyin l\u00fctfen! Krizler, \u00f6l\u00fcmler, daha neler var?<\/p>\n<p>Maalesef do\u011fru. Daha \u00f6nce de beraber \u00e7al\u0131\u015fmak \u00fczere anla\u015ft\u0131\u011f\u0131m bir iki firma batm\u0131\u015ft\u0131. Ayr\u0131ca bir de spor muhabirli\u011fi i\u015fi vard\u0131. Her \u015fey olumlu ilerlerken, aniden \u00e7ok bilindik bir program (ismini vermeyeyim) da\u011f\u0131ld\u0131 ve o hayallerim de rafa kalkt\u0131. \u0130\u015f konusunda \u00e7ok \u00e7al\u0131\u015fkan biri olmama ra\u011fmen hep \u015fanss\u0131z oldum.<\/p>\n<p>Bu ger\u00e7ekten de inan\u0131lmaz. \u00dczerinizde nazar m\u0131 var acaba?<\/p>\n<p>Valla akl\u0131mdan neler ge\u00e7ti. Hayat\u0131mda g\u00f6rd\u00fc\u011f\u00fcm en tembel insanlar\u0131n bile deli gibi \u015fansl\u0131 oldu\u011funu g\u00f6rmek beni \u015f\u00fcphelendirdi. Ayr\u0131ca sinirim de bozuldu.<\/p>\n<p>Bu durum sizi etkilemi\u015ftir.<\/p>\n<p>Evet, bir d\u00f6nem ciddi anlamda sinirlerim y\u0131prand\u0131. Devaml\u0131 \u00e7al\u0131\u015f\u0131yorum, bir \u015feyler \u00fcretiyorum ama sonuca ula\u015fam\u0131yorum. Zaman zaman t\u00fckenmeye yakla\u015ft\u0131\u011f\u0131m anlar oldu ama hi\u00e7 pes etmedim. Bir g\u00fcn hayallerimin ger\u00e7ekle\u015fece\u011fine inan\u0131yorum \u00e7\u00fcnk\u00fc.<\/p>\n<p>Peki, \u00fc\u00e7\u00fcnc\u00fc kitap \u015fu anda ne durumda?<\/p>\n<p>Hala bas\u0131lmay\u0131 bekliyor. Bir s\u00fcr\u00fc yay\u0131nevi ile g\u00f6r\u00fc\u015ft\u00fcm ama maalesef neredeyse hepsi ticari d\u00fc\u015f\u00fcn\u00fcyor. Kitab\u0131 okumadan reddedenler oldu. Bana fiyat \u00e7\u0131kart\u0131p durdular ama i\u015fin ac\u0131 taraf\u0131 \u015fu; b\u00fct\u00fcn paray\u0131 benim \u00f6dememi bekliyorlar ama telife ortak oluyorlar. Yani biraz, \u2019Armut pi\u015f, a\u011fz\u0131ma d\u00fc\u015f\u2019 durumu var piyasada. Kimse; \u00fc\u00e7\u00fcnc\u00fc kitab\u0131mm\u0131\u015f, ne kadar satm\u0131\u015f, potansiyelim neymi\u015f, bakm\u0131yor. Ke\u015fke \u00fcnl\u00fc biri olsayd\u0131m diyorum bazen, o zaman yay\u0131nevleri sizi kendili\u011finden buluyor \u00e7\u00fcnk\u00fc.<\/p>\n<p>Bu arada \u00fc\u00e7\u00fcnc\u00fc roman\u0131n konusu nedir? Okurlar\u0131m\u0131z da bilsinler.<\/p>\n<p>Kitapta, Nevfel ad\u0131nda bir seri katilin do\u011fu\u015funu ve i\u015fledi\u011fi cinayetleri anlatt\u0131m. Bu kitap di\u011ferlerinden daha da sert ve her zaman oldu\u011fu gibi y\u00fcksek gerilimli. Bir insan nas\u0131l bir seri katile d\u00f6n\u00fc\u015f\u00fcr, bunun sebebini ve daha fazlas\u0131n\u0131 anlat\u0131yorum.<\/p>\n<p>Umar\u0131m yay\u0131nevleri sesinizi duyar ve sonunda yeni kitab\u0131n\u0131z\u0131 okuma \u015fans\u0131m\u0131z olur. Onlara veya okurlar\u0131n\u0131za s\u00f6ylemek istedi\u011finiz bir \u015fey var m\u0131?<\/p>\n<p>Unutmas\u0131nlar ki, risk almadan baz\u0131 \u015feyleri ba\u015faramazs\u0131n\u0131z. Hem kitaplar\u0131mdan, hem de gazetedeki k\u00f6\u015fe yaz\u0131mdan gelen okurlar\u0131m var. En \u00f6nemlisi, yay\u0131nlanm\u0131\u015f ve sevilmi\u015f iki kitab\u0131m var. Hat\u0131r i\u00e7in okumadan bas\u0131lan kitaplarda ald\u0131\u011f\u0131n\u0131z riski bende alamaz m\u0131s\u0131n\u0131z?<\/p>\n<p>Not: R\u00f6portajdan sonra bana Melis Han\u0131m\u2019dan bir mesaj  geldi. Farkl\u0131 bir \u00e7al\u0131\u015fma i\u00e7in anla\u015fm\u0131\u015f oldu\u011fu bir ki\u015fi, \u00e7al\u0131\u015ft\u0131\u011f\u0131 firmadaki ortakl\u0131ktan \u00e7\u0131km\u0131\u015f ve i\u015f iptal olmu\u015f.<div class=\"tiled-gallery type-rectangular tiled-gallery-unresized\" data-original-width=\"500\" data-carousel-extra='null' itemscope itemtype=\"http:\/\/schema.org\/ImageGallery\" > <div class=\"gallery-row\" style=\"width: 500px; height: 242px;\" data-original-width=\"500\" data-original-height=\"242\" > <div class=\"gallery-group images-1\" style=\"width: 322px; height: 242px;\" data-original-width=\"322\" data-original-height=\"242\" > <div class=\"tiled-gallery-item tiled-gallery-item-large\" itemprop=\"associatedMedia\" itemscope itemtype=\"http:\/\/schema.org\/ImageObject\"> <a href=\"http:\/\/www.tvturk.com\/index.php\/kitap-cikarmak-istedi-basina-gelmedik-kalmadi\/kitap-cikarmak-istedi-basina-gelmedik-kalmadi-3\/\" border=\"0\" itemprop=\"url\"> <meta itemprop=\"width\" content=\"318\"> <meta itemprop=\"height\" content=\"238\"> <img decoding=\"async\" class=\"\" data-attachment-id=\"65871\" data-orig-file=\"http:\/\/www.tvturk.com\/wp-content\/uploads\/2019\/03\/kitap-cikarmak-istedi-basina-gelmedik-kalmadi_0b7b360.jpg\" data-orig-size=\"604,453\" data-comments-opened=\"\" data-image-meta=\"{&quot;aperture&quot;:&quot;0&quot;,&quot;credit&quot;:&quot;IHA&quot;,&quot;camera&quot;:&quot;&quot;,&quot;caption&quot;:&quot;\\u00dc\\u00c7\\u00dcNC\\u00dc ROMANINI \\u00c7IKARMAK \\u0130\\u00c7\\u0130N UZUN ZAMANDIR U\\u011eRA\\u015eAN KORKU VE POL\\u0130S\\u0130YE YAZARI MEL\\u0130S B\\u00dcY\\u00dcKPLEVNE\\u2019N\\u0130N BA\\u015eINA OLMADIK \\u0130\\u015eLER GELD\\u0130. (\\u0130HA\\\/\\u0130STANBUL-\\u0130HA)&quot;,&quot;created_timestamp&quot;:&quot;0&quot;,&quot;copyright&quot;:&quot;\\u0130HLAS HABER AJANSI, www.iha.com.tr&quot;,&quot;focal_length&quot;:&quot;0&quot;,&quot;iso&quot;:&quot;0&quot;,&quot;shutter_speed&quot;:&quot;0&quot;,&quot;title&quot;:&quot;K\\u0130TAP \\u00c7IKARMAK \\u0130STED\\u0130, BA\\u015eINA GELMED\\u0130K KALMADI&quot;,&quot;orientation&quot;:&quot;0&quot;}\" data-image-title=\"Kitap \u00e7\u0131karmak istedi, ba\u015f\u0131na gelmedik kalmad\u0131\" data-image-description=\"&lt;p&gt;Kitap \u00e7\u0131karmak istedi, ba\u015f\u0131na gelmedik kalmad\u0131&lt;\/p&gt; \" data-medium-file=\"https:\/\/i0.wp.com\/www.tvturk.com\/wp-content\/uploads\/2019\/03\/kitap-cikarmak-istedi-basina-gelmedik-kalmadi_0b7b360.jpg?fit=300%2C225\" data-large-file=\"https:\/\/i0.wp.com\/www.tvturk.com\/wp-content\/uploads\/2019\/03\/kitap-cikarmak-istedi-basina-gelmedik-kalmadi_0b7b360.jpg?fit=604%2C453\" src=\"https:\/\/i0.wp.com\/www.tvturk.com\/wp-content\/uploads\/2019\/03\/kitap-cikarmak-istedi-basina-gelmedik-kalmadi_0b7b360.jpg?w=318&#038;h=238\" srcset=\"https:\/\/i0.wp.com\/www.tvturk.com\/wp-content\/uploads\/2019\/03\/kitap-cikarmak-istedi-basina-gelmedik-kalmadi_0b7b360.jpg?w=604 604w, https:\/\/i0.wp.com\/www.tvturk.com\/wp-content\/uploads\/2019\/03\/kitap-cikarmak-istedi-basina-gelmedik-kalmadi_0b7b360.jpg?resize=150%2C113 150w, https:\/\/i0.wp.com\/www.tvturk.com\/wp-content\/uploads\/2019\/03\/kitap-cikarmak-istedi-basina-gelmedik-kalmadi_0b7b360.jpg?resize=300%2C225 300w\" width=\"318\" height=\"238\" loading=\"lazy\" data-original-width=\"318\" data-original-height=\"238\" itemprop=\"http:\/\/schema.org\/image\" title=\"Kitap \u00e7\u0131karmak istedi, ba\u015f\u0131na gelmedik kalmad\u0131\" alt=\"Kitap \u00e7\u0131karmak istedi, ba\u015f\u0131na gelmedik kalmad\u0131\" style=\"width: 318px; height: 238px;\" \/> <\/a> <\/div> <\/div> <!-- close group --> <div class=\"gallery-group images-2\" style=\"width: 178px; height: 242px;\" data-original-width=\"178\" data-original-height=\"242\" > <div class=\"tiled-gallery-item tiled-gallery-item-small\" itemprop=\"associatedMedia\" itemscope itemtype=\"http:\/\/schema.org\/ImageObject\"> <a href=\"http:\/\/www.tvturk.com\/index.php\/kitap-cikarmak-istedi-basina-gelmedik-kalmadi\/kitap-cikarmak-istedi-basina-gelmedik-kalmadi-4\/\" border=\"0\" itemprop=\"url\"> <meta itemprop=\"width\" content=\"174\"> <meta itemprop=\"height\" content=\"118\"> <img decoding=\"async\" class=\"\" data-attachment-id=\"65872\" data-orig-file=\"http:\/\/www.tvturk.com\/wp-content\/uploads\/2019\/03\/kitap-cikarmak-istedi-basina-gelmedik-kalmadi_51ddcd9.jpg\" data-orig-size=\"1000,681\" data-comments-opened=\"\" data-image-meta=\"{&quot;aperture&quot;:&quot;0&quot;,&quot;credit&quot;:&quot;IHA&quot;,&quot;camera&quot;:&quot;&quot;,&quot;caption&quot;:&quot;\\u00dc\\u00c7\\u00dcNC\\u00dc ROMANINI \\u00c7IKARMAK \\u0130\\u00c7\\u0130N UZUN ZAMANDIR U\\u011eRA\\u015eAN KORKU VE POL\\u0130S\\u0130YE YAZARI MEL\\u0130S B\\u00dcY\\u00dcKPLEVNE\\u2019N\\u0130N BA\\u015eINA OLMADIK \\u0130\\u015eLER GELD\\u0130. (\\u0130HA\\\/\\u0130STANBUL-\\u0130HA)&quot;,&quot;created_timestamp&quot;:&quot;0&quot;,&quot;copyright&quot;:&quot;\\u0130HLAS HABER AJANSI, www.iha.com.tr&quot;,&quot;focal_length&quot;:&quot;0&quot;,&quot;iso&quot;:&quot;0&quot;,&quot;shutter_speed&quot;:&quot;0&quot;,&quot;title&quot;:&quot;K\\u0130TAP \\u00c7IKARMAK \\u0130STED\\u0130, BA\\u015eINA GELMED\\u0130K KALMADI&quot;,&quot;orientation&quot;:&quot;0&quot;}\" data-image-title=\"Kitap \u00e7\u0131karmak istedi, ba\u015f\u0131na gelmedik kalmad\u0131\" data-image-description=\"&lt;p&gt;Kitap \u00e7\u0131karmak istedi, ba\u015f\u0131na gelmedik kalmad\u0131&lt;\/p&gt; \" data-medium-file=\"https:\/\/i0.wp.com\/www.tvturk.com\/wp-content\/uploads\/2019\/03\/kitap-cikarmak-istedi-basina-gelmedik-kalmadi_51ddcd9.jpg?fit=300%2C204\" data-large-file=\"https:\/\/i0.wp.com\/www.tvturk.com\/wp-content\/uploads\/2019\/03\/kitap-cikarmak-istedi-basina-gelmedik-kalmadi_51ddcd9.jpg?fit=1000%2C681\" src=\"https:\/\/i0.wp.com\/www.tvturk.com\/wp-content\/uploads\/2019\/03\/kitap-cikarmak-istedi-basina-gelmedik-kalmadi_51ddcd9.jpg?w=174&#038;h=118\" srcset=\"https:\/\/i0.wp.com\/www.tvturk.com\/wp-content\/uploads\/2019\/03\/kitap-cikarmak-istedi-basina-gelmedik-kalmadi_51ddcd9.jpg?w=1000 1000w, https:\/\/i0.wp.com\/www.tvturk.com\/wp-content\/uploads\/2019\/03\/kitap-cikarmak-istedi-basina-gelmedik-kalmadi_51ddcd9.jpg?resize=150%2C102 150w, https:\/\/i0.wp.com\/www.tvturk.com\/wp-content\/uploads\/2019\/03\/kitap-cikarmak-istedi-basina-gelmedik-kalmadi_51ddcd9.jpg?resize=300%2C204 300w, https:\/\/i0.wp.com\/www.tvturk.com\/wp-content\/uploads\/2019\/03\/kitap-cikarmak-istedi-basina-gelmedik-kalmadi_51ddcd9.jpg?resize=768%2C523 768w, https:\/\/i0.wp.com\/www.tvturk.com\/wp-content\/uploads\/2019\/03\/kitap-cikarmak-istedi-basina-gelmedik-kalmadi_51ddcd9.jpg?resize=120%2C80 120w, https:\/\/i0.wp.com\/www.tvturk.com\/wp-content\/uploads\/2019\/03\/kitap-cikarmak-istedi-basina-gelmedik-kalmadi_51ddcd9.jpg?resize=80%2C55 80w\" width=\"174\" height=\"118\" loading=\"lazy\" data-original-width=\"174\" data-original-height=\"118\" itemprop=\"http:\/\/schema.org\/image\" title=\"Kitap \u00e7\u0131karmak istedi, ba\u015f\u0131na gelmedik kalmad\u0131\" alt=\"Kitap \u00e7\u0131karmak istedi, ba\u015f\u0131na gelmedik kalmad\u0131\" style=\"width: 174px; height: 118px;\" \/> <\/a> <\/div> <div class=\"tiled-gallery-item tiled-gallery-item-small\" itemprop=\"associatedMedia\" itemscope itemtype=\"http:\/\/schema.org\/ImageObject\"> <a href=\"http:\/\/www.tvturk.com\/index.php\/kitap-cikarmak-istedi-basina-gelmedik-kalmadi\/kitap-cikarmak-istedi-basina-gelmedik-kalmadi-5\/\" border=\"0\" itemprop=\"url\"> <meta itemprop=\"width\" content=\"174\"> <meta itemprop=\"height\" content=\"116\"> <img decoding=\"async\" class=\"\" data-attachment-id=\"65873\" data-orig-file=\"http:\/\/www.tvturk.com\/wp-content\/uploads\/2019\/03\/kitap-cikarmak-istedi-basina-gelmedik-kalmadi_b46820b.jpg\" data-orig-size=\"1000,666\" data-comments-opened=\"\" data-image-meta=\"{&quot;aperture&quot;:&quot;0&quot;,&quot;credit&quot;:&quot;IHA&quot;,&quot;camera&quot;:&quot;&quot;,&quot;caption&quot;:&quot;\\u00dc\\u00c7\\u00dcNC\\u00dc ROMANINI \\u00c7IKARMAK \\u0130\\u00c7\\u0130N UZUN ZAMANDIR U\\u011eRA\\u015eAN KORKU VE POL\\u0130S\\u0130YE YAZARI MEL\\u0130S B\\u00dcY\\u00dcKPLEVNE\\u2019N\\u0130N BA\\u015eINA OLMADIK \\u0130\\u015eLER GELD\\u0130. (\\u0130HA\\\/\\u0130STANBUL-\\u0130HA)&quot;,&quot;created_timestamp&quot;:&quot;0&quot;,&quot;copyright&quot;:&quot;\\u0130HLAS HABER AJANSI, www.iha.com.tr&quot;,&quot;focal_length&quot;:&quot;0&quot;,&quot;iso&quot;:&quot;0&quot;,&quot;shutter_speed&quot;:&quot;0&quot;,&quot;title&quot;:&quot;K\\u0130TAP \\u00c7IKARMAK \\u0130STED\\u0130, BA\\u015eINA GELMED\\u0130K KALMADI&quot;,&quot;orientation&quot;:&quot;0&quot;}\" data-image-title=\"Kitap \u00e7\u0131karmak istedi, ba\u015f\u0131na gelmedik kalmad\u0131\" data-image-description=\"&lt;p&gt;Kitap \u00e7\u0131karmak istedi, ba\u015f\u0131na gelmedik kalmad\u0131&lt;\/p&gt; \" data-medium-file=\"https:\/\/i0.wp.com\/www.tvturk.com\/wp-content\/uploads\/2019\/03\/kitap-cikarmak-istedi-basina-gelmedik-kalmadi_b46820b.jpg?fit=300%2C200\" data-large-file=\"https:\/\/i0.wp.com\/www.tvturk.com\/wp-content\/uploads\/2019\/03\/kitap-cikarmak-istedi-basina-gelmedik-kalmadi_b46820b.jpg?fit=1000%2C666\" src=\"https:\/\/i0.wp.com\/www.tvturk.com\/wp-content\/uploads\/2019\/03\/kitap-cikarmak-istedi-basina-gelmedik-kalmadi_b46820b.jpg?w=174&#038;h=116\" srcset=\"https:\/\/i0.wp.com\/www.tvturk.com\/wp-content\/uploads\/2019\/03\/kitap-cikarmak-istedi-basina-gelmedik-kalmadi_b46820b.jpg?w=1000 1000w, https:\/\/i0.wp.com\/www.tvturk.com\/wp-content\/uploads\/2019\/03\/kitap-cikarmak-istedi-basina-gelmedik-kalmadi_b46820b.jpg?resize=150%2C100 150w, https:\/\/i0.wp.com\/www.tvturk.com\/wp-content\/uploads\/2019\/03\/kitap-cikarmak-istedi-basina-gelmedik-kalmadi_b46820b.jpg?resize=300%2C200 300w, https:\/\/i0.wp.com\/www.tvturk.com\/wp-content\/uploads\/2019\/03\/kitap-cikarmak-istedi-basina-gelmedik-kalmadi_b46820b.jpg?resize=768%2C511 768w, https:\/\/i0.wp.com\/www.tvturk.com\/wp-content\/uploads\/2019\/03\/kitap-cikarmak-istedi-basina-gelmedik-kalmadi_b46820b.jpg?resize=170%2C113 170w, https:\/\/i0.wp.com\/www.tvturk.com\/wp-content\/uploads\/2019\/03\/kitap-cikarmak-istedi-basina-gelmedik-kalmadi_b46820b.jpg?resize=120%2C80 120w\" width=\"174\" height=\"116\" loading=\"lazy\" data-original-width=\"174\" data-original-height=\"116\" itemprop=\"http:\/\/schema.org\/image\" title=\"Kitap \u00e7\u0131karmak istedi, ba\u015f\u0131na gelmedik kalmad\u0131\" alt=\"Kitap \u00e7\u0131karmak istedi, ba\u015f\u0131na gelmedik kalmad\u0131\" style=\"width: 174px; height: 116px;\" \/> <\/a> <\/div> <\/div> <!-- close group --> <\/div> <!-- close row --> <div class=\"gallery-row\" style=\"width: 500px; height: 313px;\" data-original-width=\"500\" data-original-height=\"313\" > <div class=\"gallery-group images-2\" style=\"width: 187px; height: 313px;\" data-original-width=\"187\" data-original-height=\"313\" > <div class=\"tiled-gallery-item tiled-gallery-item-small\" itemprop=\"associatedMedia\" itemscope itemtype=\"http:\/\/schema.org\/ImageObject\"> <a href=\"http:\/\/www.tvturk.com\/index.php\/kitap-cikarmak-istedi-basina-gelmedik-kalmadi\/kitap-cikarmak-istedi-basina-gelmedik-kalmadi-6\/\" border=\"0\" itemprop=\"url\"> <meta itemprop=\"width\" content=\"183\"> <meta itemprop=\"height\" content=\"122\"> <img decoding=\"async\" class=\"\" data-attachment-id=\"65874\" data-orig-file=\"http:\/\/www.tvturk.com\/wp-content\/uploads\/2019\/03\/kitap-cikarmak-istedi-basina-gelmedik-kalmadi_d924899.jpg\" data-orig-size=\"1000,666\" data-comments-opened=\"\" data-image-meta=\"{&quot;aperture&quot;:&quot;0&quot;,&quot;credit&quot;:&quot;IHA&quot;,&quot;camera&quot;:&quot;&quot;,&quot;caption&quot;:&quot;\\u00dc\\u00c7\\u00dcNC\\u00dc ROMANINI \\u00c7IKARMAK \\u0130\\u00c7\\u0130N UZUN ZAMANDIR U\\u011eRA\\u015eAN KORKU VE POL\\u0130S\\u0130YE YAZARI MEL\\u0130S B\\u00dcY\\u00dcKPLEVNE\\u2019N\\u0130N BA\\u015eINA OLMADIK \\u0130\\u015eLER GELD\\u0130. (\\u0130HA\\\/\\u0130STANBUL-\\u0130HA)&quot;,&quot;created_timestamp&quot;:&quot;0&quot;,&quot;copyright&quot;:&quot;\\u0130HLAS HABER AJANSI, www.iha.com.tr&quot;,&quot;focal_length&quot;:&quot;0&quot;,&quot;iso&quot;:&quot;0&quot;,&quot;shutter_speed&quot;:&quot;0&quot;,&quot;title&quot;:&quot;K\\u0130TAP \\u00c7IKARMAK \\u0130STED\\u0130, BA\\u015eINA GELMED\\u0130K KALMADI&quot;,&quot;orientation&quot;:&quot;0&quot;}\" data-image-title=\"Kitap \u00e7\u0131karmak istedi, ba\u015f\u0131na gelmedik kalmad\u0131\" data-image-description=\"&lt;p&gt;Kitap \u00e7\u0131karmak istedi, ba\u015f\u0131na gelmedik kalmad\u0131&lt;\/p&gt; \" data-medium-file=\"https:\/\/i0.wp.com\/www.tvturk.com\/wp-content\/uploads\/2019\/03\/kitap-cikarmak-istedi-basina-gelmedik-kalmadi_d924899.jpg?fit=300%2C200\" data-large-file=\"https:\/\/i0.wp.com\/www.tvturk.com\/wp-content\/uploads\/2019\/03\/kitap-cikarmak-istedi-basina-gelmedik-kalmadi_d924899.jpg?fit=1000%2C666\" src=\"https:\/\/i0.wp.com\/www.tvturk.com\/wp-content\/uploads\/2019\/03\/kitap-cikarmak-istedi-basina-gelmedik-kalmadi_d924899.jpg?w=183&#038;h=122\" srcset=\"https:\/\/i0.wp.com\/www.tvturk.com\/wp-content\/uploads\/2019\/03\/kitap-cikarmak-istedi-basina-gelmedik-kalmadi_d924899.jpg?w=1000 1000w, https:\/\/i0.wp.com\/www.tvturk.com\/wp-content\/uploads\/2019\/03\/kitap-cikarmak-istedi-basina-gelmedik-kalmadi_d924899.jpg?resize=150%2C100 150w, https:\/\/i0.wp.com\/www.tvturk.com\/wp-content\/uploads\/2019\/03\/kitap-cikarmak-istedi-basina-gelmedik-kalmadi_d924899.jpg?resize=300%2C200 300w, https:\/\/i0.wp.com\/www.tvturk.com\/wp-content\/uploads\/2019\/03\/kitap-cikarmak-istedi-basina-gelmedik-kalmadi_d924899.jpg?resize=768%2C511 768w, https:\/\/i0.wp.com\/www.tvturk.com\/wp-content\/uploads\/2019\/03\/kitap-cikarmak-istedi-basina-gelmedik-kalmadi_d924899.jpg?resize=170%2C113 170w, https:\/\/i0.wp.com\/www.tvturk.com\/wp-content\/uploads\/2019\/03\/kitap-cikarmak-istedi-basina-gelmedik-kalmadi_d924899.jpg?resize=120%2C80 120w\" width=\"183\" height=\"122\" loading=\"lazy\" data-original-width=\"183\" data-original-height=\"122\" itemprop=\"http:\/\/schema.org\/image\" title=\"Kitap \u00e7\u0131karmak istedi, ba\u015f\u0131na gelmedik kalmad\u0131\" alt=\"Kitap \u00e7\u0131karmak istedi, ba\u015f\u0131na gelmedik kalmad\u0131\" style=\"width: 183px; height: 122px;\" \/> <\/a> <\/div> <div class=\"tiled-gallery-item tiled-gallery-item-small\" itemprop=\"associatedMedia\" itemscope itemtype=\"http:\/\/schema.org\/ImageObject\"> <a href=\"http:\/\/www.tvturk.com\/index.php\/kitap-cikarmak-istedi-basina-gelmedik-kalmadi\/kitap-cikarmak-istedi-basina-gelmedik-kalmadi-7\/\" border=\"0\" itemprop=\"url\"> <meta itemprop=\"width\" content=\"183\"> <meta itemprop=\"height\" content=\"183\"> <img decoding=\"async\" class=\"\" data-attachment-id=\"65875\" data-orig-file=\"http:\/\/www.tvturk.com\/wp-content\/uploads\/2019\/03\/kitap-cikarmak-istedi-basina-gelmedik-kalmadi_7c9349c.jpg\" data-orig-size=\"1000,1000\" data-comments-opened=\"\" data-image-meta=\"{&quot;aperture&quot;:&quot;0&quot;,&quot;credit&quot;:&quot;IHA&quot;,&quot;camera&quot;:&quot;&quot;,&quot;caption&quot;:&quot;\\u00dc\\u00c7\\u00dcNC\\u00dc ROMANINI \\u00c7IKARMAK \\u0130\\u00c7\\u0130N UZUN ZAMANDIR U\\u011eRA\\u015eAN KORKU VE POL\\u0130S\\u0130YE YAZARI MEL\\u0130S B\\u00dcY\\u00dcKPLEVNE\\u2019N\\u0130N BA\\u015eINA OLMADIK \\u0130\\u015eLER GELD\\u0130. (\\u0130HA\\\/\\u0130STANBUL-\\u0130HA)&quot;,&quot;created_timestamp&quot;:&quot;0&quot;,&quot;copyright&quot;:&quot;\\u0130HLAS HABER AJANSI, www.iha.com.tr&quot;,&quot;focal_length&quot;:&quot;0&quot;,&quot;iso&quot;:&quot;0&quot;,&quot;shutter_speed&quot;:&quot;0&quot;,&quot;title&quot;:&quot;K\\u0130TAP \\u00c7IKARMAK \\u0130STED\\u0130, BA\\u015eINA GELMED\\u0130K KALMADI&quot;,&quot;orientation&quot;:&quot;0&quot;}\" data-image-title=\"Kitap \u00e7\u0131karmak istedi, ba\u015f\u0131na gelmedik kalmad\u0131\" data-image-description=\"&lt;p&gt;Kitap \u00e7\u0131karmak istedi, ba\u015f\u0131na gelmedik kalmad\u0131&lt;\/p&gt; \" data-medium-file=\"https:\/\/i0.wp.com\/www.tvturk.com\/wp-content\/uploads\/2019\/03\/kitap-cikarmak-istedi-basina-gelmedik-kalmadi_7c9349c.jpg?fit=300%2C300\" data-large-file=\"https:\/\/i0.wp.com\/www.tvturk.com\/wp-content\/uploads\/2019\/03\/kitap-cikarmak-istedi-basina-gelmedik-kalmadi_7c9349c.jpg?fit=1000%2C1000\" src=\"https:\/\/i0.wp.com\/www.tvturk.com\/wp-content\/uploads\/2019\/03\/kitap-cikarmak-istedi-basina-gelmedik-kalmadi_7c9349c.jpg?w=183&#038;h=183&#038;crop=1\" srcset=\"https:\/\/i0.wp.com\/www.tvturk.com\/wp-content\/uploads\/2019\/03\/kitap-cikarmak-istedi-basina-gelmedik-kalmadi_7c9349c.jpg?w=1000 1000w, https:\/\/i0.wp.com\/www.tvturk.com\/wp-content\/uploads\/2019\/03\/kitap-cikarmak-istedi-basina-gelmedik-kalmadi_7c9349c.jpg?resize=150%2C150 150w, https:\/\/i0.wp.com\/www.tvturk.com\/wp-content\/uploads\/2019\/03\/kitap-cikarmak-istedi-basina-gelmedik-kalmadi_7c9349c.jpg?resize=300%2C300 300w, https:\/\/i0.wp.com\/www.tvturk.com\/wp-content\/uploads\/2019\/03\/kitap-cikarmak-istedi-basina-gelmedik-kalmadi_7c9349c.jpg?resize=768%2C768 768w\" width=\"183\" height=\"183\" loading=\"lazy\" data-original-width=\"183\" data-original-height=\"183\" itemprop=\"http:\/\/schema.org\/image\" title=\"Kitap \u00e7\u0131karmak istedi, ba\u015f\u0131na gelmedik kalmad\u0131\" alt=\"Kitap \u00e7\u0131karmak istedi, ba\u015f\u0131na gelmedik kalmad\u0131\" style=\"width: 183px; height: 183px;\" \/> <\/a> <\/div> <\/div> <!-- close group --> <div class=\"gallery-group images-1\" style=\"width: 313px; height: 313px;\" data-original-width=\"313\" data-original-height=\"313\" > <div class=\"tiled-gallery-item tiled-gallery-item-large\" itemprop=\"associatedMedia\" itemscope itemtype=\"http:\/\/schema.org\/ImageObject\"> <a href=\"http:\/\/www.tvturk.com\/index.php\/kitap-cikarmak-istedi-basina-gelmedik-kalmadi\/kitap-cikarmak-istedi-basina-gelmedik-kalmadi-8\/\" border=\"0\" itemprop=\"url\"> <meta itemprop=\"width\" content=\"309\"> <meta itemprop=\"height\" content=\"309\"> <img decoding=\"async\" class=\"\" data-attachment-id=\"65876\" data-orig-file=\"http:\/\/www.tvturk.com\/wp-content\/uploads\/2019\/03\/kitap-cikarmak-istedi-basina-gelmedik-kalmadi_306d976.jpg\" data-orig-size=\"1000,1000\" data-comments-opened=\"\" data-image-meta=\"{&quot;aperture&quot;:&quot;0&quot;,&quot;credit&quot;:&quot;IHA&quot;,&quot;camera&quot;:&quot;&quot;,&quot;caption&quot;:&quot;\\u00dc\\u00c7\\u00dcNC\\u00dc ROMANINI \\u00c7IKARMAK \\u0130\\u00c7\\u0130N UZUN ZAMANDIR U\\u011eRA\\u015eAN KORKU VE POL\\u0130S\\u0130YE YAZARI MEL\\u0130S B\\u00dcY\\u00dcKPLEVNE\\u2019N\\u0130N BA\\u015eINA OLMADIK \\u0130\\u015eLER GELD\\u0130. (\\u0130HA\\\/\\u0130STANBUL-\\u0130HA)&quot;,&quot;created_timestamp&quot;:&quot;0&quot;,&quot;copyright&quot;:&quot;\\u0130HLAS HABER AJANSI, www.iha.com.tr&quot;,&quot;focal_length&quot;:&quot;0&quot;,&quot;iso&quot;:&quot;0&quot;,&quot;shutter_speed&quot;:&quot;0&quot;,&quot;title&quot;:&quot;K\\u0130TAP \\u00c7IKARMAK \\u0130STED\\u0130, BA\\u015eINA GELMED\\u0130K KALMADI&quot;,&quot;orientation&quot;:&quot;0&quot;}\" data-image-title=\"Kitap \u00e7\u0131karmak istedi, ba\u015f\u0131na gelmedik kalmad\u0131\" data-image-description=\"&lt;p&gt;Kitap \u00e7\u0131karmak istedi, ba\u015f\u0131na gelmedik kalmad\u0131&lt;\/p&gt; \" data-medium-file=\"https:\/\/i0.wp.com\/www.tvturk.com\/wp-content\/uploads\/2019\/03\/kitap-cikarmak-istedi-basina-gelmedik-kalmadi_306d976.jpg?fit=300%2C300\" data-large-file=\"https:\/\/i0.wp.com\/www.tvturk.com\/wp-content\/uploads\/2019\/03\/kitap-cikarmak-istedi-basina-gelmedik-kalmadi_306d976.jpg?fit=1000%2C1000\" src=\"https:\/\/i0.wp.com\/www.tvturk.com\/wp-content\/uploads\/2019\/03\/kitap-cikarmak-istedi-basina-gelmedik-kalmadi_306d976.jpg?w=309&#038;h=309&#038;crop=1\" srcset=\"https:\/\/i0.wp.com\/www.tvturk.com\/wp-content\/uploads\/2019\/03\/kitap-cikarmak-istedi-basina-gelmedik-kalmadi_306d976.jpg?w=1000 1000w, https:\/\/i0.wp.com\/www.tvturk.com\/wp-content\/uploads\/2019\/03\/kitap-cikarmak-istedi-basina-gelmedik-kalmadi_306d976.jpg?resize=150%2C150 150w, https:\/\/i0.wp.com\/www.tvturk.com\/wp-content\/uploads\/2019\/03\/kitap-cikarmak-istedi-basina-gelmedik-kalmadi_306d976.jpg?resize=300%2C300 300w, https:\/\/i0.wp.com\/www.tvturk.com\/wp-content\/uploads\/2019\/03\/kitap-cikarmak-istedi-basina-gelmedik-kalmadi_306d976.jpg?resize=768%2C768 768w\" width=\"309\" height=\"309\" loading=\"lazy\" data-original-width=\"309\" data-original-height=\"309\" itemprop=\"http:\/\/schema.org\/image\" title=\"Kitap \u00e7\u0131karmak istedi, ba\u015f\u0131na gelmedik kalmad\u0131\" alt=\"Kitap \u00e7\u0131karmak istedi, ba\u015f\u0131na gelmedik kalmad\u0131\" style=\"width: 309px; height: 309px;\" \/> <\/a> <\/div> <\/div> <!-- close group --> <\/div> <!-- close row --> <\/div><\/p>\n","protected":false},"excerpt":{"rendered":"<p>\u00dc\u00c7\u00dcNC\u00dc ROMANINI \u00c7IKARMAK \u0130\u00c7\u0130N UZUN ZAMANDIR U\u011eRA\u015eAN KORKU VE POL\u0130S\u0130YE YAZARI MEL\u0130S B\u00dcY\u00dcKPLEVNE\u2019N\u0130N BA\u015eINA OLMADIK \u0130\u015eLER GELD\u0130.<\/p>\n","protected":false},"author":1,"featured_media":65870,"comment_status":"closed","ping_status":"open","sticky":false,"template":"","format":"standard","meta":{"jetpack_post_was_ever_published":false,"_jetpack_newsletter_access":"","_jetpack_dont_email_post_to_subs":false,"_jetpack_newsletter_tier_id":0,"_jetpack_memberships_contains_paywalled_content":false,"_jetpack_memberships_contains_paid_content":false,"footnotes":"","jetpack_publicize_message":"","jetpack_publicize_feature_enabled":true,"jetpack_social_post_already_shared":true,"jetpack_social_options":{"image_generator_settings":{"template":"highway","default_image_id":0,"font":"","enabled":false},"version":2}},"categories":[656],"tags":[5684,12292,20048,2411,13178,4074],"class_list":["post-65869","post","type-post","status-publish","format-standard","has-post-thumbnail","hentry","category-kultur-sanat","tag-basina","tag-cikarmak","tag-gelmedik","tag-istedi","tag-kalmadi","tag-kitap"],"jetpack_publicize_connections":[],"jetpack_featured_media_url":"https:\/\/i0.wp.com\/www.tvturk.com\/wp-content\/uploads\/2019\/03\/kitap-cikarmak-istedi-basina-gelmedik-kalmadi_4fc1ab6.jpg?fit=1000%2C699","jetpack_sharing_enabled":true,"jetpack_shortlink":"https:\/\/wp.me\/paKIfm-h8p","_links":{"self":[{"href":"http:\/\/www.tvturk.com\/index.php\/wp-json\/wp\/v2\/posts\/65869","targetHints":{"allow":["GET"]}}],"collection":[{"href":"http:\/\/www.tvturk.com\/index.php\/wp-json\/wp\/v2\/posts"}],"about":[{"href":"http:\/\/www.tvturk.com\/index.php\/wp-json\/wp\/v2\/types\/post"}],"author":[{"embeddable":true,"href":"http:\/\/www.tvturk.com\/index.php\/wp-json\/wp\/v2\/users\/1"}],"replies":[{"embeddable":true,"href":"http:\/\/www.tvturk.com\/index.php\/wp-json\/wp\/v2\/comments?post=65869"}],"version-history":[{"count":1,"href":"http:\/\/www.tvturk.com\/index.php\/wp-json\/wp\/v2\/posts\/65869\/revisions"}],"predecessor-version":[{"id":65877,"href":"http:\/\/www.tvturk.com\/index.php\/wp-json\/wp\/v2\/posts\/65869\/revisions\/65877"}],"wp:featuredmedia":[{"embeddable":true,"href":"http:\/\/www.tvturk.com\/index.php\/wp-json\/wp\/v2\/media\/65870"}],"wp:attachment":[{"href":"http:\/\/www.tvturk.com\/index.php\/wp-json\/wp\/v2\/media?parent=65869"}],"wp:term":[{"taxonomy":"category","embeddable":true,"href":"http:\/\/www.tvturk.com\/index.php\/wp-json\/wp\/v2\/categories?post=65869"},{"taxonomy":"post_tag","embeddable":true,"href":"http:\/\/www.tvturk.com\/index.php\/wp-json\/wp\/v2\/tags?post=65869"}],"curies":[{"name":"wp","href":"https:\/\/api.w.org\/{rel}","templated":true}]}}