{"id":6626,"date":"2019-02-06T21:51:56","date_gmt":"2019-02-06T18:51:56","guid":{"rendered":"http:\/\/www.tvturk.com\/index.php\/galatasaray-taraftarlarindan-talat-terim-icin-pankartlar\/"},"modified":"2019-02-06T21:51:57","modified_gmt":"2019-02-06T18:51:57","slug":"galatasaray-taraftarlarindan-talat-terim-icin-pankartlar","status":"publish","type":"post","link":"http:\/\/www.tvturk.com\/index.php\/galatasaray-taraftarlarindan-talat-terim-icin-pankartlar\/","title":{"rendered":"Galatasaray taraftarlar\u0131ndan Talat Terim i\u00e7in pankartlar"},"content":{"rendered":"<p>Galatasaray taraftarlar\u0131, Hatayspor ma\u00e7\u0131nda Teknik Direkt\u00f6r Fatih Terim\u2019in vefat eden babas\u0131 Talat Terim i\u00e7in trib\u00fcnlerde ba\u015fsa\u011fl\u0131\u011f\u0131 pankartlar\u0131 a\u00e7t\u0131.<\/p>\n<p>Galatasaray\u2019\u0131n Ziraat T\u00fcrkiye Kupas\u0131 \u00c7eyrek Final ilk ma\u00e7\u0131nda sahas\u0131ndaki Hatayspor m\u00fcsabakas\u0131nda Fatih Terim ve babas\u0131 Talat Terim taraftarlar taraf\u0131ndan unutulmad\u0131. Sar\u0131-k\u0131rm\u0131z\u0131l\u0131 taraftarlar, Teknik Direkt\u00f6r Fatih Terim\u2019in vefat eden babas\u0131 i\u00e7in trib\u00fcnlerde ba\u015fsa\u011fl\u0131\u011f\u0131 pankartlar\u0131 a\u00e7t\u0131.<\/p>\n<p>Taraftarlar\u0131n a\u00e7t\u0131klar\u0131 pankartlarda, \u2018Talat Terim\u2019in mekan\u0131 cennet olsun, ba\u015f\u0131m\u0131z sa\u011f olsun\u2019 ve \u2018Ba\u015f\u0131n sa\u011f olsun hocam\u2019 yaz\u0131yordu.<div class=\"tiled-gallery type-rectangular tiled-gallery-unresized\" data-original-width=\"500\" data-carousel-extra='null' itemscope itemtype=\"http:\/\/schema.org\/ImageGallery\" > <div class=\"gallery-row\" style=\"width: 500px; height: 334px;\" data-original-width=\"500\" data-original-height=\"334\" > <div class=\"gallery-group images-1\" style=\"width: 500px; height: 334px;\" data-original-width=\"500\" data-original-height=\"334\" > <div class=\"tiled-gallery-item tiled-gallery-item-large\" itemprop=\"associatedMedia\" itemscope itemtype=\"http:\/\/schema.org\/ImageObject\"> <a href=\"http:\/\/www.tvturk.com\/index.php\/galatasaray-taraftarlarindan-talat-terim-icin-pankartlar\/galatasaray-taraftarlarindan-talat-terim-icin-pankartlar-3\/\" border=\"0\" itemprop=\"url\"> <meta itemprop=\"width\" content=\"496\"> <meta itemprop=\"height\" content=\"330\"> <img decoding=\"async\" class=\"\" data-attachment-id=\"6628\" data-orig-file=\"http:\/\/www.tvturk.com\/wp-content\/uploads\/2019\/02\/galatasaray-taraftarlarindan-talat-terim-icin-pankartlar_90e8976.jpg\" data-orig-size=\"1000,665\" data-comments-opened=\"\" data-image-meta=\"{&quot;aperture&quot;:&quot;0&quot;,&quot;credit&quot;:&quot;IHA&quot;,&quot;camera&quot;:&quot;&quot;,&quot;caption&quot;:&quot;GALATASARAY TARAFTARLARI, HATAYSPOR MA\\u00c7INDA TEKN\\u0130K D\\u0130REKT\\u00d6R FAT\\u0130H TER\\u0130M\\u2019\\u0130N VEFAT EDEN BABASI TALAT TER\\u0130M \\u0130\\u00c7\\u0130N TR\\u0130B\\u00dcNLERDE BA\\u015eSA\\u011eLI\\u011eI PANKARTLARI A\\u00c7TI. (MEHMET \\u015e\\u0130R\\u0130N TOPALO\\u011eLU\\\/\\u0130STANBUL-\\u0130HA)&quot;,&quot;created_timestamp&quot;:&quot;0&quot;,&quot;copyright&quot;:&quot;\\u0130HLAS HABER AJANSI, www.iha.com.tr&quot;,&quot;focal_length&quot;:&quot;0&quot;,&quot;iso&quot;:&quot;0&quot;,&quot;shutter_speed&quot;:&quot;0&quot;,&quot;title&quot;:&quot;GALATASARAY TARAFTARLARINDAN TALAT TER\\u0130M \\u0130\\u00c7\\u0130N PANKARTLAR&quot;,&quot;orientation&quot;:&quot;0&quot;}\" data-image-title=\"Galatasaray taraftarlar\u0131ndan Talat Terim i\u00e7in pankartlar\" data-image-description=\"&lt;p&gt;Galatasaray taraftarlar\u0131ndan Talat Terim i\u00e7in pankartlar&lt;\/p&gt; \" data-medium-file=\"https:\/\/i0.wp.com\/www.tvturk.com\/wp-content\/uploads\/2019\/02\/galatasaray-taraftarlarindan-talat-terim-icin-pankartlar_90e8976.jpg?fit=300%2C200\" data-large-file=\"https:\/\/i0.wp.com\/www.tvturk.com\/wp-content\/uploads\/2019\/02\/galatasaray-taraftarlarindan-talat-terim-icin-pankartlar_90e8976.jpg?fit=1000%2C665\" src=\"https:\/\/i0.wp.com\/www.tvturk.com\/wp-content\/uploads\/2019\/02\/galatasaray-taraftarlarindan-talat-terim-icin-pankartlar_90e8976.jpg?w=496&#038;h=330\" srcset=\"https:\/\/i0.wp.com\/www.tvturk.com\/wp-content\/uploads\/2019\/02\/galatasaray-taraftarlarindan-talat-terim-icin-pankartlar_90e8976.jpg?w=1000 1000w, https:\/\/i0.wp.com\/www.tvturk.com\/wp-content\/uploads\/2019\/02\/galatasaray-taraftarlarindan-talat-terim-icin-pankartlar_90e8976.jpg?resize=150%2C100 150w, https:\/\/i0.wp.com\/www.tvturk.com\/wp-content\/uploads\/2019\/02\/galatasaray-taraftarlarindan-talat-terim-icin-pankartlar_90e8976.jpg?resize=300%2C200 300w, https:\/\/i0.wp.com\/www.tvturk.com\/wp-content\/uploads\/2019\/02\/galatasaray-taraftarlarindan-talat-terim-icin-pankartlar_90e8976.jpg?resize=768%2C511 768w, https:\/\/i0.wp.com\/www.tvturk.com\/wp-content\/uploads\/2019\/02\/galatasaray-taraftarlarindan-talat-terim-icin-pankartlar_90e8976.jpg?resize=170%2C113 170w, https:\/\/i0.wp.com\/www.tvturk.com\/wp-content\/uploads\/2019\/02\/galatasaray-taraftarlarindan-talat-terim-icin-pankartlar_90e8976.jpg?resize=120%2C80 120w\" width=\"496\" height=\"330\" loading=\"lazy\" data-original-width=\"496\" data-original-height=\"330\" itemprop=\"http:\/\/schema.org\/image\" title=\"Galatasaray taraftarlar\u0131ndan Talat Terim i\u00e7in pankartlar\" alt=\"Galatasaray taraftarlar\u0131ndan Talat Terim i\u00e7in pankartlar\" style=\"width: 496px; height: 330px;\" \/> <\/a> <\/div> <\/div> <!-- close group --> <\/div> <!-- close row --> <\/div><\/p>\n","protected":false},"excerpt":{"rendered":"<p>GALATASARAY TARAFTARLARI, HATAYSPOR MA\u00c7INDA TEKN\u0130K D\u0130REKT\u00d6R FAT\u0130H TER\u0130M\u2019\u0130N VEFAT EDEN BABASI TALAT TER\u0130M \u0130\u00c7\u0130N TR\u0130B\u00dcNLERDE BA\u015eSA\u011eLI\u011eI PANKARTLARI A\u00c7TI.<\/p>\n","protected":false},"author":1,"featured_media":6627,"comment_status":"closed","ping_status":"open","sticky":false,"template":"","format":"standard","meta":{"jetpack_post_was_ever_published":false,"_jetpack_newsletter_access":"","_jetpack_dont_email_post_to_subs":false,"_jetpack_newsletter_tier_id":0,"_jetpack_memberships_contains_paywalled_content":false,"_jetpack_memberships_contains_paid_content":false,"footnotes":"","jetpack_publicize_message":"","jetpack_publicize_feature_enabled":true,"jetpack_social_post_already_shared":false,"jetpack_social_options":{"image_generator_settings":{"template":"highway","default_image_id":0,"font":"","enabled":false},"version":2}},"categories":[657],"tags":[1976,44,3495,3458,3494,2096],"class_list":["post-6626","post","type-post","status-publish","format-standard","has-post-thumbnail","hentry","category-spor","tag-galatasaray","tag-icin","tag-pankartlar","tag-talat","tag-taraftarlarindan","tag-terim"],"jetpack_publicize_connections":[],"jetpack_featured_media_url":"https:\/\/i0.wp.com\/www.tvturk.com\/wp-content\/uploads\/2019\/02\/galatasaray-taraftarlarindan-talat-terim-icin-pankartlar_9411d64.jpg?fit=1000%2C696","jetpack_sharing_enabled":true,"jetpack_shortlink":"https:\/\/wp.me\/paKIfm-1IS","_links":{"self":[{"href":"http:\/\/www.tvturk.com\/index.php\/wp-json\/wp\/v2\/posts\/6626","targetHints":{"allow":["GET"]}}],"collection":[{"href":"http:\/\/www.tvturk.com\/index.php\/wp-json\/wp\/v2\/posts"}],"about":[{"href":"http:\/\/www.tvturk.com\/index.php\/wp-json\/wp\/v2\/types\/post"}],"author":[{"embeddable":true,"href":"http:\/\/www.tvturk.com\/index.php\/wp-json\/wp\/v2\/users\/1"}],"replies":[{"embeddable":true,"href":"http:\/\/www.tvturk.com\/index.php\/wp-json\/wp\/v2\/comments?post=6626"}],"version-history":[{"count":1,"href":"http:\/\/www.tvturk.com\/index.php\/wp-json\/wp\/v2\/posts\/6626\/revisions"}],"predecessor-version":[{"id":6629,"href":"http:\/\/www.tvturk.com\/index.php\/wp-json\/wp\/v2\/posts\/6626\/revisions\/6629"}],"wp:featuredmedia":[{"embeddable":true,"href":"http:\/\/www.tvturk.com\/index.php\/wp-json\/wp\/v2\/media\/6627"}],"wp:attachment":[{"href":"http:\/\/www.tvturk.com\/index.php\/wp-json\/wp\/v2\/media?parent=6626"}],"wp:term":[{"taxonomy":"category","embeddable":true,"href":"http:\/\/www.tvturk.com\/index.php\/wp-json\/wp\/v2\/categories?post=6626"},{"taxonomy":"post_tag","embeddable":true,"href":"http:\/\/www.tvturk.com\/index.php\/wp-json\/wp\/v2\/tags?post=6626"}],"curies":[{"name":"wp","href":"https:\/\/api.w.org\/{rel}","templated":true}]}}