{"id":66264,"date":"2019-03-02T12:15:24","date_gmt":"2019-03-02T09:15:24","guid":{"rendered":"http:\/\/www.tvturk.com\/index.php\/karabuksporda-umraniyespor-maci-hazirliklari-tamamlandi\/"},"modified":"2019-03-02T12:15:26","modified_gmt":"2019-03-02T09:15:26","slug":"karabuksporda-umraniyespor-maci-hazirliklari-tamamlandi","status":"publish","type":"post","link":"http:\/\/www.tvturk.com\/index.php\/karabuksporda-umraniyespor-maci-hazirliklari-tamamlandi\/","title":{"rendered":"Karab\u00fckspor\u2019da \u00dcmraniyespor ma\u00e7\u0131 haz\u0131rl\u0131klar\u0131 tamamland\u0131"},"content":{"rendered":"<p>Spor Toto 1.Lig ekiplerinden Kardemir Karab\u00fckspor pazar g\u00fcn\u00fc konuk olaca\u011f\u0131 \u00dcmraniyespor ma\u00e7\u0131n\u0131n haz\u0131rl\u0131klar\u0131n\u0131 tamamlad\u0131.<\/p>\n<p>Karab\u00fckspor ligin 24. haftas\u0131nda Pazar g\u00fcn\u00fc saat 13.30\u2019da \u00dcmraniye Belediyesi \u015eehir Stad\u0131\u2019nda \u00dcmraniyespor ile oynayaca\u011f\u0131 m\u00fcsabakan\u0131n haz\u0131rl\u0131klar\u0131n\u0131 Hasan Do\u011fan Tesisleri\u2019nde sabah saatlerinde ger\u00e7ekle\u015ftirdi\u011fi antrenmanla tamamlad\u0131. Teknik Direkt\u00f6r Taner \u00d6cal y\u00f6netiminde ger\u00e7ekle\u015fen antrenmanda tak\u0131m \u0131s\u0131nma hareketlerinin ard\u0131ndan 5\u2019e 2 top kapma \u00e7al\u0131\u015fmas\u0131 ve koordinasyon \u00e7al\u0131\u015fmas\u0131 yapt\u0131.<\/p>\n<p>K\u0131rm\u0131z\u0131-mavililer \u00f6\u011fle saatlerinde kara yolu ile \u0130stanbul\u2019a hareket edecek. Kart cezal\u0131s\u0131 olan Arda Belen kafilede yer almayacak.<div class=\"tiled-gallery type-rectangular tiled-gallery-unresized\" data-original-width=\"500\" data-carousel-extra='null' itemscope itemtype=\"http:\/\/schema.org\/ImageGallery\" > <div class=\"gallery-row\" style=\"width: 500px; height: 174px;\" data-original-width=\"500\" data-original-height=\"174\" > <div class=\"gallery-group images-1\" style=\"width: 259px; height: 174px;\" data-original-width=\"259\" data-original-height=\"174\" > <div class=\"tiled-gallery-item tiled-gallery-item-large\" itemprop=\"associatedMedia\" itemscope itemtype=\"http:\/\/schema.org\/ImageObject\"> <a href=\"http:\/\/www.tvturk.com\/index.php\/karabuksporda-umraniyespor-maci-hazirliklari-tamamlandi\/karabuksporda-umraniyespor-maci-hazirliklari-tamamlandi-3\/\" border=\"0\" itemprop=\"url\"> <meta itemprop=\"width\" content=\"255\"> <meta itemprop=\"height\" content=\"170\"> <img decoding=\"async\" class=\"\" data-attachment-id=\"66266\" data-orig-file=\"http:\/\/www.tvturk.com\/wp-content\/uploads\/2019\/03\/karabuksporda-umraniyespor-maci-hazirliklari-tamamlandi_aedab9b.jpg\" data-orig-size=\"1000,666\" data-comments-opened=\"\" data-image-meta=\"{&quot;aperture&quot;:&quot;0&quot;,&quot;credit&quot;:&quot;IHA&quot;,&quot;camera&quot;:&quot;&quot;,&quot;caption&quot;:&quot;KARDEM\\u0130R KARAB\\u00dcKSPOR TEKN\\u0130K D\\u0130REKT\\u00d6R\\u00dc TANER \\u00d6CAL, YARIN OYNANACAK MA\\u00c7 \\u00d6NCES\\u0130 TAKIMINA SON \\u00c7ALI\\u015eMAYI YAPTIRDI. (FAT\\u0130H \\u00dcNL\\u00dc\\\/KARAB\\u00dcK-\\u0130HA)&quot;,&quot;created_timestamp&quot;:&quot;0&quot;,&quot;copyright&quot;:&quot;\\u0130HLAS HABER AJANSI, www.iha.com.tr&quot;,&quot;focal_length&quot;:&quot;0&quot;,&quot;iso&quot;:&quot;0&quot;,&quot;shutter_speed&quot;:&quot;0&quot;,&quot;title&quot;:&quot;KARAB\\u00dcKSPOR\\u2019DA \\u00dcMRAN\\u0130YESPOR MA\\u00c7I HAZIRLIKLARI TAMAMLANDI&quot;,&quot;orientation&quot;:&quot;0&quot;}\" data-image-title=\"Karab\u00fckspor\u2019da \u00dcmraniyespor ma\u00e7\u0131 haz\u0131rl\u0131klar\u0131 tamamland\u0131\" data-image-description=\"&lt;p&gt;Karab\u00fckspor\u2019da \u00dcmraniyespor ma\u00e7\u0131 haz\u0131rl\u0131klar\u0131 tamamland\u0131&lt;\/p&gt; \" data-medium-file=\"https:\/\/i0.wp.com\/www.tvturk.com\/wp-content\/uploads\/2019\/03\/karabuksporda-umraniyespor-maci-hazirliklari-tamamlandi_aedab9b.jpg?fit=300%2C200\" data-large-file=\"https:\/\/i0.wp.com\/www.tvturk.com\/wp-content\/uploads\/2019\/03\/karabuksporda-umraniyespor-maci-hazirliklari-tamamlandi_aedab9b.jpg?fit=1000%2C666\" src=\"https:\/\/i0.wp.com\/www.tvturk.com\/wp-content\/uploads\/2019\/03\/karabuksporda-umraniyespor-maci-hazirliklari-tamamlandi_aedab9b.jpg?w=255&#038;h=170\" srcset=\"https:\/\/i0.wp.com\/www.tvturk.com\/wp-content\/uploads\/2019\/03\/karabuksporda-umraniyespor-maci-hazirliklari-tamamlandi_aedab9b.jpg?w=1000 1000w, https:\/\/i0.wp.com\/www.tvturk.com\/wp-content\/uploads\/2019\/03\/karabuksporda-umraniyespor-maci-hazirliklari-tamamlandi_aedab9b.jpg?resize=150%2C100 150w, https:\/\/i0.wp.com\/www.tvturk.com\/wp-content\/uploads\/2019\/03\/karabuksporda-umraniyespor-maci-hazirliklari-tamamlandi_aedab9b.jpg?resize=300%2C200 300w, https:\/\/i0.wp.com\/www.tvturk.com\/wp-content\/uploads\/2019\/03\/karabuksporda-umraniyespor-maci-hazirliklari-tamamlandi_aedab9b.jpg?resize=768%2C511 768w, https:\/\/i0.wp.com\/www.tvturk.com\/wp-content\/uploads\/2019\/03\/karabuksporda-umraniyespor-maci-hazirliklari-tamamlandi_aedab9b.jpg?resize=170%2C113 170w, https:\/\/i0.wp.com\/www.tvturk.com\/wp-content\/uploads\/2019\/03\/karabuksporda-umraniyespor-maci-hazirliklari-tamamlandi_aedab9b.jpg?resize=120%2C80 120w\" width=\"255\" height=\"170\" loading=\"lazy\" data-original-width=\"255\" data-original-height=\"170\" itemprop=\"http:\/\/schema.org\/image\" title=\"Karab\u00fckspor\u2019da \u00dcmraniyespor ma\u00e7\u0131 haz\u0131rl\u0131klar\u0131 tamamland\u0131\" alt=\"Karab\u00fckspor\u2019da \u00dcmraniyespor ma\u00e7\u0131 haz\u0131rl\u0131klar\u0131 tamamland\u0131\" style=\"width: 255px; height: 170px;\" \/> <\/a> <\/div> <\/div> <!-- close group --> <div class=\"gallery-group images-1\" style=\"width: 241px; height: 174px;\" data-original-width=\"241\" data-original-height=\"174\" > <div class=\"tiled-gallery-item tiled-gallery-item-small\" itemprop=\"associatedMedia\" itemscope itemtype=\"http:\/\/schema.org\/ImageObject\"> <a href=\"http:\/\/www.tvturk.com\/index.php\/karabuksporda-umraniyespor-maci-hazirliklari-tamamlandi\/karabuksporda-umraniyespor-maci-hazirliklari-tamamlandi-4\/\" border=\"0\" itemprop=\"url\"> <meta itemprop=\"width\" content=\"237\"> <meta itemprop=\"height\" content=\"170\"> <img decoding=\"async\" class=\"\" data-attachment-id=\"66267\" data-orig-file=\"http:\/\/www.tvturk.com\/wp-content\/uploads\/2019\/03\/karabuksporda-umraniyespor-maci-hazirliklari-tamamlandi_b27c451.jpg\" data-orig-size=\"1000,717\" data-comments-opened=\"\" data-image-meta=\"{&quot;aperture&quot;:&quot;0&quot;,&quot;credit&quot;:&quot;IHA&quot;,&quot;camera&quot;:&quot;&quot;,&quot;caption&quot;:&quot;SPOR TOTO 1. L\\u0130G EK\\u0130PLER\\u0130NDEN KARDEM\\u0130R KARAB\\u00dcKSPOR, YARIN \\u00dcMRAN\\u0130YESPOR \\u0130LE OYNAYACA\\u011eI MA\\u00c7IN HAZIRLIKLARINI TAMAMLADI. (FAT\\u0130H \\u00dcNL\\u00dc\\\/KARAB\\u00dcK-\\u0130HA)&quot;,&quot;created_timestamp&quot;:&quot;0&quot;,&quot;copyright&quot;:&quot;\\u0130HLAS HABER AJANSI, www.iha.com.tr&quot;,&quot;focal_length&quot;:&quot;0&quot;,&quot;iso&quot;:&quot;0&quot;,&quot;shutter_speed&quot;:&quot;0&quot;,&quot;title&quot;:&quot;KARAB\\u00dcKSPOR\\u2019DA \\u00dcMRAN\\u0130YESPOR MA\\u00c7I HAZIRLIKLARI TAMAMLANDI&quot;,&quot;orientation&quot;:&quot;0&quot;}\" data-image-title=\"Karab\u00fckspor\u2019da \u00dcmraniyespor ma\u00e7\u0131 haz\u0131rl\u0131klar\u0131 tamamland\u0131\" data-image-description=\"&lt;p&gt;Karab\u00fckspor\u2019da \u00dcmraniyespor ma\u00e7\u0131 haz\u0131rl\u0131klar\u0131 tamamland\u0131&lt;\/p&gt; \" data-medium-file=\"https:\/\/i0.wp.com\/www.tvturk.com\/wp-content\/uploads\/2019\/03\/karabuksporda-umraniyespor-maci-hazirliklari-tamamlandi_b27c451.jpg?fit=300%2C215\" data-large-file=\"https:\/\/i0.wp.com\/www.tvturk.com\/wp-content\/uploads\/2019\/03\/karabuksporda-umraniyespor-maci-hazirliklari-tamamlandi_b27c451.jpg?fit=1000%2C717\" src=\"https:\/\/i0.wp.com\/www.tvturk.com\/wp-content\/uploads\/2019\/03\/karabuksporda-umraniyespor-maci-hazirliklari-tamamlandi_b27c451.jpg?w=237&#038;h=170\" srcset=\"https:\/\/i0.wp.com\/www.tvturk.com\/wp-content\/uploads\/2019\/03\/karabuksporda-umraniyespor-maci-hazirliklari-tamamlandi_b27c451.jpg?w=1000 1000w, https:\/\/i0.wp.com\/www.tvturk.com\/wp-content\/uploads\/2019\/03\/karabuksporda-umraniyespor-maci-hazirliklari-tamamlandi_b27c451.jpg?resize=150%2C108 150w, https:\/\/i0.wp.com\/www.tvturk.com\/wp-content\/uploads\/2019\/03\/karabuksporda-umraniyespor-maci-hazirliklari-tamamlandi_b27c451.jpg?resize=300%2C215 300w, https:\/\/i0.wp.com\/www.tvturk.com\/wp-content\/uploads\/2019\/03\/karabuksporda-umraniyespor-maci-hazirliklari-tamamlandi_b27c451.jpg?resize=768%2C551 768w\" width=\"237\" height=\"170\" loading=\"lazy\" data-original-width=\"237\" data-original-height=\"170\" itemprop=\"http:\/\/schema.org\/image\" title=\"Karab\u00fckspor\u2019da \u00dcmraniyespor ma\u00e7\u0131 haz\u0131rl\u0131klar\u0131 tamamland\u0131\" alt=\"Karab\u00fckspor\u2019da \u00dcmraniyespor ma\u00e7\u0131 haz\u0131rl\u0131klar\u0131 tamamland\u0131\" style=\"width: 237px; height: 170px;\" \/> <\/a> <\/div> <\/div> <!-- close group --> <\/div> <!-- close row --> <\/div><\/p>\n","protected":false},"excerpt":{"rendered":"<p>SPOR TOTO 1. L\u0130G EK\u0130PLER\u0130NDEN KARDEM\u0130R KARAB\u00dcKSPOR, YARIN \u00dcMRAN\u0130YESPOR \u0130LE OYNAYACA\u011eI MA\u00c7IN HAZIRLIKLARINI TAMAMLADI.<\/p>\n","protected":false},"author":1,"featured_media":66265,"comment_status":"closed","ping_status":"open","sticky":false,"template":"","format":"standard","meta":{"jetpack_post_was_ever_published":false,"_jetpack_newsletter_access":"","_jetpack_dont_email_post_to_subs":false,"_jetpack_newsletter_tier_id":0,"_jetpack_memberships_contains_paywalled_content":false,"_jetpack_memberships_contains_paid_content":false,"footnotes":"","jetpack_publicize_message":"","jetpack_publicize_feature_enabled":true,"jetpack_social_post_already_shared":true,"jetpack_social_options":{"image_generator_settings":{"template":"highway","default_image_id":0,"font":"","enabled":false},"version":2}},"categories":[657],"tags":[3026,11026,777,693,917],"class_list":["post-66264","post","type-post","status-publish","format-standard","has-post-thumbnail","hentry","category-spor","tag-hazirliklari","tag-karabuksporda","tag-maci","tag-tamamlandi","tag-umraniyespor"],"jetpack_publicize_connections":[],"jetpack_featured_media_url":"https:\/\/i0.wp.com\/www.tvturk.com\/wp-content\/uploads\/2019\/03\/karabuksporda-umraniyespor-maci-hazirliklari-tamamlandi_876e2f8.jpg?fit=1000%2C666","jetpack_sharing_enabled":true,"jetpack_shortlink":"https:\/\/wp.me\/paKIfm-heM","_links":{"self":[{"href":"http:\/\/www.tvturk.com\/index.php\/wp-json\/wp\/v2\/posts\/66264","targetHints":{"allow":["GET"]}}],"collection":[{"href":"http:\/\/www.tvturk.com\/index.php\/wp-json\/wp\/v2\/posts"}],"about":[{"href":"http:\/\/www.tvturk.com\/index.php\/wp-json\/wp\/v2\/types\/post"}],"author":[{"embeddable":true,"href":"http:\/\/www.tvturk.com\/index.php\/wp-json\/wp\/v2\/users\/1"}],"replies":[{"embeddable":true,"href":"http:\/\/www.tvturk.com\/index.php\/wp-json\/wp\/v2\/comments?post=66264"}],"version-history":[{"count":1,"href":"http:\/\/www.tvturk.com\/index.php\/wp-json\/wp\/v2\/posts\/66264\/revisions"}],"predecessor-version":[{"id":66268,"href":"http:\/\/www.tvturk.com\/index.php\/wp-json\/wp\/v2\/posts\/66264\/revisions\/66268"}],"wp:featuredmedia":[{"embeddable":true,"href":"http:\/\/www.tvturk.com\/index.php\/wp-json\/wp\/v2\/media\/66265"}],"wp:attachment":[{"href":"http:\/\/www.tvturk.com\/index.php\/wp-json\/wp\/v2\/media?parent=66264"}],"wp:term":[{"taxonomy":"category","embeddable":true,"href":"http:\/\/www.tvturk.com\/index.php\/wp-json\/wp\/v2\/categories?post=66264"},{"taxonomy":"post_tag","embeddable":true,"href":"http:\/\/www.tvturk.com\/index.php\/wp-json\/wp\/v2\/tags?post=66264"}],"curies":[{"name":"wp","href":"https:\/\/api.w.org\/{rel}","templated":true}]}}