{"id":66286,"date":"2019-03-02T12:31:15","date_gmt":"2019-03-02T09:31:15","guid":{"rendered":"http:\/\/www.tvturk.com\/index.php\/avustralyada-buyuk-yangin-yuzlerce-itfaiye-eri-mudahale-ediyor\/"},"modified":"2019-03-02T12:31:17","modified_gmt":"2019-03-02T09:31:17","slug":"avustralyada-buyuk-yangin-yuzlerce-itfaiye-eri-mudahale-ediyor","status":"publish","type":"post","link":"http:\/\/www.tvturk.com\/index.php\/avustralyada-buyuk-yangin-yuzlerce-itfaiye-eri-mudahale-ediyor\/","title":{"rendered":"Avustralya\u2019da b\u00fcy\u00fck yang\u0131n: Y\u00fczlerce itfaiye eri m\u00fcdahale ediyor"},"content":{"rendered":"<p>Avusturalya\u2019n\u0131n Victoria eyaletinde b\u00fcy\u00fck bir yang\u0131n meydana geldi\u011fi ve yakla\u015f\u0131k 300 itfaiye erinin olaya m\u00fcdahale etti\u011fi \u00f6\u011frenildi.<\/p>\n<p>Avusturalya\u2019n\u0131n Victoria eyaletindeki k\u0131rsal bir b\u00f6lgede b\u00fcy\u00fck bir yang\u0131n \u00e7\u0131kt\u0131\u011f\u0131 ve yakla\u015f\u0131k 300 itfaiye erinin olaya m\u00fcdahale etti\u011fi \u00f6\u011frenildi. Yang\u0131n\u0131n yerle\u015fim yerlerine yak\u0131n olmas\u0131 ise korkuya yol a\u00e7t\u0131.<div class=\"tiled-gallery type-rectangular tiled-gallery-unresized\" data-original-width=\"500\" data-carousel-extra='null' itemscope itemtype=\"http:\/\/schema.org\/ImageGallery\" > <div class=\"gallery-row\" style=\"width: 500px; height: 189px;\" data-original-width=\"500\" data-original-height=\"189\" > <div class=\"gallery-group images-1\" style=\"width: 250px; height: 189px;\" data-original-width=\"250\" data-original-height=\"189\" > <div class=\"tiled-gallery-item tiled-gallery-item-small\" itemprop=\"associatedMedia\" itemscope itemtype=\"http:\/\/schema.org\/ImageObject\"> <a href=\"http:\/\/www.tvturk.com\/index.php\/avustralyada-buyuk-yangin-yuzlerce-itfaiye-eri-mudahale-ediyor\/avustralyada-buyuk-yangin-yuzlerce-itfaiye-eri-mudahale-ediyor-3\/\" border=\"0\" itemprop=\"url\"> <meta itemprop=\"width\" content=\"246\"> <meta itemprop=\"height\" content=\"185\"> <img decoding=\"async\" class=\"\" data-attachment-id=\"66288\" data-orig-file=\"http:\/\/www.tvturk.com\/wp-content\/uploads\/2019\/03\/avustralyada-buyuk-yangin-yuzlerce-itfaiye-eri-mudahale-ediyor_e884fba.jpg\" data-orig-size=\"1000,750\" data-comments-opened=\"\" data-image-meta=\"{&quot;aperture&quot;:&quot;0&quot;,&quot;credit&quot;:&quot;IHA&quot;,&quot;camera&quot;:&quot;&quot;,&quot;caption&quot;:&quot;AVUSTURALYA\\u2019NIN V\\u0130CTOR\\u0130A EYALET\\u0130NDE B\\u00dcY\\u00dcK B\\u0130R YANGIN MEYDANA GELD\\u0130\\u011e\\u0130 VE YAKLA\\u015eIK 300 \\u0130TFA\\u0130YE ER\\u0130N\\u0130N OLAYA M\\u00dcDAHALE ETT\\u0130\\u011e\\u0130 \\u00d6\\u011eREN\\u0130LD\\u0130. (\\u0130HA\\\/CANBERRA-\\u0130HA)&quot;,&quot;created_timestamp&quot;:&quot;0&quot;,&quot;copyright&quot;:&quot;\\u0130HLAS HABER AJANSI, www.iha.com.tr&quot;,&quot;focal_length&quot;:&quot;0&quot;,&quot;iso&quot;:&quot;0&quot;,&quot;shutter_speed&quot;:&quot;0&quot;,&quot;title&quot;:&quot;AVUSTRALYA\\u2019DA B\\u00dcY\\u00dcK YANGIN: Y\\u00dcZLERCE \\u0130TFA\\u0130YE ER\\u0130 M\\u00dcDAHALE ED\\u0130YOR&quot;,&quot;orientation&quot;:&quot;0&quot;}\" data-image-title=\"Avustralya\u2019da b\u00fcy\u00fck yang\u0131n: Y\u00fczlerce itfaiye eri m\u00fcdahale ediyor\" data-image-description=\"&lt;p&gt;Avustralya\u2019da b\u00fcy\u00fck yang\u0131n: Y\u00fczlerce itfaiye eri m\u00fcdahale ediyor&lt;\/p&gt; \" data-medium-file=\"https:\/\/i0.wp.com\/www.tvturk.com\/wp-content\/uploads\/2019\/03\/avustralyada-buyuk-yangin-yuzlerce-itfaiye-eri-mudahale-ediyor_e884fba.jpg?fit=300%2C225\" data-large-file=\"https:\/\/i0.wp.com\/www.tvturk.com\/wp-content\/uploads\/2019\/03\/avustralyada-buyuk-yangin-yuzlerce-itfaiye-eri-mudahale-ediyor_e884fba.jpg?fit=1000%2C750\" src=\"https:\/\/i0.wp.com\/www.tvturk.com\/wp-content\/uploads\/2019\/03\/avustralyada-buyuk-yangin-yuzlerce-itfaiye-eri-mudahale-ediyor_e884fba.jpg?w=246&#038;h=185\" srcset=\"https:\/\/i0.wp.com\/www.tvturk.com\/wp-content\/uploads\/2019\/03\/avustralyada-buyuk-yangin-yuzlerce-itfaiye-eri-mudahale-ediyor_e884fba.jpg?w=1000 1000w, https:\/\/i0.wp.com\/www.tvturk.com\/wp-content\/uploads\/2019\/03\/avustralyada-buyuk-yangin-yuzlerce-itfaiye-eri-mudahale-ediyor_e884fba.jpg?resize=150%2C113 150w, https:\/\/i0.wp.com\/www.tvturk.com\/wp-content\/uploads\/2019\/03\/avustralyada-buyuk-yangin-yuzlerce-itfaiye-eri-mudahale-ediyor_e884fba.jpg?resize=300%2C225 300w, https:\/\/i0.wp.com\/www.tvturk.com\/wp-content\/uploads\/2019\/03\/avustralyada-buyuk-yangin-yuzlerce-itfaiye-eri-mudahale-ediyor_e884fba.jpg?resize=768%2C576 768w\" width=\"246\" height=\"185\" loading=\"lazy\" data-original-width=\"246\" data-original-height=\"185\" itemprop=\"http:\/\/schema.org\/image\" title=\"Avustralya\u2019da b\u00fcy\u00fck yang\u0131n: Y\u00fczlerce itfaiye eri m\u00fcdahale ediyor\" alt=\"Avustralya\u2019da b\u00fcy\u00fck yang\u0131n: Y\u00fczlerce itfaiye eri m\u00fcdahale ediyor\" style=\"width: 246px; height: 185px;\" \/> <\/a> <\/div> <\/div> <!-- close group --> <div class=\"gallery-group images-1\" style=\"width: 250px; height: 189px;\" data-original-width=\"250\" data-original-height=\"189\" > <div class=\"tiled-gallery-item tiled-gallery-item-small\" itemprop=\"associatedMedia\" itemscope itemtype=\"http:\/\/schema.org\/ImageObject\"> <a href=\"http:\/\/www.tvturk.com\/index.php\/avustralyada-buyuk-yangin-yuzlerce-itfaiye-eri-mudahale-ediyor\/avustralyada-buyuk-yangin-yuzlerce-itfaiye-eri-mudahale-ediyor-4\/\" border=\"0\" itemprop=\"url\"> <meta itemprop=\"width\" content=\"246\"> <meta itemprop=\"height\" content=\"185\"> <img decoding=\"async\" class=\"\" data-attachment-id=\"66289\" data-orig-file=\"http:\/\/www.tvturk.com\/wp-content\/uploads\/2019\/03\/avustralyada-buyuk-yangin-yuzlerce-itfaiye-eri-mudahale-ediyor_0b002bc.jpg\" data-orig-size=\"1000,750\" data-comments-opened=\"\" data-image-meta=\"{&quot;aperture&quot;:&quot;0&quot;,&quot;credit&quot;:&quot;IHA&quot;,&quot;camera&quot;:&quot;&quot;,&quot;caption&quot;:&quot;AVUSTURALYA\\u2019NIN V\\u0130CTOR\\u0130A EYALET\\u0130NDE B\\u00dcY\\u00dcK B\\u0130R YANGIN MEYDANA GELD\\u0130\\u011e\\u0130 VE YAKLA\\u015eIK 300 \\u0130TFA\\u0130YE ER\\u0130N\\u0130N OLAYA M\\u00dcDAHALE ETT\\u0130\\u011e\\u0130 \\u00d6\\u011eREN\\u0130LD\\u0130. (\\u0130HA\\\/CANBERRA-\\u0130HA)&quot;,&quot;created_timestamp&quot;:&quot;0&quot;,&quot;copyright&quot;:&quot;\\u0130HLAS HABER AJANSI, www.iha.com.tr&quot;,&quot;focal_length&quot;:&quot;0&quot;,&quot;iso&quot;:&quot;0&quot;,&quot;shutter_speed&quot;:&quot;0&quot;,&quot;title&quot;:&quot;AVUSTRALYA\\u2019DA B\\u00dcY\\u00dcK YANGIN: Y\\u00dcZLERCE \\u0130TFA\\u0130YE ER\\u0130 M\\u00dcDAHALE ED\\u0130YOR&quot;,&quot;orientation&quot;:&quot;0&quot;}\" data-image-title=\"Avustralya\u2019da b\u00fcy\u00fck yang\u0131n: Y\u00fczlerce itfaiye eri m\u00fcdahale ediyor\" data-image-description=\"&lt;p&gt;Avustralya\u2019da b\u00fcy\u00fck yang\u0131n: Y\u00fczlerce itfaiye eri m\u00fcdahale ediyor&lt;\/p&gt; \" data-medium-file=\"https:\/\/i0.wp.com\/www.tvturk.com\/wp-content\/uploads\/2019\/03\/avustralyada-buyuk-yangin-yuzlerce-itfaiye-eri-mudahale-ediyor_0b002bc.jpg?fit=300%2C225\" data-large-file=\"https:\/\/i0.wp.com\/www.tvturk.com\/wp-content\/uploads\/2019\/03\/avustralyada-buyuk-yangin-yuzlerce-itfaiye-eri-mudahale-ediyor_0b002bc.jpg?fit=1000%2C750\" src=\"https:\/\/i0.wp.com\/www.tvturk.com\/wp-content\/uploads\/2019\/03\/avustralyada-buyuk-yangin-yuzlerce-itfaiye-eri-mudahale-ediyor_0b002bc.jpg?w=246&#038;h=185\" srcset=\"https:\/\/i0.wp.com\/www.tvturk.com\/wp-content\/uploads\/2019\/03\/avustralyada-buyuk-yangin-yuzlerce-itfaiye-eri-mudahale-ediyor_0b002bc.jpg?w=1000 1000w, https:\/\/i0.wp.com\/www.tvturk.com\/wp-content\/uploads\/2019\/03\/avustralyada-buyuk-yangin-yuzlerce-itfaiye-eri-mudahale-ediyor_0b002bc.jpg?resize=150%2C113 150w, https:\/\/i0.wp.com\/www.tvturk.com\/wp-content\/uploads\/2019\/03\/avustralyada-buyuk-yangin-yuzlerce-itfaiye-eri-mudahale-ediyor_0b002bc.jpg?resize=300%2C225 300w, https:\/\/i0.wp.com\/www.tvturk.com\/wp-content\/uploads\/2019\/03\/avustralyada-buyuk-yangin-yuzlerce-itfaiye-eri-mudahale-ediyor_0b002bc.jpg?resize=768%2C576 768w\" width=\"246\" height=\"185\" loading=\"lazy\" data-original-width=\"246\" data-original-height=\"185\" itemprop=\"http:\/\/schema.org\/image\" title=\"Avustralya\u2019da b\u00fcy\u00fck yang\u0131n: Y\u00fczlerce itfaiye eri m\u00fcdahale ediyor\" alt=\"Avustralya\u2019da b\u00fcy\u00fck yang\u0131n: Y\u00fczlerce itfaiye eri m\u00fcdahale ediyor\" style=\"width: 246px; height: 185px;\" \/> <\/a> <\/div> <\/div> <!-- close group --> <\/div> <!-- close row --> <\/div><\/p>\n","protected":false},"excerpt":{"rendered":"<p>AVUSTURALYA\u2019NIN V\u0130CTOR\u0130A EYALET\u0130NDE B\u00dcY\u00dcK B\u0130R YANGIN MEYDANA GELD\u0130\u011e\u0130 VE YAKLA\u015eIK 300 \u0130TFA\u0130YE ER\u0130N\u0130N OLAYA M\u00dcDAHALE ETT\u0130\u011e\u0130 \u00d6\u011eREN\u0130LD\u0130.<\/p>\n","protected":false},"author":1,"featured_media":66287,"comment_status":"closed","ping_status":"open","sticky":false,"template":"","format":"standard","meta":{"jetpack_post_was_ever_published":false,"_jetpack_newsletter_access":"","_jetpack_dont_email_post_to_subs":false,"_jetpack_newsletter_tier_id":0,"_jetpack_memberships_contains_paywalled_content":false,"_jetpack_memberships_contains_paid_content":false,"footnotes":"","jetpack_publicize_message":"","jetpack_publicize_feature_enabled":true,"jetpack_social_post_already_shared":true,"jetpack_social_options":{"image_generator_settings":{"template":"highway","default_image_id":0,"font":"","enabled":false},"version":2}},"categories":[10],"tags":[20140,545,523,12092,764,5125,1617,2445],"class_list":["post-66286","post","type-post","status-publish","format-standard","has-post-thumbnail","hentry","category-dunya","tag-avustralyada","tag-buyuk","tag-ediyor","tag-eri","tag-itfaiye","tag-mudahale","tag-yangin","tag-yuzlerce"],"jetpack_publicize_connections":[],"jetpack_featured_media_url":"https:\/\/i0.wp.com\/www.tvturk.com\/wp-content\/uploads\/2019\/03\/avustralyada-buyuk-yangin-yuzlerce-itfaiye-eri-mudahale-ediyor_527feaf.jpg?fit=1000%2C750","jetpack_sharing_enabled":true,"jetpack_shortlink":"https:\/\/wp.me\/paKIfm-hf8","_links":{"self":[{"href":"http:\/\/www.tvturk.com\/index.php\/wp-json\/wp\/v2\/posts\/66286","targetHints":{"allow":["GET"]}}],"collection":[{"href":"http:\/\/www.tvturk.com\/index.php\/wp-json\/wp\/v2\/posts"}],"about":[{"href":"http:\/\/www.tvturk.com\/index.php\/wp-json\/wp\/v2\/types\/post"}],"author":[{"embeddable":true,"href":"http:\/\/www.tvturk.com\/index.php\/wp-json\/wp\/v2\/users\/1"}],"replies":[{"embeddable":true,"href":"http:\/\/www.tvturk.com\/index.php\/wp-json\/wp\/v2\/comments?post=66286"}],"version-history":[{"count":1,"href":"http:\/\/www.tvturk.com\/index.php\/wp-json\/wp\/v2\/posts\/66286\/revisions"}],"predecessor-version":[{"id":66290,"href":"http:\/\/www.tvturk.com\/index.php\/wp-json\/wp\/v2\/posts\/66286\/revisions\/66290"}],"wp:featuredmedia":[{"embeddable":true,"href":"http:\/\/www.tvturk.com\/index.php\/wp-json\/wp\/v2\/media\/66287"}],"wp:attachment":[{"href":"http:\/\/www.tvturk.com\/index.php\/wp-json\/wp\/v2\/media?parent=66286"}],"wp:term":[{"taxonomy":"category","embeddable":true,"href":"http:\/\/www.tvturk.com\/index.php\/wp-json\/wp\/v2\/categories?post=66286"},{"taxonomy":"post_tag","embeddable":true,"href":"http:\/\/www.tvturk.com\/index.php\/wp-json\/wp\/v2\/tags?post=66286"}],"curies":[{"name":"wp","href":"https:\/\/api.w.org\/{rel}","templated":true}]}}