{"id":66310,"date":"2019-03-02T12:35:12","date_gmt":"2019-03-02T09:35:12","guid":{"rendered":"http:\/\/www.tvturk.com\/index.php\/mustafa-esgin-turkiyenin-kazanimlarini-daha-iyi-noktalarina-goturme-adina-31-mart-secimleri-cok-onemli\/"},"modified":"2019-03-02T12:35:14","modified_gmt":"2019-03-02T09:35:14","slug":"mustafa-esgin-turkiyenin-kazanimlarini-daha-iyi-noktalarina-goturme-adina-31-mart-secimleri-cok-onemli","status":"publish","type":"post","link":"http:\/\/www.tvturk.com\/index.php\/mustafa-esgin-turkiyenin-kazanimlarini-daha-iyi-noktalarina-goturme-adina-31-mart-secimleri-cok-onemli\/","title":{"rendered":"Mustafa Esgin: \u201cT\u00fcrkiye\u2019nin kazan\u0131mlar\u0131n\u0131 daha iyi noktalar\u0131na g\u00f6t\u00fcrme ad\u0131na 31 Mart se\u00e7imleri \u00e7ok \u00f6nemli\u201d"},"content":{"rendered":"<p>AK Parti Bursa Milletvekili Mustafa Esgin, 31 Mart se\u00e7imlerinin T\u00fcrkiye\u2019nin kazan\u0131mlar\u0131n\u0131 daha iyi noktalar\u0131na g\u00f6t\u00fcrme ad\u0131na \u00e7ok \u00f6nemli oldu\u011funu s\u00f6yledi.<\/p>\n<p>AK Parti Bursa Milletvekili Mustafa Esgin, AK Parti Nil\u00fcfer Belediye Ba\u015fkan Aday\u0131 Necati \u015eahin ile birlikte Bitlis \u0130li ve \u0130l\u00e7eleri Dayan\u0131\u015fma Derne\u011fi \u00fcyeleriyle kahvalt\u0131da bir araya geldi. Burada a\u00e7\u0131klamalarda bulunan Esgin, \u201c31 Mart se\u00e7imi \u00f6nemlidir. T\u00fcrkiye\u2019nin kazan\u0131mlar\u0131n\u0131 daha iyi noktalar\u0131na g\u00f6t\u00fcrme ad\u0131na \u00f6nemli. Kimlerle, nelerle u\u011fra\u015ft\u0131\u011f\u0131m\u0131z\u0131 sizler iyi biliyorsunuz. A\u011fustos ay\u0131nda \u00e7ok a\u00e7\u0131k bir ekonomik darbe giri\u015fimi ile kar\u015f\u0131 kar\u015f\u0131ya kald\u0131k. A\u011fustos ay\u0131ndan ya\u015fad\u0131\u011f\u0131m\u0131z ekonominin 15 Temmuz\u2019uydu. 15 Temmuz\u2019da bu \u00fclkeye diz \u00e7\u00f6kt\u00fcremeyenler dolar \u00fczerinden uluslararas\u0131 operasyonla 13 A\u011fustos gecesi \u00f6nce 7.4\u2019lere \u00e7\u0131kartt\u0131lar. Ama\u00e7lar\u0131 sabaha kadar 10\u2019a \u00e7\u0131kart\u0131p, T\u00fcrkiye ekonomisini \u00e7\u00f6kertmekti. Bunu daha \u00f6nce ba\u015fka \u00fclkelerde yapt\u0131lar. Rusya 2 sene \u00f6nce benzer senaryo ile kar\u015f\u0131 kar\u015f\u0131ya kald\u0131. Rusya Merkez Bankas\u0131\u2019ndan 300 milyar dolar d\u00f6viz rezervini sarf ettikleri halde bununla tam ba\u015fa \u00e7\u0131kabilmi\u015f de\u011filler. T\u00fcrkiye sizlerin vermi\u015f oldu\u011fu destekle 3-4 ayl\u0131k s\u00fcrede bunu bertaraf etti. Bunu hi\u00e7 ya\u015famam\u0131\u015f gibi olamay\u0131z. Ama 31 Mart se\u00e7imleri bu y\u00f6n\u00fcyle \u00e7ok \u00f6nemli. 31 Mart\u2019ta T\u00fcrkiye\u2019nin \u00f6n\u00fcn\u00fc a\u00e7acak bir sand\u0131k sonucunu milletimizin deste\u011fiyle yapaca\u011f\u0131m\u0131za inan\u0131yorum\u201d dedi.<\/p>\n<p>Program\u0131n sonunda Esgin, \u015eahin ve dernek \u00fcyeleri hat\u0131ra foto\u011fraf\u0131 \u00e7ektirdi.<div class=\"tiled-gallery type-rectangular tiled-gallery-unresized\" data-original-width=\"500\" data-carousel-extra='null' itemscope itemtype=\"http:\/\/schema.org\/ImageGallery\" > <div class=\"gallery-row\" style=\"width: 500px; height: 334px;\" data-original-width=\"500\" data-original-height=\"334\" > <div class=\"gallery-group images-1\" style=\"width: 500px; height: 334px;\" data-original-width=\"500\" data-original-height=\"334\" > <div class=\"tiled-gallery-item tiled-gallery-item-large\" itemprop=\"associatedMedia\" itemscope itemtype=\"http:\/\/schema.org\/ImageObject\"> <a href=\"http:\/\/www.tvturk.com\/index.php\/mustafa-esgin-turkiyenin-kazanimlarini-daha-iyi-noktalarina-goturme-adina-31-mart-secimleri-cok-onemli\/mustafa-esgin-turkiyenin-kazanimlarini-daha-iyi-noktalarina-goturme-adina-31-mart-secimleri-cok-onemli-3\/\" border=\"0\" itemprop=\"url\"> <meta itemprop=\"width\" content=\"496\"> <meta itemprop=\"height\" content=\"330\"> <img decoding=\"async\" class=\"\" data-attachment-id=\"66312\" data-orig-file=\"http:\/\/www.tvturk.com\/wp-content\/uploads\/2019\/03\/mustafa-esgin-turkiyenin-kazanimlarini-daha-iyi-noktalarina-goturme-adina-31-mart-secimleri-cok-onemli_59b7ef8.jpg\" data-orig-size=\"1000,666\" data-comments-opened=\"\" data-image-meta=\"{&quot;aperture&quot;:&quot;0&quot;,&quot;credit&quot;:&quot;IHA&quot;,&quot;camera&quot;:&quot;&quot;,&quot;caption&quot;:&quot;AK PART\\u0130 BURSA M\\u0130LLETVEK\\u0130L\\u0130 MUSTAFA ESG\\u0130N, 31 MART SE\\u00c7\\u0130MLER\\u0130N\\u0130N T\\u00dcRK\\u0130YE\\u2019N\\u0130N KAZANIMLARINI DAHA \\u0130Y\\u0130 NOKTALARINA G\\u00d6T\\u00dcRME ADINA \\u00c7OK \\u00d6NEML\\u0130 OLDU\\u011eUNU S\\u00d6YLED\\u0130. (AHMET FARUK \\u00c7ABUK\\\/BURSA-\\u0130HA)&quot;,&quot;created_timestamp&quot;:&quot;0&quot;,&quot;copyright&quot;:&quot;\\u0130HLAS HABER AJANSI, www.iha.com.tr&quot;,&quot;focal_length&quot;:&quot;0&quot;,&quot;iso&quot;:&quot;0&quot;,&quot;shutter_speed&quot;:&quot;0&quot;,&quot;title&quot;:&quot;MUSTAFA ESG\\u0130N: \\u201cT\\u00dcRK\\u0130YE\\u2019N\\u0130N KAZANIMLARINI DAHA \\u0130Y\\u0130 NOKTALARINA G\\u00d6T\\u00dcRME ADINA 31 MART SE\\u00c7\\u0130MLER\\u0130 \\u00c7OK \\u00d6NEML\\u0130\\u201d&quot;,&quot;orientation&quot;:&quot;0&quot;}\" data-image-title=\"Mustafa Esgin: \u201cT\u00fcrkiye\u2019nin kazan\u0131mlar\u0131n\u0131 daha iyi noktalar\u0131na g\u00f6t\u00fcrme ad\u0131na 31 Mart se\u00e7imleri \u00e7ok \u00f6nemli\u201d\" data-image-description=\"&lt;p&gt;Mustafa Esgin: \u201cT\u00fcrkiye\u2019nin kazan\u0131mlar\u0131n\u0131 daha iyi noktalar\u0131na g\u00f6t\u00fcrme ad\u0131na 31 Mart se\u00e7imleri \u00e7ok \u00f6nemli\u201d&lt;\/p&gt; \" data-medium-file=\"https:\/\/i0.wp.com\/www.tvturk.com\/wp-content\/uploads\/2019\/03\/mustafa-esgin-turkiyenin-kazanimlarini-daha-iyi-noktalarina-goturme-adina-31-mart-secimleri-cok-onemli_59b7ef8.jpg?fit=300%2C200\" data-large-file=\"https:\/\/i0.wp.com\/www.tvturk.com\/wp-content\/uploads\/2019\/03\/mustafa-esgin-turkiyenin-kazanimlarini-daha-iyi-noktalarina-goturme-adina-31-mart-secimleri-cok-onemli_59b7ef8.jpg?fit=1000%2C666\" src=\"https:\/\/i0.wp.com\/www.tvturk.com\/wp-content\/uploads\/2019\/03\/mustafa-esgin-turkiyenin-kazanimlarini-daha-iyi-noktalarina-goturme-adina-31-mart-secimleri-cok-onemli_59b7ef8.jpg?w=496&#038;h=330\" srcset=\"https:\/\/i0.wp.com\/www.tvturk.com\/wp-content\/uploads\/2019\/03\/mustafa-esgin-turkiyenin-kazanimlarini-daha-iyi-noktalarina-goturme-adina-31-mart-secimleri-cok-onemli_59b7ef8.jpg?w=1000 1000w, https:\/\/i0.wp.com\/www.tvturk.com\/wp-content\/uploads\/2019\/03\/mustafa-esgin-turkiyenin-kazanimlarini-daha-iyi-noktalarina-goturme-adina-31-mart-secimleri-cok-onemli_59b7ef8.jpg?resize=150%2C100 150w, https:\/\/i0.wp.com\/www.tvturk.com\/wp-content\/uploads\/2019\/03\/mustafa-esgin-turkiyenin-kazanimlarini-daha-iyi-noktalarina-goturme-adina-31-mart-secimleri-cok-onemli_59b7ef8.jpg?resize=300%2C200 300w, https:\/\/i0.wp.com\/www.tvturk.com\/wp-content\/uploads\/2019\/03\/mustafa-esgin-turkiyenin-kazanimlarini-daha-iyi-noktalarina-goturme-adina-31-mart-secimleri-cok-onemli_59b7ef8.jpg?resize=768%2C511 768w, https:\/\/i0.wp.com\/www.tvturk.com\/wp-content\/uploads\/2019\/03\/mustafa-esgin-turkiyenin-kazanimlarini-daha-iyi-noktalarina-goturme-adina-31-mart-secimleri-cok-onemli_59b7ef8.jpg?resize=170%2C113 170w, https:\/\/i0.wp.com\/www.tvturk.com\/wp-content\/uploads\/2019\/03\/mustafa-esgin-turkiyenin-kazanimlarini-daha-iyi-noktalarina-goturme-adina-31-mart-secimleri-cok-onemli_59b7ef8.jpg?resize=120%2C80 120w\" width=\"496\" height=\"330\" loading=\"lazy\" data-original-width=\"496\" data-original-height=\"330\" itemprop=\"http:\/\/schema.org\/image\" title=\"Mustafa Esgin: \u201cT\u00fcrkiye\u2019nin kazan\u0131mlar\u0131n\u0131 daha iyi noktalar\u0131na g\u00f6t\u00fcrme ad\u0131na 31 Mart se\u00e7imleri \u00e7ok \u00f6nemli\u201d\" alt=\"Mustafa Esgin: \u201cT\u00fcrkiye\u2019nin kazan\u0131mlar\u0131n\u0131 daha iyi noktalar\u0131na g\u00f6t\u00fcrme ad\u0131na 31 Mart se\u00e7imleri \u00e7ok \u00f6nemli\u201d\" style=\"width: 496px; height: 330px;\" \/> <\/a> <\/div> <\/div> <!-- close group --> <\/div> <!-- close row --> <\/div><\/p>\n","protected":false},"excerpt":{"rendered":"<p>AK PART\u0130 BURSA M\u0130LLETVEK\u0130L\u0130 MUSTAFA ESG\u0130N, 31 MART SE\u00c7\u0130MLER\u0130N\u0130N T\u00dcRK\u0130YE\u2019N\u0130N KAZANIMLARINI DAHA \u0130Y\u0130 NOKTALARINA G\u00d6T\u00dcRME ADINA \u00c7OK \u00d6NEML\u0130 OLDU\u011eUNU S\u00d6YLED\u0130.<\/p>\n","protected":false},"author":1,"featured_media":66311,"comment_status":"closed","ping_status":"open","sticky":false,"template":"","format":"standard","meta":{"jetpack_post_was_ever_published":false,"_jetpack_newsletter_access":"","_jetpack_dont_email_post_to_subs":false,"_jetpack_newsletter_tier_id":0,"_jetpack_memberships_contains_paywalled_content":false,"_jetpack_memberships_contains_paid_content":false,"footnotes":"","jetpack_publicize_message":"","jetpack_publicize_feature_enabled":true,"jetpack_social_post_already_shared":true,"jetpack_social_options":{"image_generator_settings":{"template":"highway","default_image_id":0,"font":"","enabled":false},"version":2}},"categories":[9],"tags":[11318,105,1018,10056,6613,1552,20144,6710,159,9230,332,6949,177],"class_list":["post-66310","post","type-post","status-publish","format-standard","has-post-thumbnail","hentry","category-siyaset","tag-adina","tag-cok","tag-daha","tag-esgin","tag-goturme","tag-iyi","tag-kazanimlarini","tag-mart","tag-mustafa","tag-noktalarina","tag-onemli","tag-secimleri","tag-turkiyenin"],"jetpack_publicize_connections":[],"jetpack_featured_media_url":"https:\/\/i0.wp.com\/www.tvturk.com\/wp-content\/uploads\/2019\/03\/mustafa-esgin-turkiyenin-kazanimlarini-daha-iyi-noktalarina-goturme-adina-31-mart-secimleri-cok-onemli_09ace68.jpg?fit=1000%2C666","jetpack_sharing_enabled":true,"jetpack_shortlink":"https:\/\/wp.me\/paKIfm-hfw","_links":{"self":[{"href":"http:\/\/www.tvturk.com\/index.php\/wp-json\/wp\/v2\/posts\/66310","targetHints":{"allow":["GET"]}}],"collection":[{"href":"http:\/\/www.tvturk.com\/index.php\/wp-json\/wp\/v2\/posts"}],"about":[{"href":"http:\/\/www.tvturk.com\/index.php\/wp-json\/wp\/v2\/types\/post"}],"author":[{"embeddable":true,"href":"http:\/\/www.tvturk.com\/index.php\/wp-json\/wp\/v2\/users\/1"}],"replies":[{"embeddable":true,"href":"http:\/\/www.tvturk.com\/index.php\/wp-json\/wp\/v2\/comments?post=66310"}],"version-history":[{"count":1,"href":"http:\/\/www.tvturk.com\/index.php\/wp-json\/wp\/v2\/posts\/66310\/revisions"}],"predecessor-version":[{"id":66313,"href":"http:\/\/www.tvturk.com\/index.php\/wp-json\/wp\/v2\/posts\/66310\/revisions\/66313"}],"wp:featuredmedia":[{"embeddable":true,"href":"http:\/\/www.tvturk.com\/index.php\/wp-json\/wp\/v2\/media\/66311"}],"wp:attachment":[{"href":"http:\/\/www.tvturk.com\/index.php\/wp-json\/wp\/v2\/media?parent=66310"}],"wp:term":[{"taxonomy":"category","embeddable":true,"href":"http:\/\/www.tvturk.com\/index.php\/wp-json\/wp\/v2\/categories?post=66310"},{"taxonomy":"post_tag","embeddable":true,"href":"http:\/\/www.tvturk.com\/index.php\/wp-json\/wp\/v2\/tags?post=66310"}],"curies":[{"name":"wp","href":"https:\/\/api.w.org\/{rel}","templated":true}]}}