{"id":66331,"date":"2019-03-02T12:40:02","date_gmt":"2019-03-02T09:40:02","guid":{"rendered":"http:\/\/www.tvturk.com\/index.php\/aktas-imar-meselesi-onceligimiz\/"},"modified":"2019-03-02T12:40:05","modified_gmt":"2019-03-02T09:40:05","slug":"aktas-imar-meselesi-onceligimiz","status":"publish","type":"post","link":"http:\/\/www.tvturk.com\/index.php\/aktas-imar-meselesi-onceligimiz\/","title":{"rendered":"Akta\u015f: \u201c\u0130mar meselesi \u00f6nceli\u011fimiz\u201d"},"content":{"rendered":"<p>Ulus Mahallesi\u2019nde vatanda\u015flarla bir araya gelip b\u00f6lgenin en \u00f6nemli meselesi olan imar konusuna de\u011finen B\u00fcy\u00fck\u015fehir Belediye Ba\u015fkan\u0131 Alinur Akta\u015f, \u201c\u0130stedi\u011finiz kadar imar yok deyin. Burada hayat var. \u0130mar meselesini bir an \u00f6nce \u00e7\u00f6zmeliyiz\u201d dedi.<\/p>\n<p>B\u00fcy\u00fck\u015fehir Belediye Ba\u015fkan\u0131 Alinur Akta\u015f, se\u00e7im gezileri kapsam\u0131nda Y\u0131ld\u0131r\u0131m il\u00e7esinde Ankara yolu alt\u0131 diye tabir edilen mahallelerden Ulus Mahallesi\u2019ni ziyaret etti. Y\u0131ld\u0131r\u0131m Belediye Ba\u015fkan Aday\u0131 Oktay Y\u0131lmaz ile birlikte Ulus Mahallesi sakinleriyle bulu\u015fan B\u00fcy\u00fck\u015fehir Belediye Ba\u015fkan\u0131 Alinur Akta\u015f, g\u00f6\u00e7 ve buna ba\u011fl\u0131 olarak ya\u015fanan \u00e7arp\u0131k ve ka\u00e7ak yap\u0131la\u015fmalarla birlikte Bursa\u2019n\u0131n h\u0131zla b\u00fcy\u00fcd\u00fc\u011f\u00fcn\u00fc, zaman i\u00e7inde belediyecilik hizmetlerinin bu b\u00fcy\u00fcmenin gerisinde kald\u0131\u011f\u0131n\u0131 hat\u0131rlatt\u0131. 31 Mart se\u00e7imlerinden sonra 4,5 y\u0131l daha se\u00e7im olmayaca\u011f\u0131n\u0131 ve h\u0131zl\u0131 ko\u015fulacak bir d\u00f6neme girildi\u011fini ifade eden Ba\u015fkan Akta\u015f, Ulus Mahallesi\u2019nin en \u00f6nemli meselesi olan imar konusunu da h\u0131zla \u00e7\u00f6z\u00fcme kavu\u015fturmak istediklerini s\u00f6yledi.<\/p>\n<p>B\u00f6lgedeki planlar\u0131n acilen g\u00fcncellenmesi gerekti\u011fine dikkat \u00e7eken Ba\u015fkan Akta\u015f, \u201c\u0130stedi\u011finiz kadar imar yok deyin, burada hayat var. Bizim bu meseleyi acilen \u00e7\u00f6zmemiz gerekir. Ama unutmamal\u0131 \u015fehirlerin de insanlar gibi bir \u00f6mr\u00fc var. \u00d6yle \u015fehirler 1-2 ayda olu\u015fmaz. \u015eehri d\u00f6n\u00fc\u015ft\u00fcrmek emek ister, zahmet ister. \u00d6yle uzaktan bakmakla sorunlar \u00e7\u00f6z\u00fclmez. Bizim bir ucundan ba\u015flay\u0131p, bu imar meselesini halletmemiz laz\u0131m. Bunun i\u00e7in s\u0131k s\u0131k bir araya gelece\u011fiz, konu\u015fup, \u00e7\u00f6z\u00fcm yolu bulaca\u011f\u0131z. \u00c7\u00fcnk\u00fc imar konusu \u015fehirle\u015fmenin alfabesi. Gen\u00e7lerimizi k\u00f6t\u00fc al\u0131\u015fkanl\u0131klardan uzakla\u015ft\u0131rmak i\u00e7in onlar\u0131 farkl\u0131 alanlara y\u00f6nlendirecek, k\u00fclt\u00fcr merkezleri, spor alanlar\u0131 yapmal\u0131y\u0131z. Burada da konu imara dayan\u0131yor. \u00c7\u00fcnk\u00fc imar olmad\u0131\u011f\u0131 i\u00e7in bu tesisler yap\u0131lam\u0131yor. Ever imar bu b\u00f6lgenin olmazsa olmaz\u0131 ve biz ilk olarak bu konuyu ele al\u0131p, in\u015fallah \u00e7\u00f6z\u00fcme kavu\u015fturaca\u011f\u0131z\u201d dedi.<div class=\"tiled-gallery type-rectangular tiled-gallery-unresized\" data-original-width=\"500\" data-carousel-extra='null' itemscope itemtype=\"http:\/\/schema.org\/ImageGallery\" > <div class=\"gallery-row\" style=\"width: 500px; height: 168px;\" data-original-width=\"500\" data-original-height=\"168\" > <div class=\"gallery-group images-1\" style=\"width: 250px; height: 168px;\" data-original-width=\"250\" data-original-height=\"168\" > <div class=\"tiled-gallery-item tiled-gallery-item-small\" itemprop=\"associatedMedia\" itemscope itemtype=\"http:\/\/schema.org\/ImageObject\"> <a href=\"http:\/\/www.tvturk.com\/index.php\/aktas-imar-meselesi-onceligimiz\/aktas-imar-meselesi-onceligimiz-3\/\" border=\"0\" itemprop=\"url\"> <meta itemprop=\"width\" content=\"246\"> <meta itemprop=\"height\" content=\"164\"> <img decoding=\"async\" class=\"\" data-attachment-id=\"66333\" data-orig-file=\"http:\/\/www.tvturk.com\/wp-content\/uploads\/2019\/03\/aktas-imar-meselesi-onceligimiz_846348a.jpg\" data-orig-size=\"1000,666\" data-comments-opened=\"\" data-image-meta=\"{&quot;aperture&quot;:&quot;0&quot;,&quot;credit&quot;:&quot;IHA&quot;,&quot;camera&quot;:&quot;&quot;,&quot;caption&quot;:&quot;ULUS MAHALLES\\u0130\\u2019NDE VATANDA\\u015eLARLA B\\u0130R ARAYA GEL\\u0130P B\\u00d6LGEN\\u0130N EN \\u00d6NEML\\u0130 MESELES\\u0130 OLAN \\u0130MAR KONUSUNA DE\\u011e\\u0130NEN B\\u00dcY\\u00dcK\\u015eEH\\u0130R BELED\\u0130YE BA\\u015eKANI AL\\u0130NUR AKTA\\u015e, \\u201c\\u0130STED\\u0130\\u011e\\u0130N\\u0130Z KADAR \\u0130MAR YOK DEY\\u0130N. BURADA HAYAT VAR. \\u0130MAR MESELES\\u0130N\\u0130 B\\u0130R AN \\u00d6NCE \\u00c7\\u00d6ZMEL\\u0130Y\\u0130Z\\u201d DED\\u0130. (\\u0130HA\\\/BURSA-\\u0130HA)&quot;,&quot;created_timestamp&quot;:&quot;0&quot;,&quot;copyright&quot;:&quot;\\u0130HLAS HABER AJANSI, www.iha.com.tr&quot;,&quot;focal_length&quot;:&quot;0&quot;,&quot;iso&quot;:&quot;0&quot;,&quot;shutter_speed&quot;:&quot;0&quot;,&quot;title&quot;:&quot;AKTA\\u015e: \\u201c\\u0130MAR MESELES\\u0130 \\u00d6NCEL\\u0130\\u011e\\u0130M\\u0130Z\\u201d&quot;,&quot;orientation&quot;:&quot;0&quot;}\" data-image-title=\"Akta\u015f: \u201c\u0130mar meselesi \u00f6nceli\u011fimiz\u201d\" data-image-description=\"&lt;p&gt;Akta\u015f: \u201c\u0130mar meselesi \u00f6nceli\u011fimiz\u201d&lt;\/p&gt; \" data-medium-file=\"https:\/\/i0.wp.com\/www.tvturk.com\/wp-content\/uploads\/2019\/03\/aktas-imar-meselesi-onceligimiz_846348a.jpg?fit=300%2C200\" data-large-file=\"https:\/\/i0.wp.com\/www.tvturk.com\/wp-content\/uploads\/2019\/03\/aktas-imar-meselesi-onceligimiz_846348a.jpg?fit=1000%2C666\" src=\"https:\/\/i0.wp.com\/www.tvturk.com\/wp-content\/uploads\/2019\/03\/aktas-imar-meselesi-onceligimiz_846348a.jpg?w=246&#038;h=164\" srcset=\"https:\/\/i0.wp.com\/www.tvturk.com\/wp-content\/uploads\/2019\/03\/aktas-imar-meselesi-onceligimiz_846348a.jpg?w=1000 1000w, https:\/\/i0.wp.com\/www.tvturk.com\/wp-content\/uploads\/2019\/03\/aktas-imar-meselesi-onceligimiz_846348a.jpg?resize=150%2C100 150w, https:\/\/i0.wp.com\/www.tvturk.com\/wp-content\/uploads\/2019\/03\/aktas-imar-meselesi-onceligimiz_846348a.jpg?resize=300%2C200 300w, https:\/\/i0.wp.com\/www.tvturk.com\/wp-content\/uploads\/2019\/03\/aktas-imar-meselesi-onceligimiz_846348a.jpg?resize=768%2C511 768w, https:\/\/i0.wp.com\/www.tvturk.com\/wp-content\/uploads\/2019\/03\/aktas-imar-meselesi-onceligimiz_846348a.jpg?resize=170%2C113 170w, https:\/\/i0.wp.com\/www.tvturk.com\/wp-content\/uploads\/2019\/03\/aktas-imar-meselesi-onceligimiz_846348a.jpg?resize=120%2C80 120w\" width=\"246\" height=\"164\" loading=\"lazy\" data-original-width=\"246\" data-original-height=\"164\" itemprop=\"http:\/\/schema.org\/image\" title=\"Akta\u015f: \u201c\u0130mar meselesi \u00f6nceli\u011fimiz\u201d\" alt=\"Akta\u015f: \u201c\u0130mar meselesi \u00f6nceli\u011fimiz\u201d\" style=\"width: 246px; height: 164px;\" \/> <\/a> <\/div> <\/div> <!-- close group --> <div class=\"gallery-group images-1\" style=\"width: 250px; height: 168px;\" data-original-width=\"250\" data-original-height=\"168\" > <div class=\"tiled-gallery-item tiled-gallery-item-small\" itemprop=\"associatedMedia\" itemscope itemtype=\"http:\/\/schema.org\/ImageObject\"> <a href=\"http:\/\/www.tvturk.com\/index.php\/aktas-imar-meselesi-onceligimiz\/aktas-imar-meselesi-onceligimiz-4\/\" border=\"0\" itemprop=\"url\"> <meta itemprop=\"width\" content=\"246\"> <meta itemprop=\"height\" content=\"164\"> <img decoding=\"async\" class=\"\" data-attachment-id=\"66334\" data-orig-file=\"http:\/\/www.tvturk.com\/wp-content\/uploads\/2019\/03\/aktas-imar-meselesi-onceligimiz_fa9b25f.jpg\" data-orig-size=\"1000,666\" data-comments-opened=\"\" data-image-meta=\"{&quot;aperture&quot;:&quot;0&quot;,&quot;credit&quot;:&quot;IHA&quot;,&quot;camera&quot;:&quot;&quot;,&quot;caption&quot;:&quot;ULUS MAHALLES\\u0130\\u2019NDE VATANDA\\u015eLARLA B\\u0130R ARAYA GEL\\u0130P B\\u00d6LGEN\\u0130N EN \\u00d6NEML\\u0130 MESELES\\u0130 OLAN \\u0130MAR KONUSUNA DE\\u011e\\u0130NEN B\\u00dcY\\u00dcK\\u015eEH\\u0130R BELED\\u0130YE BA\\u015eKANI AL\\u0130NUR AKTA\\u015e, \\u201c\\u0130STED\\u0130\\u011e\\u0130N\\u0130Z KADAR \\u0130MAR YOK DEY\\u0130N. BURADA HAYAT VAR. \\u0130MAR MESELES\\u0130N\\u0130 B\\u0130R AN \\u00d6NCE \\u00c7\\u00d6ZMEL\\u0130Y\\u0130Z\\u201d DED\\u0130. (\\u0130HA\\\/BURSA-\\u0130HA)&quot;,&quot;created_timestamp&quot;:&quot;0&quot;,&quot;copyright&quot;:&quot;\\u0130HLAS HABER AJANSI, www.iha.com.tr&quot;,&quot;focal_length&quot;:&quot;0&quot;,&quot;iso&quot;:&quot;0&quot;,&quot;shutter_speed&quot;:&quot;0&quot;,&quot;title&quot;:&quot;AKTA\\u015e: \\u201c\\u0130MAR MESELES\\u0130 \\u00d6NCEL\\u0130\\u011e\\u0130M\\u0130Z\\u201d&quot;,&quot;orientation&quot;:&quot;0&quot;}\" data-image-title=\"Akta\u015f: \u201c\u0130mar meselesi \u00f6nceli\u011fimiz\u201d\" data-image-description=\"&lt;p&gt;Akta\u015f: \u201c\u0130mar meselesi \u00f6nceli\u011fimiz\u201d&lt;\/p&gt; \" data-medium-file=\"https:\/\/i0.wp.com\/www.tvturk.com\/wp-content\/uploads\/2019\/03\/aktas-imar-meselesi-onceligimiz_fa9b25f.jpg?fit=300%2C200\" data-large-file=\"https:\/\/i0.wp.com\/www.tvturk.com\/wp-content\/uploads\/2019\/03\/aktas-imar-meselesi-onceligimiz_fa9b25f.jpg?fit=1000%2C666\" src=\"https:\/\/i0.wp.com\/www.tvturk.com\/wp-content\/uploads\/2019\/03\/aktas-imar-meselesi-onceligimiz_fa9b25f.jpg?w=246&#038;h=164\" srcset=\"https:\/\/i0.wp.com\/www.tvturk.com\/wp-content\/uploads\/2019\/03\/aktas-imar-meselesi-onceligimiz_fa9b25f.jpg?w=1000 1000w, https:\/\/i0.wp.com\/www.tvturk.com\/wp-content\/uploads\/2019\/03\/aktas-imar-meselesi-onceligimiz_fa9b25f.jpg?resize=150%2C100 150w, https:\/\/i0.wp.com\/www.tvturk.com\/wp-content\/uploads\/2019\/03\/aktas-imar-meselesi-onceligimiz_fa9b25f.jpg?resize=300%2C200 300w, https:\/\/i0.wp.com\/www.tvturk.com\/wp-content\/uploads\/2019\/03\/aktas-imar-meselesi-onceligimiz_fa9b25f.jpg?resize=768%2C511 768w, https:\/\/i0.wp.com\/www.tvturk.com\/wp-content\/uploads\/2019\/03\/aktas-imar-meselesi-onceligimiz_fa9b25f.jpg?resize=170%2C113 170w, https:\/\/i0.wp.com\/www.tvturk.com\/wp-content\/uploads\/2019\/03\/aktas-imar-meselesi-onceligimiz_fa9b25f.jpg?resize=120%2C80 120w\" width=\"246\" height=\"164\" loading=\"lazy\" data-original-width=\"246\" data-original-height=\"164\" itemprop=\"http:\/\/schema.org\/image\" title=\"Akta\u015f: \u201c\u0130mar meselesi \u00f6nceli\u011fimiz\u201d\" alt=\"Akta\u015f: \u201c\u0130mar meselesi \u00f6nceli\u011fimiz\u201d\" style=\"width: 246px; height: 164px;\" \/> <\/a> <\/div> <\/div> <!-- close group --> <\/div> <!-- close row --> <\/div><\/p>\n","protected":false},"excerpt":{"rendered":"<p>ULUS MAHALLES\u0130\u2019NDE VATANDA\u015eLARLA B\u0130R ARAYA GEL\u0130P B\u00d6LGEN\u0130N EN \u00d6NEML\u0130 MESELES\u0130 OLAN \u0130MAR KONUSUNA DE\u011e\u0130NEN B\u00dcY\u00dcK\u015eEH\u0130R BELED\u0130YE BA\u015eKANI AL\u0130NUR AKTA\u015e, \u201c\u0130STED\u0130\u011e\u0130N\u0130Z KADAR \u0130MAR YOK DEY\u0130N. BURADA HAYAT VAR. \u0130MAR MESELES\u0130N\u0130 B\u0130R AN \u00d6NCE \u00c7\u00d6ZMEL\u0130Y\u0130Z\u201d DED\u0130.<\/p>\n","protected":false},"author":1,"featured_media":66332,"comment_status":"closed","ping_status":"open","sticky":false,"template":"","format":"standard","meta":{"jetpack_post_was_ever_published":false,"_jetpack_newsletter_access":"","_jetpack_dont_email_post_to_subs":false,"_jetpack_newsletter_tier_id":0,"_jetpack_memberships_contains_paywalled_content":false,"_jetpack_memberships_contains_paid_content":false,"footnotes":"","jetpack_publicize_message":"","jetpack_publicize_feature_enabled":true,"jetpack_social_post_already_shared":true,"jetpack_social_options":{"image_generator_settings":{"template":"highway","default_image_id":0,"font":"","enabled":false},"version":2}},"categories":[1],"tags":[2369,979,2953,20148],"class_list":["post-66331","post","type-post","status-publish","format-standard","has-post-thumbnail","hentry","category-genel","tag-aktas","tag-imar","tag-meselesi","tag-onceligimiz"],"jetpack_publicize_connections":[],"jetpack_featured_media_url":"https:\/\/i0.wp.com\/www.tvturk.com\/wp-content\/uploads\/2019\/03\/aktas-imar-meselesi-onceligimiz_20d928d.jpg?fit=1000%2C666","jetpack_sharing_enabled":true,"jetpack_shortlink":"https:\/\/wp.me\/paKIfm-hfR","_links":{"self":[{"href":"http:\/\/www.tvturk.com\/index.php\/wp-json\/wp\/v2\/posts\/66331","targetHints":{"allow":["GET"]}}],"collection":[{"href":"http:\/\/www.tvturk.com\/index.php\/wp-json\/wp\/v2\/posts"}],"about":[{"href":"http:\/\/www.tvturk.com\/index.php\/wp-json\/wp\/v2\/types\/post"}],"author":[{"embeddable":true,"href":"http:\/\/www.tvturk.com\/index.php\/wp-json\/wp\/v2\/users\/1"}],"replies":[{"embeddable":true,"href":"http:\/\/www.tvturk.com\/index.php\/wp-json\/wp\/v2\/comments?post=66331"}],"version-history":[{"count":1,"href":"http:\/\/www.tvturk.com\/index.php\/wp-json\/wp\/v2\/posts\/66331\/revisions"}],"predecessor-version":[{"id":66335,"href":"http:\/\/www.tvturk.com\/index.php\/wp-json\/wp\/v2\/posts\/66331\/revisions\/66335"}],"wp:featuredmedia":[{"embeddable":true,"href":"http:\/\/www.tvturk.com\/index.php\/wp-json\/wp\/v2\/media\/66332"}],"wp:attachment":[{"href":"http:\/\/www.tvturk.com\/index.php\/wp-json\/wp\/v2\/media?parent=66331"}],"wp:term":[{"taxonomy":"category","embeddable":true,"href":"http:\/\/www.tvturk.com\/index.php\/wp-json\/wp\/v2\/categories?post=66331"},{"taxonomy":"post_tag","embeddable":true,"href":"http:\/\/www.tvturk.com\/index.php\/wp-json\/wp\/v2\/tags?post=66331"}],"curies":[{"name":"wp","href":"https:\/\/api.w.org\/{rel}","templated":true}]}}