{"id":66888,"date":"2019-03-02T16:31:36","date_gmt":"2019-03-02T13:31:36","guid":{"rendered":"http:\/\/www.tvturk.com\/index.php\/eskisehirspor-taraftarindan-gorsel-solen\/"},"modified":"2019-03-02T16:31:40","modified_gmt":"2019-03-02T13:31:40","slug":"eskisehirspor-taraftarindan-gorsel-solen","status":"publish","type":"post","link":"http:\/\/www.tvturk.com\/index.php\/eskisehirspor-taraftarindan-gorsel-solen\/","title":{"rendered":"Eski\u015fehirspor taraftar\u0131ndan g\u00f6rsel \u015f\u00f6len"},"content":{"rendered":"<p>Eski\u015fehirspor taraftar\u0131, Spor Toto 1. Lig\u2019in 24. haftas\u0131nda sahas\u0131nda a\u011f\u0131rlad\u0131\u011f\u0131 Adana Demirspor ma\u00e7\u0131nda muhte\u015fem bir koreografiye imza att\u0131.<\/p>\n<p>T\u00fcrk futbolunun k\u00f6kl\u00fc ekiplerinden Eski\u015fehirspor\u2019a taraftarlar\u0131n\u0131n deste\u011fi tam gaz s\u00fcr\u00fcyor. Ligin 24. haftas\u0131nda Adana Demirspor\u2019u a\u011f\u0131rlayan K\u0131rm\u0131z\u0131 \u015eim\u015fekler\u2019de taraftarlar yine \u00e7ok konu\u015fulacak bir g\u00f6rsel \u015f\u00f6lene imza att\u0131. Ma\u00e7\u0131n ba\u015flama d\u00fcd\u00fc\u011f\u00fcne saniyeler kala t\u00fcm stat \u00f6nceden haz\u0131rlanan pankartlar\u0131 havaya kald\u0131rd\u0131. Yeni Eski\u015fehir Stad\u0131n\u0131n Do\u011fu Trib\u00fcn\u00fc\u2019nde ise \u00fc\u00e7 boyutlu bir koreografi g\u00f6z\u00fckt\u00fc. T\u00fcm taraftar ahenk i\u00e7inde g\u00f6rsel \u015f\u00f6len sunarken ma\u00e7\u0131n ba\u015flama d\u00fcd\u00fc\u011f\u00fcyle birlikte tak\u0131ma deste\u011fe devam edildi.<div class=\"tiled-gallery type-rectangular tiled-gallery-unresized\" data-original-width=\"500\" data-carousel-extra='null' itemscope itemtype=\"http:\/\/schema.org\/ImageGallery\" > <div class=\"gallery-row\" style=\"width: 500px; height: 224px;\" data-original-width=\"500\" data-original-height=\"224\" > <div class=\"gallery-group images-1\" style=\"width: 334px; height: 224px;\" data-original-width=\"334\" data-original-height=\"224\" > <div class=\"tiled-gallery-item tiled-gallery-item-large\" itemprop=\"associatedMedia\" itemscope itemtype=\"http:\/\/schema.org\/ImageObject\"> <a href=\"http:\/\/www.tvturk.com\/index.php\/eskisehirspor-taraftarindan-gorsel-solen\/eskisehirspor-taraftarindan-gorsel-solen-3\/\" border=\"0\" itemprop=\"url\"> <meta itemprop=\"width\" content=\"330\"> <meta itemprop=\"height\" content=\"220\"> <img decoding=\"async\" class=\"\" data-attachment-id=\"66890\" data-orig-file=\"http:\/\/www.tvturk.com\/wp-content\/uploads\/2019\/03\/eskisehirspor-taraftarindan-gorsel-solen_0ca3bc2.jpg\" data-orig-size=\"1000,666\" data-comments-opened=\"\" data-image-meta=\"{&quot;aperture&quot;:&quot;0&quot;,&quot;credit&quot;:&quot;IHA&quot;,&quot;camera&quot;:&quot;&quot;,&quot;caption&quot;:&quot;ESK\\u0130\\u015eEH\\u0130RSPOR TARAFTARI, SPOR TOTO 1. L\\u0130G\\u0027\\u0130N 24. HAFTASINDA SAHASINDA A\\u011eIRLADI\\u011eI ADANA DEM\\u0130RSPOR MA\\u00c7INDA MUHTE\\u015eEM B\\u0130R KOREOGRAF\\u0130YE \\u0130MZA ATTI. (ERS\\u0130N G\\u00d6KDA\\u011e - MUSTAFA KAPLAN\\\/ESK\\u0130\\u015eEH\\u0130R-\\u0130HA)&quot;,&quot;created_timestamp&quot;:&quot;0&quot;,&quot;copyright&quot;:&quot;\\u0130HLAS HABER AJANSI, www.iha.com.tr&quot;,&quot;focal_length&quot;:&quot;0&quot;,&quot;iso&quot;:&quot;0&quot;,&quot;shutter_speed&quot;:&quot;0&quot;,&quot;title&quot;:&quot;ESK\\u0130\\u015eEH\\u0130RSPOR TARAFTARINDAN G\\u00d6RSEL \\u015e\\u00d6LEN&quot;,&quot;orientation&quot;:&quot;0&quot;}\" data-image-title=\"Eski\u015fehirspor taraftar\u0131ndan g\u00f6rsel \u015f\u00f6len\" data-image-description=\"&lt;p&gt;Eski\u015fehirspor taraftar\u0131ndan g\u00f6rsel \u015f\u00f6len&lt;\/p&gt; \" data-medium-file=\"https:\/\/i0.wp.com\/www.tvturk.com\/wp-content\/uploads\/2019\/03\/eskisehirspor-taraftarindan-gorsel-solen_0ca3bc2.jpg?fit=300%2C200\" data-large-file=\"https:\/\/i0.wp.com\/www.tvturk.com\/wp-content\/uploads\/2019\/03\/eskisehirspor-taraftarindan-gorsel-solen_0ca3bc2.jpg?fit=1000%2C666\" src=\"https:\/\/i0.wp.com\/www.tvturk.com\/wp-content\/uploads\/2019\/03\/eskisehirspor-taraftarindan-gorsel-solen_0ca3bc2.jpg?w=330&#038;h=220\" srcset=\"https:\/\/i0.wp.com\/www.tvturk.com\/wp-content\/uploads\/2019\/03\/eskisehirspor-taraftarindan-gorsel-solen_0ca3bc2.jpg?w=1000 1000w, https:\/\/i0.wp.com\/www.tvturk.com\/wp-content\/uploads\/2019\/03\/eskisehirspor-taraftarindan-gorsel-solen_0ca3bc2.jpg?resize=150%2C100 150w, https:\/\/i0.wp.com\/www.tvturk.com\/wp-content\/uploads\/2019\/03\/eskisehirspor-taraftarindan-gorsel-solen_0ca3bc2.jpg?resize=300%2C200 300w, https:\/\/i0.wp.com\/www.tvturk.com\/wp-content\/uploads\/2019\/03\/eskisehirspor-taraftarindan-gorsel-solen_0ca3bc2.jpg?resize=768%2C511 768w, https:\/\/i0.wp.com\/www.tvturk.com\/wp-content\/uploads\/2019\/03\/eskisehirspor-taraftarindan-gorsel-solen_0ca3bc2.jpg?resize=170%2C113 170w, https:\/\/i0.wp.com\/www.tvturk.com\/wp-content\/uploads\/2019\/03\/eskisehirspor-taraftarindan-gorsel-solen_0ca3bc2.jpg?resize=120%2C80 120w\" width=\"330\" height=\"220\" loading=\"lazy\" data-original-width=\"330\" data-original-height=\"220\" itemprop=\"http:\/\/schema.org\/image\" title=\"Eski\u015fehirspor taraftar\u0131ndan g\u00f6rsel \u015f\u00f6len\" alt=\"Eski\u015fehirspor taraftar\u0131ndan g\u00f6rsel \u015f\u00f6len\" style=\"width: 330px; height: 220px;\" \/> <\/a> <\/div> <\/div> <!-- close group --> <div class=\"gallery-group images-2\" style=\"width: 166px; height: 224px;\" data-original-width=\"166\" data-original-height=\"224\" > <div class=\"tiled-gallery-item tiled-gallery-item-small\" itemprop=\"associatedMedia\" itemscope itemtype=\"http:\/\/schema.org\/ImageObject\"> <a href=\"http:\/\/www.tvturk.com\/index.php\/eskisehirspor-taraftarindan-gorsel-solen\/eskisehirspor-taraftarindan-gorsel-solen-4\/\" border=\"0\" itemprop=\"url\"> <meta itemprop=\"width\" content=\"162\"> <meta itemprop=\"height\" content=\"108\"> <img decoding=\"async\" class=\"\" data-attachment-id=\"66891\" data-orig-file=\"http:\/\/www.tvturk.com\/wp-content\/uploads\/2019\/03\/eskisehirspor-taraftarindan-gorsel-solen_173d08e.jpg\" data-orig-size=\"1000,666\" data-comments-opened=\"\" data-image-meta=\"{&quot;aperture&quot;:&quot;0&quot;,&quot;credit&quot;:&quot;IHA&quot;,&quot;camera&quot;:&quot;&quot;,&quot;caption&quot;:&quot;ESK\\u0130\\u015eEH\\u0130RSPOR TARAFTARI, SPOR TOTO 1. L\\u0130G\\u0027\\u0130N 24. HAFTASINDA SAHASINDA A\\u011eIRLADI\\u011eI ADANA DEM\\u0130RSPOR MA\\u00c7INDA MUHTE\\u015eEM B\\u0130R KOREOGRAF\\u0130YE \\u0130MZA ATTI. (ERS\\u0130N G\\u00d6KDA\\u011e - MUSTAFA KAPLAN\\\/ESK\\u0130\\u015eEH\\u0130R-\\u0130HA)&quot;,&quot;created_timestamp&quot;:&quot;0&quot;,&quot;copyright&quot;:&quot;\\u0130HLAS HABER AJANSI, www.iha.com.tr&quot;,&quot;focal_length&quot;:&quot;0&quot;,&quot;iso&quot;:&quot;0&quot;,&quot;shutter_speed&quot;:&quot;0&quot;,&quot;title&quot;:&quot;ESK\\u0130\\u015eEH\\u0130RSPOR TARAFTARINDAN G\\u00d6RSEL \\u015e\\u00d6LEN&quot;,&quot;orientation&quot;:&quot;0&quot;}\" data-image-title=\"Eski\u015fehirspor taraftar\u0131ndan g\u00f6rsel \u015f\u00f6len\" data-image-description=\"&lt;p&gt;Eski\u015fehirspor taraftar\u0131ndan g\u00f6rsel \u015f\u00f6len&lt;\/p&gt; \" data-medium-file=\"https:\/\/i0.wp.com\/www.tvturk.com\/wp-content\/uploads\/2019\/03\/eskisehirspor-taraftarindan-gorsel-solen_173d08e.jpg?fit=300%2C200\" data-large-file=\"https:\/\/i0.wp.com\/www.tvturk.com\/wp-content\/uploads\/2019\/03\/eskisehirspor-taraftarindan-gorsel-solen_173d08e.jpg?fit=1000%2C666\" src=\"https:\/\/i0.wp.com\/www.tvturk.com\/wp-content\/uploads\/2019\/03\/eskisehirspor-taraftarindan-gorsel-solen_173d08e.jpg?w=162&#038;h=108\" srcset=\"https:\/\/i0.wp.com\/www.tvturk.com\/wp-content\/uploads\/2019\/03\/eskisehirspor-taraftarindan-gorsel-solen_173d08e.jpg?w=1000 1000w, https:\/\/i0.wp.com\/www.tvturk.com\/wp-content\/uploads\/2019\/03\/eskisehirspor-taraftarindan-gorsel-solen_173d08e.jpg?resize=150%2C100 150w, https:\/\/i0.wp.com\/www.tvturk.com\/wp-content\/uploads\/2019\/03\/eskisehirspor-taraftarindan-gorsel-solen_173d08e.jpg?resize=300%2C200 300w, https:\/\/i0.wp.com\/www.tvturk.com\/wp-content\/uploads\/2019\/03\/eskisehirspor-taraftarindan-gorsel-solen_173d08e.jpg?resize=768%2C511 768w, https:\/\/i0.wp.com\/www.tvturk.com\/wp-content\/uploads\/2019\/03\/eskisehirspor-taraftarindan-gorsel-solen_173d08e.jpg?resize=170%2C113 170w, https:\/\/i0.wp.com\/www.tvturk.com\/wp-content\/uploads\/2019\/03\/eskisehirspor-taraftarindan-gorsel-solen_173d08e.jpg?resize=120%2C80 120w\" width=\"162\" height=\"108\" loading=\"lazy\" data-original-width=\"162\" data-original-height=\"108\" itemprop=\"http:\/\/schema.org\/image\" title=\"Eski\u015fehirspor taraftar\u0131ndan g\u00f6rsel \u015f\u00f6len\" alt=\"Eski\u015fehirspor taraftar\u0131ndan g\u00f6rsel \u015f\u00f6len\" style=\"width: 162px; height: 108px;\" \/> <\/a> <\/div> <div class=\"tiled-gallery-item tiled-gallery-item-small\" itemprop=\"associatedMedia\" itemscope itemtype=\"http:\/\/schema.org\/ImageObject\"> <a href=\"http:\/\/www.tvturk.com\/index.php\/eskisehirspor-taraftarindan-gorsel-solen\/eskisehirspor-taraftarindan-gorsel-solen-5\/\" border=\"0\" itemprop=\"url\"> <meta itemprop=\"width\" content=\"162\"> <meta itemprop=\"height\" content=\"108\"> <img decoding=\"async\" class=\"\" data-attachment-id=\"66892\" data-orig-file=\"http:\/\/www.tvturk.com\/wp-content\/uploads\/2019\/03\/eskisehirspor-taraftarindan-gorsel-solen_db8880c.jpg\" data-orig-size=\"1000,666\" data-comments-opened=\"\" data-image-meta=\"{&quot;aperture&quot;:&quot;0&quot;,&quot;credit&quot;:&quot;IHA&quot;,&quot;camera&quot;:&quot;&quot;,&quot;caption&quot;:&quot;ESK\\u0130\\u015eEH\\u0130RSPOR TARAFTARI, SPOR TOTO 1. L\\u0130G\\u0027\\u0130N 24. HAFTASINDA SAHASINDA A\\u011eIRLADI\\u011eI ADANA DEM\\u0130RSPOR MA\\u00c7INDA MUHTE\\u015eEM B\\u0130R KOREOGRAF\\u0130YE \\u0130MZA ATTI. (ERS\\u0130N G\\u00d6KDA\\u011e - MUSTAFA KAPLAN\\\/ESK\\u0130\\u015eEH\\u0130R-\\u0130HA)&quot;,&quot;created_timestamp&quot;:&quot;0&quot;,&quot;copyright&quot;:&quot;\\u0130HLAS HABER AJANSI, www.iha.com.tr&quot;,&quot;focal_length&quot;:&quot;0&quot;,&quot;iso&quot;:&quot;0&quot;,&quot;shutter_speed&quot;:&quot;0&quot;,&quot;title&quot;:&quot;ESK\\u0130\\u015eEH\\u0130RSPOR TARAFTARINDAN G\\u00d6RSEL \\u015e\\u00d6LEN&quot;,&quot;orientation&quot;:&quot;0&quot;}\" data-image-title=\"Eski\u015fehirspor taraftar\u0131ndan g\u00f6rsel \u015f\u00f6len\" data-image-description=\"&lt;p&gt;Eski\u015fehirspor taraftar\u0131ndan g\u00f6rsel \u015f\u00f6len&lt;\/p&gt; \" data-medium-file=\"https:\/\/i0.wp.com\/www.tvturk.com\/wp-content\/uploads\/2019\/03\/eskisehirspor-taraftarindan-gorsel-solen_db8880c.jpg?fit=300%2C200\" data-large-file=\"https:\/\/i0.wp.com\/www.tvturk.com\/wp-content\/uploads\/2019\/03\/eskisehirspor-taraftarindan-gorsel-solen_db8880c.jpg?fit=1000%2C666\" src=\"https:\/\/i0.wp.com\/www.tvturk.com\/wp-content\/uploads\/2019\/03\/eskisehirspor-taraftarindan-gorsel-solen_db8880c.jpg?w=162&#038;h=108\" srcset=\"https:\/\/i0.wp.com\/www.tvturk.com\/wp-content\/uploads\/2019\/03\/eskisehirspor-taraftarindan-gorsel-solen_db8880c.jpg?w=1000 1000w, https:\/\/i0.wp.com\/www.tvturk.com\/wp-content\/uploads\/2019\/03\/eskisehirspor-taraftarindan-gorsel-solen_db8880c.jpg?resize=150%2C100 150w, https:\/\/i0.wp.com\/www.tvturk.com\/wp-content\/uploads\/2019\/03\/eskisehirspor-taraftarindan-gorsel-solen_db8880c.jpg?resize=300%2C200 300w, https:\/\/i0.wp.com\/www.tvturk.com\/wp-content\/uploads\/2019\/03\/eskisehirspor-taraftarindan-gorsel-solen_db8880c.jpg?resize=768%2C511 768w, https:\/\/i0.wp.com\/www.tvturk.com\/wp-content\/uploads\/2019\/03\/eskisehirspor-taraftarindan-gorsel-solen_db8880c.jpg?resize=170%2C113 170w, https:\/\/i0.wp.com\/www.tvturk.com\/wp-content\/uploads\/2019\/03\/eskisehirspor-taraftarindan-gorsel-solen_db8880c.jpg?resize=120%2C80 120w\" width=\"162\" height=\"108\" loading=\"lazy\" data-original-width=\"162\" data-original-height=\"108\" itemprop=\"http:\/\/schema.org\/image\" title=\"Eski\u015fehirspor taraftar\u0131ndan g\u00f6rsel \u015f\u00f6len\" alt=\"Eski\u015fehirspor taraftar\u0131ndan g\u00f6rsel \u015f\u00f6len\" style=\"width: 162px; height: 108px;\" \/> <\/a> <\/div> <\/div> <!-- close group --> <\/div> <!-- close row --> <\/div><\/p>\n","protected":false},"excerpt":{"rendered":"<p>ESK\u0130\u015eEH\u0130RSPOR TARAFTARI, SPOR TOTO 1. L\u0130G&#8217;\u0130N 24. HAFTASINDA SAHASINDA A\u011eIRLADI\u011eI ADANA DEM\u0130RSPOR MA\u00c7INDA MUHTE\u015eEM B\u0130R KOREOGRAF\u0130YE \u0130MZA ATTI.<\/p>\n","protected":false},"author":1,"featured_media":66889,"comment_status":"closed","ping_status":"open","sticky":false,"template":"","format":"standard","meta":{"jetpack_post_was_ever_published":false,"_jetpack_newsletter_access":"","_jetpack_dont_email_post_to_subs":false,"_jetpack_newsletter_tier_id":0,"_jetpack_memberships_contains_paywalled_content":false,"_jetpack_memberships_contains_paid_content":false,"footnotes":"","jetpack_publicize_message":"","jetpack_publicize_feature_enabled":true,"jetpack_social_post_already_shared":true,"jetpack_social_options":{"image_generator_settings":{"template":"highway","default_image_id":0,"font":"","enabled":false},"version":2}},"categories":[657],"tags":[7638,3045,3046,12980],"class_list":["post-66888","post","type-post","status-publish","format-standard","has-post-thumbnail","hentry","category-spor","tag-eskisehirspor","tag-gorsel","tag-solen","tag-taraftarindan"],"jetpack_publicize_connections":[],"jetpack_featured_media_url":"https:\/\/i0.wp.com\/www.tvturk.com\/wp-content\/uploads\/2019\/03\/eskisehirspor-taraftarindan-gorsel-solen_916108f.jpg?fit=1000%2C565","jetpack_sharing_enabled":true,"jetpack_shortlink":"https:\/\/wp.me\/paKIfm-hoQ","_links":{"self":[{"href":"http:\/\/www.tvturk.com\/index.php\/wp-json\/wp\/v2\/posts\/66888","targetHints":{"allow":["GET"]}}],"collection":[{"href":"http:\/\/www.tvturk.com\/index.php\/wp-json\/wp\/v2\/posts"}],"about":[{"href":"http:\/\/www.tvturk.com\/index.php\/wp-json\/wp\/v2\/types\/post"}],"author":[{"embeddable":true,"href":"http:\/\/www.tvturk.com\/index.php\/wp-json\/wp\/v2\/users\/1"}],"replies":[{"embeddable":true,"href":"http:\/\/www.tvturk.com\/index.php\/wp-json\/wp\/v2\/comments?post=66888"}],"version-history":[{"count":1,"href":"http:\/\/www.tvturk.com\/index.php\/wp-json\/wp\/v2\/posts\/66888\/revisions"}],"predecessor-version":[{"id":66893,"href":"http:\/\/www.tvturk.com\/index.php\/wp-json\/wp\/v2\/posts\/66888\/revisions\/66893"}],"wp:featuredmedia":[{"embeddable":true,"href":"http:\/\/www.tvturk.com\/index.php\/wp-json\/wp\/v2\/media\/66889"}],"wp:attachment":[{"href":"http:\/\/www.tvturk.com\/index.php\/wp-json\/wp\/v2\/media?parent=66888"}],"wp:term":[{"taxonomy":"category","embeddable":true,"href":"http:\/\/www.tvturk.com\/index.php\/wp-json\/wp\/v2\/categories?post=66888"},{"taxonomy":"post_tag","embeddable":true,"href":"http:\/\/www.tvturk.com\/index.php\/wp-json\/wp\/v2\/tags?post=66888"}],"curies":[{"name":"wp","href":"https:\/\/api.w.org\/{rel}","templated":true}]}}