{"id":67244,"date":"2019-03-02T19:27:52","date_gmt":"2019-03-02T16:27:52","guid":{"rendered":"http:\/\/www.tvturk.com\/index.php\/yegeni-tarafindan-cesedi-parcalanmisti-cenazesi-adli-tiptan-alindi\/"},"modified":"2019-03-02T19:27:55","modified_gmt":"2019-03-02T16:27:55","slug":"yegeni-tarafindan-cesedi-parcalanmisti-cenazesi-adli-tiptan-alindi","status":"publish","type":"post","link":"http:\/\/www.tvturk.com\/index.php\/yegeni-tarafindan-cesedi-parcalanmisti-cenazesi-adli-tiptan-alindi\/","title":{"rendered":"Ye\u011feni taraf\u0131ndan cesedi par\u00e7alanm\u0131\u015ft\u0131, cenazesi adli t\u0131ptan al\u0131nd\u0131"},"content":{"rendered":"<p>Kad\u0131k\u00f6y\u2019de ye\u011feni taraf\u0131ndan \u00f6ld\u00fcr\u00fclen \u015fahs\u0131n cenazesi Adli T\u0131p Kurumu\u2019ndan yak\u0131nlar\u0131 taraf\u0131ndan al\u0131nd\u0131.<\/p>\n<p>Fahrettin \u00d6. isimli \u015fah\u0131s amcas\u0131yla birlikte \u00e7al\u0131\u015ft\u0131\u011f\u0131 \u015firketin ortak hesab\u0131ndan harcamalar yapm\u0131\u015f ve bu nedenle \u00e7\u0131kan tart\u0131\u015fmada amcas\u0131 R\u0131fat R\u0131za \u00d6.\u2019y\u00fc \u00f6ld\u00fcrm\u00fc\u015ft\u00fc. \u015eah\u0131s amcas\u0131n\u0131n cesedini par\u00e7alara ay\u0131rm\u0131\u015f ve 3 arkada\u015f\u0131n\u0131n yard\u0131m\u0131yla \u0130stanbul\u2019un farkl\u0131 noktalar\u0131na b\u0131rakm\u0131\u015ft\u0131. Vah\u015fi cinayet sonras\u0131 \u015fehrin farkl\u0131 noktalar\u0131nda bulunan ceset par\u00e7alar\u0131 incelenmek \u00fczere Yenibosna\u2019da bulunan Adli T\u0131p Kurumu\u2019na kald\u0131r\u0131ld\u0131. Burada yap\u0131lan incelemelerin ard\u0131ndan R\u0131fat R\u0131za \u00d6.\u2019n\u00fcn cesedi yak\u0131nlar\u0131 taraf\u0131ndan al\u0131nd\u0131. R\u0131fat R\u0131za \u00d6., yar\u0131n topra\u011fa verilecek.<div class=\"tiled-gallery type-rectangular tiled-gallery-unresized\" data-original-width=\"500\" data-carousel-extra='null' itemscope itemtype=\"http:\/\/schema.org\/ImageGallery\" > <div class=\"gallery-row\" style=\"width: 500px; height: 142px;\" data-original-width=\"500\" data-original-height=\"142\" > <div class=\"gallery-group images-1\" style=\"width: 250px; height: 142px;\" data-original-width=\"250\" data-original-height=\"142\" > <div class=\"tiled-gallery-item tiled-gallery-item-small\" itemprop=\"associatedMedia\" itemscope itemtype=\"http:\/\/schema.org\/ImageObject\"> <a href=\"http:\/\/www.tvturk.com\/index.php\/yegeni-tarafindan-cesedi-parcalanmisti-cenazesi-adli-tiptan-alindi\/yegeni-tarafindan-cesedi-parcalanmisti-cenazesi-adli-tiptan-alindi-3\/\" border=\"0\" itemprop=\"url\"> <meta itemprop=\"width\" content=\"246\"> <meta itemprop=\"height\" content=\"138\"> <img decoding=\"async\" class=\"\" data-attachment-id=\"67246\" data-orig-file=\"http:\/\/www.tvturk.com\/wp-content\/uploads\/2019\/03\/yegeni-tarafindan-cesedi-parcalanmisti-cenazesi-adli-tiptan-alindi_59e8386.jpg\" data-orig-size=\"1000,562\" data-comments-opened=\"\" data-image-meta=\"{&quot;aperture&quot;:&quot;0&quot;,&quot;credit&quot;:&quot;IHA&quot;,&quot;camera&quot;:&quot;&quot;,&quot;caption&quot;:&quot;KADIK\\u00d6Y\\u0027DE YE\\u011eEN\\u0130 TARAFINDAN \\u00d6LD\\u00dcR\\u00dcLEN \\u015eAHSIN CENAZES\\u0130 ADL\\u0130 TIP KURUMU\\u2019NDAN YAKINLARI TARAFINDAN ALINDI. (VEDAT BAYRAKTAR\\\/\\u0130STANBUL-\\u0130HA)&quot;,&quot;created_timestamp&quot;:&quot;0&quot;,&quot;copyright&quot;:&quot;\\u0130HLAS HABER AJANSI, www.iha.com.tr&quot;,&quot;focal_length&quot;:&quot;0&quot;,&quot;iso&quot;:&quot;0&quot;,&quot;shutter_speed&quot;:&quot;0&quot;,&quot;title&quot;:&quot;YE\\u011eEN\\u0130 TARAFINDAN CESED\\u0130 PAR\\u00c7ALANMI\\u015eTI, CENAZES\\u0130 ADL\\u0130 TIPTAN ALINDI&quot;,&quot;orientation&quot;:&quot;0&quot;}\" data-image-title=\"Ye\u011feni taraf\u0131ndan cesedi par\u00e7alanm\u0131\u015ft\u0131, cenazesi adli t\u0131ptan al\u0131nd\u0131\" data-image-description=\"&lt;p&gt;Ye\u011feni taraf\u0131ndan cesedi par\u00e7alanm\u0131\u015ft\u0131, cenazesi adli t\u0131ptan al\u0131nd\u0131&lt;\/p&gt; \" data-medium-file=\"https:\/\/i0.wp.com\/www.tvturk.com\/wp-content\/uploads\/2019\/03\/yegeni-tarafindan-cesedi-parcalanmisti-cenazesi-adli-tiptan-alindi_59e8386.jpg?fit=300%2C169\" data-large-file=\"https:\/\/i0.wp.com\/www.tvturk.com\/wp-content\/uploads\/2019\/03\/yegeni-tarafindan-cesedi-parcalanmisti-cenazesi-adli-tiptan-alindi_59e8386.jpg?fit=1000%2C562\" src=\"https:\/\/i0.wp.com\/www.tvturk.com\/wp-content\/uploads\/2019\/03\/yegeni-tarafindan-cesedi-parcalanmisti-cenazesi-adli-tiptan-alindi_59e8386.jpg?w=246&#038;h=138\" srcset=\"https:\/\/i0.wp.com\/www.tvturk.com\/wp-content\/uploads\/2019\/03\/yegeni-tarafindan-cesedi-parcalanmisti-cenazesi-adli-tiptan-alindi_59e8386.jpg?w=1000 1000w, https:\/\/i0.wp.com\/www.tvturk.com\/wp-content\/uploads\/2019\/03\/yegeni-tarafindan-cesedi-parcalanmisti-cenazesi-adli-tiptan-alindi_59e8386.jpg?resize=150%2C84 150w, https:\/\/i0.wp.com\/www.tvturk.com\/wp-content\/uploads\/2019\/03\/yegeni-tarafindan-cesedi-parcalanmisti-cenazesi-adli-tiptan-alindi_59e8386.jpg?resize=300%2C169 300w, https:\/\/i0.wp.com\/www.tvturk.com\/wp-content\/uploads\/2019\/03\/yegeni-tarafindan-cesedi-parcalanmisti-cenazesi-adli-tiptan-alindi_59e8386.jpg?resize=768%2C432 768w, https:\/\/i0.wp.com\/www.tvturk.com\/wp-content\/uploads\/2019\/03\/yegeni-tarafindan-cesedi-parcalanmisti-cenazesi-adli-tiptan-alindi_59e8386.jpg?resize=200%2C113 200w\" width=\"246\" height=\"138\" loading=\"lazy\" data-original-width=\"246\" data-original-height=\"138\" itemprop=\"http:\/\/schema.org\/image\" title=\"Ye\u011feni taraf\u0131ndan cesedi par\u00e7alanm\u0131\u015ft\u0131, cenazesi adli t\u0131ptan al\u0131nd\u0131\" alt=\"Ye\u011feni taraf\u0131ndan cesedi par\u00e7alanm\u0131\u015ft\u0131, cenazesi adli t\u0131ptan al\u0131nd\u0131\" style=\"width: 246px; height: 138px;\" \/> <\/a> <\/div> <\/div> <!-- close group --> <div class=\"gallery-group images-1\" style=\"width: 250px; height: 142px;\" data-original-width=\"250\" data-original-height=\"142\" > <div class=\"tiled-gallery-item tiled-gallery-item-small\" itemprop=\"associatedMedia\" itemscope itemtype=\"http:\/\/schema.org\/ImageObject\"> <a href=\"http:\/\/www.tvturk.com\/index.php\/yegeni-tarafindan-cesedi-parcalanmisti-cenazesi-adli-tiptan-alindi\/yegeni-tarafindan-cesedi-parcalanmisti-cenazesi-adli-tiptan-alindi-4\/\" border=\"0\" itemprop=\"url\"> <meta itemprop=\"width\" content=\"246\"> <meta itemprop=\"height\" content=\"138\"> <img decoding=\"async\" class=\"\" data-attachment-id=\"67247\" data-orig-file=\"http:\/\/www.tvturk.com\/wp-content\/uploads\/2019\/03\/yegeni-tarafindan-cesedi-parcalanmisti-cenazesi-adli-tiptan-alindi_862d3b9.jpg\" data-orig-size=\"1000,563\" data-comments-opened=\"\" data-image-meta=\"{&quot;aperture&quot;:&quot;0&quot;,&quot;credit&quot;:&quot;IHA&quot;,&quot;camera&quot;:&quot;&quot;,&quot;caption&quot;:&quot;KADIK\\u00d6Y\\u0027DE YE\\u011eEN\\u0130 TARAFINDAN \\u00d6LD\\u00dcR\\u00dcLEN \\u015eAHSIN CENAZES\\u0130 ADL\\u0130 TIP KURUMU\\u2019NDAN YAKINLARI TARAFINDAN ALINDI. (VEDAT BAYRAKTAR\\\/\\u0130STANBUL-\\u0130HA)&quot;,&quot;created_timestamp&quot;:&quot;0&quot;,&quot;copyright&quot;:&quot;\\u0130HLAS HABER AJANSI, www.iha.com.tr&quot;,&quot;focal_length&quot;:&quot;0&quot;,&quot;iso&quot;:&quot;0&quot;,&quot;shutter_speed&quot;:&quot;0&quot;,&quot;title&quot;:&quot;YE\\u011eEN\\u0130 TARAFINDAN CESED\\u0130 PAR\\u00c7ALANMI\\u015eTI, CENAZES\\u0130 ADL\\u0130 TIPTAN ALINDI&quot;,&quot;orientation&quot;:&quot;0&quot;}\" data-image-title=\"Ye\u011feni taraf\u0131ndan cesedi par\u00e7alanm\u0131\u015ft\u0131, cenazesi adli t\u0131ptan al\u0131nd\u0131\" data-image-description=\"&lt;p&gt;Ye\u011feni taraf\u0131ndan cesedi par\u00e7alanm\u0131\u015ft\u0131, cenazesi adli t\u0131ptan al\u0131nd\u0131&lt;\/p&gt; \" data-medium-file=\"https:\/\/i0.wp.com\/www.tvturk.com\/wp-content\/uploads\/2019\/03\/yegeni-tarafindan-cesedi-parcalanmisti-cenazesi-adli-tiptan-alindi_862d3b9.jpg?fit=300%2C169\" data-large-file=\"https:\/\/i0.wp.com\/www.tvturk.com\/wp-content\/uploads\/2019\/03\/yegeni-tarafindan-cesedi-parcalanmisti-cenazesi-adli-tiptan-alindi_862d3b9.jpg?fit=1000%2C563\" src=\"https:\/\/i0.wp.com\/www.tvturk.com\/wp-content\/uploads\/2019\/03\/yegeni-tarafindan-cesedi-parcalanmisti-cenazesi-adli-tiptan-alindi_862d3b9.jpg?w=246&#038;h=138\" srcset=\"https:\/\/i0.wp.com\/www.tvturk.com\/wp-content\/uploads\/2019\/03\/yegeni-tarafindan-cesedi-parcalanmisti-cenazesi-adli-tiptan-alindi_862d3b9.jpg?w=1000 1000w, https:\/\/i0.wp.com\/www.tvturk.com\/wp-content\/uploads\/2019\/03\/yegeni-tarafindan-cesedi-parcalanmisti-cenazesi-adli-tiptan-alindi_862d3b9.jpg?resize=150%2C84 150w, https:\/\/i0.wp.com\/www.tvturk.com\/wp-content\/uploads\/2019\/03\/yegeni-tarafindan-cesedi-parcalanmisti-cenazesi-adli-tiptan-alindi_862d3b9.jpg?resize=300%2C169 300w, https:\/\/i0.wp.com\/www.tvturk.com\/wp-content\/uploads\/2019\/03\/yegeni-tarafindan-cesedi-parcalanmisti-cenazesi-adli-tiptan-alindi_862d3b9.jpg?resize=768%2C432 768w, https:\/\/i0.wp.com\/www.tvturk.com\/wp-content\/uploads\/2019\/03\/yegeni-tarafindan-cesedi-parcalanmisti-cenazesi-adli-tiptan-alindi_862d3b9.jpg?resize=200%2C113 200w\" width=\"246\" height=\"138\" loading=\"lazy\" data-original-width=\"246\" data-original-height=\"138\" itemprop=\"http:\/\/schema.org\/image\" title=\"Ye\u011feni taraf\u0131ndan cesedi par\u00e7alanm\u0131\u015ft\u0131, cenazesi adli t\u0131ptan al\u0131nd\u0131\" alt=\"Ye\u011feni taraf\u0131ndan cesedi par\u00e7alanm\u0131\u015ft\u0131, cenazesi adli t\u0131ptan al\u0131nd\u0131\" style=\"width: 246px; height: 138px;\" \/> <\/a> <\/div> <\/div> <!-- close group --> <\/div> <!-- close row --> <\/div><\/p>\n","protected":false},"excerpt":{"rendered":"<p>KADIK\u00d6Y&#8217;DE YE\u011eEN\u0130 TARAFINDAN \u00d6LD\u00dcR\u00dcLEN \u015eAHSIN CENAZES\u0130 ADL\u0130 TIP KURUMU\u2019NDAN YAKINLARI TARAFINDAN ALINDI.<\/p>\n","protected":false},"author":1,"featured_media":67245,"comment_status":"closed","ping_status":"open","sticky":false,"template":"","format":"standard","meta":{"jetpack_post_was_ever_published":false,"_jetpack_newsletter_access":"","_jetpack_dont_email_post_to_subs":false,"_jetpack_newsletter_tier_id":0,"_jetpack_memberships_contains_paywalled_content":false,"_jetpack_memberships_contains_paid_content":false,"footnotes":"","jetpack_publicize_message":"","jetpack_publicize_feature_enabled":true,"jetpack_social_post_already_shared":true,"jetpack_social_options":{"image_generator_settings":{"template":"highway","default_image_id":0,"font":"","enabled":false},"version":2}},"categories":[655],"tags":[867,1014,6746,1321,20299,765,20300,7764],"class_list":["post-67244","post","type-post","status-publish","format-standard","has-post-thumbnail","hentry","category-son-dakika","tag-adli","tag-alindi","tag-cenazesi","tag-cesedi","tag-parcalanmisti","tag-tarafindan","tag-tiptan","tag-yegeni"],"jetpack_publicize_connections":[],"jetpack_featured_media_url":"https:\/\/i0.wp.com\/www.tvturk.com\/wp-content\/uploads\/2019\/03\/yegeni-tarafindan-cesedi-parcalanmisti-cenazesi-adli-tiptan-alindi_d761491.jpg?fit=1000%2C562","jetpack_sharing_enabled":true,"jetpack_shortlink":"https:\/\/wp.me\/paKIfm-huA","_links":{"self":[{"href":"http:\/\/www.tvturk.com\/index.php\/wp-json\/wp\/v2\/posts\/67244","targetHints":{"allow":["GET"]}}],"collection":[{"href":"http:\/\/www.tvturk.com\/index.php\/wp-json\/wp\/v2\/posts"}],"about":[{"href":"http:\/\/www.tvturk.com\/index.php\/wp-json\/wp\/v2\/types\/post"}],"author":[{"embeddable":true,"href":"http:\/\/www.tvturk.com\/index.php\/wp-json\/wp\/v2\/users\/1"}],"replies":[{"embeddable":true,"href":"http:\/\/www.tvturk.com\/index.php\/wp-json\/wp\/v2\/comments?post=67244"}],"version-history":[{"count":1,"href":"http:\/\/www.tvturk.com\/index.php\/wp-json\/wp\/v2\/posts\/67244\/revisions"}],"predecessor-version":[{"id":67248,"href":"http:\/\/www.tvturk.com\/index.php\/wp-json\/wp\/v2\/posts\/67244\/revisions\/67248"}],"wp:featuredmedia":[{"embeddable":true,"href":"http:\/\/www.tvturk.com\/index.php\/wp-json\/wp\/v2\/media\/67245"}],"wp:attachment":[{"href":"http:\/\/www.tvturk.com\/index.php\/wp-json\/wp\/v2\/media?parent=67244"}],"wp:term":[{"taxonomy":"category","embeddable":true,"href":"http:\/\/www.tvturk.com\/index.php\/wp-json\/wp\/v2\/categories?post=67244"},{"taxonomy":"post_tag","embeddable":true,"href":"http:\/\/www.tvturk.com\/index.php\/wp-json\/wp\/v2\/tags?post=67244"}],"curies":[{"name":"wp","href":"https:\/\/api.w.org\/{rel}","templated":true}]}}