{"id":67386,"date":"2019-03-02T20:58:53","date_gmt":"2019-03-02T17:58:53","guid":{"rendered":"http:\/\/www.tvturk.com\/index.php\/aksarayda-3-kisi-polis-memurunu-kursun-yagmuruna-tuttu\/"},"modified":"2019-03-02T20:58:55","modified_gmt":"2019-03-02T17:58:55","slug":"aksarayda-3-kisi-polis-memurunu-kursun-yagmuruna-tuttu","status":"publish","type":"post","link":"http:\/\/www.tvturk.com\/index.php\/aksarayda-3-kisi-polis-memurunu-kursun-yagmuruna-tuttu\/","title":{"rendered":"Aksaray\u2019da 3 ki\u015fi polis memurunu kur\u015fun ya\u011fmuruna tuttu"},"content":{"rendered":"<p>Aksaray\u2019da kimli\u011fi belirsiz 3 ki\u015fi polis memurunu kur\u015fun ya\u011fmuruna tuttu. V\u00fccuduna 14 kur\u015fun isabet eden polis memuru hastanede tedavi alt\u0131na al\u0131n\u0131rken, \u015f\u00fcpheliler kay\u0131plara kar\u0131\u015ft\u0131.<\/p>\n<p>Olay, ak\u015fam saatlerinde Aksaray-Ankara karayolunda bulunan bir dinlenme tesisinde ya\u015fand\u0131. Edinilen bilgiye g\u00f6re, ge\u00e7ti\u011fimiz g\u00fcnlerde meydana gelen bir doland\u0131r\u0131c\u0131l\u0131k olay\u0131yla ilgili \u015f\u00fcpheliler Meryem \u015e. ve Orkide E. \u00e7\u0131kar\u0131ld\u0131klar\u0131 mahkemece tutuklanarak cezaevine g\u00f6nderildi. Olay\u0131n ard\u0131ndan tutuklanan Orkide E.\u2019nin Aksaray \u0130l Emniyet M\u00fcd\u00fcrl\u00fc\u011f\u00fcnde g\u00f6revli polis memuru olan e\u015fi Yasin E., tutuklanan e\u015fini cezaevinden kurtarmak i\u00e7in giri\u015fimlerde bulunmak \u00fczere doland\u0131r\u0131lan \u015fah\u0131slarla bulu\u015farak g\u00f6r\u00fc\u015fmek istedi. Aksaray-Ankara karayolunda bulunan bir dinlenme tesisinde randevula\u015fan polis memuru Yasin E., erkenden gelerek tesiste beklemeye ba\u015flad\u0131. Bir s\u00fcre sonra tesise gelen doland\u0131r\u0131ld\u0131\u011f\u0131 iddia edilen ve kimlikleri belirlenemeyen 3 ki\u015fi polis memurunu kur\u015fun ya\u011fmuruna tuttu. Baca\u011f\u0131na 9, dirse\u011fine 1, kas\u0131\u011f\u0131na 2 ve kal\u00e7as\u0131na 2 kur\u015fun olmak \u00fczere v\u00fccuduna 14 kur\u015fun isabet eden polis memuru Yasin E. a\u011f\u0131r yaraland\u0131. Yasin E.\u2019yi yaralayan 3 \u015f\u00fcpheli geldikleri otomobille olay yerinden ka\u00e7t\u0131. Sald\u0131r\u0131n\u0131n ard\u0131ndan olay yerine \u00e7ok say\u0131da sa\u011fl\u0131k ve polis ekibi sevk edildi. K\u0131sa s\u00fcrede olay yerine gelen 112 Acil Yard\u0131m ekipleri yaral\u0131 polis memurunu Aksaray E\u011fitim ve Ara\u015ft\u0131rma Hastanesine kald\u0131rd\u0131. Burada tedavi alt\u0131na al\u0131nan polis memurunun durumunun a\u011f\u0131r oldu\u011fu \u00f6\u011frenilirken, polis ekipleri kay\u0131plara kar\u0131\u015fan 3 \u015f\u00fcphelinin pe\u015fine d\u00fc\u015ft\u00fc.<\/p>\n<p>Olayla ilgili soru\u015fturma ba\u015flat\u0131ld\u0131.<div class=\"tiled-gallery type-rectangular tiled-gallery-unresized\" data-original-width=\"500\" data-carousel-extra='null' itemscope itemtype=\"http:\/\/schema.org\/ImageGallery\" > <div class=\"gallery-row\" style=\"width: 500px; height: 329px;\" data-original-width=\"500\" data-original-height=\"329\" > <div class=\"gallery-group images-1\" style=\"width: 500px; height: 329px;\" data-original-width=\"500\" data-original-height=\"329\" > <div class=\"tiled-gallery-item tiled-gallery-item-large\" itemprop=\"associatedMedia\" itemscope itemtype=\"http:\/\/schema.org\/ImageObject\"> <a href=\"http:\/\/www.tvturk.com\/index.php\/aksarayda-3-kisi-polis-memurunu-kursun-yagmuruna-tuttu\/aksarayda-3-kisi-polis-memurunu-kursun-yagmuruna-tuttu-3\/\" border=\"0\" itemprop=\"url\"> <meta itemprop=\"width\" content=\"496\"> <meta itemprop=\"height\" content=\"325\"> <img decoding=\"async\" class=\"\" data-attachment-id=\"67388\" data-orig-file=\"http:\/\/www.tvturk.com\/wp-content\/uploads\/2019\/03\/aksarayda-3-kisi-polis-memurunu-kursun-yagmuruna-tuttu_aeeae15.jpg\" data-orig-size=\"1000,655\" data-comments-opened=\"\" data-image-meta=\"{&quot;aperture&quot;:&quot;0&quot;,&quot;credit&quot;:&quot;IHA&quot;,&quot;camera&quot;:&quot;&quot;,&quot;caption&quot;:&quot;AKSARAY\\u2019DA K\\u0130ML\\u0130\\u011e\\u0130 BEL\\u0130RS\\u0130Z 3 K\\u0130\\u015e\\u0130 POL\\u0130S MEMURUNU KUR\\u015eUN YA\\u011eMURUNA TUTTU. V\\u00dcCUDUNA 14 KUR\\u015eUN \\u0130SABET EDEN POL\\u0130S MEMURU HASTANEDE TEDAV\\u0130 ALTINA ALINIRKEN, \\u015e\\u00dcPHEL\\u0130LER KAYIPLARA KARI\\u015eTI. (YAS\\u0130N CAN\\\/AKSARAY-\\u0130HA)&quot;,&quot;created_timestamp&quot;:&quot;0&quot;,&quot;copyright&quot;:&quot;\\u0130HLAS HABER AJANSI, www.iha.com.tr&quot;,&quot;focal_length&quot;:&quot;0&quot;,&quot;iso&quot;:&quot;0&quot;,&quot;shutter_speed&quot;:&quot;0&quot;,&quot;title&quot;:&quot;AKSARAY\\u0027DA 3 K\\u0130\\u015e\\u0130 POL\\u0130S MEMURUNU KUR\\u015eUN YA\\u011eMURUNA TUTTU TUTUKLANAN E\\u015e\\u0130N\\u0130 KURTARMAK \\u0130STEYEN POL\\u0130SE 14 KUR\\u015eUN SIKTILAR&quot;,&quot;orientation&quot;:&quot;0&quot;}\" data-image-title=\"Aksaray\u2019da 3 ki\u015fi polis memurunu kur\u015fun ya\u011fmuruna tuttu\" data-image-description=\"&lt;p&gt;Aksaray\u2019da 3 ki\u015fi polis memurunu kur\u015fun ya\u011fmuruna tuttu&lt;\/p&gt; \" data-medium-file=\"https:\/\/i0.wp.com\/www.tvturk.com\/wp-content\/uploads\/2019\/03\/aksarayda-3-kisi-polis-memurunu-kursun-yagmuruna-tuttu_aeeae15.jpg?fit=300%2C197\" data-large-file=\"https:\/\/i0.wp.com\/www.tvturk.com\/wp-content\/uploads\/2019\/03\/aksarayda-3-kisi-polis-memurunu-kursun-yagmuruna-tuttu_aeeae15.jpg?fit=1000%2C655\" src=\"https:\/\/i0.wp.com\/www.tvturk.com\/wp-content\/uploads\/2019\/03\/aksarayda-3-kisi-polis-memurunu-kursun-yagmuruna-tuttu_aeeae15.jpg?w=496&#038;h=325\" srcset=\"https:\/\/i0.wp.com\/www.tvturk.com\/wp-content\/uploads\/2019\/03\/aksarayda-3-kisi-polis-memurunu-kursun-yagmuruna-tuttu_aeeae15.jpg?w=1000 1000w, https:\/\/i0.wp.com\/www.tvturk.com\/wp-content\/uploads\/2019\/03\/aksarayda-3-kisi-polis-memurunu-kursun-yagmuruna-tuttu_aeeae15.jpg?resize=150%2C98 150w, https:\/\/i0.wp.com\/www.tvturk.com\/wp-content\/uploads\/2019\/03\/aksarayda-3-kisi-polis-memurunu-kursun-yagmuruna-tuttu_aeeae15.jpg?resize=300%2C197 300w, https:\/\/i0.wp.com\/www.tvturk.com\/wp-content\/uploads\/2019\/03\/aksarayda-3-kisi-polis-memurunu-kursun-yagmuruna-tuttu_aeeae15.jpg?resize=768%2C503 768w, https:\/\/i0.wp.com\/www.tvturk.com\/wp-content\/uploads\/2019\/03\/aksarayda-3-kisi-polis-memurunu-kursun-yagmuruna-tuttu_aeeae15.jpg?resize=120%2C80 120w\" width=\"496\" height=\"325\" loading=\"lazy\" data-original-width=\"496\" data-original-height=\"325\" itemprop=\"http:\/\/schema.org\/image\" title=\"Aksaray\u2019da 3 ki\u015fi polis memurunu kur\u015fun ya\u011fmuruna tuttu\" alt=\"Aksaray\u2019da 3 ki\u015fi polis memurunu kur\u015fun ya\u011fmuruna tuttu\" style=\"width: 496px; height: 325px;\" \/> <\/a> <\/div> <\/div> <!-- close group --> <\/div> <!-- close row --> <\/div><\/p>\n","protected":false},"excerpt":{"rendered":"<p>AKSARAY\u2019DA K\u0130ML\u0130\u011e\u0130 BEL\u0130RS\u0130Z 3 K\u0130\u015e\u0130 POL\u0130S MEMURUNU KUR\u015eUN YA\u011eMURUNA TUTTU. V\u00dcCUDUNA 14 KUR\u015eUN \u0130SABET EDEN POL\u0130S MEMURU HASTANEDE TEDAV\u0130 ALTINA ALINIRKEN, \u015e\u00dcPHEL\u0130LER KAYIPLARA KARI\u015eTI.<\/p>\n","protected":false},"author":1,"featured_media":67387,"comment_status":"closed","ping_status":"open","sticky":false,"template":"","format":"standard","meta":{"jetpack_post_was_ever_published":false,"_jetpack_newsletter_access":"","_jetpack_dont_email_post_to_subs":false,"_jetpack_newsletter_tier_id":0,"_jetpack_memberships_contains_paywalled_content":false,"_jetpack_memberships_contains_paid_content":false,"footnotes":"","jetpack_publicize_message":"","jetpack_publicize_feature_enabled":true,"jetpack_social_post_already_shared":true,"jetpack_social_options":{"image_generator_settings":{"template":"highway","default_image_id":0,"font":"","enabled":false},"version":2}},"categories":[655],"tags":[2675,1012,2133,20330,996,2436,7298],"class_list":["post-67386","post","type-post","status-publish","format-standard","has-post-thumbnail","hentry","category-son-dakika","tag-aksarayda","tag-kisi","tag-kursun","tag-memurunu","tag-polis","tag-tuttu","tag-yagmuruna"],"jetpack_publicize_connections":[],"jetpack_featured_media_url":"https:\/\/i0.wp.com\/www.tvturk.com\/wp-content\/uploads\/2019\/03\/aksarayda-3-kisi-polis-memurunu-kursun-yagmuruna-tuttu_d632c9f.jpg?fit=1000%2C662","jetpack_sharing_enabled":true,"jetpack_shortlink":"https:\/\/wp.me\/paKIfm-hwS","_links":{"self":[{"href":"http:\/\/www.tvturk.com\/index.php\/wp-json\/wp\/v2\/posts\/67386","targetHints":{"allow":["GET"]}}],"collection":[{"href":"http:\/\/www.tvturk.com\/index.php\/wp-json\/wp\/v2\/posts"}],"about":[{"href":"http:\/\/www.tvturk.com\/index.php\/wp-json\/wp\/v2\/types\/post"}],"author":[{"embeddable":true,"href":"http:\/\/www.tvturk.com\/index.php\/wp-json\/wp\/v2\/users\/1"}],"replies":[{"embeddable":true,"href":"http:\/\/www.tvturk.com\/index.php\/wp-json\/wp\/v2\/comments?post=67386"}],"version-history":[{"count":1,"href":"http:\/\/www.tvturk.com\/index.php\/wp-json\/wp\/v2\/posts\/67386\/revisions"}],"predecessor-version":[{"id":67389,"href":"http:\/\/www.tvturk.com\/index.php\/wp-json\/wp\/v2\/posts\/67386\/revisions\/67389"}],"wp:featuredmedia":[{"embeddable":true,"href":"http:\/\/www.tvturk.com\/index.php\/wp-json\/wp\/v2\/media\/67387"}],"wp:attachment":[{"href":"http:\/\/www.tvturk.com\/index.php\/wp-json\/wp\/v2\/media?parent=67386"}],"wp:term":[{"taxonomy":"category","embeddable":true,"href":"http:\/\/www.tvturk.com\/index.php\/wp-json\/wp\/v2\/categories?post=67386"},{"taxonomy":"post_tag","embeddable":true,"href":"http:\/\/www.tvturk.com\/index.php\/wp-json\/wp\/v2\/tags?post=67386"}],"curies":[{"name":"wp","href":"https:\/\/api.w.org\/{rel}","templated":true}]}}