{"id":67946,"date":"2019-03-03T11:53:57","date_gmt":"2019-03-03T08:53:57","guid":{"rendered":"http:\/\/www.tvturk.com\/index.php\/guaido-ulkesine-geri-donecek\/"},"modified":"2019-03-03T11:53:57","modified_gmt":"2019-03-03T08:53:57","slug":"guaido-ulkesine-geri-donecek","status":"publish","type":"post","link":"http:\/\/www.tvturk.com\/index.php\/guaido-ulkesine-geri-donecek\/","title":{"rendered":"Guaido \u00fclkesine geri d\u00f6necek"},"content":{"rendered":"<p>Venezuela\u2019da kendini &#8220;ge\u00e7ici devlet ba\u015fkan\u0131&#8221; ilan eden Ulusal Meclis Ba\u015fkan\u0131 Juan Guaido, Ekvador ziyaretinin ard\u0131ndan hapis tehdidine ra\u011fmen \u00fclkesine geri d\u00f6nece\u011fini a\u00e7\u0131klad\u0131.<\/p>\n<p>Venezuela\u2019da kendini ge\u00e7ici devlet ba\u015fkan\u0131 ilan eden Ulusal Meclis Ba\u015fkan\u0131 Juan Guaido, yurt d\u0131\u015f\u0131 yasa\u011f\u0131na ra\u011fmen temaslar\u0131n\u0131 s\u00fcrd\u00fcr\u00fcyor. Guaido, Ekvador Devlet Ba\u015fkan\u0131 Lenin Moreno ile g\u00f6r\u00fc\u015fmesinin ard\u0131ndan yapt\u0131\u011f\u0131 a\u00e7\u0131klamada, \u201cEkvador\u2019dan evime d\u00f6nece\u011fimi a\u00e7\u0131kl\u0131yorum\u201d ifadelerini kullanarak, Pazartesi ve Sal\u0131 g\u00fcnleri i\u00e7in Venezuela\u2019da protesto \u00e7a\u011fr\u0131s\u0131nda bulundu.<\/p>\n<p>Yakla\u015f\u0131k 50 \u00fclke taraf\u0131ndan ge\u00e7ici Devlet Ba\u015fkan\u0131 olarak tan\u0131nan Guaido, Venezuela\u2019da Y\u00fcksek Mahkeme taraf\u0131ndan hakk\u0131nda \u00e7\u0131kart\u0131lan yurt d\u0131\u015f\u0131na \u00e7\u0131k\u0131\u015f yasa\u011f\u0131na ra\u011fmen Kolombiya ve Brezilya\u2019y\u0131 ziyaret edip liderle g\u00f6r\u00fc\u015fm\u00fc\u015ft\u00fc.<\/p>\n<p>Guaido, yasa\u011fa ra\u011fmen yurt d\u0131\u015f\u0131na \u00e7\u0131kt\u0131\u011f\u0131 i\u00e7in \u00fclkeye d\u00f6nd\u00fc\u011f\u00fcnde tutuklanabilir.<\/p>\n","protected":false},"excerpt":{"rendered":"<p>VENEZUELA&#8217;DA KEND\u0130N\u0130 &#8220;GE\u00c7\u0130C\u0130 DEVLET BA\u015eKANI&#8221; \u0130LAN EDEN ULUSAL MECL\u0130S BA\u015eKANI JUAN GUA\u0130DO, EKVADOR Z\u0130YARET\u0130N\u0130N ARDINDAN HAP\u0130S TEHD\u0130D\u0130NE RA\u011eMEN \u00dcLKES\u0130NE GER\u0130 D\u00d6NECE\u011e\u0130N\u0130 A\u00c7IKLADI.<\/p>\n","protected":false},"author":1,"featured_media":67947,"comment_status":"closed","ping_status":"open","sticky":false,"template":"","format":"standard","meta":{"jetpack_post_was_ever_published":false,"_jetpack_newsletter_access":"","_jetpack_dont_email_post_to_subs":false,"_jetpack_newsletter_tier_id":0,"_jetpack_memberships_contains_paywalled_content":false,"_jetpack_memberships_contains_paid_content":false,"footnotes":"","jetpack_publicize_message":"","jetpack_publicize_feature_enabled":true,"jetpack_social_post_already_shared":true,"jetpack_social_options":{"image_generator_settings":{"template":"highway","default_image_id":0,"font":"","enabled":false},"version":2}},"categories":[10],"tags":[5101,592,18353,20431],"class_list":["post-67946","post","type-post","status-publish","format-standard","has-post-thumbnail","hentry","category-dunya","tag-donecek","tag-geri","tag-guaido","tag-ulkesine"],"jetpack_publicize_connections":[],"jetpack_featured_media_url":"https:\/\/i0.wp.com\/www.tvturk.com\/wp-content\/uploads\/2019\/03\/guaido-ulkesine-geri-donecek_c1cd1f3.jpg?fit=1000%2C666","jetpack_sharing_enabled":true,"jetpack_shortlink":"https:\/\/wp.me\/paKIfm-hFU","_links":{"self":[{"href":"http:\/\/www.tvturk.com\/index.php\/wp-json\/wp\/v2\/posts\/67946","targetHints":{"allow":["GET"]}}],"collection":[{"href":"http:\/\/www.tvturk.com\/index.php\/wp-json\/wp\/v2\/posts"}],"about":[{"href":"http:\/\/www.tvturk.com\/index.php\/wp-json\/wp\/v2\/types\/post"}],"author":[{"embeddable":true,"href":"http:\/\/www.tvturk.com\/index.php\/wp-json\/wp\/v2\/users\/1"}],"replies":[{"embeddable":true,"href":"http:\/\/www.tvturk.com\/index.php\/wp-json\/wp\/v2\/comments?post=67946"}],"version-history":[{"count":0,"href":"http:\/\/www.tvturk.com\/index.php\/wp-json\/wp\/v2\/posts\/67946\/revisions"}],"wp:featuredmedia":[{"embeddable":true,"href":"http:\/\/www.tvturk.com\/index.php\/wp-json\/wp\/v2\/media\/67947"}],"wp:attachment":[{"href":"http:\/\/www.tvturk.com\/index.php\/wp-json\/wp\/v2\/media?parent=67946"}],"wp:term":[{"taxonomy":"category","embeddable":true,"href":"http:\/\/www.tvturk.com\/index.php\/wp-json\/wp\/v2\/categories?post=67946"},{"taxonomy":"post_tag","embeddable":true,"href":"http:\/\/www.tvturk.com\/index.php\/wp-json\/wp\/v2\/tags?post=67946"}],"curies":[{"name":"wp","href":"https:\/\/api.w.org\/{rel}","templated":true}]}}