{"id":68085,"date":"2019-03-03T12:41:24","date_gmt":"2019-03-03T09:41:24","guid":{"rendered":"http:\/\/www.tvturk.com\/index.php\/u23-grekoromen-milli-gures-takimi-sirbistanda\/"},"modified":"2019-03-03T12:41:24","modified_gmt":"2019-03-03T09:41:24","slug":"u23-grekoromen-milli-gures-takimi-sirbistanda","status":"publish","type":"post","link":"http:\/\/www.tvturk.com\/index.php\/u23-grekoromen-milli-gures-takimi-sirbistanda\/","title":{"rendered":"U23 Grekoromen Milli G\u00fcre\u015f Tak\u0131m\u0131 S\u0131rbistan\u2019da"},"content":{"rendered":"<p>S\u0131rbistan\u2019\u0131n Novisad \u015fehrinde 4-10 Mart tarihleri aras\u0131nda d\u00fczenlenecek olan U23 Avrupa G\u00fcre\u015f \u015eampiyonas\u0131\u2019na kat\u0131lacak olan Grekoromen Milli G\u00fcre\u015f Tak\u0131m\u0131 S\u0131rbistan\u2019a gitti.<\/p>\n<p>U23 Avrupa G\u00fcre\u015f \u015eampiyonas\u0131\u2019na kat\u0131lacak olan Grekoromen Milli G\u00fcre\u015f Tak\u0131m\u0131 S\u0131rbistan\u2019a ula\u015ft\u0131. 10 s\u0131kletin tamam\u0131nda m\u00fccadele edecek olan millilerde; 55 kiloda Ekrem \u00d6zt\u00fcrk, 60 kiloda Kerem Kamal, 63 kiloda Abdullah Toprak, 67 kiloda Hac\u0131 Karaku\u015f, 72 kiloda Cengiz Arslan, 77 kiloda Serkan Akkoyun, 82 kiloda Hasan Basri Y\u0131ld\u0131r\u0131m, 87 kiloda Ali Cengiz, 97 kiloda \u0130brahim T\u0131\u011fc\u0131 ve 130 kiloda Osman Y\u0131ld\u0131r\u0131m. Ay-y\u0131ld\u0131zl\u0131lar 7 Mart tarihinde yurda d\u00f6necek. Kad\u0131n g\u00fcre\u015f\u00e7iler 4 Mart, serbest stil g\u00fcre\u015f\u00e7iler ise 6 Mart tarihinde S\u0131rbistan\u2019a gidecek.<\/p>\n<p>Musa Ayd\u0131n:&#8221;Hedefimiz ilk \u00fc\u00e7&#8221;<\/p>\n<p>S\u0131rbistan\u2019a hareket \u00f6ncesinde a\u00e7\u0131klamalarda bulunan T\u00fcrkiye G\u00fcre\u015f Federasyonu Ba\u015fkan\u0131 Musa Ayd\u0131n, \u00e7ok zorlu bir \u015fampiyonada m\u00fccadele edilece\u011fini belirterek, \u201cU23 g\u00fcre\u015f tak\u0131mlar\u0131m\u0131za \u00e7ok \u00f6nem veriyoruz. Bu gen\u00e7ler bizleri \u00f6n\u00fcm\u00fczdeki y\u0131llarda olimpiyatlarda temsil etmeye aday isimler. Bizleri S\u0131rbistan\u2019da son derece zorlu bir \u015fampiyona bekliyor. Ama ne olursa olsun, her zaman oldu\u011fu gibi yine hedefimiz t\u00fcm tak\u0131mlar\u0131m\u0131z\u0131n ilk \u00fc\u00e7e girmesi. Ekip olarak \u00e7al\u0131\u015fmalar\u0131m\u0131z\u0131 bu do\u011frultuda yapt\u0131k. Bug\u00fcn Greko-Romen stildeki g\u00fcre\u015f\u00e7ilerimizle birlikte yola \u00e7\u0131k\u0131yoruz. 4 Mart tarihinde kad\u0131nlar\u0131m\u0131z, 6 tarihinde ise serbest g\u00fcre\u015f\u00e7ilerimiz S\u0131rbistan\u2019a gidecek. Ben t\u00fcm sporcu ve teknik heyetimize ba\u015far\u0131lar diliyorum.\u201d \u015feklinde konu\u015ftu.<\/p>\n","protected":false},"excerpt":{"rendered":"<p>SIRB\u0130STAN\u2019IN NOV\u0130SAD \u015eEHR\u0130NDE 4-10 MART TAR\u0130HLER\u0130 ARASINDA D\u00dcZENLENECEK OLAN U23 AVRUPA G\u00dcRE\u015e \u015eAMP\u0130YONASI&#8217;NA KATILACAK OLAN GREKOROMEN M\u0130LL\u0130 G\u00dcRE\u015e TAKIMI SIRB\u0130STAN\u2019A G\u0130TT\u0130.<\/p>\n","protected":false},"author":1,"featured_media":68086,"comment_status":"closed","ping_status":"open","sticky":false,"template":"","format":"standard","meta":{"jetpack_post_was_ever_published":false,"_jetpack_newsletter_access":"","_jetpack_dont_email_post_to_subs":false,"_jetpack_newsletter_tier_id":0,"_jetpack_memberships_contains_paywalled_content":false,"_jetpack_memberships_contains_paid_content":false,"footnotes":"","jetpack_publicize_message":"","jetpack_publicize_feature_enabled":true,"jetpack_social_post_already_shared":true,"jetpack_social_options":{"image_generator_settings":{"template":"highway","default_image_id":0,"font":"","enabled":false},"version":2}},"categories":[657],"tags":[20460,8355,429,20461,1462,8354],"class_list":["post-68085","post","type-post","status-publish","format-standard","has-post-thumbnail","hentry","category-spor","tag-grekoromen","tag-gures","tag-milli","tag-sirbistanda","tag-takimi","tag-u23"],"jetpack_publicize_connections":[],"jetpack_featured_media_url":"https:\/\/i0.wp.com\/www.tvturk.com\/wp-content\/uploads\/2019\/03\/u23-grekoromen-milli-gures-takimi-sirbistanda_c044e74.jpg?fit=1000%2C666","jetpack_sharing_enabled":true,"jetpack_shortlink":"https:\/\/wp.me\/paKIfm-hI9","_links":{"self":[{"href":"http:\/\/www.tvturk.com\/index.php\/wp-json\/wp\/v2\/posts\/68085","targetHints":{"allow":["GET"]}}],"collection":[{"href":"http:\/\/www.tvturk.com\/index.php\/wp-json\/wp\/v2\/posts"}],"about":[{"href":"http:\/\/www.tvturk.com\/index.php\/wp-json\/wp\/v2\/types\/post"}],"author":[{"embeddable":true,"href":"http:\/\/www.tvturk.com\/index.php\/wp-json\/wp\/v2\/users\/1"}],"replies":[{"embeddable":true,"href":"http:\/\/www.tvturk.com\/index.php\/wp-json\/wp\/v2\/comments?post=68085"}],"version-history":[{"count":0,"href":"http:\/\/www.tvturk.com\/index.php\/wp-json\/wp\/v2\/posts\/68085\/revisions"}],"wp:featuredmedia":[{"embeddable":true,"href":"http:\/\/www.tvturk.com\/index.php\/wp-json\/wp\/v2\/media\/68086"}],"wp:attachment":[{"href":"http:\/\/www.tvturk.com\/index.php\/wp-json\/wp\/v2\/media?parent=68085"}],"wp:term":[{"taxonomy":"category","embeddable":true,"href":"http:\/\/www.tvturk.com\/index.php\/wp-json\/wp\/v2\/categories?post=68085"},{"taxonomy":"post_tag","embeddable":true,"href":"http:\/\/www.tvturk.com\/index.php\/wp-json\/wp\/v2\/tags?post=68085"}],"curies":[{"name":"wp","href":"https:\/\/api.w.org\/{rel}","templated":true}]}}