{"id":68169,"date":"2019-03-03T14:09:56","date_gmt":"2019-03-03T11:09:56","guid":{"rendered":"http:\/\/www.tvturk.com\/index.php\/tarlada-yakalanan-katil-zanlisi-kardesler-adliyeye-sevk-edildi\/"},"modified":"2019-03-03T14:09:58","modified_gmt":"2019-03-03T11:09:58","slug":"tarlada-yakalanan-katil-zanlisi-kardesler-adliyeye-sevk-edildi","status":"publish","type":"post","link":"http:\/\/www.tvturk.com\/index.php\/tarlada-yakalanan-katil-zanlisi-kardesler-adliyeye-sevk-edildi\/","title":{"rendered":"Tarlada yakalanan katil zanl\u0131s\u0131 karde\u015fler adliyeye sevk edildi"},"content":{"rendered":"<p>Adana\u2019n\u0131n Ceyhan il\u00e7esinde \u00f6zel ekip kurularak tarlada yakalanan katil zanl\u0131s\u0131 karde\u015fler adliyeye sevk edildi.<\/p>\n<p>Edinilen bilgiye g\u00f6re, 23 Kas\u0131m 2018 tarihinde Ceyhan\u2019\u0131n T\u00fcrl\u00fcba\u015f\u0131 Mahallesi 685 sokakta y\u00fcz\u00fcn\u00fc kar maskesi ile kapatm\u0131\u015f iki ki\u015fi, Zeydan \u00c7al\u0131\u015f isimli \u015fahs\u0131 silah ile vurarak \u00f6ld\u00fcr\u00fcp ka\u00e7t\u0131. Adana Emniyet M\u00fcd\u00fcrl\u00fc\u011f\u00fc Ceyhan \u0130l\u00e7e Emniyet M\u00fcd\u00fcrl\u00fc\u011f\u00fc Asayi\u015f B\u00fcro Amirli\u011fi ekipleri cinayetin ard\u0131ndan olay\u0131n \u00e7\u00f6z\u00fclmesi i\u00e7in \u00f6zel ekip kurdu. \u00d6zel ekip \u00f6nce cinayeti i\u015fleyen ve y\u00fczleri kapal\u0131 olan \u015fah\u0131slar\u0131n isimlerini belirlemek i\u00e7in \u00e7al\u0131\u015fma ba\u015flatt\u0131. Polis olay yeri ve etraf\u0131nda yapt\u0131\u011f\u0131 y\u00fczlerce g\u00fcvenlik kameras\u0131 incelemesinin ard\u0131ndan zanl\u0131lar\u0131n Muhammet Ak\u0131n G. ile Kerim G. adl\u0131 karde\u015fler oldu\u011funu saptad\u0131. Polis katil zanl\u0131lar\u0131n\u0131n isimlerini belirledikten sonra zanl\u0131lar\u0131 sakland\u0131klar\u0131 yerde yakalamak i\u00e7in \u00e7al\u0131\u015fma ba\u015flatt\u0131. \u00c7al\u0131\u015fmalar sonucunda zanl\u0131lar\u0131n Osmaniye\u2019nin Kadirli il\u00e7esine ba\u011fl\u0131 Tozlu Mahallesi\u2019nde oldu\u011fu ve burada tar\u0131m i\u015f\u00e7isi gibi \u00e7al\u0131\u015ft\u0131klar\u0131 belirlendi. Polis hemen mahalleye bir ekip \u00e7\u0131kart\u0131p zanl\u0131lar\u0131n bulundu\u011fu tarlaya bask\u0131n yapt\u0131. Zanl\u0131lar polisi g\u00f6r\u00fcnce ka\u00e7mak istedi ancak tarlan\u0131n etraf\u0131n\u0131 saran polisler k\u0131sa s\u00fcren kovalaman\u0131n ard\u0131ndan zanl\u0131lar\u0131 yakalad\u0131. Zanl\u0131lar Ceyhan \u0130l\u00e7e Emniyet M\u00fcd\u00fcrl\u00fc\u011f\u00fcne getirilerek burada sorguya al\u0131nd\u0131. Zanl\u0131lardan Kerim G.\u2019nin \u00f6ld\u00fckleri \u015fahs\u0131n kendisine k\u00fcf\u00fcr etti\u011fini, bu nedenle \u00f6ld\u00fcrd\u00fcklerini ileri s\u00fcrd\u00fc\u011f\u00fc \u00f6\u011frenildi. Zanl\u0131lar sorgular\u0131n\u0131n ard\u0131ndan adliyeye sevk edildi. Zanl\u0131lara polisin \u00e7elik yelek giydirerek adliyeye g\u00f6t\u00fcrmesi dikkat \u00e7ekti.<div class=\"tiled-gallery type-rectangular tiled-gallery-unresized\" data-original-width=\"500\" data-carousel-extra='null' itemscope itemtype=\"http:\/\/schema.org\/ImageGallery\" > <div class=\"gallery-row\" style=\"width: 500px; height: 156px;\" data-original-width=\"500\" data-original-height=\"156\" > <div class=\"gallery-group images-1\" style=\"width: 255px; height: 156px;\" data-original-width=\"255\" data-original-height=\"156\" > <div class=\"tiled-gallery-item tiled-gallery-item-large\" itemprop=\"associatedMedia\" itemscope itemtype=\"http:\/\/schema.org\/ImageObject\"> <a href=\"http:\/\/www.tvturk.com\/index.php\/tarlada-yakalanan-katil-zanlisi-kardesler-adliyeye-sevk-edildi\/tarlada-yakalanan-katil-zanlisi-kardesler-adliyeye-sevk-edildi-3\/\" border=\"0\" itemprop=\"url\"> <meta itemprop=\"width\" content=\"251\"> <meta itemprop=\"height\" content=\"152\"> <img decoding=\"async\" class=\"\" data-attachment-id=\"68171\" data-orig-file=\"http:\/\/www.tvturk.com\/wp-content\/uploads\/2019\/03\/tarlada-yakalanan-katil-zanlisi-kardesler-adliyeye-sevk-edildi_3f49e52.jpg\" data-orig-size=\"750,455\" data-comments-opened=\"\" data-image-meta=\"{&quot;aperture&quot;:&quot;0&quot;,&quot;credit&quot;:&quot;IHA&quot;,&quot;camera&quot;:&quot;&quot;,&quot;caption&quot;:&quot;ADANA\\u0027NIN CEYHAN \\u0130L\\u00c7ES\\u0130NDE \\u00d6ZEL EK\\u0130P KURULARAK TARLADA YAKALANAN KAT\\u0130L ZANLISI KARDE\\u015eLER ADL\\u0130YEYE SEVK ED\\u0130LD\\u0130. (FAT\\u0130H KE\\u00c7E\\\/ADANA-\\u0130HA)&quot;,&quot;created_timestamp&quot;:&quot;1551650820&quot;,&quot;copyright&quot;:&quot;\\u0130HLAS HABER AJANSI, www.iha.com.tr&quot;,&quot;focal_length&quot;:&quot;0&quot;,&quot;iso&quot;:&quot;0&quot;,&quot;shutter_speed&quot;:&quot;0&quot;,&quot;title&quot;:&quot;TARLADA YAKALANAN KAT\\u0130L ZANLISI KARDE\\u015eLER ADL\\u0130YEYE SEVK ED\\u0130LD\\u0130 ADANA\\u0027NIN CEYHAN \\u0130L\\u00c7ES\\u0130NDE \\u00d6ZEL EK\\u0130P KURULARAK TARLADA YAKALANAN KAT\\u0130L ZANLISI KARDE\\u015eLER C\\u0130NAYET\\u0130 K\\u00dcF\\u00dcR NEDEN\\u0130YLE \\u0130\\u015eLED\\u0130KLER\\u0130N\\u0130 \\u0130LER\\u0130 S\\u00dcRD\\u00dc&quot;,&quot;orientation&quot;:&quot;1&quot;}\" data-image-title=\"Tarlada yakalanan katil zanl\u0131s\u0131 karde\u015fler adliyeye sevk edildi\" data-image-description=\"&lt;p&gt;Tarlada yakalanan katil zanl\u0131s\u0131 karde\u015fler adliyeye sevk edildi&lt;\/p&gt; \" data-medium-file=\"https:\/\/i0.wp.com\/www.tvturk.com\/wp-content\/uploads\/2019\/03\/tarlada-yakalanan-katil-zanlisi-kardesler-adliyeye-sevk-edildi_3f49e52.jpg?fit=300%2C182\" data-large-file=\"https:\/\/i0.wp.com\/www.tvturk.com\/wp-content\/uploads\/2019\/03\/tarlada-yakalanan-katil-zanlisi-kardesler-adliyeye-sevk-edildi_3f49e52.jpg?fit=750%2C455\" src=\"https:\/\/i0.wp.com\/www.tvturk.com\/wp-content\/uploads\/2019\/03\/tarlada-yakalanan-katil-zanlisi-kardesler-adliyeye-sevk-edildi_3f49e52.jpg?w=251&#038;h=152\" srcset=\"https:\/\/i0.wp.com\/www.tvturk.com\/wp-content\/uploads\/2019\/03\/tarlada-yakalanan-katil-zanlisi-kardesler-adliyeye-sevk-edildi_3f49e52.jpg?w=750 750w, https:\/\/i0.wp.com\/www.tvturk.com\/wp-content\/uploads\/2019\/03\/tarlada-yakalanan-katil-zanlisi-kardesler-adliyeye-sevk-edildi_3f49e52.jpg?resize=150%2C91 150w, https:\/\/i0.wp.com\/www.tvturk.com\/wp-content\/uploads\/2019\/03\/tarlada-yakalanan-katil-zanlisi-kardesler-adliyeye-sevk-edildi_3f49e52.jpg?resize=300%2C182 300w, https:\/\/i0.wp.com\/www.tvturk.com\/wp-content\/uploads\/2019\/03\/tarlada-yakalanan-katil-zanlisi-kardesler-adliyeye-sevk-edildi_3f49e52.jpg?resize=187%2C113 187w\" width=\"251\" height=\"152\" loading=\"lazy\" data-original-width=\"251\" data-original-height=\"152\" itemprop=\"http:\/\/schema.org\/image\" title=\"Tarlada yakalanan katil zanl\u0131s\u0131 karde\u015fler adliyeye sevk edildi\" alt=\"Tarlada yakalanan katil zanl\u0131s\u0131 karde\u015fler adliyeye sevk edildi\" style=\"width: 251px; height: 152px;\" \/> <\/a> <\/div> <\/div> <!-- close group --> <div class=\"gallery-group images-1\" style=\"width: 245px; height: 156px;\" data-original-width=\"245\" data-original-height=\"156\" > <div class=\"tiled-gallery-item tiled-gallery-item-small\" itemprop=\"associatedMedia\" itemscope itemtype=\"http:\/\/schema.org\/ImageObject\"> <a href=\"http:\/\/www.tvturk.com\/index.php\/tarlada-yakalanan-katil-zanlisi-kardesler-adliyeye-sevk-edildi\/tarlada-yakalanan-katil-zanlisi-kardesler-adliyeye-sevk-edildi-4\/\" border=\"0\" itemprop=\"url\"> <meta itemprop=\"width\" content=\"241\"> <meta itemprop=\"height\" content=\"152\"> <img decoding=\"async\" class=\"\" data-attachment-id=\"68172\" data-orig-file=\"http:\/\/www.tvturk.com\/wp-content\/uploads\/2019\/03\/tarlada-yakalanan-katil-zanlisi-kardesler-adliyeye-sevk-edildi_dcbab05.jpg\" data-orig-size=\"750,473\" data-comments-opened=\"\" data-image-meta=\"{&quot;aperture&quot;:&quot;0&quot;,&quot;credit&quot;:&quot;IHA&quot;,&quot;camera&quot;:&quot;&quot;,&quot;caption&quot;:&quot;ADANA\\u0027NIN CEYHAN \\u0130L\\u00c7ES\\u0130NDE \\u00d6ZEL EK\\u0130P KURULARAK TARLADA YAKALANAN KAT\\u0130L ZANLISI KARDE\\u015eLER ADL\\u0130YEYE SEVK ED\\u0130LD\\u0130. (FAT\\u0130H KE\\u00c7E\\\/ADANA-\\u0130HA)&quot;,&quot;created_timestamp&quot;:&quot;1551650820&quot;,&quot;copyright&quot;:&quot;\\u0130HLAS HABER AJANSI, www.iha.com.tr&quot;,&quot;focal_length&quot;:&quot;0&quot;,&quot;iso&quot;:&quot;0&quot;,&quot;shutter_speed&quot;:&quot;0&quot;,&quot;title&quot;:&quot;TARLADA YAKALANAN KAT\\u0130L ZANLISI KARDE\\u015eLER ADL\\u0130YEYE SEVK ED\\u0130LD\\u0130 ADANA\\u0027NIN CEYHAN \\u0130L\\u00c7ES\\u0130NDE \\u00d6ZEL EK\\u0130P KURULARAK TARLADA YAKALANAN KAT\\u0130L ZANLISI KARDE\\u015eLER C\\u0130NAYET\\u0130 K\\u00dcF\\u00dcR NEDEN\\u0130YLE \\u0130\\u015eLED\\u0130KLER\\u0130N\\u0130 \\u0130LER\\u0130 S\\u00dcRD\\u00dc&quot;,&quot;orientation&quot;:&quot;1&quot;}\" data-image-title=\"Tarlada yakalanan katil zanl\u0131s\u0131 karde\u015fler adliyeye sevk edildi\" data-image-description=\"&lt;p&gt;Tarlada yakalanan katil zanl\u0131s\u0131 karde\u015fler adliyeye sevk edildi&lt;\/p&gt; \" data-medium-file=\"https:\/\/i0.wp.com\/www.tvturk.com\/wp-content\/uploads\/2019\/03\/tarlada-yakalanan-katil-zanlisi-kardesler-adliyeye-sevk-edildi_dcbab05.jpg?fit=300%2C189\" data-large-file=\"https:\/\/i0.wp.com\/www.tvturk.com\/wp-content\/uploads\/2019\/03\/tarlada-yakalanan-katil-zanlisi-kardesler-adliyeye-sevk-edildi_dcbab05.jpg?fit=750%2C473\" src=\"https:\/\/i0.wp.com\/www.tvturk.com\/wp-content\/uploads\/2019\/03\/tarlada-yakalanan-katil-zanlisi-kardesler-adliyeye-sevk-edildi_dcbab05.jpg?w=241&#038;h=152\" srcset=\"https:\/\/i0.wp.com\/www.tvturk.com\/wp-content\/uploads\/2019\/03\/tarlada-yakalanan-katil-zanlisi-kardesler-adliyeye-sevk-edildi_dcbab05.jpg?w=750 750w, https:\/\/i0.wp.com\/www.tvturk.com\/wp-content\/uploads\/2019\/03\/tarlada-yakalanan-katil-zanlisi-kardesler-adliyeye-sevk-edildi_dcbab05.jpg?resize=150%2C95 150w, https:\/\/i0.wp.com\/www.tvturk.com\/wp-content\/uploads\/2019\/03\/tarlada-yakalanan-katil-zanlisi-kardesler-adliyeye-sevk-edildi_dcbab05.jpg?resize=300%2C189 300w, https:\/\/i0.wp.com\/www.tvturk.com\/wp-content\/uploads\/2019\/03\/tarlada-yakalanan-katil-zanlisi-kardesler-adliyeye-sevk-edildi_dcbab05.jpg?resize=460%2C290 460w\" width=\"241\" height=\"152\" loading=\"lazy\" data-original-width=\"241\" data-original-height=\"152\" itemprop=\"http:\/\/schema.org\/image\" title=\"Tarlada yakalanan katil zanl\u0131s\u0131 karde\u015fler adliyeye sevk edildi\" alt=\"Tarlada yakalanan katil zanl\u0131s\u0131 karde\u015fler adliyeye sevk edildi\" style=\"width: 241px; height: 152px;\" \/> <\/a> <\/div> <\/div> <!-- close group --> <\/div> <!-- close row --> <\/div><\/p>\n","protected":false},"excerpt":{"rendered":"<p>ADANA&#8217;NIN CEYHAN \u0130L\u00c7ES\u0130NDE \u00d6ZEL EK\u0130P KURULARAK TARLADA YAKALANAN KAT\u0130L ZANLISI KARDE\u015eLER ADL\u0130YEYE SEVK ED\u0130LD\u0130.<\/p>\n","protected":false},"author":1,"featured_media":68170,"comment_status":"closed","ping_status":"open","sticky":false,"template":"","format":"standard","meta":{"jetpack_post_was_ever_published":false,"_jetpack_newsletter_access":"","_jetpack_dont_email_post_to_subs":false,"_jetpack_newsletter_tier_id":0,"_jetpack_memberships_contains_paywalled_content":false,"_jetpack_memberships_contains_paid_content":false,"footnotes":"","jetpack_publicize_message":"","jetpack_publicize_feature_enabled":true,"jetpack_social_post_already_shared":true,"jetpack_social_options":{"image_generator_settings":{"template":"highway","default_image_id":0,"font":"","enabled":false},"version":2}},"categories":[655],"tags":[2394,857,4874,2153,856,11545,2309,3602],"class_list":["post-68169","post","type-post","status-publish","format-standard","has-post-thumbnail","hentry","category-son-dakika","tag-adliyeye","tag-edildi","tag-kardesler","tag-katil","tag-sevk","tag-tarlada","tag-yakalanan","tag-zanlisi"],"jetpack_publicize_connections":[],"jetpack_featured_media_url":"https:\/\/i0.wp.com\/www.tvturk.com\/wp-content\/uploads\/2019\/03\/tarlada-yakalanan-katil-zanlisi-kardesler-adliyeye-sevk-edildi_41214b3.jpg?fit=750%2C729","jetpack_sharing_enabled":true,"jetpack_shortlink":"https:\/\/wp.me\/paKIfm-hJv","_links":{"self":[{"href":"http:\/\/www.tvturk.com\/index.php\/wp-json\/wp\/v2\/posts\/68169","targetHints":{"allow":["GET"]}}],"collection":[{"href":"http:\/\/www.tvturk.com\/index.php\/wp-json\/wp\/v2\/posts"}],"about":[{"href":"http:\/\/www.tvturk.com\/index.php\/wp-json\/wp\/v2\/types\/post"}],"author":[{"embeddable":true,"href":"http:\/\/www.tvturk.com\/index.php\/wp-json\/wp\/v2\/users\/1"}],"replies":[{"embeddable":true,"href":"http:\/\/www.tvturk.com\/index.php\/wp-json\/wp\/v2\/comments?post=68169"}],"version-history":[{"count":1,"href":"http:\/\/www.tvturk.com\/index.php\/wp-json\/wp\/v2\/posts\/68169\/revisions"}],"predecessor-version":[{"id":68173,"href":"http:\/\/www.tvturk.com\/index.php\/wp-json\/wp\/v2\/posts\/68169\/revisions\/68173"}],"wp:featuredmedia":[{"embeddable":true,"href":"http:\/\/www.tvturk.com\/index.php\/wp-json\/wp\/v2\/media\/68170"}],"wp:attachment":[{"href":"http:\/\/www.tvturk.com\/index.php\/wp-json\/wp\/v2\/media?parent=68169"}],"wp:term":[{"taxonomy":"category","embeddable":true,"href":"http:\/\/www.tvturk.com\/index.php\/wp-json\/wp\/v2\/categories?post=68169"},{"taxonomy":"post_tag","embeddable":true,"href":"http:\/\/www.tvturk.com\/index.php\/wp-json\/wp\/v2\/tags?post=68169"}],"curies":[{"name":"wp","href":"https:\/\/api.w.org\/{rel}","templated":true}]}}