{"id":68180,"date":"2019-03-03T14:10:15","date_gmt":"2019-03-03T11:10:15","guid":{"rendered":"http:\/\/www.tvturk.com\/index.php\/turklerin-anadoluyu-alirken-denize-acildiklari-ilk-kapi-sinop\/"},"modified":"2019-03-03T14:10:17","modified_gmt":"2019-03-03T11:10:17","slug":"turklerin-anadoluyu-alirken-denize-acildiklari-ilk-kapi-sinop","status":"publish","type":"post","link":"http:\/\/www.tvturk.com\/index.php\/turklerin-anadoluyu-alirken-denize-acildiklari-ilk-kapi-sinop\/","title":{"rendered":"T\u00fcrklerin Anadolu\u2019yu al\u0131rken denize a\u00e7\u0131ld\u0131klar\u0131 ilk kap\u0131: Sinop"},"content":{"rendered":"<p>T\u00fcrklerin Anadolu\u2019yu al\u0131rken denize a\u00e7\u0131ld\u0131klar\u0131 ilk kap\u0131 olan Sinop; k\u00fclt\u00fcrel ve do\u011fal zenginlikleri ile yerli ve yabanc\u0131 turistlerin ilgisini \u00e7ekiyor.<\/p>\n<p>Sinop K\u00fclt\u00fcr ve Turizm M\u00fcd\u00fcr\u00fc Hikmet Tosun, Sinop\u2019un 5 medeniyete ev sahipli\u011fi yapt\u0131\u011f\u0131n\u0131 belirterek, &#8220;Hi\u00e7bir ilde bu \u00f6zelli\u011fi bulamazs\u0131n\u0131z&#8221; dedi.<\/p>\n<p>Sinop\u2019un, Karadeniz B\u00f6lgesi\u2019nde hem do\u011fal g\u00fczellikleri hem tarihi zenginlikleri bak\u0131m\u0131ndan g\u00f6zde bir yer oldu\u011funu belirten Tosun, &#8220;5 kat medeniyet Sinop \u00fczerinde ya\u015fam\u0131\u015ft\u0131r. Karadeniz\u2019de hi\u00e7bir ilde bu kadar\u0131n\u0131 bulamazs\u0131n\u0131z. Antik D\u00f6nem medeniyetidir Sinop. Cenova medeniyetinin buray\u0131 kulland\u0131\u011f\u0131 kale \u015fehri, ticaret merkezi. T\u00fcrkler Anadolu\u2019yu al\u0131rken denize a\u00e7\u0131ld\u0131klar\u0131 ilk kap\u0131d\u0131r&#8221; diye konu\u015ftu.<\/p>\n<p>\u2018Minareler s\u00fcng\u00fc, camiler k\u0131\u015fla\u2019 \u015fiirinde ge\u00e7en cami: Al\u00e2eddin Keykubat Camisi<\/p>\n<p>Anadolu\u2019nun T\u00fcrkle\u015fmesi ve \u0130slam\u2019\u0131 kabul etmesi d\u00f6neminden sonra ilk T\u00fcrkle\u015fen \u015fehrin Karadeniz\u2019de Sinop oldu\u011funa dikkat \u00e7eken Tosun, &#8220;Sinop\u2019ta Al\u00e2eddin Keykubat Camisi, Anadolu\u2019nun T\u00fcrkle\u015fmesi ve \u0130slamla\u015fmas\u0131n\u0131n m\u00fchr\u00fcd\u00fcr. Alparslan\u2019\u0131n bir \u015fiiri vard\u0131r; \u2018Minareler s\u00fcng\u00fc, camiler k\u0131\u015fla\u2019 diye bilinen me\u015fhur bir \u015fiirdir. \u0130\u015fte o \u015fiirde ge\u00e7en \u2018cami\u2019 bizim Al\u00e2eddin Camimizdir. Dikkat ederseniz o caminin avlusu, caminin binas\u0131n\u0131n 5 kat\u0131 b\u00fcy\u00fckl\u00fc\u011f\u00fcndedir ve y\u00fcksek duvarlarla \u00e7evrilmi\u015f bir k\u0131\u015flad\u0131r. Caminin hemen arka k\u0131sm\u0131nda da ilk b\u00fcy\u00fck T\u00fcrk \u00fcniversitesi olan Pervane Medresesi vard\u0131r. G\u00f6k cisimleri ve uzay bilimiyle ilgili \u00e7al\u0131\u015fmalar Pervane Medresesinde yap\u0131lm\u0131\u015ft\u0131r&#8221; \u015feklinde konu\u015ftu.<div class=\"tiled-gallery type-rectangular tiled-gallery-unresized\" data-original-width=\"500\" data-carousel-extra='null' itemscope itemtype=\"http:\/\/schema.org\/ImageGallery\" > <div class=\"gallery-row\" style=\"width: 500px; height: 154px;\" data-original-width=\"500\" data-original-height=\"154\" > <div class=\"gallery-group images-1\" style=\"width: 271px; height: 154px;\" data-original-width=\"271\" data-original-height=\"154\" > <div class=\"tiled-gallery-item tiled-gallery-item-large\" itemprop=\"associatedMedia\" itemscope itemtype=\"http:\/\/schema.org\/ImageObject\"> <a href=\"http:\/\/www.tvturk.com\/index.php\/turklerin-anadoluyu-alirken-denize-acildiklari-ilk-kapi-sinop\/turklerin-anadoluyu-alirken-denize-acildiklari-ilk-kapi-sinop-3\/\" border=\"0\" itemprop=\"url\"> <meta itemprop=\"width\" content=\"267\"> <meta itemprop=\"height\" content=\"150\"> <img decoding=\"async\" class=\"\" data-attachment-id=\"68182\" data-orig-file=\"http:\/\/www.tvturk.com\/wp-content\/uploads\/2019\/03\/turklerin-anadoluyu-alirken-denize-acildiklari-ilk-kapi-sinop_822c2f5.jpg\" data-orig-size=\"1000,562\" data-comments-opened=\"\" data-image-meta=\"{&quot;aperture&quot;:&quot;0&quot;,&quot;credit&quot;:&quot;IHA&quot;,&quot;camera&quot;:&quot;&quot;,&quot;caption&quot;:&quot;S\\u0130NOP K\\u00dcLT\\u00dcR VE TUR\\u0130ZM M\\u00dcD\\u00dcR\\u00dc H\\u0130KMET TOSUN S\\u0130NOP\\u2019UN 5 KAT MEDEN\\u0130YETE EV SAH\\u0130PL\\u0130\\u011e\\u0130 YAPTI\\u011eINI BEL\\u0130RTEREK H\\u0130\\u00c7B\\u0130R \\u0130LDE BU \\u00d6ZELL\\u0130\\u011e\\u0130 BULAMAZSINIZ DED\\u0130. (OSMAN AKSU\\\/S\\u0130NOP-\\u0130HA)&quot;,&quot;created_timestamp&quot;:&quot;0&quot;,&quot;copyright&quot;:&quot;\\u0130HLAS HABER AJANSI, www.iha.com.tr&quot;,&quot;focal_length&quot;:&quot;0&quot;,&quot;iso&quot;:&quot;0&quot;,&quot;shutter_speed&quot;:&quot;0&quot;,&quot;title&quot;:&quot;T\\u00dcRKLER\\u0130N ANADOLU\\u0027YU ALIRKEN DEN\\u0130ZE A\\u00c7ILDIKLARI \\u0130LK KAPI: S\\u0130NOP S\\u0130NOP 5 MEDEN\\u0130YETE EV SAH\\u0130B\\u0130 OLDU&quot;,&quot;orientation&quot;:&quot;0&quot;}\" data-image-title=\"T\u00fcrklerin Anadolu\u2019yu al\u0131rken denize a\u00e7\u0131ld\u0131klar\u0131 ilk kap\u0131: Sinop\" data-image-description=\"&lt;p&gt;T\u00fcrklerin Anadolu\u2019yu al\u0131rken denize a\u00e7\u0131ld\u0131klar\u0131 ilk kap\u0131: Sinop&lt;\/p&gt; \" data-medium-file=\"https:\/\/i0.wp.com\/www.tvturk.com\/wp-content\/uploads\/2019\/03\/turklerin-anadoluyu-alirken-denize-acildiklari-ilk-kapi-sinop_822c2f5.jpg?fit=300%2C169\" data-large-file=\"https:\/\/i0.wp.com\/www.tvturk.com\/wp-content\/uploads\/2019\/03\/turklerin-anadoluyu-alirken-denize-acildiklari-ilk-kapi-sinop_822c2f5.jpg?fit=1000%2C562\" src=\"https:\/\/i0.wp.com\/www.tvturk.com\/wp-content\/uploads\/2019\/03\/turklerin-anadoluyu-alirken-denize-acildiklari-ilk-kapi-sinop_822c2f5.jpg?w=267&#038;h=150\" srcset=\"https:\/\/i0.wp.com\/www.tvturk.com\/wp-content\/uploads\/2019\/03\/turklerin-anadoluyu-alirken-denize-acildiklari-ilk-kapi-sinop_822c2f5.jpg?w=1000 1000w, https:\/\/i0.wp.com\/www.tvturk.com\/wp-content\/uploads\/2019\/03\/turklerin-anadoluyu-alirken-denize-acildiklari-ilk-kapi-sinop_822c2f5.jpg?resize=150%2C84 150w, https:\/\/i0.wp.com\/www.tvturk.com\/wp-content\/uploads\/2019\/03\/turklerin-anadoluyu-alirken-denize-acildiklari-ilk-kapi-sinop_822c2f5.jpg?resize=300%2C169 300w, https:\/\/i0.wp.com\/www.tvturk.com\/wp-content\/uploads\/2019\/03\/turklerin-anadoluyu-alirken-denize-acildiklari-ilk-kapi-sinop_822c2f5.jpg?resize=768%2C432 768w, https:\/\/i0.wp.com\/www.tvturk.com\/wp-content\/uploads\/2019\/03\/turklerin-anadoluyu-alirken-denize-acildiklari-ilk-kapi-sinop_822c2f5.jpg?resize=200%2C113 200w\" width=\"267\" height=\"150\" loading=\"lazy\" data-original-width=\"267\" data-original-height=\"150\" itemprop=\"http:\/\/schema.org\/image\" title=\"T\u00fcrklerin Anadolu\u2019yu al\u0131rken denize a\u00e7\u0131ld\u0131klar\u0131 ilk kap\u0131: Sinop\" alt=\"T\u00fcrklerin Anadolu\u2019yu al\u0131rken denize a\u00e7\u0131ld\u0131klar\u0131 ilk kap\u0131: Sinop\" style=\"width: 267px; height: 150px;\" \/> <\/a> <\/div> <\/div> <!-- close group --> <div class=\"gallery-group images-1\" style=\"width: 229px; height: 154px;\" data-original-width=\"229\" data-original-height=\"154\" > <div class=\"tiled-gallery-item tiled-gallery-item-small\" itemprop=\"associatedMedia\" itemscope itemtype=\"http:\/\/schema.org\/ImageObject\"> <a href=\"http:\/\/www.tvturk.com\/index.php\/turklerin-anadoluyu-alirken-denize-acildiklari-ilk-kapi-sinop\/turklerin-anadoluyu-alirken-denize-acildiklari-ilk-kapi-sinop-4\/\" border=\"0\" itemprop=\"url\"> <meta itemprop=\"width\" content=\"225\"> <meta itemprop=\"height\" content=\"150\"> <img decoding=\"async\" class=\"\" data-attachment-id=\"68183\" data-orig-file=\"http:\/\/www.tvturk.com\/wp-content\/uploads\/2019\/03\/turklerin-anadoluyu-alirken-denize-acildiklari-ilk-kapi-sinop_fb873ea.jpg\" data-orig-size=\"1000,667\" data-comments-opened=\"\" data-image-meta=\"{&quot;aperture&quot;:&quot;0&quot;,&quot;credit&quot;:&quot;IHA&quot;,&quot;camera&quot;:&quot;&quot;,&quot;caption&quot;:&quot;S\\u0130NOP K\\u00dcLT\\u00dcR VE TUR\\u0130ZM M\\u00dcD\\u00dcR\\u00dc H\\u0130KMET TOSUN S\\u0130NOP\\u2019UN 5 KAT MEDEN\\u0130YETE EV SAH\\u0130PL\\u0130\\u011e\\u0130 YAPTI\\u011eINI BEL\\u0130RTEREK H\\u0130\\u00c7B\\u0130R \\u0130LDE BU \\u00d6ZELL\\u0130\\u011e\\u0130 BULAMAZSINIZ DED\\u0130. (OSMAN AKSU\\\/S\\u0130NOP-\\u0130HA)&quot;,&quot;created_timestamp&quot;:&quot;0&quot;,&quot;copyright&quot;:&quot;\\u0130HLAS HABER AJANSI, www.iha.com.tr&quot;,&quot;focal_length&quot;:&quot;0&quot;,&quot;iso&quot;:&quot;0&quot;,&quot;shutter_speed&quot;:&quot;0&quot;,&quot;title&quot;:&quot;T\\u00dcRKLER\\u0130N ANADOLU\\u0027YU ALIRKEN DEN\\u0130ZE A\\u00c7ILDIKLARI \\u0130LK KAPI: S\\u0130NOP S\\u0130NOP 5 MEDEN\\u0130YETE EV SAH\\u0130B\\u0130 OLDU&quot;,&quot;orientation&quot;:&quot;0&quot;}\" data-image-title=\"T\u00fcrklerin Anadolu\u2019yu al\u0131rken denize a\u00e7\u0131ld\u0131klar\u0131 ilk kap\u0131: Sinop\" data-image-description=\"&lt;p&gt;T\u00fcrklerin Anadolu\u2019yu al\u0131rken denize a\u00e7\u0131ld\u0131klar\u0131 ilk kap\u0131: Sinop&lt;\/p&gt; \" data-medium-file=\"https:\/\/i0.wp.com\/www.tvturk.com\/wp-content\/uploads\/2019\/03\/turklerin-anadoluyu-alirken-denize-acildiklari-ilk-kapi-sinop_fb873ea.jpg?fit=300%2C200\" data-large-file=\"https:\/\/i0.wp.com\/www.tvturk.com\/wp-content\/uploads\/2019\/03\/turklerin-anadoluyu-alirken-denize-acildiklari-ilk-kapi-sinop_fb873ea.jpg?fit=1000%2C667\" src=\"https:\/\/i0.wp.com\/www.tvturk.com\/wp-content\/uploads\/2019\/03\/turklerin-anadoluyu-alirken-denize-acildiklari-ilk-kapi-sinop_fb873ea.jpg?w=225&#038;h=150\" srcset=\"https:\/\/i0.wp.com\/www.tvturk.com\/wp-content\/uploads\/2019\/03\/turklerin-anadoluyu-alirken-denize-acildiklari-ilk-kapi-sinop_fb873ea.jpg?w=1000 1000w, https:\/\/i0.wp.com\/www.tvturk.com\/wp-content\/uploads\/2019\/03\/turklerin-anadoluyu-alirken-denize-acildiklari-ilk-kapi-sinop_fb873ea.jpg?resize=150%2C100 150w, https:\/\/i0.wp.com\/www.tvturk.com\/wp-content\/uploads\/2019\/03\/turklerin-anadoluyu-alirken-denize-acildiklari-ilk-kapi-sinop_fb873ea.jpg?resize=300%2C200 300w, https:\/\/i0.wp.com\/www.tvturk.com\/wp-content\/uploads\/2019\/03\/turklerin-anadoluyu-alirken-denize-acildiklari-ilk-kapi-sinop_fb873ea.jpg?resize=768%2C512 768w, https:\/\/i0.wp.com\/www.tvturk.com\/wp-content\/uploads\/2019\/03\/turklerin-anadoluyu-alirken-denize-acildiklari-ilk-kapi-sinop_fb873ea.jpg?resize=170%2C113 170w, https:\/\/i0.wp.com\/www.tvturk.com\/wp-content\/uploads\/2019\/03\/turklerin-anadoluyu-alirken-denize-acildiklari-ilk-kapi-sinop_fb873ea.jpg?resize=120%2C80 120w\" width=\"225\" height=\"150\" loading=\"lazy\" data-original-width=\"225\" data-original-height=\"150\" itemprop=\"http:\/\/schema.org\/image\" title=\"T\u00fcrklerin Anadolu\u2019yu al\u0131rken denize a\u00e7\u0131ld\u0131klar\u0131 ilk kap\u0131: Sinop\" alt=\"T\u00fcrklerin Anadolu\u2019yu al\u0131rken denize a\u00e7\u0131ld\u0131klar\u0131 ilk kap\u0131: Sinop\" style=\"width: 225px; height: 150px;\" \/> <\/a> <\/div> <\/div> <!-- close group --> <\/div> <!-- close row --> <\/div><\/p>\n","protected":false},"excerpt":{"rendered":"<p>S\u0130NOP K\u00dcLT\u00dcR VE TUR\u0130ZM M\u00dcD\u00dcR\u00dc H\u0130KMET TOSUN S\u0130NOP\u2019UN 5 KAT MEDEN\u0130YETE EV SAH\u0130PL\u0130\u011e\u0130 YAPTI\u011eINI BEL\u0130RTEREK H\u0130\u00c7B\u0130R \u0130LDE BU \u00d6ZELL\u0130\u011e\u0130 BULAMAZSINIZ DED\u0130.<\/p>\n","protected":false},"author":1,"featured_media":68181,"comment_status":"closed","ping_status":"open","sticky":false,"template":"","format":"standard","meta":{"jetpack_post_was_ever_published":false,"_jetpack_newsletter_access":"","_jetpack_dont_email_post_to_subs":false,"_jetpack_newsletter_tier_id":0,"_jetpack_memberships_contains_paywalled_content":false,"_jetpack_memberships_contains_paid_content":false,"footnotes":"","jetpack_publicize_message":"","jetpack_publicize_feature_enabled":true,"jetpack_social_post_already_shared":true,"jetpack_social_options":{"image_generator_settings":{"template":"highway","default_image_id":0,"font":"","enabled":false},"version":2}},"categories":[1],"tags":[20478,1611,20477,969,37,3110,4506,15338],"class_list":["post-68180","post","type-post","status-publish","format-standard","has-post-thumbnail","hentry","category-genel","tag-acildiklari","tag-alirken","tag-anadoluyu","tag-denize","tag-ilk","tag-kapi","tag-sinop","tag-turklerin"],"jetpack_publicize_connections":[],"jetpack_featured_media_url":"https:\/\/i0.wp.com\/www.tvturk.com\/wp-content\/uploads\/2019\/03\/turklerin-anadoluyu-alirken-denize-acildiklari-ilk-kapi-sinop_bbbe549.jpg?fit=1000%2C562","jetpack_sharing_enabled":true,"jetpack_shortlink":"https:\/\/wp.me\/paKIfm-hJG","_links":{"self":[{"href":"http:\/\/www.tvturk.com\/index.php\/wp-json\/wp\/v2\/posts\/68180","targetHints":{"allow":["GET"]}}],"collection":[{"href":"http:\/\/www.tvturk.com\/index.php\/wp-json\/wp\/v2\/posts"}],"about":[{"href":"http:\/\/www.tvturk.com\/index.php\/wp-json\/wp\/v2\/types\/post"}],"author":[{"embeddable":true,"href":"http:\/\/www.tvturk.com\/index.php\/wp-json\/wp\/v2\/users\/1"}],"replies":[{"embeddable":true,"href":"http:\/\/www.tvturk.com\/index.php\/wp-json\/wp\/v2\/comments?post=68180"}],"version-history":[{"count":1,"href":"http:\/\/www.tvturk.com\/index.php\/wp-json\/wp\/v2\/posts\/68180\/revisions"}],"predecessor-version":[{"id":68184,"href":"http:\/\/www.tvturk.com\/index.php\/wp-json\/wp\/v2\/posts\/68180\/revisions\/68184"}],"wp:featuredmedia":[{"embeddable":true,"href":"http:\/\/www.tvturk.com\/index.php\/wp-json\/wp\/v2\/media\/68181"}],"wp:attachment":[{"href":"http:\/\/www.tvturk.com\/index.php\/wp-json\/wp\/v2\/media?parent=68180"}],"wp:term":[{"taxonomy":"category","embeddable":true,"href":"http:\/\/www.tvturk.com\/index.php\/wp-json\/wp\/v2\/categories?post=68180"},{"taxonomy":"post_tag","embeddable":true,"href":"http:\/\/www.tvturk.com\/index.php\/wp-json\/wp\/v2\/tags?post=68180"}],"curies":[{"name":"wp","href":"https:\/\/api.w.org\/{rel}","templated":true}]}}