{"id":68206,"date":"2019-03-03T14:14:14","date_gmt":"2019-03-03T11:14:14","guid":{"rendered":"http:\/\/www.tvturk.com\/index.php\/ekrem-imamoglu-bir-kisinin-talimatiyla-sehri-yonetme-devri-bitmistir\/"},"modified":"2019-03-03T14:14:17","modified_gmt":"2019-03-03T11:14:17","slug":"ekrem-imamoglu-bir-kisinin-talimatiyla-sehri-yonetme-devri-bitmistir","status":"publish","type":"post","link":"http:\/\/www.tvturk.com\/index.php\/ekrem-imamoglu-bir-kisinin-talimatiyla-sehri-yonetme-devri-bitmistir\/","title":{"rendered":"Ekrem \u0130mamo\u011flu: \u201cBir ki\u015finin talimat\u0131yla \u015fehri y\u00f6netme devri bitmi\u015ftir\u201d"},"content":{"rendered":"<p>CHP\u2019nin \u0130stanbul B\u00fcy\u00fck\u015fehir Belediye ba\u015fkan aday\u0131 Ekrem \u0130mamo\u011flu, \u201cBir ki\u015finin talimat\u0131yla \u015fehir y\u00f6netilmez, 16 milyon insan\u0131n talimat\u0131yla \u015fehir y\u00f6netilir. Dolay\u0131s\u0131yla bir ki\u015finin talimat\u0131yla \u015fehri y\u00f6netecek insanlar\u0131n devri bitmi\u015ftir. 16 milyon insan\u0131n talimat\u0131yla \u015fehri y\u00f6netecek bir belediye ba\u015fkan\u0131 geliyor\u201d dedi.<\/p>\n<p>31 Mart yerel se\u00e7im \u00e7al\u0131\u015fmalar\u0131na Silivri\u2019de devam eden CHP \u0130stanbul B\u00fcy\u00fck\u015fehir Belediye Ba\u015fkan aday\u0131 Ekrem \u0130mamo\u011flu, sabah kahvalt\u0131s\u0131nda sivil toplum kurulu\u015flar\u0131 (STK), meslek odalar\u0131 ve muhtarlarla bir araya geldi. Salona giri\u015finde alk\u0131\u015flarla kar\u015f\u0131lanan \u0130mamo\u011flu, masalar\u0131 gezip vatanda\u015flar\u0131 tek tek selamlayarak sohbet etti. Kat\u0131l\u0131mc\u0131larla g\u00f6r\u00fc\u015f al\u0131\u015fveri\u015finde bulunan \u0130mamo\u011flu, \u00e7\u00f6z\u00fcm \u00f6nerilerini s\u0131ralayarak se\u00e7imde destek istedi.<\/p>\n<p>\u0130mamo\u011flu, \u201cT\u00fcrkiye\u2019ye y\u00f6n verecek bu se\u00e7imde oy verirken dikkat edeceksiniz. Burada ataca\u011f\u0131n\u0131z oyun de\u011feri, Hakkari, Rize, Sinop\u2019ta, Edirne\u2019de, \u00c7ank\u0131r\u0131\u2019da anla\u015f\u0131lacak. Dolay\u0131s\u0131yla \u0130stanbul\u2019daki yerel se\u00e7imdeki yeni anlay\u0131\u015f 21. y\u00fczy\u0131la d\u00f6n\u00fck anlay\u0131\u015f, yeni nesil belediyecilik varl\u0131\u011f\u0131 T\u00fcrkiye\u2019ye moral verecek. Vatanda\u015f diyecek ki, oh be ben de\u011ferliyim art\u0131k, benim s\u00f6yledi\u011fim s\u00f6z\u00fcn kar\u015f\u0131l\u0131\u011f\u0131 var. 16 milyon insan\u0131n sesi benim i\u00e7in \u00f6nemli. Bir ki\u015finin sesi de\u011fil. Bir ki\u015finin talimat\u0131yla \u015fehir y\u00f6netilmez, 16 milyon insan\u0131n talimat\u0131yla \u015fehir y\u00f6netilir. Dolay\u0131s\u0131yla bir ki\u015finin talimat\u0131yla \u015fehri y\u00f6netecek insanlar\u0131n devri bitmi\u015ftir. 16 milyon insan\u0131n talimat\u0131yla \u015fehri y\u00f6netecek bir belediye ba\u015fkan\u0131 geliyor\u201d dedi.<\/p>\n<p>\u201cSilivri bizim i\u00e7in g\u00f6zbebe\u011fi\u201d<\/p>\n<p>Silivri\u2019nin tar\u0131mda \u00f6neminden bahseden \u0130mamo\u011flu, \u201cKentin vah\u015fi b\u00fcy\u00fcmesi, \u015fehrin adaletinin ne yaz\u0131k ki iyi kullan\u0131lmamas\u0131 ve de hani bir vir\u00fcs gibi yap\u0131la\u015fman\u0131n \u0130stanbul\u2019u a\u015f\u0131r\u0131 bir \u015fekilde b\u00fcy\u00fctt\u00fc\u011f\u00fc bir ortamda asl\u0131nda Silivri gibi bir\u00e7ok il\u00e7emizin k\u0131ymetini daha da art\u0131rm\u0131\u015ft\u0131r. Topraklar\u0131m\u0131zda binalar yap\u0131ls\u0131n diye de\u011fil, bu g\u00fczel topraklar\u0131n yak\u0131n co\u011frafyadaki 16 milyon insan\u0131n ya\u015fad\u0131\u011f\u0131 bir \u015fehirdeki bu g\u00fczel topraklar\u0131n daha sa\u011fl\u0131kl\u0131, verimli ve do\u011fal \u015fekilde kullan\u0131laca\u011f\u0131 y\u00f6n\u00fcnde \u00f6nemi artm\u0131\u015ft\u0131r. D\u00fcnya tar\u0131ma, do\u011fall\u0131\u011fa ve g\u00fczelli\u011fe a\u00e7. Silivri\u2019nin korunarak b\u00fcy\u00fct\u00fclmesi, gelece\u011fine farkl\u0131 \u0131\u015f\u0131klar tutulmas\u0131 gerekti\u011fi bir konumunday\u0131z. Bizim bu g\u00fczel topraklar\u0131 beslememiz, tar\u0131ma y\u00f6nelik geli\u015fmede \u00f6zellikle \u0130stanbul\u2019da belirledi\u011fimiz 150 mahallemizin, eski ad\u0131yla k\u00f6ylerimizin verimli bir \u015fekilde \u0130stanbul\u2019a hizmet etmesini sa\u011flamal\u0131y\u0131z. Bu il\u00e7eyi \u00e7ok daha ileriye ta\u015f\u0131yacak. Kendi \u00f6l\u00e7e\u011finde bunu yapmaya \u00e7al\u0131\u015fan Silivri\u2019nin \u0130stanbul\u2019daki rol\u00fcn\u00fc oturttu\u011fumuzda bamba\u015fka bir yere ta\u015f\u0131yacak. Biz \u0130stanbul\u2019un 5-6 il\u00e7esini, 150 mahallesini kimi zaman hayvanc\u0131l\u0131kta, kimi zaman tar\u0131mda, kimi zaman turizmde ba\u015fka \u00f6ncelikleriyle de\u011ferli noktalara oturtaca\u011f\u0131z. \u0130stanbul\u2019un g\u00f6z\u00fcn\u00fcn \u00f6n\u00fcne ba\u015fka de\u011ferleri servis etmi\u015f olaca\u011f\u0131z. Silivri bizim i\u00e7in g\u00f6z bebe\u011fi, Silivri bizim i\u00e7in talan edilecek bir yer de\u011fil. Buras\u0131 bizim i\u00e7in milyonlarca insan\u0131n ta\u015f\u0131naca\u011f\u0131 yer de\u011fil. Buray\u0131 korumam\u0131z laz\u0131m. Sadece kendi il\u00e7elerimiz de\u011fil, yak\u0131n co\u011frafyadaki illeri koruyacak bir anlay\u0131\u015f ger\u00e7ekle\u015ftirece\u011fiz\u201d diye konu\u015ftu.<div class=\"tiled-gallery type-rectangular tiled-gallery-unresized\" data-original-width=\"500\" data-carousel-extra='null' itemscope itemtype=\"http:\/\/schema.org\/ImageGallery\" > <div class=\"gallery-row\" style=\"width: 500px; height: 168px;\" data-original-width=\"500\" data-original-height=\"168\" > <div class=\"gallery-group images-1\" style=\"width: 250px; height: 168px;\" data-original-width=\"250\" data-original-height=\"168\" > <div class=\"tiled-gallery-item tiled-gallery-item-small\" itemprop=\"associatedMedia\" itemscope itemtype=\"http:\/\/schema.org\/ImageObject\"> <a href=\"http:\/\/www.tvturk.com\/index.php\/ekrem-imamoglu-bir-kisinin-talimatiyla-sehri-yonetme-devri-bitmistir\/ekrem-imamoglu-bir-kisinin-talimatiyla-sehri-yonetme-devri-bitmistir-3\/\" border=\"0\" itemprop=\"url\"> <meta itemprop=\"width\" content=\"246\"> <meta itemprop=\"height\" content=\"164\"> <img decoding=\"async\" class=\"\" data-attachment-id=\"68208\" data-orig-file=\"http:\/\/www.tvturk.com\/wp-content\/uploads\/2019\/03\/ekrem-imamoglu-bir-kisinin-talimatiyla-sehri-yonetme-devri-bitmistir_034557e.jpg\" data-orig-size=\"1000,666\" data-comments-opened=\"\" data-image-meta=\"{&quot;aperture&quot;:&quot;0&quot;,&quot;credit&quot;:&quot;IHA&quot;,&quot;camera&quot;:&quot;&quot;,&quot;caption&quot;:&quot;31 MART YEREL SE\\u00c7\\u0130M \\u00c7ALI\\u015eMALARINA S\\u0130L\\u0130VR\\u0130\\u2019DE DEVAM EDEN CHP \\u0130STANBUL B\\u00dcY\\u00dcK\\u015eEH\\u0130R BELED\\u0130YE BA\\u015eKAN ADAYI EKREM \\u0130MAMO\\u011eLU, SABAH KAHVALTISINDA S\\u0130V\\u0130L TOPLUM KURULU\\u015eLARI (STK), MESLEK ODALARI VE MUHTARLARLA B\\u0130R ARAYA GELD\\u0130. (FERHAT YASAK - MEHMET BA\\u015eA\\\/\\u0130STANBUL-\\u0130HA)&quot;,&quot;created_timestamp&quot;:&quot;0&quot;,&quot;copyright&quot;:&quot;\\u0130HLAS HABER AJANSI, www.iha.com.tr&quot;,&quot;focal_length&quot;:&quot;0&quot;,&quot;iso&quot;:&quot;0&quot;,&quot;shutter_speed&quot;:&quot;0&quot;,&quot;title&quot;:&quot;EKREM \\u0130MAMO\\u011eLU: \\u201cB\\u0130R K\\u0130\\u015e\\u0130N\\u0130N TAL\\u0130MATIYLA \\u015eEHR\\u0130 Y\\u00d6NETME DEVR\\u0130 B\\u0130TM\\u0130\\u015eT\\u0130R\\u201d&quot;,&quot;orientation&quot;:&quot;0&quot;}\" data-image-title=\"Ekrem \u0130mamo\u011flu: \u201cBir ki\u015finin talimat\u0131yla \u015fehri y\u00f6netme devri bitmi\u015ftir\u201d\" data-image-description=\"&lt;p&gt;Ekrem \u0130mamo\u011flu: \u201cBir ki\u015finin talimat\u0131yla \u015fehri y\u00f6netme devri bitmi\u015ftir\u201d&lt;\/p&gt; \" data-medium-file=\"https:\/\/i0.wp.com\/www.tvturk.com\/wp-content\/uploads\/2019\/03\/ekrem-imamoglu-bir-kisinin-talimatiyla-sehri-yonetme-devri-bitmistir_034557e.jpg?fit=300%2C200\" data-large-file=\"https:\/\/i0.wp.com\/www.tvturk.com\/wp-content\/uploads\/2019\/03\/ekrem-imamoglu-bir-kisinin-talimatiyla-sehri-yonetme-devri-bitmistir_034557e.jpg?fit=1000%2C666\" src=\"https:\/\/i0.wp.com\/www.tvturk.com\/wp-content\/uploads\/2019\/03\/ekrem-imamoglu-bir-kisinin-talimatiyla-sehri-yonetme-devri-bitmistir_034557e.jpg?w=246&#038;h=164\" srcset=\"https:\/\/i0.wp.com\/www.tvturk.com\/wp-content\/uploads\/2019\/03\/ekrem-imamoglu-bir-kisinin-talimatiyla-sehri-yonetme-devri-bitmistir_034557e.jpg?w=1000 1000w, https:\/\/i0.wp.com\/www.tvturk.com\/wp-content\/uploads\/2019\/03\/ekrem-imamoglu-bir-kisinin-talimatiyla-sehri-yonetme-devri-bitmistir_034557e.jpg?resize=150%2C100 150w, https:\/\/i0.wp.com\/www.tvturk.com\/wp-content\/uploads\/2019\/03\/ekrem-imamoglu-bir-kisinin-talimatiyla-sehri-yonetme-devri-bitmistir_034557e.jpg?resize=300%2C200 300w, https:\/\/i0.wp.com\/www.tvturk.com\/wp-content\/uploads\/2019\/03\/ekrem-imamoglu-bir-kisinin-talimatiyla-sehri-yonetme-devri-bitmistir_034557e.jpg?resize=768%2C511 768w, https:\/\/i0.wp.com\/www.tvturk.com\/wp-content\/uploads\/2019\/03\/ekrem-imamoglu-bir-kisinin-talimatiyla-sehri-yonetme-devri-bitmistir_034557e.jpg?resize=170%2C113 170w, https:\/\/i0.wp.com\/www.tvturk.com\/wp-content\/uploads\/2019\/03\/ekrem-imamoglu-bir-kisinin-talimatiyla-sehri-yonetme-devri-bitmistir_034557e.jpg?resize=120%2C80 120w\" width=\"246\" height=\"164\" loading=\"lazy\" data-original-width=\"246\" data-original-height=\"164\" itemprop=\"http:\/\/schema.org\/image\" title=\"Ekrem \u0130mamo\u011flu: \u201cBir ki\u015finin talimat\u0131yla \u015fehri y\u00f6netme devri bitmi\u015ftir\u201d\" alt=\"Ekrem \u0130mamo\u011flu: \u201cBir ki\u015finin talimat\u0131yla \u015fehri y\u00f6netme devri bitmi\u015ftir\u201d\" style=\"width: 246px; height: 164px;\" \/> <\/a> <\/div> <\/div> <!-- close group --> <div class=\"gallery-group images-1\" style=\"width: 250px; height: 168px;\" data-original-width=\"250\" data-original-height=\"168\" > <div class=\"tiled-gallery-item tiled-gallery-item-small\" itemprop=\"associatedMedia\" itemscope itemtype=\"http:\/\/schema.org\/ImageObject\"> <a href=\"http:\/\/www.tvturk.com\/index.php\/ekrem-imamoglu-bir-kisinin-talimatiyla-sehri-yonetme-devri-bitmistir\/ekrem-imamoglu-bir-kisinin-talimatiyla-sehri-yonetme-devri-bitmistir-4\/\" border=\"0\" itemprop=\"url\"> <meta itemprop=\"width\" content=\"246\"> <meta itemprop=\"height\" content=\"164\"> <img decoding=\"async\" class=\"\" data-attachment-id=\"68209\" data-orig-file=\"http:\/\/www.tvturk.com\/wp-content\/uploads\/2019\/03\/ekrem-imamoglu-bir-kisinin-talimatiyla-sehri-yonetme-devri-bitmistir_c8844ba.jpg\" data-orig-size=\"1000,666\" data-comments-opened=\"\" data-image-meta=\"{&quot;aperture&quot;:&quot;0&quot;,&quot;credit&quot;:&quot;IHA&quot;,&quot;camera&quot;:&quot;&quot;,&quot;caption&quot;:&quot;CHP\\u2019N\\u0130N \\u0130STANBUL B\\u00dcY\\u00dcK\\u015eEH\\u0130R BELED\\u0130YE BA\\u015eKAN ADAYI EKREM \\u0130MAMO\\u011eLU, \\u201cB\\u0130R K\\u0130\\u015e\\u0130N\\u0130N TAL\\u0130MATIYLA \\u015eEH\\u0130R Y\\u00d6NET\\u0130LMEZ, 16 M\\u0130LYON \\u0130NSANIN TAL\\u0130MATIYLA \\u015eEH\\u0130R Y\\u00d6NET\\u0130L\\u0130R. DOLAYISIYLA B\\u0130R K\\u0130\\u015e\\u0130N\\u0130N TAL\\u0130MATIYLA \\u015eEHR\\u0130 Y\\u00d6NETECEK \\u0130NSANLARIN DEVR\\u0130 B\\u0130TM\\u0130\\u015eT\\u0130R. 16 M\\u0130LYON \\u0130NSANIN TAL\\u0130MATIYLA \\u015eEHR\\u0130 Y\\u00d6NETECEK B\\u0130R BELED\\u0130YE BA\\u015eKANI GEL\\u0130YOR\\u201d DED\\u0130. (FERHAT YASAK - MEHMET BA\\u015eA\\\/\\u0130STANBUL-\\u0130HA)&quot;,&quot;created_timestamp&quot;:&quot;0&quot;,&quot;copyright&quot;:&quot;\\u0130HLAS HABER AJANSI, www.iha.com.tr&quot;,&quot;focal_length&quot;:&quot;0&quot;,&quot;iso&quot;:&quot;0&quot;,&quot;shutter_speed&quot;:&quot;0&quot;,&quot;title&quot;:&quot;EKREM \\u0130MAMO\\u011eLU: \\u201cB\\u0130R K\\u0130\\u015e\\u0130N\\u0130N TAL\\u0130MATIYLA \\u015eEHR\\u0130 Y\\u00d6NETME DEVR\\u0130 B\\u0130TM\\u0130\\u015eT\\u0130R\\u201d&quot;,&quot;orientation&quot;:&quot;0&quot;}\" data-image-title=\"Ekrem \u0130mamo\u011flu: \u201cBir ki\u015finin talimat\u0131yla \u015fehri y\u00f6netme devri bitmi\u015ftir\u201d\" data-image-description=\"&lt;p&gt;Ekrem \u0130mamo\u011flu: \u201cBir ki\u015finin talimat\u0131yla \u015fehri y\u00f6netme devri bitmi\u015ftir\u201d&lt;\/p&gt; \" data-medium-file=\"https:\/\/i0.wp.com\/www.tvturk.com\/wp-content\/uploads\/2019\/03\/ekrem-imamoglu-bir-kisinin-talimatiyla-sehri-yonetme-devri-bitmistir_c8844ba.jpg?fit=300%2C200\" data-large-file=\"https:\/\/i0.wp.com\/www.tvturk.com\/wp-content\/uploads\/2019\/03\/ekrem-imamoglu-bir-kisinin-talimatiyla-sehri-yonetme-devri-bitmistir_c8844ba.jpg?fit=1000%2C666\" src=\"https:\/\/i0.wp.com\/www.tvturk.com\/wp-content\/uploads\/2019\/03\/ekrem-imamoglu-bir-kisinin-talimatiyla-sehri-yonetme-devri-bitmistir_c8844ba.jpg?w=246&#038;h=164\" srcset=\"https:\/\/i0.wp.com\/www.tvturk.com\/wp-content\/uploads\/2019\/03\/ekrem-imamoglu-bir-kisinin-talimatiyla-sehri-yonetme-devri-bitmistir_c8844ba.jpg?w=1000 1000w, https:\/\/i0.wp.com\/www.tvturk.com\/wp-content\/uploads\/2019\/03\/ekrem-imamoglu-bir-kisinin-talimatiyla-sehri-yonetme-devri-bitmistir_c8844ba.jpg?resize=150%2C100 150w, https:\/\/i0.wp.com\/www.tvturk.com\/wp-content\/uploads\/2019\/03\/ekrem-imamoglu-bir-kisinin-talimatiyla-sehri-yonetme-devri-bitmistir_c8844ba.jpg?resize=300%2C200 300w, https:\/\/i0.wp.com\/www.tvturk.com\/wp-content\/uploads\/2019\/03\/ekrem-imamoglu-bir-kisinin-talimatiyla-sehri-yonetme-devri-bitmistir_c8844ba.jpg?resize=768%2C511 768w, https:\/\/i0.wp.com\/www.tvturk.com\/wp-content\/uploads\/2019\/03\/ekrem-imamoglu-bir-kisinin-talimatiyla-sehri-yonetme-devri-bitmistir_c8844ba.jpg?resize=170%2C113 170w, https:\/\/i0.wp.com\/www.tvturk.com\/wp-content\/uploads\/2019\/03\/ekrem-imamoglu-bir-kisinin-talimatiyla-sehri-yonetme-devri-bitmistir_c8844ba.jpg?resize=120%2C80 120w\" width=\"246\" height=\"164\" loading=\"lazy\" data-original-width=\"246\" data-original-height=\"164\" itemprop=\"http:\/\/schema.org\/image\" title=\"Ekrem \u0130mamo\u011flu: \u201cBir ki\u015finin talimat\u0131yla \u015fehri y\u00f6netme devri bitmi\u015ftir\u201d\" alt=\"Ekrem \u0130mamo\u011flu: \u201cBir ki\u015finin talimat\u0131yla \u015fehri y\u00f6netme devri bitmi\u015ftir\u201d\" style=\"width: 246px; height: 164px;\" \/> <\/a> <\/div> <\/div> <!-- close group --> <\/div> <!-- close row --> <\/div><\/p>\n","protected":false},"excerpt":{"rendered":"<p>31 MART YEREL SE\u00c7\u0130M \u00c7ALI\u015eMALARINA S\u0130L\u0130VR\u0130\u2019DE DEVAM EDEN CHP \u0130STANBUL B\u00dcY\u00dcK\u015eEH\u0130R BELED\u0130YE BA\u015eKAN ADAYI EKREM \u0130MAMO\u011eLU, SABAH KAHVALTISINDA S\u0130V\u0130L TOPLUM KURULU\u015eLARI (STK), MESLEK ODALARI VE MUHTARLARLA B\u0130R ARAYA GELD\u0130.<\/p>\n","protected":false},"author":1,"featured_media":68207,"comment_status":"closed","ping_status":"open","sticky":false,"template":"","format":"standard","meta":{"jetpack_post_was_ever_published":false,"_jetpack_newsletter_access":"","_jetpack_dont_email_post_to_subs":false,"_jetpack_newsletter_tier_id":0,"_jetpack_memberships_contains_paywalled_content":false,"_jetpack_memberships_contains_paid_content":false,"footnotes":"","jetpack_publicize_message":"","jetpack_publicize_feature_enabled":true,"jetpack_social_post_already_shared":true,"jetpack_social_options":{"image_generator_settings":{"template":"highway","default_image_id":0,"font":"","enabled":false},"version":2}},"categories":[9],"tags":[7385,125,20482,10088,3327,919,6893,17591,20481],"class_list":["post-68206","post","type-post","status-publish","format-standard","has-post-thumbnail","hentry","category-siyaset","tag-sehri","tag-bir","tag-bitmistir","tag-devri","tag-ekrem","tag-imamoglu","tag-kisinin","tag-talimatiyla","tag-yonetme"],"jetpack_publicize_connections":[],"jetpack_featured_media_url":"https:\/\/i0.wp.com\/www.tvturk.com\/wp-content\/uploads\/2019\/03\/ekrem-imamoglu-bir-kisinin-talimatiyla-sehri-yonetme-devri-bitmistir_1ce7d95.jpg?fit=1000%2C666","jetpack_sharing_enabled":true,"jetpack_shortlink":"https:\/\/wp.me\/paKIfm-hK6","_links":{"self":[{"href":"http:\/\/www.tvturk.com\/index.php\/wp-json\/wp\/v2\/posts\/68206","targetHints":{"allow":["GET"]}}],"collection":[{"href":"http:\/\/www.tvturk.com\/index.php\/wp-json\/wp\/v2\/posts"}],"about":[{"href":"http:\/\/www.tvturk.com\/index.php\/wp-json\/wp\/v2\/types\/post"}],"author":[{"embeddable":true,"href":"http:\/\/www.tvturk.com\/index.php\/wp-json\/wp\/v2\/users\/1"}],"replies":[{"embeddable":true,"href":"http:\/\/www.tvturk.com\/index.php\/wp-json\/wp\/v2\/comments?post=68206"}],"version-history":[{"count":1,"href":"http:\/\/www.tvturk.com\/index.php\/wp-json\/wp\/v2\/posts\/68206\/revisions"}],"predecessor-version":[{"id":68210,"href":"http:\/\/www.tvturk.com\/index.php\/wp-json\/wp\/v2\/posts\/68206\/revisions\/68210"}],"wp:featuredmedia":[{"embeddable":true,"href":"http:\/\/www.tvturk.com\/index.php\/wp-json\/wp\/v2\/media\/68207"}],"wp:attachment":[{"href":"http:\/\/www.tvturk.com\/index.php\/wp-json\/wp\/v2\/media?parent=68206"}],"wp:term":[{"taxonomy":"category","embeddable":true,"href":"http:\/\/www.tvturk.com\/index.php\/wp-json\/wp\/v2\/categories?post=68206"},{"taxonomy":"post_tag","embeddable":true,"href":"http:\/\/www.tvturk.com\/index.php\/wp-json\/wp\/v2\/tags?post=68206"}],"curies":[{"name":"wp","href":"https:\/\/api.w.org\/{rel}","templated":true}]}}