{"id":68764,"date":"2019-03-03T17:41:24","date_gmt":"2019-03-03T14:41:24","guid":{"rendered":"http:\/\/www.tvturk.com\/index.php\/mehmet-sepil-turk-hakemleri-adina-utaniyorum\/"},"modified":"2019-03-03T17:41:24","modified_gmt":"2019-03-03T14:41:24","slug":"mehmet-sepil-turk-hakemleri-adina-utaniyorum","status":"publish","type":"post","link":"http:\/\/www.tvturk.com\/index.php\/mehmet-sepil-turk-hakemleri-adina-utaniyorum\/","title":{"rendered":"Mehmet Sepil: \u201cT\u00fcrk hakemleri ad\u0131na utan\u0131yorum\u201d"},"content":{"rendered":"<p>Spor Toto S\u00fcper Lig\u2019de G\u00f6ztepe\u2019nin deplasmanda Atiker Konyaspor ile berabere kald\u0131\u011f\u0131 ma\u00e7\u0131n ard\u0131ndan konu\u015fan G\u00f6ztepe Ba\u015fkan\u0131 Mehmet Sepil, kar\u015f\u0131la\u015fman\u0131n hakemlerine y\u00fcklendi.<\/p>\n<p>G\u00f6ztepe\u2019nin deplasmanda Atiker Konyaspor ile berabere kald\u0131\u011f\u0131 ma\u00e7\u0131n ard\u0131ndan G\u00f6ztepe Ba\u015fkan\u0131 Mehmet Sepil kar\u015f\u0131la\u015fman\u0131n hakemlerinden dert yand\u0131. M\u00fcsabakan\u0131n 85. dakikas\u0131nda Yasin \u00d6ztekin i\u00e7in kald\u0131r\u0131lan ofsayt bayra\u011f\u0131 olduk\u00e7a tart\u0131\u015f\u0131l\u0131rken, Sepil de tart\u0131\u015fmalara kay\u0131ts\u0131z kalmad\u0131. Hakeme haklar\u0131n\u0131 helal etmediklerini s\u00f6yleyen G\u00f6ztepe Ba\u015fkan\u0131, \u201cT\u00fcrk hakemleri i\u00e7in hem \u00fcz\u00fcl\u00fcyorum hem de utan\u0131yorum. Hakem ma\u00e7\u0131 kafas\u0131ndaki neticeyle bitiremedi. Hata yap\u0131l\u0131r ama bug\u00fcn ma\u00e7ta olanlar\u0131 hi\u00e7 kimse hata olarak izah edemez. Sezon ba\u015f\u0131ndan beri s\u00f6ylenilen tek \u015fey var. Kritik ofsayt pozisyonlar\u0131nda pozisyon kesilmeden devam edip pozisyon sonu\u00e7land\u0131ktan sonra VAR\u2019a bak\u0131lacakt\u0131. Ancak bug\u00fcn bu ger\u00e7ekle\u015fmedi. Hakem Abd\u00fclkadir Bitigen\u2019e hakk\u0131m\u0131z\u0131 helal etmiyorum\u201d dedi.<\/p>\n<p>Kar\u015f\u0131la\u015fma Filipovic ve Yasin \u00d6ztekin\u2019in att\u0131\u011f\u0131 gollerle 1-1 sona ermi\u015fti.<\/p>\n","protected":false},"excerpt":{"rendered":"<p>SPOR TOTO S\u00dcPER L\u0130GDE G\u00d6ZTEPE\u2019N\u0130N DEPLASMANDA AT\u0130KER KONYASPOR \u0130LE BERABERE KALDI\u011eI MA\u00c7IN ARDINDAN KONU\u015eAN G\u00d6ZTEPE BA\u015eKANI MEHMET SEP\u0130L, KAR\u015eILA\u015eMANIN HAKEMLER\u0130NE Y\u00dcKLEND\u0130.<\/p>\n","protected":false},"author":1,"featured_media":68765,"comment_status":"closed","ping_status":"open","sticky":false,"template":"","format":"standard","meta":{"jetpack_post_was_ever_published":false,"_jetpack_newsletter_access":"","_jetpack_dont_email_post_to_subs":false,"_jetpack_newsletter_tier_id":0,"_jetpack_memberships_contains_paywalled_content":false,"_jetpack_memberships_contains_paid_content":false,"footnotes":"","jetpack_publicize_message":"","jetpack_publicize_feature_enabled":true,"jetpack_social_post_already_shared":true,"jetpack_social_options":{"image_generator_settings":{"template":"highway","default_image_id":0,"font":"","enabled":false},"version":2}},"categories":[657],"tags":[11318,20557,2570,19133,957,20558],"class_list":["post-68764","post","type-post","status-publish","format-standard","has-post-thumbnail","hentry","category-spor","tag-adina","tag-hakemleri","tag-mehmet","tag-sepil","tag-turk","tag-utaniyorum"],"jetpack_publicize_connections":[],"jetpack_featured_media_url":"https:\/\/i0.wp.com\/www.tvturk.com\/wp-content\/uploads\/2019\/03\/mehmet-sepil-turk-hakemleri-adina-utaniyorum_97005c6.jpg?fit=1000%2C716","jetpack_sharing_enabled":true,"jetpack_shortlink":"https:\/\/wp.me\/paKIfm-hT6","_links":{"self":[{"href":"http:\/\/www.tvturk.com\/index.php\/wp-json\/wp\/v2\/posts\/68764","targetHints":{"allow":["GET"]}}],"collection":[{"href":"http:\/\/www.tvturk.com\/index.php\/wp-json\/wp\/v2\/posts"}],"about":[{"href":"http:\/\/www.tvturk.com\/index.php\/wp-json\/wp\/v2\/types\/post"}],"author":[{"embeddable":true,"href":"http:\/\/www.tvturk.com\/index.php\/wp-json\/wp\/v2\/users\/1"}],"replies":[{"embeddable":true,"href":"http:\/\/www.tvturk.com\/index.php\/wp-json\/wp\/v2\/comments?post=68764"}],"version-history":[{"count":0,"href":"http:\/\/www.tvturk.com\/index.php\/wp-json\/wp\/v2\/posts\/68764\/revisions"}],"wp:featuredmedia":[{"embeddable":true,"href":"http:\/\/www.tvturk.com\/index.php\/wp-json\/wp\/v2\/media\/68765"}],"wp:attachment":[{"href":"http:\/\/www.tvturk.com\/index.php\/wp-json\/wp\/v2\/media?parent=68764"}],"wp:term":[{"taxonomy":"category","embeddable":true,"href":"http:\/\/www.tvturk.com\/index.php\/wp-json\/wp\/v2\/categories?post=68764"},{"taxonomy":"post_tag","embeddable":true,"href":"http:\/\/www.tvturk.com\/index.php\/wp-json\/wp\/v2\/tags?post=68764"}],"curies":[{"name":"wp","href":"https:\/\/api.w.org\/{rel}","templated":true}]}}