{"id":68860,"date":"2019-03-03T19:03:09","date_gmt":"2019-03-03T16:03:09","guid":{"rendered":"http:\/\/www.tvturk.com\/index.php\/antalyanin-fethinin-812nci-yili-coskuyla-kutlandi\/"},"modified":"2019-03-03T19:03:21","modified_gmt":"2019-03-03T16:03:21","slug":"antalyanin-fethinin-812nci-yili-coskuyla-kutlandi","status":"publish","type":"post","link":"http:\/\/www.tvturk.com\/index.php\/antalyanin-fethinin-812nci-yili-coskuyla-kutlandi\/","title":{"rendered":"Antalya\u2019n\u0131n fethinin 812\u2019nci y\u0131l\u0131 co\u015fkuyla kutland\u0131"},"content":{"rendered":"<p>Antalya\u2019n\u0131n fethinin 812\u2019nci y\u0131l\u0131n\u0131n kutlamalar\u0131nda ger\u00e7ekle\u015ftirilen Fetih Y\u00fcr\u00fcy\u00fc\u015f\u00fc yo\u011fun kat\u0131l\u0131mla ger\u00e7ekle\u015fti. Y\u00fcr\u00fcy\u00fc\u015flere bu y\u0131l kat\u0131lan \u2019Dirili\u015f Ertu\u011frul\u2019 dizisinin ba\u015frol\u00fcn\u00fc oynad\u0131\u011f\u0131 Engin Altan D\u00fczyatan\u2019a ilgi olduk\u00e7a b\u00fcy\u00fck oldu.<\/p>\n<p>Antalya\u2019n\u0131n 812 y\u0131l \u00f6nce G\u0131yaseddin Keyh\u00fcsrev taraf\u0131ndan fethedili\u015fi, Antalya Valili\u011fi ve Antalya B\u00fcy\u00fck\u015fehir Belediyesi\u2019nin ortakla\u015fa d\u00fczenledi\u011fi etkinliklerle kutlanmaya devam ediyor. 1-5 mart tarihleri aras\u0131nda d\u00fczenlenen etkinliklerde bug\u00fcn, Fetih y\u00fcr\u00fcy\u00fc\u015f\u00fc ger\u00e7ekle\u015ftirildi. Etkinli\u011fe, Antalya Valisi M\u00fcnir Karalo\u011flu ile e\u015fi Sevim Karalo\u011flu, B\u00fcy\u00fck\u015fehir Belediyesi Ba\u015fkan\u0131 Menderes T\u00fcrel, e\u015fi Ebru T\u00fcrel, Antalya Cumhuriyet Ba\u015fsavc\u0131s\u0131 Halil \u0130nal, \u0130l Emniyet M\u00fcd\u00fcr\u00fc Mehmet Murat Ulucan, Akdeniz \u00dcniversitesi Rekt\u00f6r\u00fc Prof. Dr. Mustafa \u00dcnal, AK Parti \u0130l Ba\u015fkan\u0131 \u0130brahim Ethem Ta\u015f, MHP \u0130l Ba\u015fkan\u0131 Mustafa Aksoy, Dirili\u015f Ertu\u011frul dizisi oyuncular\u0131ndan Engin Altan D\u00fczyatan, Celal Al, Ayberk Pekcan ve \u00e7ok say\u0131da ki\u015fi kat\u0131ld\u0131.<\/p>\n<p>Engin Altan D\u00fczyatan\u2019\u0131 g\u00f6rmek i\u00e7in yar\u0131\u015ft\u0131lar<\/p>\n<p>Konyaalt\u0131 Sahil Antalya Ya\u015fam Park\u0131\u2019ndan ba\u015flayan Fetih Y\u00fcr\u00fcy\u00fc\u015f\u00fc s\u0131ras\u0131nda, vatanda\u015flar\u0131n Engin Altan D\u00fczyatan\u2019a ilgisi yo\u011fun oldu.  Vatanda\u015flar, D\u00fczyatan\u2019\u0131 g\u00f6rebilmek ve foto\u011fraf \u00e7ekinmek i\u00e7in adeta yar\u0131\u015ft\u0131.<\/p>\n<p>T\u00fcrel: \u201cCevher yerin alt\u0131nda kal\u0131rsa toprak, \u00fczerine \u00e7\u0131karsa alt\u0131n olur\u201d<\/p>\n<p>Yakla\u015f\u0131k bir kilometrelik y\u00fcr\u00fcy\u00fc\u015f\u00fcn ard\u0131ndan Olbia Meydan\u0131\u2019nda sona eren Fetih Y\u00fcr\u00fcy\u00fc\u015f\u00fc, buradaki etkinliklerle devam etti. Fetih suresinin okunmas\u0131yla ba\u015flayan meydan etkinliklerinde bir konu\u015fma yapan B\u00fcy\u00fck\u015fehir Belediye Ba\u015fkan\u0131 Menderes T\u00fcrel, Antalya B\u00fcy\u00fck\u015fehir Belediye Ba\u015fkan\u0131 Menderes T\u00fcrel,  Antalya\u2019n\u0131n gelece\u011fine dair ba\u015flatt\u0131klar\u0131 y\u00fcr\u00fcy\u00fc\u015fe kat\u0131lanlara te\u015fekk\u00fcr etti\u011fini s\u00f6yledi.<\/p>\n<p>\u201cHaktan ferman gelmeyince bahar gelmez\u201d diyen T\u00fcrel,  \u201cKendi medeniyetimizden \u00fcflenen ruhla bir \u00f6z yurt olan Antalya gelece\u011fine emin ad\u0131mlarla ad\u0131m atmak i\u00e7in y\u00fcr\u00fcyoruz bug\u00fcn. As\u0131rlard\u0131r Anadolu\u2019yu yurt tutmu\u015f bir ecdad\u0131 ve onun miras\u0131n\u0131 \u00e7ocuklar\u0131m\u0131za ve torunlar\u0131m\u0131za anlatmak bizim vazifemiz. Bu topraklara bahar\u0131 getiren atalar\u0131m\u0131z \u015fehirleri kuruyor iken ayn\u0131 zamanda kimlik de in\u015fa etmi\u015ftir. Cevher yerin alt\u0131nda kal\u0131rsa toprak, \u00fczerine \u00e7\u0131karsa alt\u0131n olur. Bir cevher olan tarihimizi bug\u00fcne anlat\u0131rsan bug\u00fcn\u00fc alt\u0131nla\u015ft\u0131r\u0131r ve gelece\u011fe miras b\u0131rak\u0131r\u0131z\u201d dedi.<\/p>\n<p>T\u00fcrel, dirili\u015f dizisinin oyuncular\u0131n\u0131n y\u00fcr\u00fcy\u00fc\u015fe kat\u0131ld\u0131\u011f\u0131ndan dolay\u0131 memnuniyetini de dile getirerek, Dirili\u015f Ertu\u011frul dizisine ili\u015fkin, \u201c\u00d6yle bir muhte\u015fem i\u015f yap\u0131yorsunuz ki gen\u00e7lerimiz sizin sayenizde tarihini \u00f6\u011freniyor\u201d diye konu\u015ftu.<\/p>\n<p>Vali Karalo\u011flu: \u201cEn b\u00fcy\u00fck yok olu\u015f unutmakt\u0131r\u201d<\/p>\n<p>Vali M\u00fcnir Karalo\u011flu da Antalya\u2019n\u0131n 812 y\u0131ld\u0131r T\u00fcrk ve \u0130slam yurdu oldu\u011funa dikkati \u00e7ekerek, Fetih kutlamalar\u0131n\u0131n \u00f6nemine i\u015faret etti.  Karalo\u011flu, \u201cTarihimizi, ecdad\u0131m\u0131z\u0131, dedemizi ve k\u00f6klerimizi unutursak yok oluruz. En b\u00fcy\u00fck yok olu\u015f unutmakt\u0131r. Bu topraklarda k\u0131yamete kadar var olmak i\u00e7in tarihimizi bilmek ecdad\u0131m\u0131za sayg\u0131 duymak zorunday\u0131z. 5 Mart 1207 bu kent i\u00e7in \u00e7ok \u00f6nemlidir&#8221; diye konu\u015ftu.<\/p>\n<p>Konu\u015fmalar\u0131n ard\u0131ndan \u00f6\u011frencilerin sundu\u011fu g\u00f6steriler, vatanda\u015flar\u0131n b\u00fcy\u00fck be\u011fenisini toplad\u0131.<div class=\"tiled-gallery type-rectangular tiled-gallery-unresized\" data-original-width=\"500\" data-carousel-extra='null' itemscope itemtype=\"http:\/\/schema.org\/ImageGallery\" > <div class=\"gallery-row\" style=\"width: 500px; height: 228px;\" data-original-width=\"500\" data-original-height=\"228\" > <div class=\"gallery-group images-1\" style=\"width: 340px; height: 228px;\" data-original-width=\"340\" data-original-height=\"228\" > <div class=\"tiled-gallery-item tiled-gallery-item-large\" itemprop=\"associatedMedia\" itemscope itemtype=\"http:\/\/schema.org\/ImageObject\"> <a href=\"http:\/\/www.tvturk.com\/index.php\/antalyanin-fethinin-812nci-yili-coskuyla-kutlandi\/antalyanin-fethinin-812nci-yili-coskuyla-kutlandi-3\/\" border=\"0\" itemprop=\"url\"> <meta itemprop=\"width\" content=\"336\"> <meta itemprop=\"height\" content=\"224\"> <img decoding=\"async\" class=\"\" data-attachment-id=\"68862\" data-orig-file=\"http:\/\/www.tvturk.com\/wp-content\/uploads\/2019\/03\/antalyanin-fethinin-812nci-yili-coskuyla-kutlandi_c96e4c3.jpg\" data-orig-size=\"1000,666\" data-comments-opened=\"\" data-image-meta=\"{&quot;aperture&quot;:&quot;0&quot;,&quot;credit&quot;:&quot;IHA&quot;,&quot;camera&quot;:&quot;&quot;,&quot;caption&quot;:&quot;ANTALYA\\u2019NIN FETH\\u0130N\\u0130N 812\\u0027NC\\u0130 YILININ KUTLAMALARINDA GER\\u00c7EKLE\\u015eT\\u0130R\\u0130LEN FET\\u0130H Y\\u00dcR\\u00dcY\\u00dc\\u015e\\u00dc YO\\u011eUN KATILIMLA GER\\u00c7EKLE\\u015eT\\u0130. Y\\u00dcR\\u00dcY\\u00dc\\u015eLERE BU YIL KATILAN \\u0027D\\u0130R\\u0130L\\u0130\\u015e ERTU\\u011eRUL\\u0027 D\\u0130Z\\u0130S\\u0130N\\u0130N BA\\u015eROL\\u00dcN\\u00dc OYNADI\\u011eI ENG\\u0130N ALTAN D\\u00dcZYATAN\\u2019A \\u0130LG\\u0130 OLDUK\\u00c7A B\\u00dcY\\u00dcK OLDU. (MUSTAFA B\\u00dcRGE - SUAT MET\\u0130N\\\/ANTALYA-\\u0130HA)&quot;,&quot;created_timestamp&quot;:&quot;0&quot;,&quot;copyright&quot;:&quot;\\u0130HLAS HABER AJANSI, www.iha.com.tr&quot;,&quot;focal_length&quot;:&quot;0&quot;,&quot;iso&quot;:&quot;0&quot;,&quot;shutter_speed&quot;:&quot;0&quot;,&quot;title&quot;:&quot;ANTALYA\\u2019NIN FETH\\u0130N\\u0130N 812\\u2019NC\\u0130 YILI CO\\u015eKUYLA KUTLANDI KUTLAMALARA KATILAN \\u0027D\\u0130R\\u0130L\\u0130\\u015e ERTU\\u011eRUL\\u0027 D\\u0130Z\\u0130S\\u0130N\\u0130N BA\\u015eROL\\u00dcN\\u00dc OYNADI\\u011eI ENG\\u0130N ALTAN D\\u00dcZYATAN\\u2019I G\\u00d6RMEK \\u0130\\u00c7\\u0130N VATANDA\\u015eLAR ADETA YARI\\u015eTI&quot;,&quot;orientation&quot;:&quot;0&quot;}\" data-image-title=\"Antalya\u2019n\u0131n fethinin 812\u2019nci y\u0131l\u0131 co\u015fkuyla kutland\u0131\" data-image-description=\"&lt;p&gt;Antalya\u2019n\u0131n fethinin 812\u2019nci y\u0131l\u0131 co\u015fkuyla kutland\u0131&lt;\/p&gt; \" data-medium-file=\"https:\/\/i0.wp.com\/www.tvturk.com\/wp-content\/uploads\/2019\/03\/antalyanin-fethinin-812nci-yili-coskuyla-kutlandi_c96e4c3.jpg?fit=300%2C200\" data-large-file=\"https:\/\/i0.wp.com\/www.tvturk.com\/wp-content\/uploads\/2019\/03\/antalyanin-fethinin-812nci-yili-coskuyla-kutlandi_c96e4c3.jpg?fit=1000%2C666\" src=\"https:\/\/i0.wp.com\/www.tvturk.com\/wp-content\/uploads\/2019\/03\/antalyanin-fethinin-812nci-yili-coskuyla-kutlandi_c96e4c3.jpg?w=336&#038;h=224\" srcset=\"https:\/\/i0.wp.com\/www.tvturk.com\/wp-content\/uploads\/2019\/03\/antalyanin-fethinin-812nci-yili-coskuyla-kutlandi_c96e4c3.jpg?w=1000 1000w, https:\/\/i0.wp.com\/www.tvturk.com\/wp-content\/uploads\/2019\/03\/antalyanin-fethinin-812nci-yili-coskuyla-kutlandi_c96e4c3.jpg?resize=150%2C100 150w, https:\/\/i0.wp.com\/www.tvturk.com\/wp-content\/uploads\/2019\/03\/antalyanin-fethinin-812nci-yili-coskuyla-kutlandi_c96e4c3.jpg?resize=300%2C200 300w, https:\/\/i0.wp.com\/www.tvturk.com\/wp-content\/uploads\/2019\/03\/antalyanin-fethinin-812nci-yili-coskuyla-kutlandi_c96e4c3.jpg?resize=768%2C511 768w, https:\/\/i0.wp.com\/www.tvturk.com\/wp-content\/uploads\/2019\/03\/antalyanin-fethinin-812nci-yili-coskuyla-kutlandi_c96e4c3.jpg?resize=170%2C113 170w, https:\/\/i0.wp.com\/www.tvturk.com\/wp-content\/uploads\/2019\/03\/antalyanin-fethinin-812nci-yili-coskuyla-kutlandi_c96e4c3.jpg?resize=120%2C80 120w\" width=\"336\" height=\"224\" loading=\"lazy\" data-original-width=\"336\" data-original-height=\"224\" itemprop=\"http:\/\/schema.org\/image\" title=\"Antalya\u2019n\u0131n fethinin 812\u2019nci y\u0131l\u0131 co\u015fkuyla kutland\u0131\" alt=\"Antalya\u2019n\u0131n fethinin 812\u2019nci y\u0131l\u0131 co\u015fkuyla kutland\u0131\" style=\"width: 336px; height: 224px;\" \/> <\/a> <\/div> <\/div> <!-- close group --> <div class=\"gallery-group images-2\" style=\"width: 160px; height: 228px;\" data-original-width=\"160\" data-original-height=\"228\" > <div class=\"tiled-gallery-item tiled-gallery-item-small\" itemprop=\"associatedMedia\" itemscope itemtype=\"http:\/\/schema.org\/ImageObject\"> <a href=\"http:\/\/www.tvturk.com\/index.php\/antalyanin-fethinin-812nci-yili-coskuyla-kutlandi\/antalyanin-fethinin-812nci-yili-coskuyla-kutlandi-4\/\" border=\"0\" itemprop=\"url\"> <meta itemprop=\"width\" content=\"156\"> <meta itemprop=\"height\" content=\"104\"> <img decoding=\"async\" class=\"\" data-attachment-id=\"68863\" data-orig-file=\"http:\/\/www.tvturk.com\/wp-content\/uploads\/2019\/03\/antalyanin-fethinin-812nci-yili-coskuyla-kutlandi_49d808e.jpg\" data-orig-size=\"1000,666\" data-comments-opened=\"\" data-image-meta=\"{&quot;aperture&quot;:&quot;0&quot;,&quot;credit&quot;:&quot;IHA&quot;,&quot;camera&quot;:&quot;&quot;,&quot;caption&quot;:&quot;ANTALYA\\u2019NIN FETH\\u0130N\\u0130N 812\\u0027NC\\u0130 YILININ KUTLAMALARINDA GER\\u00c7EKLE\\u015eT\\u0130R\\u0130LEN FET\\u0130H Y\\u00dcR\\u00dcY\\u00dc\\u015e\\u00dc YO\\u011eUN KATILIMLA GER\\u00c7EKLE\\u015eT\\u0130. Y\\u00dcR\\u00dcY\\u00dc\\u015eLERE BU YIL KATILAN \\u0027D\\u0130R\\u0130L\\u0130\\u015e ERTU\\u011eRUL\\u0027 D\\u0130Z\\u0130S\\u0130N\\u0130N BA\\u015eROL\\u00dcN\\u00dc OYNADI\\u011eI ENG\\u0130N ALTAN D\\u00dcZYATAN\\u2019A \\u0130LG\\u0130 OLDUK\\u00c7A B\\u00dcY\\u00dcK OLDU. (MUSTAFA B\\u00dcRGE - SUAT MET\\u0130N\\\/ANTALYA-\\u0130HA)&quot;,&quot;created_timestamp&quot;:&quot;0&quot;,&quot;copyright&quot;:&quot;\\u0130HLAS HABER AJANSI, www.iha.com.tr&quot;,&quot;focal_length&quot;:&quot;0&quot;,&quot;iso&quot;:&quot;0&quot;,&quot;shutter_speed&quot;:&quot;0&quot;,&quot;title&quot;:&quot;ANTALYA\\u2019NIN FETH\\u0130N\\u0130N 812\\u2019NC\\u0130 YILI CO\\u015eKUYLA KUTLANDI KUTLAMALARA KATILAN \\u0027D\\u0130R\\u0130L\\u0130\\u015e ERTU\\u011eRUL\\u0027 D\\u0130Z\\u0130S\\u0130N\\u0130N BA\\u015eROL\\u00dcN\\u00dc OYNADI\\u011eI ENG\\u0130N ALTAN D\\u00dcZYATAN\\u2019I G\\u00d6RMEK \\u0130\\u00c7\\u0130N VATANDA\\u015eLAR ADETA YARI\\u015eTI&quot;,&quot;orientation&quot;:&quot;0&quot;}\" data-image-title=\"Antalya\u2019n\u0131n fethinin 812\u2019nci y\u0131l\u0131 co\u015fkuyla kutland\u0131\" data-image-description=\"&lt;p&gt;Antalya\u2019n\u0131n fethinin 812\u2019nci y\u0131l\u0131 co\u015fkuyla kutland\u0131&lt;\/p&gt; \" data-medium-file=\"https:\/\/i0.wp.com\/www.tvturk.com\/wp-content\/uploads\/2019\/03\/antalyanin-fethinin-812nci-yili-coskuyla-kutlandi_49d808e.jpg?fit=300%2C200\" data-large-file=\"https:\/\/i0.wp.com\/www.tvturk.com\/wp-content\/uploads\/2019\/03\/antalyanin-fethinin-812nci-yili-coskuyla-kutlandi_49d808e.jpg?fit=1000%2C666\" src=\"https:\/\/i0.wp.com\/www.tvturk.com\/wp-content\/uploads\/2019\/03\/antalyanin-fethinin-812nci-yili-coskuyla-kutlandi_49d808e.jpg?w=156&#038;h=104\" srcset=\"https:\/\/i0.wp.com\/www.tvturk.com\/wp-content\/uploads\/2019\/03\/antalyanin-fethinin-812nci-yili-coskuyla-kutlandi_49d808e.jpg?w=1000 1000w, https:\/\/i0.wp.com\/www.tvturk.com\/wp-content\/uploads\/2019\/03\/antalyanin-fethinin-812nci-yili-coskuyla-kutlandi_49d808e.jpg?resize=150%2C100 150w, https:\/\/i0.wp.com\/www.tvturk.com\/wp-content\/uploads\/2019\/03\/antalyanin-fethinin-812nci-yili-coskuyla-kutlandi_49d808e.jpg?resize=300%2C200 300w, https:\/\/i0.wp.com\/www.tvturk.com\/wp-content\/uploads\/2019\/03\/antalyanin-fethinin-812nci-yili-coskuyla-kutlandi_49d808e.jpg?resize=768%2C511 768w, https:\/\/i0.wp.com\/www.tvturk.com\/wp-content\/uploads\/2019\/03\/antalyanin-fethinin-812nci-yili-coskuyla-kutlandi_49d808e.jpg?resize=170%2C113 170w, https:\/\/i0.wp.com\/www.tvturk.com\/wp-content\/uploads\/2019\/03\/antalyanin-fethinin-812nci-yili-coskuyla-kutlandi_49d808e.jpg?resize=120%2C80 120w\" width=\"156\" height=\"104\" loading=\"lazy\" data-original-width=\"156\" data-original-height=\"104\" itemprop=\"http:\/\/schema.org\/image\" title=\"Antalya\u2019n\u0131n fethinin 812\u2019nci y\u0131l\u0131 co\u015fkuyla kutland\u0131\" alt=\"Antalya\u2019n\u0131n fethinin 812\u2019nci y\u0131l\u0131 co\u015fkuyla kutland\u0131\" style=\"width: 156px; height: 104px;\" \/> <\/a> <\/div> <div class=\"tiled-gallery-item tiled-gallery-item-small\" itemprop=\"associatedMedia\" itemscope itemtype=\"http:\/\/schema.org\/ImageObject\"> <a href=\"http:\/\/www.tvturk.com\/index.php\/antalyanin-fethinin-812nci-yili-coskuyla-kutlandi\/antalyanin-fethinin-812nci-yili-coskuyla-kutlandi-5\/\" border=\"0\" itemprop=\"url\"> <meta itemprop=\"width\" content=\"156\"> <meta itemprop=\"height\" content=\"116\"> <img decoding=\"async\" class=\"\" data-attachment-id=\"68864\" data-orig-file=\"http:\/\/www.tvturk.com\/wp-content\/uploads\/2019\/03\/antalyanin-fethinin-812nci-yili-coskuyla-kutlandi_e31dac8.jpg\" data-orig-size=\"1000,743\" data-comments-opened=\"\" data-image-meta=\"{&quot;aperture&quot;:&quot;0&quot;,&quot;credit&quot;:&quot;IHA&quot;,&quot;camera&quot;:&quot;&quot;,&quot;caption&quot;:&quot;ANTALYA\\u2019NIN FETH\\u0130N\\u0130N 812\\u0027NC\\u0130 YILININ KUTLAMALARINDA GER\\u00c7EKLE\\u015eT\\u0130R\\u0130LEN FET\\u0130H Y\\u00dcR\\u00dcY\\u00dc\\u015e\\u00dc YO\\u011eUN KATILIMLA GER\\u00c7EKLE\\u015eT\\u0130. (MUSTAFA B\\u00dcRGE - SUAT MET\\u0130N\\\/ANTALYA-\\u0130HA)&quot;,&quot;created_timestamp&quot;:&quot;0&quot;,&quot;copyright&quot;:&quot;\\u0130HLAS HABER AJANSI, www.iha.com.tr&quot;,&quot;focal_length&quot;:&quot;0&quot;,&quot;iso&quot;:&quot;0&quot;,&quot;shutter_speed&quot;:&quot;0&quot;,&quot;title&quot;:&quot;ANTALYA\\u2019NIN FETH\\u0130N\\u0130N 812\\u2019NC\\u0130 YILI CO\\u015eKUYLA KUTLANDI KUTLAMALARA KATILAN \\u0027D\\u0130R\\u0130L\\u0130\\u015e ERTU\\u011eRUL\\u0027 D\\u0130Z\\u0130S\\u0130N\\u0130N BA\\u015eROL\\u00dcN\\u00dc OYNADI\\u011eI ENG\\u0130N ALTAN D\\u00dcZYATAN\\u2019I G\\u00d6RMEK \\u0130\\u00c7\\u0130N VATANDA\\u015eLAR ADETA YARI\\u015eTI&quot;,&quot;orientation&quot;:&quot;0&quot;}\" data-image-title=\"Antalya\u2019n\u0131n fethinin 812\u2019nci y\u0131l\u0131 co\u015fkuyla kutland\u0131\" data-image-description=\"&lt;p&gt;Antalya\u2019n\u0131n fethinin 812\u2019nci y\u0131l\u0131 co\u015fkuyla kutland\u0131&lt;\/p&gt; \" data-medium-file=\"https:\/\/i0.wp.com\/www.tvturk.com\/wp-content\/uploads\/2019\/03\/antalyanin-fethinin-812nci-yili-coskuyla-kutlandi_e31dac8.jpg?fit=300%2C223\" data-large-file=\"https:\/\/i0.wp.com\/www.tvturk.com\/wp-content\/uploads\/2019\/03\/antalyanin-fethinin-812nci-yili-coskuyla-kutlandi_e31dac8.jpg?fit=1000%2C743\" src=\"https:\/\/i0.wp.com\/www.tvturk.com\/wp-content\/uploads\/2019\/03\/antalyanin-fethinin-812nci-yili-coskuyla-kutlandi_e31dac8.jpg?w=156&#038;h=116\" srcset=\"https:\/\/i0.wp.com\/www.tvturk.com\/wp-content\/uploads\/2019\/03\/antalyanin-fethinin-812nci-yili-coskuyla-kutlandi_e31dac8.jpg?w=1000 1000w, https:\/\/i0.wp.com\/www.tvturk.com\/wp-content\/uploads\/2019\/03\/antalyanin-fethinin-812nci-yili-coskuyla-kutlandi_e31dac8.jpg?resize=150%2C111 150w, https:\/\/i0.wp.com\/www.tvturk.com\/wp-content\/uploads\/2019\/03\/antalyanin-fethinin-812nci-yili-coskuyla-kutlandi_e31dac8.jpg?resize=300%2C223 300w, https:\/\/i0.wp.com\/www.tvturk.com\/wp-content\/uploads\/2019\/03\/antalyanin-fethinin-812nci-yili-coskuyla-kutlandi_e31dac8.jpg?resize=768%2C571 768w\" width=\"156\" height=\"116\" loading=\"lazy\" data-original-width=\"156\" data-original-height=\"116\" itemprop=\"http:\/\/schema.org\/image\" title=\"Antalya\u2019n\u0131n fethinin 812\u2019nci y\u0131l\u0131 co\u015fkuyla kutland\u0131\" alt=\"Antalya\u2019n\u0131n fethinin 812\u2019nci y\u0131l\u0131 co\u015fkuyla kutland\u0131\" style=\"width: 156px; height: 116px;\" \/> <\/a> <\/div> <\/div> <!-- close group --> <\/div> <!-- close row --> <div class=\"gallery-row\" style=\"width: 500px; height: 112px;\" data-original-width=\"500\" data-original-height=\"112\" > <div class=\"gallery-group images-1\" style=\"width: 167px; height: 112px;\" data-original-width=\"167\" data-original-height=\"112\" > <div class=\"tiled-gallery-item tiled-gallery-item-small\" itemprop=\"associatedMedia\" itemscope itemtype=\"http:\/\/schema.org\/ImageObject\"> <a href=\"http:\/\/www.tvturk.com\/index.php\/antalyanin-fethinin-812nci-yili-coskuyla-kutlandi\/antalyanin-fethinin-812nci-yili-coskuyla-kutlandi-6\/\" border=\"0\" itemprop=\"url\"> <meta itemprop=\"width\" content=\"163\"> <meta itemprop=\"height\" content=\"108\"> <img decoding=\"async\" class=\"\" data-attachment-id=\"68865\" data-orig-file=\"http:\/\/www.tvturk.com\/wp-content\/uploads\/2019\/03\/antalyanin-fethinin-812nci-yili-coskuyla-kutlandi_0a250ab.jpg\" data-orig-size=\"1000,666\" data-comments-opened=\"\" data-image-meta=\"{&quot;aperture&quot;:&quot;0&quot;,&quot;credit&quot;:&quot;IHA&quot;,&quot;camera&quot;:&quot;&quot;,&quot;caption&quot;:&quot;ANTALYA\\u2019NIN FETH\\u0130N\\u0130N 812\\u0027NC\\u0130 YILININ KUTLAMALARINDA GER\\u00c7EKLE\\u015eT\\u0130R\\u0130LEN FET\\u0130H Y\\u00dcR\\u00dcY\\u00dc\\u015e\\u00dc YO\\u011eUN KATILIMLA GER\\u00c7EKLE\\u015eT\\u0130. (MUSTAFA B\\u00dcRGE - SUAT MET\\u0130N\\\/ANTALYA-\\u0130HA)&quot;,&quot;created_timestamp&quot;:&quot;0&quot;,&quot;copyright&quot;:&quot;\\u0130HLAS HABER AJANSI, www.iha.com.tr&quot;,&quot;focal_length&quot;:&quot;0&quot;,&quot;iso&quot;:&quot;0&quot;,&quot;shutter_speed&quot;:&quot;0&quot;,&quot;title&quot;:&quot;ANTALYA\\u2019NIN FETH\\u0130N\\u0130N 812\\u2019NC\\u0130 YILI CO\\u015eKUYLA KUTLANDI KUTLAMALARA KATILAN \\u0027D\\u0130R\\u0130L\\u0130\\u015e ERTU\\u011eRUL\\u0027 D\\u0130Z\\u0130S\\u0130N\\u0130N BA\\u015eROL\\u00dcN\\u00dc OYNADI\\u011eI ENG\\u0130N ALTAN D\\u00dcZYATAN\\u2019I G\\u00d6RMEK \\u0130\\u00c7\\u0130N VATANDA\\u015eLAR ADETA YARI\\u015eTI&quot;,&quot;orientation&quot;:&quot;0&quot;}\" data-image-title=\"Antalya\u2019n\u0131n fethinin 812\u2019nci y\u0131l\u0131 co\u015fkuyla kutland\u0131\" data-image-description=\"&lt;p&gt;Antalya\u2019n\u0131n fethinin 812\u2019nci y\u0131l\u0131 co\u015fkuyla kutland\u0131&lt;\/p&gt; \" data-medium-file=\"https:\/\/i0.wp.com\/www.tvturk.com\/wp-content\/uploads\/2019\/03\/antalyanin-fethinin-812nci-yili-coskuyla-kutlandi_0a250ab.jpg?fit=300%2C200\" data-large-file=\"https:\/\/i0.wp.com\/www.tvturk.com\/wp-content\/uploads\/2019\/03\/antalyanin-fethinin-812nci-yili-coskuyla-kutlandi_0a250ab.jpg?fit=1000%2C666\" src=\"https:\/\/i0.wp.com\/www.tvturk.com\/wp-content\/uploads\/2019\/03\/antalyanin-fethinin-812nci-yili-coskuyla-kutlandi_0a250ab.jpg?w=163&#038;h=108\" srcset=\"https:\/\/i0.wp.com\/www.tvturk.com\/wp-content\/uploads\/2019\/03\/antalyanin-fethinin-812nci-yili-coskuyla-kutlandi_0a250ab.jpg?w=1000 1000w, https:\/\/i0.wp.com\/www.tvturk.com\/wp-content\/uploads\/2019\/03\/antalyanin-fethinin-812nci-yili-coskuyla-kutlandi_0a250ab.jpg?resize=150%2C100 150w, https:\/\/i0.wp.com\/www.tvturk.com\/wp-content\/uploads\/2019\/03\/antalyanin-fethinin-812nci-yili-coskuyla-kutlandi_0a250ab.jpg?resize=300%2C200 300w, https:\/\/i0.wp.com\/www.tvturk.com\/wp-content\/uploads\/2019\/03\/antalyanin-fethinin-812nci-yili-coskuyla-kutlandi_0a250ab.jpg?resize=768%2C511 768w, https:\/\/i0.wp.com\/www.tvturk.com\/wp-content\/uploads\/2019\/03\/antalyanin-fethinin-812nci-yili-coskuyla-kutlandi_0a250ab.jpg?resize=170%2C113 170w, https:\/\/i0.wp.com\/www.tvturk.com\/wp-content\/uploads\/2019\/03\/antalyanin-fethinin-812nci-yili-coskuyla-kutlandi_0a250ab.jpg?resize=120%2C80 120w\" width=\"163\" height=\"108\" loading=\"lazy\" data-original-width=\"163\" data-original-height=\"108\" itemprop=\"http:\/\/schema.org\/image\" title=\"Antalya\u2019n\u0131n fethinin 812\u2019nci y\u0131l\u0131 co\u015fkuyla kutland\u0131\" alt=\"Antalya\u2019n\u0131n fethinin 812\u2019nci y\u0131l\u0131 co\u015fkuyla kutland\u0131\" style=\"width: 163px; height: 108px;\" \/> <\/a> <\/div> <\/div> <!-- close group --> <div class=\"gallery-group images-1\" style=\"width: 167px; height: 112px;\" data-original-width=\"167\" data-original-height=\"112\" > <div class=\"tiled-gallery-item tiled-gallery-item-small\" itemprop=\"associatedMedia\" itemscope itemtype=\"http:\/\/schema.org\/ImageObject\"> <a href=\"http:\/\/www.tvturk.com\/index.php\/antalyanin-fethinin-812nci-yili-coskuyla-kutlandi\/antalyanin-fethinin-812nci-yili-coskuyla-kutlandi-7\/\" border=\"0\" itemprop=\"url\"> <meta itemprop=\"width\" content=\"163\"> <meta itemprop=\"height\" content=\"108\"> <img decoding=\"async\" class=\"\" data-attachment-id=\"68866\" data-orig-file=\"http:\/\/www.tvturk.com\/wp-content\/uploads\/2019\/03\/antalyanin-fethinin-812nci-yili-coskuyla-kutlandi_01f834f.jpg\" data-orig-size=\"1000,666\" data-comments-opened=\"\" data-image-meta=\"{&quot;aperture&quot;:&quot;0&quot;,&quot;credit&quot;:&quot;IHA&quot;,&quot;camera&quot;:&quot;&quot;,&quot;caption&quot;:&quot;ANTALYA\\u2019NIN FETH\\u0130N\\u0130N 812\\u0027NC\\u0130 YILININ KUTLAMALARINDA GER\\u00c7EKLE\\u015eT\\u0130R\\u0130LEN FET\\u0130H Y\\u00dcR\\u00dcY\\u00dc\\u015e\\u00dc YO\\u011eUN KATILIMLA GER\\u00c7EKLE\\u015eT\\u0130. (MUSTAFA B\\u00dcRGE - SUAT MET\\u0130N\\\/ANTALYA-\\u0130HA)&quot;,&quot;created_timestamp&quot;:&quot;0&quot;,&quot;copyright&quot;:&quot;\\u0130HLAS HABER AJANSI, www.iha.com.tr&quot;,&quot;focal_length&quot;:&quot;0&quot;,&quot;iso&quot;:&quot;0&quot;,&quot;shutter_speed&quot;:&quot;0&quot;,&quot;title&quot;:&quot;ANTALYA\\u2019NIN FETH\\u0130N\\u0130N 812\\u2019NC\\u0130 YILI CO\\u015eKUYLA KUTLANDI KUTLAMALARA KATILAN \\u0027D\\u0130R\\u0130L\\u0130\\u015e ERTU\\u011eRUL\\u0027 D\\u0130Z\\u0130S\\u0130N\\u0130N BA\\u015eROL\\u00dcN\\u00dc OYNADI\\u011eI ENG\\u0130N ALTAN D\\u00dcZYATAN\\u2019I G\\u00d6RMEK \\u0130\\u00c7\\u0130N VATANDA\\u015eLAR ADETA YARI\\u015eTI&quot;,&quot;orientation&quot;:&quot;0&quot;}\" data-image-title=\"Antalya\u2019n\u0131n fethinin 812\u2019nci y\u0131l\u0131 co\u015fkuyla kutland\u0131\" data-image-description=\"&lt;p&gt;Antalya\u2019n\u0131n fethinin 812\u2019nci y\u0131l\u0131 co\u015fkuyla kutland\u0131&lt;\/p&gt; \" data-medium-file=\"https:\/\/i0.wp.com\/www.tvturk.com\/wp-content\/uploads\/2019\/03\/antalyanin-fethinin-812nci-yili-coskuyla-kutlandi_01f834f.jpg?fit=300%2C200\" data-large-file=\"https:\/\/i0.wp.com\/www.tvturk.com\/wp-content\/uploads\/2019\/03\/antalyanin-fethinin-812nci-yili-coskuyla-kutlandi_01f834f.jpg?fit=1000%2C666\" src=\"https:\/\/i0.wp.com\/www.tvturk.com\/wp-content\/uploads\/2019\/03\/antalyanin-fethinin-812nci-yili-coskuyla-kutlandi_01f834f.jpg?w=163&#038;h=108\" srcset=\"https:\/\/i0.wp.com\/www.tvturk.com\/wp-content\/uploads\/2019\/03\/antalyanin-fethinin-812nci-yili-coskuyla-kutlandi_01f834f.jpg?w=1000 1000w, https:\/\/i0.wp.com\/www.tvturk.com\/wp-content\/uploads\/2019\/03\/antalyanin-fethinin-812nci-yili-coskuyla-kutlandi_01f834f.jpg?resize=150%2C100 150w, https:\/\/i0.wp.com\/www.tvturk.com\/wp-content\/uploads\/2019\/03\/antalyanin-fethinin-812nci-yili-coskuyla-kutlandi_01f834f.jpg?resize=300%2C200 300w, https:\/\/i0.wp.com\/www.tvturk.com\/wp-content\/uploads\/2019\/03\/antalyanin-fethinin-812nci-yili-coskuyla-kutlandi_01f834f.jpg?resize=768%2C511 768w, https:\/\/i0.wp.com\/www.tvturk.com\/wp-content\/uploads\/2019\/03\/antalyanin-fethinin-812nci-yili-coskuyla-kutlandi_01f834f.jpg?resize=170%2C113 170w, https:\/\/i0.wp.com\/www.tvturk.com\/wp-content\/uploads\/2019\/03\/antalyanin-fethinin-812nci-yili-coskuyla-kutlandi_01f834f.jpg?resize=120%2C80 120w\" width=\"163\" height=\"108\" loading=\"lazy\" data-original-width=\"163\" data-original-height=\"108\" itemprop=\"http:\/\/schema.org\/image\" title=\"Antalya\u2019n\u0131n fethinin 812\u2019nci y\u0131l\u0131 co\u015fkuyla kutland\u0131\" alt=\"Antalya\u2019n\u0131n fethinin 812\u2019nci y\u0131l\u0131 co\u015fkuyla kutland\u0131\" style=\"width: 163px; height: 108px;\" \/> <\/a> <\/div> <\/div> <!-- close group --> <div class=\"gallery-group images-1\" style=\"width: 166px; height: 112px;\" data-original-width=\"166\" data-original-height=\"112\" > <div class=\"tiled-gallery-item tiled-gallery-item-small\" itemprop=\"associatedMedia\" itemscope itemtype=\"http:\/\/schema.org\/ImageObject\"> <a href=\"http:\/\/www.tvturk.com\/index.php\/antalyanin-fethinin-812nci-yili-coskuyla-kutlandi\/antalyanin-fethinin-812nci-yili-coskuyla-kutlandi-8\/\" border=\"0\" itemprop=\"url\"> <meta itemprop=\"width\" content=\"162\"> <meta itemprop=\"height\" content=\"108\"> <img decoding=\"async\" class=\"\" data-attachment-id=\"68867\" data-orig-file=\"http:\/\/www.tvturk.com\/wp-content\/uploads\/2019\/03\/antalyanin-fethinin-812nci-yili-coskuyla-kutlandi_af64350.jpg\" data-orig-size=\"1000,666\" data-comments-opened=\"\" data-image-meta=\"{&quot;aperture&quot;:&quot;0&quot;,&quot;credit&quot;:&quot;IHA&quot;,&quot;camera&quot;:&quot;&quot;,&quot;caption&quot;:&quot;ANTALYA\\u2019NIN FETH\\u0130N\\u0130N 812\\u0027NC\\u0130 YILININ KUTLAMALARINDA GER\\u00c7EKLE\\u015eT\\u0130R\\u0130LEN FET\\u0130H Y\\u00dcR\\u00dcY\\u00dc\\u015e\\u00dc YO\\u011eUN KATILIMLA GER\\u00c7EKLE\\u015eT\\u0130. Y\\u00dcR\\u00dcY\\u00dc\\u015eLERE BU YIL KATILAN \\u0027D\\u0130R\\u0130L\\u0130\\u015e ERTU\\u011eRUL\\u0027 D\\u0130Z\\u0130S\\u0130N\\u0130N BA\\u015eROL\\u00dcN\\u00dc OYNADI\\u011eI ENG\\u0130N ALTAN D\\u00dcZYATAN\\u2019A \\u0130LG\\u0130 OLDUK\\u00c7A B\\u00dcY\\u00dcK OLDU. (MUSTAFA B\\u00dcRGE - SUAT MET\\u0130N\\\/ANTALYA-\\u0130HA)&quot;,&quot;created_timestamp&quot;:&quot;0&quot;,&quot;copyright&quot;:&quot;\\u0130HLAS HABER AJANSI, www.iha.com.tr&quot;,&quot;focal_length&quot;:&quot;0&quot;,&quot;iso&quot;:&quot;0&quot;,&quot;shutter_speed&quot;:&quot;0&quot;,&quot;title&quot;:&quot;ANTALYA\\u2019NIN FETH\\u0130N\\u0130N 812\\u2019NC\\u0130 YILI CO\\u015eKUYLA KUTLANDI KUTLAMALARA KATILAN \\u0027D\\u0130R\\u0130L\\u0130\\u015e ERTU\\u011eRUL\\u0027 D\\u0130Z\\u0130S\\u0130N\\u0130N BA\\u015eROL\\u00dcN\\u00dc OYNADI\\u011eI ENG\\u0130N ALTAN D\\u00dcZYATAN\\u2019I G\\u00d6RMEK \\u0130\\u00c7\\u0130N VATANDA\\u015eLAR ADETA YARI\\u015eTI&quot;,&quot;orientation&quot;:&quot;0&quot;}\" data-image-title=\"Antalya\u2019n\u0131n fethinin 812\u2019nci y\u0131l\u0131 co\u015fkuyla kutland\u0131\" data-image-description=\"&lt;p&gt;Antalya\u2019n\u0131n fethinin 812\u2019nci y\u0131l\u0131 co\u015fkuyla kutland\u0131&lt;\/p&gt; \" data-medium-file=\"https:\/\/i0.wp.com\/www.tvturk.com\/wp-content\/uploads\/2019\/03\/antalyanin-fethinin-812nci-yili-coskuyla-kutlandi_af64350.jpg?fit=300%2C200\" data-large-file=\"https:\/\/i0.wp.com\/www.tvturk.com\/wp-content\/uploads\/2019\/03\/antalyanin-fethinin-812nci-yili-coskuyla-kutlandi_af64350.jpg?fit=1000%2C666\" src=\"https:\/\/i0.wp.com\/www.tvturk.com\/wp-content\/uploads\/2019\/03\/antalyanin-fethinin-812nci-yili-coskuyla-kutlandi_af64350.jpg?w=162&#038;h=108\" srcset=\"https:\/\/i0.wp.com\/www.tvturk.com\/wp-content\/uploads\/2019\/03\/antalyanin-fethinin-812nci-yili-coskuyla-kutlandi_af64350.jpg?w=1000 1000w, https:\/\/i0.wp.com\/www.tvturk.com\/wp-content\/uploads\/2019\/03\/antalyanin-fethinin-812nci-yili-coskuyla-kutlandi_af64350.jpg?resize=150%2C100 150w, https:\/\/i0.wp.com\/www.tvturk.com\/wp-content\/uploads\/2019\/03\/antalyanin-fethinin-812nci-yili-coskuyla-kutlandi_af64350.jpg?resize=300%2C200 300w, https:\/\/i0.wp.com\/www.tvturk.com\/wp-content\/uploads\/2019\/03\/antalyanin-fethinin-812nci-yili-coskuyla-kutlandi_af64350.jpg?resize=768%2C511 768w, https:\/\/i0.wp.com\/www.tvturk.com\/wp-content\/uploads\/2019\/03\/antalyanin-fethinin-812nci-yili-coskuyla-kutlandi_af64350.jpg?resize=170%2C113 170w, https:\/\/i0.wp.com\/www.tvturk.com\/wp-content\/uploads\/2019\/03\/antalyanin-fethinin-812nci-yili-coskuyla-kutlandi_af64350.jpg?resize=120%2C80 120w\" width=\"162\" height=\"108\" loading=\"lazy\" data-original-width=\"162\" data-original-height=\"108\" itemprop=\"http:\/\/schema.org\/image\" title=\"Antalya\u2019n\u0131n fethinin 812\u2019nci y\u0131l\u0131 co\u015fkuyla kutland\u0131\" alt=\"Antalya\u2019n\u0131n fethinin 812\u2019nci y\u0131l\u0131 co\u015fkuyla kutland\u0131\" style=\"width: 162px; height: 108px;\" \/> <\/a> <\/div> <\/div> <!-- close group --> <\/div> <!-- close row --> <div class=\"gallery-row\" style=\"width: 500px; height: 233px;\" data-original-width=\"500\" data-original-height=\"233\" > <div class=\"gallery-group images-2\" style=\"width: 173px; height: 233px;\" data-original-width=\"173\" data-original-height=\"233\" > <div class=\"tiled-gallery-item tiled-gallery-item-small\" itemprop=\"associatedMedia\" itemscope itemtype=\"http:\/\/schema.org\/ImageObject\"> <a href=\"http:\/\/www.tvturk.com\/index.php\/antalyanin-fethinin-812nci-yili-coskuyla-kutlandi\/antalyanin-fethinin-812nci-yili-coskuyla-kutlandi-9\/\" border=\"0\" itemprop=\"url\"> <meta itemprop=\"width\" content=\"169\"> <meta itemprop=\"height\" content=\"113\"> <img decoding=\"async\" class=\"\" data-attachment-id=\"68868\" data-orig-file=\"http:\/\/www.tvturk.com\/wp-content\/uploads\/2019\/03\/antalyanin-fethinin-812nci-yili-coskuyla-kutlandi_1f73e9d.jpg\" data-orig-size=\"1000,666\" data-comments-opened=\"\" data-image-meta=\"{&quot;aperture&quot;:&quot;0&quot;,&quot;credit&quot;:&quot;IHA&quot;,&quot;camera&quot;:&quot;&quot;,&quot;caption&quot;:&quot;ANTALYA\\u2019NIN FETH\\u0130N\\u0130N 812\\u0027NC\\u0130 YILININ KUTLAMALARINDA GER\\u00c7EKLE\\u015eT\\u0130R\\u0130LEN FET\\u0130H Y\\u00dcR\\u00dcY\\u00dc\\u015e\\u00dc YO\\u011eUN KATILIMLA GER\\u00c7EKLE\\u015eT\\u0130. Y\\u00dcR\\u00dcY\\u00dc\\u015eLERE BU YIL KATILAN \\u0027D\\u0130R\\u0130L\\u0130\\u015e ERTU\\u011eRUL\\u0027 D\\u0130Z\\u0130S\\u0130N\\u0130N BA\\u015eROL\\u00dcN\\u00dc OYNADI\\u011eI ENG\\u0130N ALTAN D\\u00dcZYATAN\\u2019A \\u0130LG\\u0130 OLDUK\\u00c7A B\\u00dcY\\u00dcK OLDU. (MUSTAFA B\\u00dcRGE - SUAT MET\\u0130N\\\/ANTALYA-\\u0130HA)&quot;,&quot;created_timestamp&quot;:&quot;0&quot;,&quot;copyright&quot;:&quot;\\u0130HLAS HABER AJANSI, www.iha.com.tr&quot;,&quot;focal_length&quot;:&quot;0&quot;,&quot;iso&quot;:&quot;0&quot;,&quot;shutter_speed&quot;:&quot;0&quot;,&quot;title&quot;:&quot;ANTALYA\\u2019NIN FETH\\u0130N\\u0130N 812\\u2019NC\\u0130 YILI CO\\u015eKUYLA KUTLANDI KUTLAMALARA KATILAN \\u0027D\\u0130R\\u0130L\\u0130\\u015e ERTU\\u011eRUL\\u0027 D\\u0130Z\\u0130S\\u0130N\\u0130N BA\\u015eROL\\u00dcN\\u00dc OYNADI\\u011eI ENG\\u0130N ALTAN D\\u00dcZYATAN\\u2019I G\\u00d6RMEK \\u0130\\u00c7\\u0130N VATANDA\\u015eLAR ADETA YARI\\u015eTI&quot;,&quot;orientation&quot;:&quot;0&quot;}\" data-image-title=\"Antalya\u2019n\u0131n fethinin 812\u2019nci y\u0131l\u0131 co\u015fkuyla kutland\u0131\" data-image-description=\"&lt;p&gt;Antalya\u2019n\u0131n fethinin 812\u2019nci y\u0131l\u0131 co\u015fkuyla kutland\u0131&lt;\/p&gt; \" data-medium-file=\"https:\/\/i0.wp.com\/www.tvturk.com\/wp-content\/uploads\/2019\/03\/antalyanin-fethinin-812nci-yili-coskuyla-kutlandi_1f73e9d.jpg?fit=300%2C200\" data-large-file=\"https:\/\/i0.wp.com\/www.tvturk.com\/wp-content\/uploads\/2019\/03\/antalyanin-fethinin-812nci-yili-coskuyla-kutlandi_1f73e9d.jpg?fit=1000%2C666\" src=\"https:\/\/i0.wp.com\/www.tvturk.com\/wp-content\/uploads\/2019\/03\/antalyanin-fethinin-812nci-yili-coskuyla-kutlandi_1f73e9d.jpg?w=169&#038;h=113\" srcset=\"https:\/\/i0.wp.com\/www.tvturk.com\/wp-content\/uploads\/2019\/03\/antalyanin-fethinin-812nci-yili-coskuyla-kutlandi_1f73e9d.jpg?w=1000 1000w, https:\/\/i0.wp.com\/www.tvturk.com\/wp-content\/uploads\/2019\/03\/antalyanin-fethinin-812nci-yili-coskuyla-kutlandi_1f73e9d.jpg?resize=150%2C100 150w, https:\/\/i0.wp.com\/www.tvturk.com\/wp-content\/uploads\/2019\/03\/antalyanin-fethinin-812nci-yili-coskuyla-kutlandi_1f73e9d.jpg?resize=300%2C200 300w, https:\/\/i0.wp.com\/www.tvturk.com\/wp-content\/uploads\/2019\/03\/antalyanin-fethinin-812nci-yili-coskuyla-kutlandi_1f73e9d.jpg?resize=768%2C511 768w, https:\/\/i0.wp.com\/www.tvturk.com\/wp-content\/uploads\/2019\/03\/antalyanin-fethinin-812nci-yili-coskuyla-kutlandi_1f73e9d.jpg?resize=170%2C113 170w, https:\/\/i0.wp.com\/www.tvturk.com\/wp-content\/uploads\/2019\/03\/antalyanin-fethinin-812nci-yili-coskuyla-kutlandi_1f73e9d.jpg?resize=120%2C80 120w\" width=\"169\" height=\"113\" loading=\"lazy\" data-original-width=\"169\" data-original-height=\"113\" itemprop=\"http:\/\/schema.org\/image\" title=\"Antalya\u2019n\u0131n fethinin 812\u2019nci y\u0131l\u0131 co\u015fkuyla kutland\u0131\" alt=\"Antalya\u2019n\u0131n fethinin 812\u2019nci y\u0131l\u0131 co\u015fkuyla kutland\u0131\" style=\"width: 169px; height: 113px;\" \/> <\/a> <\/div> <div class=\"tiled-gallery-item tiled-gallery-item-small\" itemprop=\"associatedMedia\" itemscope itemtype=\"http:\/\/schema.org\/ImageObject\"> <a href=\"http:\/\/www.tvturk.com\/index.php\/antalyanin-fethinin-812nci-yili-coskuyla-kutlandi\/antalyanin-fethinin-812nci-yili-coskuyla-kutlandi-10\/\" border=\"0\" itemprop=\"url\"> <meta itemprop=\"width\" content=\"169\"> <meta itemprop=\"height\" content=\"112\"> <img decoding=\"async\" class=\"\" data-attachment-id=\"68869\" data-orig-file=\"http:\/\/www.tvturk.com\/wp-content\/uploads\/2019\/03\/antalyanin-fethinin-812nci-yili-coskuyla-kutlandi_adad8bb.jpg\" data-orig-size=\"1000,666\" data-comments-opened=\"\" data-image-meta=\"{&quot;aperture&quot;:&quot;0&quot;,&quot;credit&quot;:&quot;IHA&quot;,&quot;camera&quot;:&quot;&quot;,&quot;caption&quot;:&quot;ANTALYA\\u2019NIN FETH\\u0130N\\u0130N 812\\u0027NC\\u0130 YILININ KUTLAMALARINDA GER\\u00c7EKLE\\u015eT\\u0130R\\u0130LEN FET\\u0130H Y\\u00dcR\\u00dcY\\u00dc\\u015e\\u00dc YO\\u011eUN KATILIMLA GER\\u00c7EKLE\\u015eT\\u0130. (MUSTAFA B\\u00dcRGE - SUAT MET\\u0130N\\\/ANTALYA-\\u0130HA)&quot;,&quot;created_timestamp&quot;:&quot;0&quot;,&quot;copyright&quot;:&quot;\\u0130HLAS HABER AJANSI, www.iha.com.tr&quot;,&quot;focal_length&quot;:&quot;0&quot;,&quot;iso&quot;:&quot;0&quot;,&quot;shutter_speed&quot;:&quot;0&quot;,&quot;title&quot;:&quot;ANTALYA\\u2019NIN FETH\\u0130N\\u0130N 812\\u2019NC\\u0130 YILI CO\\u015eKUYLA KUTLANDI KUTLAMALARA KATILAN \\u0027D\\u0130R\\u0130L\\u0130\\u015e ERTU\\u011eRUL\\u0027 D\\u0130Z\\u0130S\\u0130N\\u0130N BA\\u015eROL\\u00dcN\\u00dc OYNADI\\u011eI ENG\\u0130N ALTAN D\\u00dcZYATAN\\u2019I G\\u00d6RMEK \\u0130\\u00c7\\u0130N VATANDA\\u015eLAR ADETA YARI\\u015eTI&quot;,&quot;orientation&quot;:&quot;0&quot;}\" data-image-title=\"Antalya\u2019n\u0131n fethinin 812\u2019nci y\u0131l\u0131 co\u015fkuyla kutland\u0131\" data-image-description=\"&lt;p&gt;Antalya\u2019n\u0131n fethinin 812\u2019nci y\u0131l\u0131 co\u015fkuyla kutland\u0131&lt;\/p&gt; \" data-medium-file=\"https:\/\/i0.wp.com\/www.tvturk.com\/wp-content\/uploads\/2019\/03\/antalyanin-fethinin-812nci-yili-coskuyla-kutlandi_adad8bb.jpg?fit=300%2C200\" data-large-file=\"https:\/\/i0.wp.com\/www.tvturk.com\/wp-content\/uploads\/2019\/03\/antalyanin-fethinin-812nci-yili-coskuyla-kutlandi_adad8bb.jpg?fit=1000%2C666\" src=\"https:\/\/i0.wp.com\/www.tvturk.com\/wp-content\/uploads\/2019\/03\/antalyanin-fethinin-812nci-yili-coskuyla-kutlandi_adad8bb.jpg?w=169&#038;h=112\" srcset=\"https:\/\/i0.wp.com\/www.tvturk.com\/wp-content\/uploads\/2019\/03\/antalyanin-fethinin-812nci-yili-coskuyla-kutlandi_adad8bb.jpg?w=1000 1000w, https:\/\/i0.wp.com\/www.tvturk.com\/wp-content\/uploads\/2019\/03\/antalyanin-fethinin-812nci-yili-coskuyla-kutlandi_adad8bb.jpg?resize=150%2C100 150w, https:\/\/i0.wp.com\/www.tvturk.com\/wp-content\/uploads\/2019\/03\/antalyanin-fethinin-812nci-yili-coskuyla-kutlandi_adad8bb.jpg?resize=300%2C200 300w, https:\/\/i0.wp.com\/www.tvturk.com\/wp-content\/uploads\/2019\/03\/antalyanin-fethinin-812nci-yili-coskuyla-kutlandi_adad8bb.jpg?resize=768%2C511 768w, https:\/\/i0.wp.com\/www.tvturk.com\/wp-content\/uploads\/2019\/03\/antalyanin-fethinin-812nci-yili-coskuyla-kutlandi_adad8bb.jpg?resize=170%2C113 170w, https:\/\/i0.wp.com\/www.tvturk.com\/wp-content\/uploads\/2019\/03\/antalyanin-fethinin-812nci-yili-coskuyla-kutlandi_adad8bb.jpg?resize=120%2C80 120w\" width=\"169\" height=\"112\" loading=\"lazy\" data-original-width=\"169\" data-original-height=\"112\" itemprop=\"http:\/\/schema.org\/image\" title=\"Antalya\u2019n\u0131n fethinin 812\u2019nci y\u0131l\u0131 co\u015fkuyla kutland\u0131\" alt=\"Antalya\u2019n\u0131n fethinin 812\u2019nci y\u0131l\u0131 co\u015fkuyla kutland\u0131\" style=\"width: 169px; height: 112px;\" \/> <\/a> <\/div> <\/div> <!-- close group --> <div class=\"gallery-group images-1\" style=\"width: 327px; height: 233px;\" data-original-width=\"327\" data-original-height=\"233\" > <div class=\"tiled-gallery-item tiled-gallery-item-large\" itemprop=\"associatedMedia\" itemscope itemtype=\"http:\/\/schema.org\/ImageObject\"> <a href=\"http:\/\/www.tvturk.com\/index.php\/antalyanin-fethinin-812nci-yili-coskuyla-kutlandi\/antalyanin-fethinin-812nci-yili-coskuyla-kutlandi-11\/\" border=\"0\" itemprop=\"url\"> <meta itemprop=\"width\" content=\"323\"> <meta itemprop=\"height\" content=\"229\"> <img decoding=\"async\" class=\"\" data-attachment-id=\"68870\" data-orig-file=\"http:\/\/www.tvturk.com\/wp-content\/uploads\/2019\/03\/antalyanin-fethinin-812nci-yili-coskuyla-kutlandi_d4b96d8.jpg\" data-orig-size=\"1000,710\" data-comments-opened=\"\" data-image-meta=\"{&quot;aperture&quot;:&quot;0&quot;,&quot;credit&quot;:&quot;IHA&quot;,&quot;camera&quot;:&quot;&quot;,&quot;caption&quot;:&quot;ANTALYA\\u2019NIN FETH\\u0130N\\u0130N 812\\u0027NC\\u0130 YILININ KUTLAMALARINDA GER\\u00c7EKLE\\u015eT\\u0130R\\u0130LEN FET\\u0130H Y\\u00dcR\\u00dcY\\u00dc\\u015e\\u00dc YO\\u011eUN KATILIMLA GER\\u00c7EKLE\\u015eT\\u0130. Y\\u00dcR\\u00dcY\\u00dc\\u015eLERE BU YIL KATILAN \\u0027D\\u0130R\\u0130L\\u0130\\u015e ERTU\\u011eRUL\\u0027 D\\u0130Z\\u0130S\\u0130N\\u0130N BA\\u015eROL\\u00dcN\\u00dc OYNADI\\u011eI ENG\\u0130N ALTAN D\\u00dcZYATAN\\u2019A \\u0130LG\\u0130 OLDUK\\u00c7A B\\u00dcY\\u00dcK OLDU. (MUSTAFA B\\u00dcRGE - SUAT MET\\u0130N\\\/ANTALYA-\\u0130HA)&quot;,&quot;created_timestamp&quot;:&quot;0&quot;,&quot;copyright&quot;:&quot;\\u0130HLAS HABER AJANSI, www.iha.com.tr&quot;,&quot;focal_length&quot;:&quot;0&quot;,&quot;iso&quot;:&quot;0&quot;,&quot;shutter_speed&quot;:&quot;0&quot;,&quot;title&quot;:&quot;ANTALYA\\u2019NIN FETH\\u0130N\\u0130N 812\\u2019NC\\u0130 YILI CO\\u015eKUYLA KUTLANDI KUTLAMALARA KATILAN \\u0027D\\u0130R\\u0130L\\u0130\\u015e ERTU\\u011eRUL\\u0027 D\\u0130Z\\u0130S\\u0130N\\u0130N BA\\u015eROL\\u00dcN\\u00dc OYNADI\\u011eI ENG\\u0130N ALTAN D\\u00dcZYATAN\\u2019I G\\u00d6RMEK \\u0130\\u00c7\\u0130N VATANDA\\u015eLAR ADETA YARI\\u015eTI&quot;,&quot;orientation&quot;:&quot;0&quot;}\" data-image-title=\"Antalya\u2019n\u0131n fethinin 812\u2019nci y\u0131l\u0131 co\u015fkuyla kutland\u0131\" data-image-description=\"&lt;p&gt;Antalya\u2019n\u0131n fethinin 812\u2019nci y\u0131l\u0131 co\u015fkuyla kutland\u0131&lt;\/p&gt; \" data-medium-file=\"https:\/\/i0.wp.com\/www.tvturk.com\/wp-content\/uploads\/2019\/03\/antalyanin-fethinin-812nci-yili-coskuyla-kutlandi_d4b96d8.jpg?fit=300%2C213\" data-large-file=\"https:\/\/i0.wp.com\/www.tvturk.com\/wp-content\/uploads\/2019\/03\/antalyanin-fethinin-812nci-yili-coskuyla-kutlandi_d4b96d8.jpg?fit=1000%2C710\" src=\"https:\/\/i0.wp.com\/www.tvturk.com\/wp-content\/uploads\/2019\/03\/antalyanin-fethinin-812nci-yili-coskuyla-kutlandi_d4b96d8.jpg?w=323&#038;h=229\" srcset=\"https:\/\/i0.wp.com\/www.tvturk.com\/wp-content\/uploads\/2019\/03\/antalyanin-fethinin-812nci-yili-coskuyla-kutlandi_d4b96d8.jpg?w=1000 1000w, https:\/\/i0.wp.com\/www.tvturk.com\/wp-content\/uploads\/2019\/03\/antalyanin-fethinin-812nci-yili-coskuyla-kutlandi_d4b96d8.jpg?resize=150%2C107 150w, https:\/\/i0.wp.com\/www.tvturk.com\/wp-content\/uploads\/2019\/03\/antalyanin-fethinin-812nci-yili-coskuyla-kutlandi_d4b96d8.jpg?resize=300%2C213 300w, https:\/\/i0.wp.com\/www.tvturk.com\/wp-content\/uploads\/2019\/03\/antalyanin-fethinin-812nci-yili-coskuyla-kutlandi_d4b96d8.jpg?resize=768%2C545 768w\" width=\"323\" height=\"229\" loading=\"lazy\" data-original-width=\"323\" data-original-height=\"229\" itemprop=\"http:\/\/schema.org\/image\" title=\"Antalya\u2019n\u0131n fethinin 812\u2019nci y\u0131l\u0131 co\u015fkuyla kutland\u0131\" alt=\"Antalya\u2019n\u0131n fethinin 812\u2019nci y\u0131l\u0131 co\u015fkuyla kutland\u0131\" style=\"width: 323px; height: 229px;\" \/> <\/a> <\/div> <\/div> <!-- close group --> <\/div> <!-- close row --> <div class=\"gallery-row\" style=\"width: 500px; height: 426px;\" data-original-width=\"500\" data-original-height=\"426\" > <div class=\"gallery-group images-3\" style=\"width: 215px; height: 426px;\" data-original-width=\"215\" data-original-height=\"426\" > <div class=\"tiled-gallery-item tiled-gallery-item-small\" itemprop=\"associatedMedia\" itemscope itemtype=\"http:\/\/schema.org\/ImageObject\"> <a href=\"http:\/\/www.tvturk.com\/index.php\/antalyanin-fethinin-812nci-yili-coskuyla-kutlandi\/antalyanin-fethinin-812nci-yili-coskuyla-kutlandi-12\/\" border=\"0\" itemprop=\"url\"> <meta itemprop=\"width\" content=\"211\"> <meta itemprop=\"height\" content=\"140\"> <img decoding=\"async\" class=\"\" data-attachment-id=\"68871\" data-orig-file=\"http:\/\/www.tvturk.com\/wp-content\/uploads\/2019\/03\/antalyanin-fethinin-812nci-yili-coskuyla-kutlandi_4152c2b.jpg\" data-orig-size=\"1000,666\" data-comments-opened=\"\" data-image-meta=\"{&quot;aperture&quot;:&quot;0&quot;,&quot;credit&quot;:&quot;IHA&quot;,&quot;camera&quot;:&quot;&quot;,&quot;caption&quot;:&quot;ANTALYA\\u2019NIN FETH\\u0130N\\u0130N 812\\u0027NC\\u0130 YILININ KUTLAMALARINDA GER\\u00c7EKLE\\u015eT\\u0130R\\u0130LEN FET\\u0130H Y\\u00dcR\\u00dcY\\u00dc\\u015e\\u00dc YO\\u011eUN KATILIMLA GER\\u00c7EKLE\\u015eT\\u0130. (MUSTAFA B\\u00dcRGE - SUAT MET\\u0130N\\\/ANTALYA-\\u0130HA)&quot;,&quot;created_timestamp&quot;:&quot;0&quot;,&quot;copyright&quot;:&quot;\\u0130HLAS HABER AJANSI, www.iha.com.tr&quot;,&quot;focal_length&quot;:&quot;0&quot;,&quot;iso&quot;:&quot;0&quot;,&quot;shutter_speed&quot;:&quot;0&quot;,&quot;title&quot;:&quot;ANTALYA\\u2019NIN FETH\\u0130N\\u0130N 812\\u2019NC\\u0130 YILI CO\\u015eKUYLA KUTLANDI KUTLAMALARA KATILAN \\u0027D\\u0130R\\u0130L\\u0130\\u015e ERTU\\u011eRUL\\u0027 D\\u0130Z\\u0130S\\u0130N\\u0130N BA\\u015eROL\\u00dcN\\u00dc OYNADI\\u011eI ENG\\u0130N ALTAN D\\u00dcZYATAN\\u2019I G\\u00d6RMEK \\u0130\\u00c7\\u0130N VATANDA\\u015eLAR ADETA YARI\\u015eTI&quot;,&quot;orientation&quot;:&quot;0&quot;}\" data-image-title=\"Antalya\u2019n\u0131n fethinin 812\u2019nci y\u0131l\u0131 co\u015fkuyla kutland\u0131\" data-image-description=\"&lt;p&gt;Antalya\u2019n\u0131n fethinin 812\u2019nci y\u0131l\u0131 co\u015fkuyla kutland\u0131&lt;\/p&gt; \" data-medium-file=\"https:\/\/i0.wp.com\/www.tvturk.com\/wp-content\/uploads\/2019\/03\/antalyanin-fethinin-812nci-yili-coskuyla-kutlandi_4152c2b.jpg?fit=300%2C200\" data-large-file=\"https:\/\/i0.wp.com\/www.tvturk.com\/wp-content\/uploads\/2019\/03\/antalyanin-fethinin-812nci-yili-coskuyla-kutlandi_4152c2b.jpg?fit=1000%2C666\" src=\"https:\/\/i0.wp.com\/www.tvturk.com\/wp-content\/uploads\/2019\/03\/antalyanin-fethinin-812nci-yili-coskuyla-kutlandi_4152c2b.jpg?w=211&#038;h=140\" srcset=\"https:\/\/i0.wp.com\/www.tvturk.com\/wp-content\/uploads\/2019\/03\/antalyanin-fethinin-812nci-yili-coskuyla-kutlandi_4152c2b.jpg?w=1000 1000w, https:\/\/i0.wp.com\/www.tvturk.com\/wp-content\/uploads\/2019\/03\/antalyanin-fethinin-812nci-yili-coskuyla-kutlandi_4152c2b.jpg?resize=150%2C100 150w, https:\/\/i0.wp.com\/www.tvturk.com\/wp-content\/uploads\/2019\/03\/antalyanin-fethinin-812nci-yili-coskuyla-kutlandi_4152c2b.jpg?resize=300%2C200 300w, https:\/\/i0.wp.com\/www.tvturk.com\/wp-content\/uploads\/2019\/03\/antalyanin-fethinin-812nci-yili-coskuyla-kutlandi_4152c2b.jpg?resize=768%2C511 768w, https:\/\/i0.wp.com\/www.tvturk.com\/wp-content\/uploads\/2019\/03\/antalyanin-fethinin-812nci-yili-coskuyla-kutlandi_4152c2b.jpg?resize=170%2C113 170w, https:\/\/i0.wp.com\/www.tvturk.com\/wp-content\/uploads\/2019\/03\/antalyanin-fethinin-812nci-yili-coskuyla-kutlandi_4152c2b.jpg?resize=120%2C80 120w\" width=\"211\" height=\"140\" loading=\"lazy\" data-original-width=\"211\" data-original-height=\"140\" itemprop=\"http:\/\/schema.org\/image\" title=\"Antalya\u2019n\u0131n fethinin 812\u2019nci y\u0131l\u0131 co\u015fkuyla kutland\u0131\" alt=\"Antalya\u2019n\u0131n fethinin 812\u2019nci y\u0131l\u0131 co\u015fkuyla kutland\u0131\" style=\"width: 211px; height: 140px;\" \/> <\/a> <\/div> <div class=\"tiled-gallery-item tiled-gallery-item-small\" itemprop=\"associatedMedia\" itemscope itemtype=\"http:\/\/schema.org\/ImageObject\"> <a href=\"http:\/\/www.tvturk.com\/index.php\/antalyanin-fethinin-812nci-yili-coskuyla-kutlandi\/antalyanin-fethinin-812nci-yili-coskuyla-kutlandi-13\/\" border=\"0\" itemprop=\"url\"> <meta itemprop=\"width\" content=\"211\"> <meta itemprop=\"height\" content=\"134\"> <img decoding=\"async\" class=\"\" data-attachment-id=\"68872\" data-orig-file=\"http:\/\/www.tvturk.com\/wp-content\/uploads\/2019\/03\/antalyanin-fethinin-812nci-yili-coskuyla-kutlandi_02fc328.jpg\" data-orig-size=\"1000,633\" data-comments-opened=\"\" data-image-meta=\"{&quot;aperture&quot;:&quot;0&quot;,&quot;credit&quot;:&quot;IHA&quot;,&quot;camera&quot;:&quot;&quot;,&quot;caption&quot;:&quot;ANTALYA\\u2019NIN FETH\\u0130N\\u0130N 812\\u0027NC\\u0130 YILININ KUTLAMALARINDA GER\\u00c7EKLE\\u015eT\\u0130R\\u0130LEN FET\\u0130H Y\\u00dcR\\u00dcY\\u00dc\\u015e\\u00dc YO\\u011eUN KATILIMLA GER\\u00c7EKLE\\u015eT\\u0130. (MUSTAFA B\\u00dcRGE - SUAT MET\\u0130N\\\/ANTALYA-\\u0130HA)&quot;,&quot;created_timestamp&quot;:&quot;0&quot;,&quot;copyright&quot;:&quot;\\u0130HLAS HABER AJANSI, www.iha.com.tr&quot;,&quot;focal_length&quot;:&quot;0&quot;,&quot;iso&quot;:&quot;0&quot;,&quot;shutter_speed&quot;:&quot;0&quot;,&quot;title&quot;:&quot;ANTALYA\\u2019NIN FETH\\u0130N\\u0130N 812\\u2019NC\\u0130 YILI CO\\u015eKUYLA KUTLANDI KUTLAMALARA KATILAN \\u0027D\\u0130R\\u0130L\\u0130\\u015e ERTU\\u011eRUL\\u0027 D\\u0130Z\\u0130S\\u0130N\\u0130N BA\\u015eROL\\u00dcN\\u00dc OYNADI\\u011eI ENG\\u0130N ALTAN D\\u00dcZYATAN\\u2019I G\\u00d6RMEK \\u0130\\u00c7\\u0130N VATANDA\\u015eLAR ADETA YARI\\u015eTI&quot;,&quot;orientation&quot;:&quot;0&quot;}\" data-image-title=\"Antalya\u2019n\u0131n fethinin 812\u2019nci y\u0131l\u0131 co\u015fkuyla kutland\u0131\" data-image-description=\"&lt;p&gt;Antalya\u2019n\u0131n fethinin 812\u2019nci y\u0131l\u0131 co\u015fkuyla kutland\u0131&lt;\/p&gt; \" data-medium-file=\"https:\/\/i0.wp.com\/www.tvturk.com\/wp-content\/uploads\/2019\/03\/antalyanin-fethinin-812nci-yili-coskuyla-kutlandi_02fc328.jpg?fit=300%2C190\" data-large-file=\"https:\/\/i0.wp.com\/www.tvturk.com\/wp-content\/uploads\/2019\/03\/antalyanin-fethinin-812nci-yili-coskuyla-kutlandi_02fc328.jpg?fit=1000%2C633\" src=\"https:\/\/i0.wp.com\/www.tvturk.com\/wp-content\/uploads\/2019\/03\/antalyanin-fethinin-812nci-yili-coskuyla-kutlandi_02fc328.jpg?w=211&#038;h=134\" srcset=\"https:\/\/i0.wp.com\/www.tvturk.com\/wp-content\/uploads\/2019\/03\/antalyanin-fethinin-812nci-yili-coskuyla-kutlandi_02fc328.jpg?w=1000 1000w, https:\/\/i0.wp.com\/www.tvturk.com\/wp-content\/uploads\/2019\/03\/antalyanin-fethinin-812nci-yili-coskuyla-kutlandi_02fc328.jpg?resize=150%2C95 150w, https:\/\/i0.wp.com\/www.tvturk.com\/wp-content\/uploads\/2019\/03\/antalyanin-fethinin-812nci-yili-coskuyla-kutlandi_02fc328.jpg?resize=300%2C190 300w, https:\/\/i0.wp.com\/www.tvturk.com\/wp-content\/uploads\/2019\/03\/antalyanin-fethinin-812nci-yili-coskuyla-kutlandi_02fc328.jpg?resize=768%2C486 768w, https:\/\/i0.wp.com\/www.tvturk.com\/wp-content\/uploads\/2019\/03\/antalyanin-fethinin-812nci-yili-coskuyla-kutlandi_02fc328.jpg?resize=460%2C290 460w\" width=\"211\" height=\"134\" loading=\"lazy\" data-original-width=\"211\" data-original-height=\"134\" itemprop=\"http:\/\/schema.org\/image\" title=\"Antalya\u2019n\u0131n fethinin 812\u2019nci y\u0131l\u0131 co\u015fkuyla kutland\u0131\" alt=\"Antalya\u2019n\u0131n fethinin 812\u2019nci y\u0131l\u0131 co\u015fkuyla kutland\u0131\" style=\"width: 211px; height: 134px;\" \/> <\/a> <\/div> <div class=\"tiled-gallery-item tiled-gallery-item-small\" itemprop=\"associatedMedia\" itemscope itemtype=\"http:\/\/schema.org\/ImageObject\"> <a href=\"http:\/\/www.tvturk.com\/index.php\/antalyanin-fethinin-812nci-yili-coskuyla-kutlandi\/antalyanin-fethinin-812nci-yili-coskuyla-kutlandi-14\/\" border=\"0\" itemprop=\"url\"> <meta itemprop=\"width\" content=\"211\"> <meta itemprop=\"height\" content=\"140\"> <img decoding=\"async\" class=\"\" data-attachment-id=\"68873\" data-orig-file=\"http:\/\/www.tvturk.com\/wp-content\/uploads\/2019\/03\/antalyanin-fethinin-812nci-yili-coskuyla-kutlandi_59e8386.jpg\" data-orig-size=\"1000,666\" data-comments-opened=\"\" data-image-meta=\"{&quot;aperture&quot;:&quot;0&quot;,&quot;credit&quot;:&quot;IHA&quot;,&quot;camera&quot;:&quot;&quot;,&quot;caption&quot;:&quot;ANTALYA\\u2019NIN FETH\\u0130N\\u0130N 812\\u0027NC\\u0130 YILININ KUTLAMALARINDA GER\\u00c7EKLE\\u015eT\\u0130R\\u0130LEN FET\\u0130H Y\\u00dcR\\u00dcY\\u00dc\\u015e\\u00dc YO\\u011eUN KATILIMLA GER\\u00c7EKLE\\u015eT\\u0130. (MUSTAFA B\\u00dcRGE - SUAT MET\\u0130N\\\/ANTALYA-\\u0130HA)&quot;,&quot;created_timestamp&quot;:&quot;0&quot;,&quot;copyright&quot;:&quot;\\u0130HLAS HABER AJANSI, www.iha.com.tr&quot;,&quot;focal_length&quot;:&quot;0&quot;,&quot;iso&quot;:&quot;0&quot;,&quot;shutter_speed&quot;:&quot;0&quot;,&quot;title&quot;:&quot;ANTALYA\\u2019NIN FETH\\u0130N\\u0130N 812\\u2019NC\\u0130 YILI CO\\u015eKUYLA KUTLANDI KUTLAMALARA KATILAN \\u0027D\\u0130R\\u0130L\\u0130\\u015e ERTU\\u011eRUL\\u0027 D\\u0130Z\\u0130S\\u0130N\\u0130N BA\\u015eROL\\u00dcN\\u00dc OYNADI\\u011eI ENG\\u0130N ALTAN D\\u00dcZYATAN\\u2019I G\\u00d6RMEK \\u0130\\u00c7\\u0130N VATANDA\\u015eLAR ADETA YARI\\u015eTI&quot;,&quot;orientation&quot;:&quot;0&quot;}\" data-image-title=\"Antalya\u2019n\u0131n fethinin 812\u2019nci y\u0131l\u0131 co\u015fkuyla kutland\u0131\" data-image-description=\"&lt;p&gt;Antalya\u2019n\u0131n fethinin 812\u2019nci y\u0131l\u0131 co\u015fkuyla kutland\u0131&lt;\/p&gt; \" data-medium-file=\"https:\/\/i0.wp.com\/www.tvturk.com\/wp-content\/uploads\/2019\/03\/antalyanin-fethinin-812nci-yili-coskuyla-kutlandi_59e8386.jpg?fit=300%2C200\" data-large-file=\"https:\/\/i0.wp.com\/www.tvturk.com\/wp-content\/uploads\/2019\/03\/antalyanin-fethinin-812nci-yili-coskuyla-kutlandi_59e8386.jpg?fit=1000%2C666\" src=\"https:\/\/i0.wp.com\/www.tvturk.com\/wp-content\/uploads\/2019\/03\/antalyanin-fethinin-812nci-yili-coskuyla-kutlandi_59e8386.jpg?w=211&#038;h=140\" srcset=\"https:\/\/i0.wp.com\/www.tvturk.com\/wp-content\/uploads\/2019\/03\/antalyanin-fethinin-812nci-yili-coskuyla-kutlandi_59e8386.jpg?w=1000 1000w, https:\/\/i0.wp.com\/www.tvturk.com\/wp-content\/uploads\/2019\/03\/antalyanin-fethinin-812nci-yili-coskuyla-kutlandi_59e8386.jpg?resize=150%2C100 150w, https:\/\/i0.wp.com\/www.tvturk.com\/wp-content\/uploads\/2019\/03\/antalyanin-fethinin-812nci-yili-coskuyla-kutlandi_59e8386.jpg?resize=300%2C200 300w, https:\/\/i0.wp.com\/www.tvturk.com\/wp-content\/uploads\/2019\/03\/antalyanin-fethinin-812nci-yili-coskuyla-kutlandi_59e8386.jpg?resize=768%2C511 768w, https:\/\/i0.wp.com\/www.tvturk.com\/wp-content\/uploads\/2019\/03\/antalyanin-fethinin-812nci-yili-coskuyla-kutlandi_59e8386.jpg?resize=170%2C113 170w, https:\/\/i0.wp.com\/www.tvturk.com\/wp-content\/uploads\/2019\/03\/antalyanin-fethinin-812nci-yili-coskuyla-kutlandi_59e8386.jpg?resize=120%2C80 120w\" width=\"211\" height=\"140\" loading=\"lazy\" data-original-width=\"211\" data-original-height=\"140\" itemprop=\"http:\/\/schema.org\/image\" title=\"Antalya\u2019n\u0131n fethinin 812\u2019nci y\u0131l\u0131 co\u015fkuyla kutland\u0131\" alt=\"Antalya\u2019n\u0131n fethinin 812\u2019nci y\u0131l\u0131 co\u015fkuyla kutland\u0131\" style=\"width: 211px; height: 140px;\" \/> <\/a> <\/div> <\/div> <!-- close group --> <div class=\"gallery-group images-1\" style=\"width: 285px; height: 426px;\" data-original-width=\"285\" data-original-height=\"426\" > <div class=\"tiled-gallery-item tiled-gallery-item-large\" itemprop=\"associatedMedia\" itemscope itemtype=\"http:\/\/schema.org\/ImageObject\"> <a href=\"http:\/\/www.tvturk.com\/index.php\/antalyanin-fethinin-812nci-yili-coskuyla-kutlandi\/antalyanin-fethinin-812nci-yili-coskuyla-kutlandi-15\/\" border=\"0\" itemprop=\"url\"> <meta itemprop=\"width\" content=\"281\"> <meta itemprop=\"height\" content=\"422\"> <img decoding=\"async\" class=\"\" data-attachment-id=\"68874\" data-orig-file=\"http:\/\/www.tvturk.com\/wp-content\/uploads\/2019\/03\/antalyanin-fethinin-812nci-yili-coskuyla-kutlandi_0cee7e1.jpg\" data-orig-size=\"666,1000\" data-comments-opened=\"\" data-image-meta=\"{&quot;aperture&quot;:&quot;0&quot;,&quot;credit&quot;:&quot;IHA&quot;,&quot;camera&quot;:&quot;&quot;,&quot;caption&quot;:&quot;ANTALYA\\u2019NIN FETH\\u0130N\\u0130N 812\\u0027NC\\u0130 YILININ KUTLAMALARINDA GER\\u00c7EKLE\\u015eT\\u0130R\\u0130LEN FET\\u0130H Y\\u00dcR\\u00dcY\\u00dc\\u015e\\u00dc YO\\u011eUN KATILIMLA GER\\u00c7EKLE\\u015eT\\u0130. (MUSTAFA B\\u00dcRGE - SUAT MET\\u0130N\\\/ANTALYA-\\u0130HA)&quot;,&quot;created_timestamp&quot;:&quot;0&quot;,&quot;copyright&quot;:&quot;\\u0130HLAS HABER AJANSI, www.iha.com.tr&quot;,&quot;focal_length&quot;:&quot;0&quot;,&quot;iso&quot;:&quot;0&quot;,&quot;shutter_speed&quot;:&quot;0&quot;,&quot;title&quot;:&quot;ANTALYA\\u2019NIN FETH\\u0130N\\u0130N 812\\u2019NC\\u0130 YILI CO\\u015eKUYLA KUTLANDI KUTLAMALARA KATILAN \\u0027D\\u0130R\\u0130L\\u0130\\u015e ERTU\\u011eRUL\\u0027 D\\u0130Z\\u0130S\\u0130N\\u0130N BA\\u015eROL\\u00dcN\\u00dc OYNADI\\u011eI ENG\\u0130N ALTAN D\\u00dcZYATAN\\u2019I G\\u00d6RMEK \\u0130\\u00c7\\u0130N VATANDA\\u015eLAR ADETA YARI\\u015eTI&quot;,&quot;orientation&quot;:&quot;0&quot;}\" data-image-title=\"Antalya\u2019n\u0131n fethinin 812\u2019nci y\u0131l\u0131 co\u015fkuyla kutland\u0131\" data-image-description=\"&lt;p&gt;Antalya\u2019n\u0131n fethinin 812\u2019nci y\u0131l\u0131 co\u015fkuyla kutland\u0131&lt;\/p&gt; \" data-medium-file=\"https:\/\/i0.wp.com\/www.tvturk.com\/wp-content\/uploads\/2019\/03\/antalyanin-fethinin-812nci-yili-coskuyla-kutlandi_0cee7e1.jpg?fit=200%2C300\" data-large-file=\"https:\/\/i0.wp.com\/www.tvturk.com\/wp-content\/uploads\/2019\/03\/antalyanin-fethinin-812nci-yili-coskuyla-kutlandi_0cee7e1.jpg?fit=666%2C1000\" src=\"https:\/\/i0.wp.com\/www.tvturk.com\/wp-content\/uploads\/2019\/03\/antalyanin-fethinin-812nci-yili-coskuyla-kutlandi_0cee7e1.jpg?w=281&#038;h=422\" srcset=\"https:\/\/i0.wp.com\/www.tvturk.com\/wp-content\/uploads\/2019\/03\/antalyanin-fethinin-812nci-yili-coskuyla-kutlandi_0cee7e1.jpg?w=666 666w, https:\/\/i0.wp.com\/www.tvturk.com\/wp-content\/uploads\/2019\/03\/antalyanin-fethinin-812nci-yili-coskuyla-kutlandi_0cee7e1.jpg?resize=100%2C150 100w, https:\/\/i0.wp.com\/www.tvturk.com\/wp-content\/uploads\/2019\/03\/antalyanin-fethinin-812nci-yili-coskuyla-kutlandi_0cee7e1.jpg?resize=200%2C300 200w\" width=\"281\" height=\"422\" loading=\"lazy\" data-original-width=\"281\" data-original-height=\"422\" itemprop=\"http:\/\/schema.org\/image\" title=\"Antalya\u2019n\u0131n fethinin 812\u2019nci y\u0131l\u0131 co\u015fkuyla kutland\u0131\" alt=\"Antalya\u2019n\u0131n fethinin 812\u2019nci y\u0131l\u0131 co\u015fkuyla kutland\u0131\" style=\"width: 281px; height: 422px;\" \/> <\/a> <\/div> <\/div> <!-- close group --> <\/div> <!-- close row --> <div class=\"gallery-row\" style=\"width: 500px; height: 560px;\" data-original-width=\"500\" data-original-height=\"560\" > <div class=\"gallery-group images-1\" style=\"width: 500px; height: 560px;\" data-original-width=\"500\" data-original-height=\"560\" > <div class=\"tiled-gallery-item tiled-gallery-item-large\" itemprop=\"associatedMedia\" itemscope itemtype=\"http:\/\/schema.org\/ImageObject\"> <a href=\"http:\/\/www.tvturk.com\/index.php\/antalyanin-fethinin-812nci-yili-coskuyla-kutlandi\/antalyanin-fethinin-812nci-yili-coskuyla-kutlandi-16\/\" border=\"0\" itemprop=\"url\"> <meta itemprop=\"width\" content=\"496\"> <meta itemprop=\"height\" content=\"556\"> <img decoding=\"async\" class=\"\" data-attachment-id=\"68875\" data-orig-file=\"http:\/\/www.tvturk.com\/wp-content\/uploads\/2019\/03\/antalyanin-fethinin-812nci-yili-coskuyla-kutlandi_9256749.jpg\" data-orig-size=\"892,1000\" data-comments-opened=\"\" data-image-meta=\"{&quot;aperture&quot;:&quot;0&quot;,&quot;credit&quot;:&quot;IHA&quot;,&quot;camera&quot;:&quot;&quot;,&quot;caption&quot;:&quot;ANTALYA\\u2019NIN FETH\\u0130N\\u0130N 812\\u0027NC\\u0130 YILININ KUTLAMALARINDA GER\\u00c7EKLE\\u015eT\\u0130R\\u0130LEN FET\\u0130H Y\\u00dcR\\u00dcY\\u00dc\\u015e\\u00dc YO\\u011eUN KATILIMLA GER\\u00c7EKLE\\u015eT\\u0130. (MUSTAFA B\\u00dcRGE - SUAT MET\\u0130N\\\/ANTALYA-\\u0130HA)&quot;,&quot;created_timestamp&quot;:&quot;0&quot;,&quot;copyright&quot;:&quot;\\u0130HLAS HABER AJANSI, www.iha.com.tr&quot;,&quot;focal_length&quot;:&quot;0&quot;,&quot;iso&quot;:&quot;0&quot;,&quot;shutter_speed&quot;:&quot;0&quot;,&quot;title&quot;:&quot;ANTALYA\\u2019NIN FETH\\u0130N\\u0130N 812\\u2019NC\\u0130 YILI CO\\u015eKUYLA KUTLANDI KUTLAMALARA KATILAN \\u0027D\\u0130R\\u0130L\\u0130\\u015e ERTU\\u011eRUL\\u0027 D\\u0130Z\\u0130S\\u0130N\\u0130N BA\\u015eROL\\u00dcN\\u00dc OYNADI\\u011eI ENG\\u0130N ALTAN D\\u00dcZYATAN\\u2019I G\\u00d6RMEK \\u0130\\u00c7\\u0130N VATANDA\\u015eLAR ADETA YARI\\u015eTI&quot;,&quot;orientation&quot;:&quot;0&quot;}\" data-image-title=\"Antalya\u2019n\u0131n fethinin 812\u2019nci y\u0131l\u0131 co\u015fkuyla kutland\u0131\" data-image-description=\"&lt;p&gt;Antalya\u2019n\u0131n fethinin 812\u2019nci y\u0131l\u0131 co\u015fkuyla kutland\u0131&lt;\/p&gt; \" data-medium-file=\"https:\/\/i0.wp.com\/www.tvturk.com\/wp-content\/uploads\/2019\/03\/antalyanin-fethinin-812nci-yili-coskuyla-kutlandi_9256749.jpg?fit=268%2C300\" data-large-file=\"https:\/\/i0.wp.com\/www.tvturk.com\/wp-content\/uploads\/2019\/03\/antalyanin-fethinin-812nci-yili-coskuyla-kutlandi_9256749.jpg?fit=892%2C1000\" src=\"https:\/\/i0.wp.com\/www.tvturk.com\/wp-content\/uploads\/2019\/03\/antalyanin-fethinin-812nci-yili-coskuyla-kutlandi_9256749.jpg?w=496&#038;h=556\" srcset=\"https:\/\/i0.wp.com\/www.tvturk.com\/wp-content\/uploads\/2019\/03\/antalyanin-fethinin-812nci-yili-coskuyla-kutlandi_9256749.jpg?w=892 892w, https:\/\/i0.wp.com\/www.tvturk.com\/wp-content\/uploads\/2019\/03\/antalyanin-fethinin-812nci-yili-coskuyla-kutlandi_9256749.jpg?resize=134%2C150 134w, https:\/\/i0.wp.com\/www.tvturk.com\/wp-content\/uploads\/2019\/03\/antalyanin-fethinin-812nci-yili-coskuyla-kutlandi_9256749.jpg?resize=268%2C300 268w, https:\/\/i0.wp.com\/www.tvturk.com\/wp-content\/uploads\/2019\/03\/antalyanin-fethinin-812nci-yili-coskuyla-kutlandi_9256749.jpg?resize=768%2C861 768w\" width=\"496\" height=\"556\" loading=\"lazy\" data-original-width=\"496\" data-original-height=\"556\" itemprop=\"http:\/\/schema.org\/image\" title=\"Antalya\u2019n\u0131n fethinin 812\u2019nci y\u0131l\u0131 co\u015fkuyla kutland\u0131\" alt=\"Antalya\u2019n\u0131n fethinin 812\u2019nci y\u0131l\u0131 co\u015fkuyla kutland\u0131\" style=\"width: 496px; height: 556px;\" \/> <\/a> <\/div> <\/div> <!-- close group --> <\/div> <!-- close row --> <\/div><\/p>\n","protected":false},"excerpt":{"rendered":"<p>ANTALYA\u2019NIN FETH\u0130N\u0130N 812&#8217;NC\u0130 YILININ KUTLAMALARINDA GER\u00c7EKLE\u015eT\u0130R\u0130LEN FET\u0130H Y\u00dcR\u00dcY\u00dc\u015e\u00dc YO\u011eUN KATILIMLA GER\u00c7EKLE\u015eT\u0130.<\/p>\n","protected":false},"author":1,"featured_media":68861,"comment_status":"closed","ping_status":"open","sticky":false,"template":"","format":"standard","meta":{"jetpack_post_was_ever_published":false,"_jetpack_newsletter_access":"","_jetpack_dont_email_post_to_subs":false,"_jetpack_newsletter_tier_id":0,"_jetpack_memberships_contains_paywalled_content":false,"_jetpack_memberships_contains_paid_content":false,"footnotes":"","jetpack_publicize_message":"","jetpack_publicize_feature_enabled":true,"jetpack_social_post_already_shared":true,"jetpack_social_options":{"image_generator_settings":{"template":"highway","default_image_id":0,"font":"","enabled":false},"version":2}},"categories":[1],"tags":[20575,11990,3205,19752,2822,2128],"class_list":["post-68860","post","type-post","status-publish","format-standard","has-post-thumbnail","hentry","category-genel","tag-812nci","tag-antalyanin","tag-coskuyla","tag-fethinin","tag-kutlandi","tag-yili"],"jetpack_publicize_connections":[],"jetpack_featured_media_url":"https:\/\/i0.wp.com\/www.tvturk.com\/wp-content\/uploads\/2019\/03\/antalyanin-fethinin-812nci-yili-coskuyla-kutlandi_499c1c8.jpg?fit=1000%2C666","jetpack_sharing_enabled":true,"jetpack_shortlink":"https:\/\/wp.me\/paKIfm-hUE","_links":{"self":[{"href":"http:\/\/www.tvturk.com\/index.php\/wp-json\/wp\/v2\/posts\/68860","targetHints":{"allow":["GET"]}}],"collection":[{"href":"http:\/\/www.tvturk.com\/index.php\/wp-json\/wp\/v2\/posts"}],"about":[{"href":"http:\/\/www.tvturk.com\/index.php\/wp-json\/wp\/v2\/types\/post"}],"author":[{"embeddable":true,"href":"http:\/\/www.tvturk.com\/index.php\/wp-json\/wp\/v2\/users\/1"}],"replies":[{"embeddable":true,"href":"http:\/\/www.tvturk.com\/index.php\/wp-json\/wp\/v2\/comments?post=68860"}],"version-history":[{"count":1,"href":"http:\/\/www.tvturk.com\/index.php\/wp-json\/wp\/v2\/posts\/68860\/revisions"}],"predecessor-version":[{"id":68876,"href":"http:\/\/www.tvturk.com\/index.php\/wp-json\/wp\/v2\/posts\/68860\/revisions\/68876"}],"wp:featuredmedia":[{"embeddable":true,"href":"http:\/\/www.tvturk.com\/index.php\/wp-json\/wp\/v2\/media\/68861"}],"wp:attachment":[{"href":"http:\/\/www.tvturk.com\/index.php\/wp-json\/wp\/v2\/media?parent=68860"}],"wp:term":[{"taxonomy":"category","embeddable":true,"href":"http:\/\/www.tvturk.com\/index.php\/wp-json\/wp\/v2\/categories?post=68860"},{"taxonomy":"post_tag","embeddable":true,"href":"http:\/\/www.tvturk.com\/index.php\/wp-json\/wp\/v2\/tags?post=68860"}],"curies":[{"name":"wp","href":"https:\/\/api.w.org\/{rel}","templated":true}]}}