{"id":68909,"date":"2019-03-03T19:25:22","date_gmt":"2019-03-03T16:25:22","guid":{"rendered":"http:\/\/www.tvturk.com\/index.php\/abdullah-avci-sampiyonluk-puanini-butun-olarak-hic-hesaplamadim\/"},"modified":"2019-03-03T19:25:22","modified_gmt":"2019-03-03T16:25:22","slug":"abdullah-avci-sampiyonluk-puanini-butun-olarak-hic-hesaplamadim","status":"publish","type":"post","link":"http:\/\/www.tvturk.com\/index.php\/abdullah-avci-sampiyonluk-puanini-butun-olarak-hic-hesaplamadim\/","title":{"rendered":"Abdullah Avc\u0131: \u201c\u015eampiyonluk puan\u0131n\u0131 b\u00fct\u00fcn olarak hi\u00e7 hesaplamad\u0131m\u201d"},"content":{"rendered":"<p>2-0 kazand\u0131klar\u0131 Evkur Yeni Malatyaspor ma\u00e7\u0131n\u0131n ard\u0131ndan a\u00e7\u0131klamalarda bulunan Medipol Ba\u015fak\u015fehir Teknik Direkt\u00f6r\u00fc Abdullah Avc\u0131, \u201c\u015eampiyonluk puan\u0131n\u0131 b\u00fct\u00fcn olarak hi\u00e7 hesaplamad\u0131m. Hafta hafta, par\u00e7adan b\u00fct\u00fcne giderek bir sonraki ma\u00e7a odaklanmaya \u00e7al\u0131\u015f\u0131yoruz\u201d dedi.<\/p>\n<p>Medipol Ba\u015fak\u015fehir Teknik Direkt\u00f6r\u00fc Abdullah Avc\u0131 rakiplerinin \u00e7ar\u015famba g\u00fcn\u00fc kupada m\u00fccadele etti\u011fini ve fiziki durumunu bildiklerini belirtti.<\/p>\n<p>Topa daha \u00e7ok sahip olduklar\u0131na de\u011finen Avc\u0131, &#8220;Pozisyon verdik mi? \u00c7ok net pozisyon vermedik. Rakibin fiziksel olarak daha fazla d\u00fc\u015fece\u011fini biliyorduk. Son 3 ma\u00e7t\u0131r gol yemiyoruz. Genelinde h\u00fccum oynarken de savunma g\u00fcvenli\u011fini nas\u0131l alaca\u011f\u0131m\u0131zla ilgili \u00e7al\u0131\u015f\u0131yoruz. Zor bir deplasmand\u0131. 1,5 senedir \u00f6nemli bir \u00e7\u0131k\u0131\u015f yapan tak\u0131m, kupada gidiyorlar. Buradan bu \u015fekilde galibiyetle d\u00f6nmek \u00e7ok \u00f6nemli. 24 haftay\u0131 bitirdik 10 hafta kald\u0131. Her ma\u00e7 son derece \u00f6nemli\u201d dedi.<\/p>\n<p>&#8220;Kazanmak i\u00e7in geldik ve kazand\u0131k&#8221;<\/p>\n<p>Avc\u0131, bir gazetecinin &#8220;\u015eampiyonluk puan\u0131n\u0131 ne olarak g\u00f6r\u00fcyorsunuz?&#8221; sorusu \u00fczerine, &#8220;\u015eampiyonluk puan\u0131n\u0131 b\u00fct\u00fcn olarak hi\u00e7 hesaplamad\u0131m. Hafta hafta, par\u00e7adan b\u00fct\u00fcne giderek bir sonraki ma\u00e7a odaklanmaya \u00e7al\u0131\u015f\u0131yoruz. Son senelerde ligde 70-75 puan ortalamas\u0131 var. Her ma\u00e7 zor ge\u00e7iyor, \u00f6ncesinde puan ortalamas\u0131 yap\u0131lmaz. Bug\u00fcn kazanmak i\u00e7in geldik ve kazand\u0131k bu bizi mutlu etti. Haftaya ba\u015fka bir sayfaya haz\u0131rlanaca\u011f\u0131z\u201d cevab\u0131n\u0131 verdi.<\/p>\n<p>Galatasaray ile \u015fampiyonluk yar\u0131\u015f\u0131nda kopma olup olmayaca\u011f\u0131 y\u00f6n\u00fcndeki soru \u00fczerine Avc\u0131, durumun haftal\u0131k olarak de\u011fi\u015fti\u011fini kaydetti.<\/p>\n<p>Aradaki puan fark\u0131n\u0131 bir ara 8\u2019e kadar \u00e7\u0131kard\u0131klar\u0131n\u0131 hat\u0131rlatan Avc\u0131, &#8220;Ama bir hafta sonra kendi saham\u0131zda berabere kalarak puan kaybettik. Puan fark\u0131 tekrar kapand\u0131. Bunu a\u015fmak istiyoruz, en az\u0131ndan bu anlamda psikolojik bir \u00fcst\u00fcnl\u00fck sa\u011flamak istiyoruz ama yar\u0131\u015ft\u0131\u011f\u0131m\u0131z tak\u0131m veya tak\u0131mlar tarihleri, k\u00fclt\u00fcrleri ve geri d\u00f6n\u00fc\u015fleri olan tak\u0131mlar. O y\u00fczden kolay de\u011fil. Oyun g\u00fcc\u00fcyle sahada kalmam\u0131z gerekiyor, bu \u015fekilde yar\u0131\u015f i\u00e7erisinde kalmaya devam edece\u011fiz\u201d dedi.<\/p>\n<p>Haftaya Fenerbah\u00e7e ile kar\u015f\u0131la\u015facaklar\u0131n\u0131 aktaran Avc\u0131, &#8220;Fenerbah\u00e7e\u2019yi bug\u00fcnk\u00fc durumuyla de\u011ferlendirmemek laz\u0131m. T\u00fcrk futbolunun \u00f6nemli ve geri d\u00f6n\u00fc\u015f\u00fc olan bir tak\u0131m\u0131. Son derece ciddi ve zor bir m\u00fcsabaka bizi bekliyor. Biz de hedef tak\u0131m\u0131z, herkesin konsantrasyonu bize daha y\u00fcksek oluyor. Herkes kazanmak istiyor, onlar da kazanmak isteyecekler. Zor bir ma\u00e7. Umar\u0131m en iyi \u015fekilde haz\u0131rlanarak, daha h\u0131zl\u0131 d\u00fc\u015f\u00fcnerek, oynayarak, pas yaparak bu ma\u00e7a en iyi \u015fekilde haz\u0131rlanaca\u011f\u0131z\u201d diye konu\u015ftu.<\/p>\n","protected":false},"excerpt":{"rendered":"<p>2-0 KAZANDIKLARI EVKUR YEN\u0130 MALATYASPOR MED\u0130POL BA\u015eAK\u015eEH\u0130R TEKN\u0130K D\u0130REKT\u00d6R\u00dc ABDULLAH AVCI, MA\u00c7 SONU YAPTI\u011eI A\u00c7IKLAMADA, \u201c\u015eAMP\u0130YONLUK PUANINI B\u00dcT\u00dcN OLARAK H\u0130\u00c7 HESAPLAMADIM. HAFTA HAFTA, PAR\u00c7ADAN B\u00dcT\u00dcNE G\u0130DEREK B\u0130R SONRAK\u0130 MA\u00c7A ODAKLANMAYA \u00c7ALI\u015eIYORUZ\u201d DED\u0130.<\/p>\n","protected":false},"author":1,"featured_media":68910,"comment_status":"closed","ping_status":"open","sticky":false,"template":"","format":"standard","meta":{"jetpack_post_was_ever_published":false,"_jetpack_newsletter_access":"","_jetpack_dont_email_post_to_subs":false,"_jetpack_newsletter_tier_id":0,"_jetpack_memberships_contains_paywalled_content":false,"_jetpack_memberships_contains_paid_content":false,"footnotes":"","jetpack_publicize_message":"","jetpack_publicize_feature_enabled":true,"jetpack_social_post_already_shared":true,"jetpack_social_options":{"image_generator_settings":{"template":"highway","default_image_id":0,"font":"","enabled":false},"version":2}},"categories":[657],"tags":[15922,11696,1866,20582,5586,5030,20581,4694],"class_list":["post-68909","post","type-post","status-publish","format-standard","has-post-thumbnail","hentry","category-spor","tag-abdullah","tag-avci","tag-butun","tag-hesaplamadim","tag-hic","tag-olarak","tag-puanini","tag-sampiyonluk"],"jetpack_publicize_connections":[],"jetpack_featured_media_url":"https:\/\/i0.wp.com\/www.tvturk.com\/wp-content\/uploads\/2019\/03\/abdullah-avci-sampiyonluk-puanini-butun-olarak-hic-hesaplamadim_355a333.jpg?fit=1000%2C666","jetpack_sharing_enabled":true,"jetpack_shortlink":"https:\/\/wp.me\/paKIfm-hVr","_links":{"self":[{"href":"http:\/\/www.tvturk.com\/index.php\/wp-json\/wp\/v2\/posts\/68909","targetHints":{"allow":["GET"]}}],"collection":[{"href":"http:\/\/www.tvturk.com\/index.php\/wp-json\/wp\/v2\/posts"}],"about":[{"href":"http:\/\/www.tvturk.com\/index.php\/wp-json\/wp\/v2\/types\/post"}],"author":[{"embeddable":true,"href":"http:\/\/www.tvturk.com\/index.php\/wp-json\/wp\/v2\/users\/1"}],"replies":[{"embeddable":true,"href":"http:\/\/www.tvturk.com\/index.php\/wp-json\/wp\/v2\/comments?post=68909"}],"version-history":[{"count":0,"href":"http:\/\/www.tvturk.com\/index.php\/wp-json\/wp\/v2\/posts\/68909\/revisions"}],"wp:featuredmedia":[{"embeddable":true,"href":"http:\/\/www.tvturk.com\/index.php\/wp-json\/wp\/v2\/media\/68910"}],"wp:attachment":[{"href":"http:\/\/www.tvturk.com\/index.php\/wp-json\/wp\/v2\/media?parent=68909"}],"wp:term":[{"taxonomy":"category","embeddable":true,"href":"http:\/\/www.tvturk.com\/index.php\/wp-json\/wp\/v2\/categories?post=68909"},{"taxonomy":"post_tag","embeddable":true,"href":"http:\/\/www.tvturk.com\/index.php\/wp-json\/wp\/v2\/tags?post=68909"}],"curies":[{"name":"wp","href":"https:\/\/api.w.org\/{rel}","templated":true}]}}