{"id":6898,"date":"2019-02-07T09:02:54","date_gmt":"2019-02-07T06:02:54","guid":{"rendered":"http:\/\/www.tvturk.com\/index.php\/sare-koleji-ogrencileri-il-saglik-mudurlugunu-ziyaret-etti\/"},"modified":"2019-02-07T09:02:56","modified_gmt":"2019-02-07T06:02:56","slug":"sare-koleji-ogrencileri-il-saglik-mudurlugunu-ziyaret-etti","status":"publish","type":"post","link":"http:\/\/www.tvturk.com\/index.php\/sare-koleji-ogrencileri-il-saglik-mudurlugunu-ziyaret-etti\/","title":{"rendered":"Sare Koleji \u00d6\u011frencileri \u0130l Sa\u011fl\u0131k M\u00fcd\u00fcrl\u00fc\u011f\u00fcn\u00fc ziyaret etti"},"content":{"rendered":"<p>\u00d6zel Sare   Mesleki ve Teknik Anadolu Lisesi    Yard\u0131mc\u0131 Hem\u015firelik b\u00f6l\u00fcm\u00fc \u00f6\u011frencileri; yurt d\u0131\u015f\u0131nda alacaklar\u0131 Erasmus kapsam\u0131ndaki \u2018Evde Hasta Bak\u0131m\u0131 Beceri Transferi\u2019 program\u0131 e\u011fitimi \u00f6ncesinde \u0130l Sa\u011fl\u0131k M\u00fcd\u00fcr\u00fc Do\u00e7. Dr. Ali Ramazan Benli\u2019 yi ziyaret ettiler.<\/p>\n<p>Ziyarete; \u00d6zel Sare   Mesleki ve Teknik Anadolu Lisesi Okul M\u00fcd\u00fcr\u00fc Mikail Tun\u00e7, M\u00fcd\u00fcr Yard\u0131mc\u0131s\u0131 Zehra Ya\u011fmur,  Erasmus Proje Koordinat\u00f6r\u00fc ve Sa\u011fl\u0131k Dersleri \u00d6\u011fretmeni Hanife K\u00fc\u00e7\u00fcko\u011flu, \u0130ngilizce Dersi \u00d6\u011fretmeni Dilek Hatipo\u011flu ve \u00d6zel Sare Mesleki ve Teknik Anadolu Lisesi \u00f6\u011frencileri kat\u0131ld\u0131lar.<\/p>\n<p>\u00d6\u011frencilere, konu hakk\u0131ndaki bilgi ve tecr\u00fcbelerini aktaran Do\u00e7. Dr. Benli; sa\u011fl\u0131k hizmetlerinde T\u00fcrkiye\u2019nin bir\u00e7ok d\u00fcnya \u00fclkesinden daha ileri bir durumda oldu\u011funu s\u00f6yledi. Benli, \u201cHastalardan Ambulans nakli i\u00e7in yak\u0131t paras\u0131 istenen g\u00fcnlerden; helikopterle hasta naklinin ger\u00e7ekle\u015fti\u011fi g\u00fcnlere gelindi\u201d dedi. Evde hasta bak\u0131m\u0131n\u0131n \u00f6neminin her ge\u00e7en g\u00fcn daha iyi anla\u015f\u0131ld\u0131\u011f\u0131n\u0131 ve sosyal hizmet anlam\u0131nda Devlet eliyle yap\u0131lan hizmetlerin daha da artaca\u011f\u0131na inand\u0131\u011f\u0131n\u0131 belirterek, Belediyelerin bu konuda takdirle kar\u015f\u0131lad\u0131\u011f\u0131m\u0131z yat\u0131r\u0131mlar\u0131n\u0131n ve hizmetlerinin de artarak devam etmesi gerekti\u011fini vurgulad\u0131. \u00d6\u011frencilerin sorular\u0131n\u0131 da cevaplayan Benli; mutlaka Lisans e\u011fitimlerini de almalar\u0131n\u0131 ve yabanc\u0131 dil \u00f6\u011frenmeleri hususlar\u0131nda \u00f6\u011frencilere tavsiyelerde bulundu.<div class=\"tiled-gallery type-rectangular tiled-gallery-unresized\" data-original-width=\"500\" data-carousel-extra='null' itemscope itemtype=\"http:\/\/schema.org\/ImageGallery\" > <div class=\"gallery-row\" style=\"width: 500px; height: 334px;\" data-original-width=\"500\" data-original-height=\"334\" > <div class=\"gallery-group images-1\" style=\"width: 500px; height: 334px;\" data-original-width=\"500\" data-original-height=\"334\" > <div class=\"tiled-gallery-item tiled-gallery-item-large\" itemprop=\"associatedMedia\" itemscope itemtype=\"http:\/\/schema.org\/ImageObject\"> <a href=\"http:\/\/www.tvturk.com\/index.php\/sare-koleji-ogrencileri-il-saglik-mudurlugunu-ziyaret-etti\/sare-koleji-ogrencileri-il-saglik-mudurlugunu-ziyaret-etti-3\/\" border=\"0\" itemprop=\"url\"> <meta itemprop=\"width\" content=\"496\"> <meta itemprop=\"height\" content=\"330\"> <img decoding=\"async\" class=\"\" data-attachment-id=\"6900\" data-orig-file=\"http:\/\/www.tvturk.com\/wp-content\/uploads\/2019\/02\/sare-koleji-ogrencileri-il-saglik-mudurlugunu-ziyaret-etti_07a948f.jpg\" data-orig-size=\"1000,665\" data-comments-opened=\"\" data-image-meta=\"{&quot;aperture&quot;:&quot;0&quot;,&quot;credit&quot;:&quot;IHA&quot;,&quot;camera&quot;:&quot;&quot;,&quot;caption&quot;:&quot;\\u00d6ZEL SARE MESLEK\\u0130 VE TEKN\\u0130K ANADOLU L\\u0130SES\\u0130 YARDIMCI HEM\\u015e\\u0130REL\\u0130K B\\u00d6L\\u00dcM\\u00dc \\u00d6\\u011eRENC\\u0130LER\\u0130; YURT DI\\u015eINDA ALACAKLARI ERASMUS KAPSAMINDAK\\u0130 \\u2018EVDE HASTA BAKIMI BECER\\u0130 TRANSFER\\u0130\\u2019 PROGRAMI E\\u011e\\u0130T\\u0130M\\u0130 \\u00d6NCES\\u0130NDE \\u0130L SA\\u011eLIK M\\u00dcD\\u00dcR\\u00dc DO\\u00c7. DR. AL\\u0130 RAMAZAN BENL\\u0130\\u2019 Y\\u0130 Z\\u0130YARET ETT\\u0130LER. (\\u0130HA\\\/KAYSER\\u0130-\\u0130HA)&quot;,&quot;created_timestamp&quot;:&quot;0&quot;,&quot;copyright&quot;:&quot;\\u0130HLAS HABER AJANSI, www.iha.com.tr&quot;,&quot;focal_length&quot;:&quot;0&quot;,&quot;iso&quot;:&quot;0&quot;,&quot;shutter_speed&quot;:&quot;0&quot;,&quot;title&quot;:&quot;SARE KOLEJ\\u0130 \\u00d6\\u011eRENC\\u0130LER\\u0130 \\u0130L SA\\u011eLIK M\\u00dcD\\u00dcRL\\u00dc\\u011e\\u00dcN\\u00dc Z\\u0130YARET ETT\\u0130&quot;,&quot;orientation&quot;:&quot;0&quot;}\" data-image-title=\"Sare Koleji \u00d6\u011frencileri \u0130l Sa\u011fl\u0131k M\u00fcd\u00fcrl\u00fc\u011f\u00fcn\u00fc ziyaret etti\" data-image-description=\"&lt;p&gt;Sare Koleji \u00d6\u011frencileri \u0130l Sa\u011fl\u0131k M\u00fcd\u00fcrl\u00fc\u011f\u00fcn\u00fc ziyaret etti&lt;\/p&gt; \" data-medium-file=\"https:\/\/i0.wp.com\/www.tvturk.com\/wp-content\/uploads\/2019\/02\/sare-koleji-ogrencileri-il-saglik-mudurlugunu-ziyaret-etti_07a948f.jpg?fit=300%2C200\" data-large-file=\"https:\/\/i0.wp.com\/www.tvturk.com\/wp-content\/uploads\/2019\/02\/sare-koleji-ogrencileri-il-saglik-mudurlugunu-ziyaret-etti_07a948f.jpg?fit=1000%2C665\" src=\"https:\/\/i0.wp.com\/www.tvturk.com\/wp-content\/uploads\/2019\/02\/sare-koleji-ogrencileri-il-saglik-mudurlugunu-ziyaret-etti_07a948f.jpg?w=496&#038;h=330\" srcset=\"https:\/\/i0.wp.com\/www.tvturk.com\/wp-content\/uploads\/2019\/02\/sare-koleji-ogrencileri-il-saglik-mudurlugunu-ziyaret-etti_07a948f.jpg?w=1000 1000w, https:\/\/i0.wp.com\/www.tvturk.com\/wp-content\/uploads\/2019\/02\/sare-koleji-ogrencileri-il-saglik-mudurlugunu-ziyaret-etti_07a948f.jpg?resize=150%2C100 150w, https:\/\/i0.wp.com\/www.tvturk.com\/wp-content\/uploads\/2019\/02\/sare-koleji-ogrencileri-il-saglik-mudurlugunu-ziyaret-etti_07a948f.jpg?resize=300%2C200 300w, https:\/\/i0.wp.com\/www.tvturk.com\/wp-content\/uploads\/2019\/02\/sare-koleji-ogrencileri-il-saglik-mudurlugunu-ziyaret-etti_07a948f.jpg?resize=768%2C511 768w, https:\/\/i0.wp.com\/www.tvturk.com\/wp-content\/uploads\/2019\/02\/sare-koleji-ogrencileri-il-saglik-mudurlugunu-ziyaret-etti_07a948f.jpg?resize=170%2C113 170w, https:\/\/i0.wp.com\/www.tvturk.com\/wp-content\/uploads\/2019\/02\/sare-koleji-ogrencileri-il-saglik-mudurlugunu-ziyaret-etti_07a948f.jpg?resize=120%2C80 120w\" width=\"496\" height=\"330\" loading=\"lazy\" data-original-width=\"496\" data-original-height=\"330\" itemprop=\"http:\/\/schema.org\/image\" title=\"Sare Koleji \u00d6\u011frencileri \u0130l Sa\u011fl\u0131k M\u00fcd\u00fcrl\u00fc\u011f\u00fcn\u00fc ziyaret etti\" alt=\"Sare Koleji \u00d6\u011frencileri \u0130l Sa\u011fl\u0131k M\u00fcd\u00fcrl\u00fc\u011f\u00fcn\u00fc ziyaret etti\" style=\"width: 496px; height: 330px;\" \/> <\/a> <\/div> <\/div> <!-- close group --> <\/div> <!-- close row --> <\/div><\/p>\n","protected":false},"excerpt":{"rendered":"<p>\u00d6ZEL SARE   MESLEK\u0130 VE TEKN\u0130K ANADOLU L\u0130SES\u0130    YARDIMCI HEM\u015e\u0130REL\u0130K B\u00d6L\u00dcM\u00dc \u00d6\u011eRENC\u0130LER\u0130; YURT DI\u015eINDA ALACAKLARI ERASMUS KAPSAMINDAK\u0130 \u2018EVDE HASTA BAKIMI BECER\u0130 TRANSFER\u0130\u2019 PROGRAMI E\u011e\u0130T\u0130M\u0130 \u00d6NCES\u0130NDE \u0130L SA\u011eLIK M\u00dcD\u00dcR\u00dc DO\u00c7. DR. AL\u0130 RAMAZAN BENL\u0130\u2019 Y\u0130 Z\u0130YARET ETT\u0130LER.<\/p>\n","protected":false},"author":1,"featured_media":6899,"comment_status":"closed","ping_status":"open","sticky":false,"template":"","format":"standard","meta":{"jetpack_post_was_ever_published":false,"_jetpack_newsletter_access":"","_jetpack_dont_email_post_to_subs":false,"_jetpack_newsletter_tier_id":0,"_jetpack_memberships_contains_paywalled_content":false,"_jetpack_memberships_contains_paid_content":false,"footnotes":"","jetpack_publicize_message":"","jetpack_publicize_feature_enabled":true,"jetpack_social_post_already_shared":false,"jetpack_social_options":{"image_generator_settings":{"template":"highway","default_image_id":0,"font":"","enabled":false},"version":2}},"categories":[659],"tags":[207,424,3630,3631,1491,734,3629,150],"class_list":["post-6898","post","type-post","status-publish","format-standard","has-post-thumbnail","hentry","category-egitim","tag-etti","tag-il","tag-koleji","tag-mudurlugunu","tag-ogrencileri","tag-saglik","tag-sare","tag-ziyaret"],"jetpack_publicize_connections":[],"jetpack_featured_media_url":"https:\/\/i0.wp.com\/www.tvturk.com\/wp-content\/uploads\/2019\/02\/sare-koleji-ogrencileri-il-saglik-mudurlugunu-ziyaret-etti_45a52bc.jpg?fit=1000%2C665","jetpack_sharing_enabled":true,"jetpack_shortlink":"https:\/\/wp.me\/paKIfm-1Ng","_links":{"self":[{"href":"http:\/\/www.tvturk.com\/index.php\/wp-json\/wp\/v2\/posts\/6898","targetHints":{"allow":["GET"]}}],"collection":[{"href":"http:\/\/www.tvturk.com\/index.php\/wp-json\/wp\/v2\/posts"}],"about":[{"href":"http:\/\/www.tvturk.com\/index.php\/wp-json\/wp\/v2\/types\/post"}],"author":[{"embeddable":true,"href":"http:\/\/www.tvturk.com\/index.php\/wp-json\/wp\/v2\/users\/1"}],"replies":[{"embeddable":true,"href":"http:\/\/www.tvturk.com\/index.php\/wp-json\/wp\/v2\/comments?post=6898"}],"version-history":[{"count":1,"href":"http:\/\/www.tvturk.com\/index.php\/wp-json\/wp\/v2\/posts\/6898\/revisions"}],"predecessor-version":[{"id":6901,"href":"http:\/\/www.tvturk.com\/index.php\/wp-json\/wp\/v2\/posts\/6898\/revisions\/6901"}],"wp:featuredmedia":[{"embeddable":true,"href":"http:\/\/www.tvturk.com\/index.php\/wp-json\/wp\/v2\/media\/6899"}],"wp:attachment":[{"href":"http:\/\/www.tvturk.com\/index.php\/wp-json\/wp\/v2\/media?parent=6898"}],"wp:term":[{"taxonomy":"category","embeddable":true,"href":"http:\/\/www.tvturk.com\/index.php\/wp-json\/wp\/v2\/categories?post=6898"},{"taxonomy":"post_tag","embeddable":true,"href":"http:\/\/www.tvturk.com\/index.php\/wp-json\/wp\/v2\/tags?post=6898"}],"curies":[{"name":"wp","href":"https:\/\/api.w.org\/{rel}","templated":true}]}}