{"id":6915,"date":"2019-02-07T09:06:56","date_gmt":"2019-02-07T06:06:56","guid":{"rendered":"http:\/\/www.tvturk.com\/index.php\/emniyet-muduru-ahmet-sulaya-yilin-sanatcisi-odulu\/"},"modified":"2019-02-07T09:06:58","modified_gmt":"2019-02-07T06:06:58","slug":"emniyet-muduru-ahmet-sulaya-yilin-sanatcisi-odulu","status":"publish","type":"post","link":"http:\/\/www.tvturk.com\/index.php\/emniyet-muduru-ahmet-sulaya-yilin-sanatcisi-odulu\/","title":{"rendered":"Emniyet M\u00fcd\u00fcr\u00fc Ahmet Sula\u2019ya \u2018y\u0131l\u0131n sanat\u00e7\u0131s\u0131\u2019 \u00f6d\u00fcl\u00fc"},"content":{"rendered":"<p>Uluslararas\u0131 Medya Enformasyon Derne\u011fi (UMED), y\u0131llarca ter\u00f6rle m\u00fccadele eden ayn\u0131 zamanda 34 tane ki\u015fisel resim sergisi a\u00e7an Emniyet M\u00fcd\u00fcr\u00fc Ahmet Sula\u2019ya \u2018y\u0131l\u0131n sanat\u00e7\u0131s\u0131\u2019 \u00f6d\u00fcl\u00fcn\u00fc verdi.<\/p>\n<p>Ter\u00f6rle m\u00fccadele ve istihbarat alanlar\u0131nda uzun y\u0131llar g\u00f6rev yapan ve \u015fu anda Emniyet Genel M\u00fcd\u00fcrl\u00fc\u011f\u00fcnde ba\u015fm\u00fcfetti\u015f g\u00f6revini y\u00fcr\u00fcten Ahmet Sula, UMED taraf\u0131ndan \u2018y\u0131l\u0131n sanat\u00e7\u0131s\u0131\u2019 \u00f6d\u00fcl\u00fcne lay\u0131k g\u00f6r\u00fcld\u00fc. 8\u2019i yurt d\u0131\u015f\u0131nda olmak \u00fczere 34 tane ki\u015fisel resim sergisi a\u00e7an ve verdi\u011fi konferanslarla 100 ayr\u0131 noktada 70 bin gence ula\u015fan Sula, ressaml\u0131\u011f\u0131n yan\u0131 s\u0131ra \u015fiir ve kaligrafi sanatlar\u0131yla da ilgileniyor.<\/p>\n<p>Adile Sadullah Mermerci Polis Meslek Y\u00fcksek Okulunda d\u00fczenlenen panele UMED ba\u015fkan yard\u0131mc\u0131lar\u0131 Kenan K\u0131ran ve Kemal G\u00fcm\u00fc\u015f\u2019\u00fcn yan\u0131 s\u0131ra Emniyet M\u00fcd\u00fcr\u00fc Haydar Karsavurano\u011flu da kat\u0131ld\u0131.<\/p>\n<p>Zalimlerin korkulu r\u00fcyas\u0131 ve mazlumlar\u0131n kolu kanad\u0131 olmak gibi bir misyonlar\u0131n\u0131n oldu\u011funu s\u00f6yleyen Emniyet M\u00fcd\u00fcr\u00fc Ahmet Sula, \u201cHayat asl\u0131nda \u015ferle, k\u00f6t\u00fcyle m\u00fccadeleden ibaret. D\u00fcnyan\u0131n en b\u00fcy\u00fck ter\u00f6risti her birimizin i\u00e7inde mevcut. Bu bizim egomuz, nefsimiz. Anadolu topra\u011f\u0131nda, T\u00fcrkiye Cumhuriyeti Devleti\u2019nde \u015ferefli bir kurumda bir y\u00f6netici olarak polislik g\u00f6revini yap\u0131yorum. Bu ge\u00e7mi\u015f tecr\u00fcbe ve bu felsefeyi harmanlayarak asl\u0131nda zalimlerin korkulu belas\u0131 olmak ve mazlumlar\u0131n kolu kanad\u0131 olmak gibi bir misyonumuz var. Bunu hissediyorum ve \u00e7ok \u015f\u00fck\u00fcr hem devlet g\u00f6revi hem de sanattaki ba\u015far\u0131larla harmanlayarak bu \u00fclkenin sesini, m\u00fccadelesini b\u00fct\u00fcn d\u00fcnyaya duyurmak gibi kutsal bir g\u00f6revin y\u00fcr\u00fct\u00fcc\u00fcs\u00fcy\u00fcm\u201d dedi.<\/p>\n<p>\u201c8\u2019i yurt d\u0131\u015f\u0131nda toplam 34 sergimiz oldu\u201d<\/p>\n<p>Bug\u00fcne kadar 34 resim sergisi a\u00e7t\u0131\u011f\u0131n\u0131 ve 37\u2019nci sergisini Roma\u2019da a\u00e7may\u0131 planlad\u0131\u011f\u0131n\u0131 belirten Ahmet Sula, \u201cBug\u00fcne kadar konferanslar\u0131m\u0131zla 100 ayr\u0131 noktada 70 bin gencimize ula\u015ft\u0131k. Bunlar\u0131n hepsi \u015fuur, \u00f6zg\u00fcven \u00fczerine, m\u00fccadelemiz \u00fczerineydi. Sergi anlam\u0131nda resim sergileriyle 8\u2019i yurt d\u0131\u015f\u0131nda toplam 34 sergimiz oldu. \u0130n\u015fallah 37\u2019nci sergimizi Roma\u2019da yapaca\u011f\u0131z Nisan ay\u0131 i\u00e7erisinde. Bundan \u00f6nce 35 ve 36\u2019nc\u0131 sergilerimiz Diyarbak\u0131r ve D\u00fczce\u2019de olacak. Bu sergilerimiz de devam ediyor ki felsefemizi, m\u00fccadelemizi anlatal\u0131m. Hem silah hem sanat\u201d diye konu\u015ftu.<\/p>\n<p>\u201cYar\u0131n Allah bilir 100 y\u0131l\u0131n sanat\u00e7\u0131s\u0131 da bu topraklardan \u00e7\u0131kar\u201d<\/p>\n<p>Ald\u0131\u011f\u0131 \u00f6d\u00fcl\u00fcn kendisi ve te\u015fkilat\u0131 i\u00e7in gurur verici oldu\u011funu ifade eden Sula, \u201cBug\u00fcn UMED yerli ve milli medyan\u0131n temsilcisi. O y\u00fczden bu vesileyle onlara ve siz bas\u0131n mensuplar\u0131m\u0131za, medyam\u0131za te\u015fekk\u00fcr ediyorum. Bu m\u00fccadelede onlar bizim yol arkada\u015f\u0131m\u0131z. Sa\u011f olsunlar y\u0131l\u0131n sanat\u00e7\u0131s\u0131 \u00f6d\u00fcl\u00fcn\u00fc lay\u0131k g\u00f6rm\u00fc\u015fler onu taktim ettiler. Bu benim i\u00e7in, te\u015fkilat\u0131m i\u00e7in, \u00fclkem i\u00e7in onur verici. \u0130n\u015fallah bu \u00f6d\u00fcllerin ard\u0131, arkas\u0131 kesilmez. Bug\u00fcn y\u0131l\u0131n, yar\u0131n Allah bilir belki de 100 y\u0131l\u0131n sanat\u00e7\u0131s\u0131 bu topraklardan \u00e7\u0131kar. Buna inan\u0131yorum\u201d ifadelerini kulland\u0131.<div class=\"tiled-gallery type-rectangular tiled-gallery-unresized\" data-original-width=\"500\" data-carousel-extra='null' itemscope itemtype=\"http:\/\/schema.org\/ImageGallery\" > <div class=\"gallery-row\" style=\"width: 500px; height: 294px;\" data-original-width=\"500\" data-original-height=\"294\" > <div class=\"gallery-group images-1\" style=\"width: 245px; height: 294px;\" data-original-width=\"245\" data-original-height=\"294\" > <div class=\"tiled-gallery-item tiled-gallery-item-small\" itemprop=\"associatedMedia\" itemscope itemtype=\"http:\/\/schema.org\/ImageObject\"> <a href=\"http:\/\/www.tvturk.com\/index.php\/emniyet-muduru-ahmet-sulaya-yilin-sanatcisi-odulu\/emniyet-muduru-ahmet-sulaya-yilin-sanatcisi-odulu-3\/\" border=\"0\" itemprop=\"url\"> <meta itemprop=\"width\" content=\"241\"> <meta itemprop=\"height\" content=\"290\"> <img decoding=\"async\" class=\"\" data-attachment-id=\"6917\" data-orig-file=\"http:\/\/www.tvturk.com\/wp-content\/uploads\/2019\/02\/emniyet-muduru-ahmet-sulaya-yilin-sanatcisi-odulu_ec30ad9.jpg\" data-orig-size=\"833,1000\" data-comments-opened=\"\" data-image-meta=\"{&quot;aperture&quot;:&quot;0&quot;,&quot;credit&quot;:&quot;IHA&quot;,&quot;camera&quot;:&quot;&quot;,&quot;caption&quot;:&quot;ULUSLARARASI MEDYA ENFORMASYON DERNE\\u011e\\u0130 (UMED), YILLARCA TER\\u00d6RLE M\\u00dcCADELE EDEN AYNI ZAMANDA 34 TANE K\\u0130\\u015e\\u0130SEL RES\\u0130M SERG\\u0130S\\u0130 A\\u00c7AN EMN\\u0130YET M\\u00dcD\\u00dcR\\u00dc AHMET SULA\\u2019YA \\u2018YILIN SANAT\\u00c7ISI\\u2019 \\u00d6D\\u00dcL\\u00dcN\\u00dc VERD\\u0130. (SERDAR \\u00dcNAL\\\/\\u0130STANBUL-\\u0130HA)&quot;,&quot;created_timestamp&quot;:&quot;0&quot;,&quot;copyright&quot;:&quot;\\u0130HLAS HABER AJANSI, www.iha.com.tr&quot;,&quot;focal_length&quot;:&quot;0&quot;,&quot;iso&quot;:&quot;0&quot;,&quot;shutter_speed&quot;:&quot;0&quot;,&quot;title&quot;:&quot;EMN\\u0130YET M\\u00dcD\\u00dcR\\u00dc AHMET SULA\\u2019YA \\u2018YILIN SANAT\\u00c7ISI\\u2019 \\u00d6D\\u00dcL\\u00dc&quot;,&quot;orientation&quot;:&quot;0&quot;}\" data-image-title=\"Emniyet M\u00fcd\u00fcr\u00fc Ahmet Sula\u2019ya \u2018y\u0131l\u0131n sanat\u00e7\u0131s\u0131\u2019 \u00f6d\u00fcl\u00fc\" data-image-description=\"&lt;p&gt;Emniyet M\u00fcd\u00fcr\u00fc Ahmet Sula\u2019ya \u2018y\u0131l\u0131n sanat\u00e7\u0131s\u0131\u2019 \u00f6d\u00fcl\u00fc&lt;\/p&gt; \" data-medium-file=\"https:\/\/i0.wp.com\/www.tvturk.com\/wp-content\/uploads\/2019\/02\/emniyet-muduru-ahmet-sulaya-yilin-sanatcisi-odulu_ec30ad9.jpg?fit=250%2C300\" data-large-file=\"https:\/\/i0.wp.com\/www.tvturk.com\/wp-content\/uploads\/2019\/02\/emniyet-muduru-ahmet-sulaya-yilin-sanatcisi-odulu_ec30ad9.jpg?fit=833%2C1000\" src=\"https:\/\/i0.wp.com\/www.tvturk.com\/wp-content\/uploads\/2019\/02\/emniyet-muduru-ahmet-sulaya-yilin-sanatcisi-odulu_ec30ad9.jpg?w=241&#038;h=290\" srcset=\"https:\/\/i0.wp.com\/www.tvturk.com\/wp-content\/uploads\/2019\/02\/emniyet-muduru-ahmet-sulaya-yilin-sanatcisi-odulu_ec30ad9.jpg?w=833 833w, https:\/\/i0.wp.com\/www.tvturk.com\/wp-content\/uploads\/2019\/02\/emniyet-muduru-ahmet-sulaya-yilin-sanatcisi-odulu_ec30ad9.jpg?resize=125%2C150 125w, https:\/\/i0.wp.com\/www.tvturk.com\/wp-content\/uploads\/2019\/02\/emniyet-muduru-ahmet-sulaya-yilin-sanatcisi-odulu_ec30ad9.jpg?resize=250%2C300 250w, https:\/\/i0.wp.com\/www.tvturk.com\/wp-content\/uploads\/2019\/02\/emniyet-muduru-ahmet-sulaya-yilin-sanatcisi-odulu_ec30ad9.jpg?resize=768%2C922 768w\" width=\"241\" height=\"290\" loading=\"lazy\" data-original-width=\"241\" data-original-height=\"290\" itemprop=\"http:\/\/schema.org\/image\" title=\"Emniyet M\u00fcd\u00fcr\u00fc Ahmet Sula\u2019ya \u2018y\u0131l\u0131n sanat\u00e7\u0131s\u0131\u2019 \u00f6d\u00fcl\u00fc\" alt=\"Emniyet M\u00fcd\u00fcr\u00fc Ahmet Sula\u2019ya \u2018y\u0131l\u0131n sanat\u00e7\u0131s\u0131\u2019 \u00f6d\u00fcl\u00fc\" style=\"width: 241px; height: 290px;\" \/> <\/a> <\/div> <\/div> <!-- close group --> <div class=\"gallery-group images-1\" style=\"width: 255px; height: 294px;\" data-original-width=\"255\" data-original-height=\"294\" > <div class=\"tiled-gallery-item tiled-gallery-item-large\" itemprop=\"associatedMedia\" itemscope itemtype=\"http:\/\/schema.org\/ImageObject\"> <a href=\"http:\/\/www.tvturk.com\/index.php\/emniyet-muduru-ahmet-sulaya-yilin-sanatcisi-odulu\/emniyet-muduru-ahmet-sulaya-yilin-sanatcisi-odulu-4\/\" border=\"0\" itemprop=\"url\"> <meta itemprop=\"width\" content=\"251\"> <meta itemprop=\"height\" content=\"290\"> <img decoding=\"async\" class=\"\" data-attachment-id=\"6918\" data-orig-file=\"http:\/\/www.tvturk.com\/wp-content\/uploads\/2019\/02\/emniyet-muduru-ahmet-sulaya-yilin-sanatcisi-odulu_a6bb148.jpg\" data-orig-size=\"866,1000\" data-comments-opened=\"\" data-image-meta=\"{&quot;aperture&quot;:&quot;0&quot;,&quot;credit&quot;:&quot;IHA&quot;,&quot;camera&quot;:&quot;&quot;,&quot;caption&quot;:&quot;ULUSLARARASI MEDYA ENFORMASYON DERNE\\u011e\\u0130 (UMED), YILLARCA TER\\u00d6RLE M\\u00dcCADELE EDEN AYNI ZAMANDA 34 TANE K\\u0130\\u015e\\u0130SEL RES\\u0130M SERG\\u0130S\\u0130 A\\u00c7AN EMN\\u0130YET M\\u00dcD\\u00dcR\\u00dc AHMET SULA\\u2019YA \\u2018YILIN SANAT\\u00c7ISI\\u2019 \\u00d6D\\u00dcL\\u00dcN\\u00dc VERD\\u0130. (SERDAR \\u00dcNAL\\\/\\u0130STANBUL-\\u0130HA)&quot;,&quot;created_timestamp&quot;:&quot;0&quot;,&quot;copyright&quot;:&quot;\\u0130HLAS HABER AJANSI, www.iha.com.tr&quot;,&quot;focal_length&quot;:&quot;0&quot;,&quot;iso&quot;:&quot;0&quot;,&quot;shutter_speed&quot;:&quot;0&quot;,&quot;title&quot;:&quot;EMN\\u0130YET M\\u00dcD\\u00dcR\\u00dc AHMET SULA\\u2019YA \\u2018YILIN SANAT\\u00c7ISI\\u2019 \\u00d6D\\u00dcL\\u00dc&quot;,&quot;orientation&quot;:&quot;0&quot;}\" data-image-title=\"Emniyet M\u00fcd\u00fcr\u00fc Ahmet Sula\u2019ya \u2018y\u0131l\u0131n sanat\u00e7\u0131s\u0131\u2019 \u00f6d\u00fcl\u00fc\" data-image-description=\"&lt;p&gt;Emniyet M\u00fcd\u00fcr\u00fc Ahmet Sula\u2019ya \u2018y\u0131l\u0131n sanat\u00e7\u0131s\u0131\u2019 \u00f6d\u00fcl\u00fc&lt;\/p&gt; \" data-medium-file=\"https:\/\/i0.wp.com\/www.tvturk.com\/wp-content\/uploads\/2019\/02\/emniyet-muduru-ahmet-sulaya-yilin-sanatcisi-odulu_a6bb148.jpg?fit=260%2C300\" data-large-file=\"https:\/\/i0.wp.com\/www.tvturk.com\/wp-content\/uploads\/2019\/02\/emniyet-muduru-ahmet-sulaya-yilin-sanatcisi-odulu_a6bb148.jpg?fit=866%2C1000\" src=\"https:\/\/i0.wp.com\/www.tvturk.com\/wp-content\/uploads\/2019\/02\/emniyet-muduru-ahmet-sulaya-yilin-sanatcisi-odulu_a6bb148.jpg?w=251&#038;h=290\" srcset=\"https:\/\/i0.wp.com\/www.tvturk.com\/wp-content\/uploads\/2019\/02\/emniyet-muduru-ahmet-sulaya-yilin-sanatcisi-odulu_a6bb148.jpg?w=866 866w, https:\/\/i0.wp.com\/www.tvturk.com\/wp-content\/uploads\/2019\/02\/emniyet-muduru-ahmet-sulaya-yilin-sanatcisi-odulu_a6bb148.jpg?resize=130%2C150 130w, https:\/\/i0.wp.com\/www.tvturk.com\/wp-content\/uploads\/2019\/02\/emniyet-muduru-ahmet-sulaya-yilin-sanatcisi-odulu_a6bb148.jpg?resize=260%2C300 260w, https:\/\/i0.wp.com\/www.tvturk.com\/wp-content\/uploads\/2019\/02\/emniyet-muduru-ahmet-sulaya-yilin-sanatcisi-odulu_a6bb148.jpg?resize=768%2C887 768w\" width=\"251\" height=\"290\" loading=\"lazy\" data-original-width=\"251\" data-original-height=\"290\" itemprop=\"http:\/\/schema.org\/image\" title=\"Emniyet M\u00fcd\u00fcr\u00fc Ahmet Sula\u2019ya \u2018y\u0131l\u0131n sanat\u00e7\u0131s\u0131\u2019 \u00f6d\u00fcl\u00fc\" alt=\"Emniyet M\u00fcd\u00fcr\u00fc Ahmet Sula\u2019ya \u2018y\u0131l\u0131n sanat\u00e7\u0131s\u0131\u2019 \u00f6d\u00fcl\u00fc\" style=\"width: 251px; height: 290px;\" \/> <\/a> <\/div> <\/div> <!-- close group --> <\/div> <!-- close row --> <\/div><\/p>\n","protected":false},"excerpt":{"rendered":"<p>ULUSLARARASI MEDYA ENFORMASYON DERNE\u011e\u0130 (UMED), YILLARCA TER\u00d6RLE M\u00dcCADELE EDEN AYNI ZAMANDA 34 TANE K\u0130\u015e\u0130SEL RES\u0130M SERG\u0130S\u0130 A\u00c7AN EMN\u0130YET M\u00dcD\u00dcR\u00dc AHMET SULA\u2019YA \u2018YILIN SANAT\u00c7ISI\u2019 \u00d6D\u00dcL\u00dcN\u00dc VERD\u0130.<\/p>\n","protected":false},"author":1,"featured_media":6916,"comment_status":"closed","ping_status":"open","sticky":false,"template":"","format":"standard","meta":{"jetpack_post_was_ever_published":false,"_jetpack_newsletter_access":"","_jetpack_dont_email_post_to_subs":false,"_jetpack_newsletter_tier_id":0,"_jetpack_memberships_contains_paywalled_content":false,"_jetpack_memberships_contains_paid_content":false,"footnotes":"","jetpack_publicize_message":"","jetpack_publicize_feature_enabled":true,"jetpack_social_post_already_shared":false,"jetpack_social_options":{"image_generator_settings":{"template":"highway","default_image_id":0,"font":"","enabled":false},"version":2}},"categories":[656],"tags":[3634,253,254,1553,3636,3635,1798],"class_list":["post-6915","post","type-post","status-publish","format-standard","has-post-thumbnail","hentry","category-kultur-sanat","tag-ahmet","tag-emniyet","tag-muduru","tag-odulu","tag-sanatcisi","tag-sulaya","tag-yilin"],"jetpack_publicize_connections":[],"jetpack_featured_media_url":"https:\/\/i0.wp.com\/www.tvturk.com\/wp-content\/uploads\/2019\/02\/emniyet-muduru-ahmet-sulaya-yilin-sanatcisi-odulu_a629b09.jpg?fit=1000%2C612","jetpack_sharing_enabled":true,"jetpack_shortlink":"https:\/\/wp.me\/paKIfm-1Nx","_links":{"self":[{"href":"http:\/\/www.tvturk.com\/index.php\/wp-json\/wp\/v2\/posts\/6915","targetHints":{"allow":["GET"]}}],"collection":[{"href":"http:\/\/www.tvturk.com\/index.php\/wp-json\/wp\/v2\/posts"}],"about":[{"href":"http:\/\/www.tvturk.com\/index.php\/wp-json\/wp\/v2\/types\/post"}],"author":[{"embeddable":true,"href":"http:\/\/www.tvturk.com\/index.php\/wp-json\/wp\/v2\/users\/1"}],"replies":[{"embeddable":true,"href":"http:\/\/www.tvturk.com\/index.php\/wp-json\/wp\/v2\/comments?post=6915"}],"version-history":[{"count":1,"href":"http:\/\/www.tvturk.com\/index.php\/wp-json\/wp\/v2\/posts\/6915\/revisions"}],"predecessor-version":[{"id":6919,"href":"http:\/\/www.tvturk.com\/index.php\/wp-json\/wp\/v2\/posts\/6915\/revisions\/6919"}],"wp:featuredmedia":[{"embeddable":true,"href":"http:\/\/www.tvturk.com\/index.php\/wp-json\/wp\/v2\/media\/6916"}],"wp:attachment":[{"href":"http:\/\/www.tvturk.com\/index.php\/wp-json\/wp\/v2\/media?parent=6915"}],"wp:term":[{"taxonomy":"category","embeddable":true,"href":"http:\/\/www.tvturk.com\/index.php\/wp-json\/wp\/v2\/categories?post=6915"},{"taxonomy":"post_tag","embeddable":true,"href":"http:\/\/www.tvturk.com\/index.php\/wp-json\/wp\/v2\/tags?post=6915"}],"curies":[{"name":"wp","href":"https:\/\/api.w.org\/{rel}","templated":true}]}}