{"id":69634,"date":"2019-03-04T11:26:21","date_gmt":"2019-03-04T08:26:21","guid":{"rendered":"http:\/\/www.tvturk.com\/index.php\/mustafakemalpasanin-kagit-uzerinde-yarisi-kagit-uzerinde-tamami-onlarin\/"},"modified":"2019-03-04T11:26:23","modified_gmt":"2019-03-04T08:26:23","slug":"mustafakemalpasanin-kagit-uzerinde-yarisi-kagit-uzerinde-tamami-onlarin","status":"publish","type":"post","link":"http:\/\/www.tvturk.com\/index.php\/mustafakemalpasanin-kagit-uzerinde-yarisi-kagit-uzerinde-tamami-onlarin\/","title":{"rendered":"Mustafakemalpa\u015fa\u2019n\u0131n ka\u011f\u0131t \u00fczerinde yar\u0131s\u0131, ka\u011f\u0131t \u00fczerinde tamam\u0131 onlar\u0131n"},"content":{"rendered":"<p>Bursa\u2019n\u0131n y\u00fcz \u00f6l\u00e7\u00fcm\u00fc a\u00e7\u0131s\u0131ndan en b\u00fcy\u00fck il\u00e7esi olan Mustafakemalpa\u015fa\u2019da se\u00e7im s\u00fcreci b\u00fcy\u00fck bir keyif ve ilgiyle s\u00fcr\u00fcyor. Halktan b\u00fcy\u00fck destek alan Ak Parti\u2019nin Belediye Ba\u015fkan Aday\u0131 Mehmet Kanar, kad\u0131n se\u00e7menden g\u00f6rd\u00fc\u011f\u00fc deste\u011fin g\u00fcc\u00fcn\u00fc artt\u0131rd\u0131\u011f\u0131n\u0131 s\u00f6ylerek, \u201cMustafkemalpa\u015fa\u2019n\u0131n ka\u011f\u0131t \u00fczerinde yar\u0131s\u0131, g\u00f6nl\u00fcm\u00fczde ise tamam\u0131 onlar\u0131n\u201d dedi.<\/p>\n<p>Ak Partili Mehmet Kanar, belediye ba\u015fkan adayl\u0131\u011f\u0131 i\u00e7in se\u00e7ime art\u0131k k\u0131sa bir s\u00fcre kala t\u00fcm il\u00e7eyi  girilmedik bir kap\u0131, y\u00fcr\u00fcnmedik sokak b\u0131rakmayacak \u015fekilde ar\u015f\u0131nl\u0131yor. Ak Parti iktidarlar\u0131 s\u00fcresince oldu\u011fu gibi, Mustafakemalpa\u015fa\u2019da da 31 Mart yerel se\u00e7imleri i\u00e7in  en yo\u011fun ilgi kad\u0131n se\u00e7menler taraf\u0131ndan g\u00f6steriliyor. Ev toplant\u0131lar\u0131nda, \u00e7ar\u015f\u0131 gezilerinde ve partinin d\u00fczenledi\u011fi t\u00fcm faaliyetlerde yer alan kad\u0131n partililer ve se\u00e7menler, il\u00e7ede giderek se\u00e7imin galibi olmaya y\u00fcr\u00fcyen Mehmet Kanar\u2019a b\u00fcy\u00fck destek veriyor.<\/p>\n<p>Belediye Ba\u015fkan Aday\u0131 Mehmet Kanar, \u201cG\u00fczel il\u00e7emizin n\u00fcfusunun neredeyse yar\u0131s\u0131 kad\u0131nlar\u0131m\u0131zdan olu\u015fuyor. Bu il\u00e7eyi il\u00e7e yapan de\u011ferlerimizin ba\u015f\u0131nda kad\u0131nlar\u0131m\u0131z ve \u00fcretken elleri, dilleri ve y\u00fcrekleri geliyor. Se\u00e7im s\u00fcresince g\u00f6rd\u00fc\u011f\u00fcm\u00fcz ilginin bilhassa analar\u0131m\u0131zdan, bac\u0131lar\u0131m\u0131zdan, han\u0131m karde\u015flerimizden olmas\u0131 bizi hem \u015fevklendiriyor, hem de \u00e7al\u0131\u015fma g\u00fcc\u00fc veriyor. Kad\u0131nlar\u0131m\u0131z \u00e7ok dikkatli, her projeyi ve geli\u015fimi en ince ayr\u0131nt\u0131s\u0131na kadar dinleyip analiz ediyorlar. T\u00fcrk kad\u0131n\u0131n\u0131n \u00fcretkenli\u011fini, fedakarl\u0131\u011f\u0131n\u0131 ve m\u00fccadelesini en iyi \u015fekilde yans\u0131t\u0131yorlar. Talepleri ve istekleri do\u011frultusunda proje listemizi \u015fekillendiriyoruz. Yeri gelecek belirli revizeler bile yapaca\u011f\u0131z. \u00c7\u00fcnk\u00fc 17 y\u0131ll\u0131k iktidar\u0131m\u0131z boyunca kad\u0131nlar\u0131m\u0131z bizi asla yan\u0131ltmad\u0131, toplumun ihtiya\u00e7lar\u0131n\u0131 belirledi, ve bizi gelece\u011fe ta\u015f\u0131yan en \u00f6nemli unsur oldular\u201d dedi.<\/p>\n<p>Kanar, Mustafakemalpa\u015fa\u2019da se\u00e7imden sonra kad\u0131nlar\u0131n ihtiya\u00e7lar\u0131na d\u00f6n\u00fck \u00f6zel projeler geli\u015ftireceklerinin de m\u00fcjdesini verdi. Bu kapsamda, \u00e7al\u0131\u015fan ve \u00e7al\u0131\u015fmayan kesime \u00f6zel projeler ve nokta at\u0131\u015f\u0131 geli\u015fimsel s\u00fcre\u00e7ler haz\u0131rlanacak. Planl\u0131 \u00e7al\u0131\u015fmalar\u0131n k\u0131sa vadede sonu\u00e7 belirlenecek \u015fekilde haz\u0131rlanmas\u0131na \u00f6zel olarak dikkat edilecek.<div class=\"tiled-gallery type-rectangular tiled-gallery-unresized\" data-original-width=\"500\" data-carousel-extra='null' itemscope itemtype=\"http:\/\/schema.org\/ImageGallery\" > <div class=\"gallery-row\" style=\"width: 500px; height: 214px;\" data-original-width=\"500\" data-original-height=\"214\" > <div class=\"gallery-group images-1\" style=\"width: 378px; height: 214px;\" data-original-width=\"378\" data-original-height=\"214\" > <div class=\"tiled-gallery-item tiled-gallery-item-large\" itemprop=\"associatedMedia\" itemscope itemtype=\"http:\/\/schema.org\/ImageObject\"> <a href=\"http:\/\/www.tvturk.com\/index.php\/mustafakemalpasanin-kagit-uzerinde-yarisi-kagit-uzerinde-tamami-onlarin\/mustafakemalpasanin-kagit-uzerinde-yarisi-kagit-uzerinde-tamami-onlarin-3\/\" border=\"0\" itemprop=\"url\"> <meta itemprop=\"width\" content=\"374\"> <meta itemprop=\"height\" content=\"210\"> <img decoding=\"async\" class=\"\" data-attachment-id=\"69636\" data-orig-file=\"http:\/\/www.tvturk.com\/wp-content\/uploads\/2019\/03\/mustafakemalpasanin-kagit-uzerinde-yarisi-kagit-uzerinde-tamami-onlarin_653fea1.jpg\" data-orig-size=\"1000,562\" data-comments-opened=\"\" data-image-meta=\"{&quot;aperture&quot;:&quot;0&quot;,&quot;credit&quot;:&quot;IHA&quot;,&quot;camera&quot;:&quot;&quot;,&quot;caption&quot;:&quot;URSA\\u0027NIN Y\\u00dcZ \\u00d6L\\u00c7\\u00dcM\\u00dc A\\u00c7ISINDAN EN B\\u00dcY\\u00dcK \\u0130L\\u00c7ES\\u0130 OLAN MUSTAFAKEMALPA\\u015eA\\u0027DA SE\\u00c7\\u0130M S\\u00dcREC\\u0130 B\\u00dcY\\u00dcK B\\u0130R KEY\\u0130FLE VE \\u0130LG\\u0130YLE S\\u00dcR\\u00dcYOR. HALKTAN YO\\u011eUN B\\u0130R \\u015eEK\\u0130LDE DESTEK ALAN AK PART\\u0130\\u0027N\\u0130N BELED\\u0130YE BA\\u015eKAN ADAYI MEHMET KANAR, KADIN SE\\u00c7MENDEN G\\u00d6RD\\u00dc\\u011e\\u00dc DESTE\\u011e\\u0130N G\\u00dcC\\u00dcN\\u00dc ARTTIRDI\\u011eINI S\\u00d6YLEREK; \\u201cMUSTAFKEMALPA\\u015eA\\u0027NIN KA\\u011eIT \\u00dcZER\\u0130NDE YAN\\u0130 N\\u00dcFUS SAYIMLARINDA YARISI, G\\u00d6NL\\u00dcM\\u00dcZDE \\u0130SE TAMAMI ONLARIN\\u201d DED\\u0130. (\\u0130HA\\\/BURSA-\\u0130HA)&quot;,&quot;created_timestamp&quot;:&quot;0&quot;,&quot;copyright&quot;:&quot;\\u0130HLAS HABER AJANSI, www.iha.com.tr&quot;,&quot;focal_length&quot;:&quot;0&quot;,&quot;iso&quot;:&quot;0&quot;,&quot;shutter_speed&quot;:&quot;0&quot;,&quot;title&quot;:&quot;MUSTAFAKEMALPA\\u015eA\\u2019NIN KA\\u011eIT \\u00dcZER\\u0130NDE YARISI, KA\\u011eIT \\u00dcZER\\u0130NDE TAMAMI ONLARIN&quot;,&quot;orientation&quot;:&quot;0&quot;}\" data-image-title=\"Mustafakemalpa\u015fa\u2019n\u0131n ka\u011f\u0131t \u00fczerinde yar\u0131s\u0131, ka\u011f\u0131t \u00fczerinde tamam\u0131 onlar\u0131n\" data-image-description=\"&lt;p&gt;Mustafakemalpa\u015fa\u2019n\u0131n ka\u011f\u0131t \u00fczerinde yar\u0131s\u0131, ka\u011f\u0131t \u00fczerinde tamam\u0131 onlar\u0131n&lt;\/p&gt; \" data-medium-file=\"https:\/\/i0.wp.com\/www.tvturk.com\/wp-content\/uploads\/2019\/03\/mustafakemalpasanin-kagit-uzerinde-yarisi-kagit-uzerinde-tamami-onlarin_653fea1.jpg?fit=300%2C169\" data-large-file=\"https:\/\/i0.wp.com\/www.tvturk.com\/wp-content\/uploads\/2019\/03\/mustafakemalpasanin-kagit-uzerinde-yarisi-kagit-uzerinde-tamami-onlarin_653fea1.jpg?fit=1000%2C562\" src=\"https:\/\/i0.wp.com\/www.tvturk.com\/wp-content\/uploads\/2019\/03\/mustafakemalpasanin-kagit-uzerinde-yarisi-kagit-uzerinde-tamami-onlarin_653fea1.jpg?w=374&#038;h=210\" srcset=\"https:\/\/i0.wp.com\/www.tvturk.com\/wp-content\/uploads\/2019\/03\/mustafakemalpasanin-kagit-uzerinde-yarisi-kagit-uzerinde-tamami-onlarin_653fea1.jpg?w=1000 1000w, https:\/\/i0.wp.com\/www.tvturk.com\/wp-content\/uploads\/2019\/03\/mustafakemalpasanin-kagit-uzerinde-yarisi-kagit-uzerinde-tamami-onlarin_653fea1.jpg?resize=150%2C84 150w, https:\/\/i0.wp.com\/www.tvturk.com\/wp-content\/uploads\/2019\/03\/mustafakemalpasanin-kagit-uzerinde-yarisi-kagit-uzerinde-tamami-onlarin_653fea1.jpg?resize=300%2C169 300w, https:\/\/i0.wp.com\/www.tvturk.com\/wp-content\/uploads\/2019\/03\/mustafakemalpasanin-kagit-uzerinde-yarisi-kagit-uzerinde-tamami-onlarin_653fea1.jpg?resize=768%2C432 768w, https:\/\/i0.wp.com\/www.tvturk.com\/wp-content\/uploads\/2019\/03\/mustafakemalpasanin-kagit-uzerinde-yarisi-kagit-uzerinde-tamami-onlarin_653fea1.jpg?resize=200%2C113 200w\" width=\"374\" height=\"210\" loading=\"lazy\" data-original-width=\"374\" data-original-height=\"210\" itemprop=\"http:\/\/schema.org\/image\" title=\"Mustafakemalpa\u015fa\u2019n\u0131n ka\u011f\u0131t \u00fczerinde yar\u0131s\u0131, ka\u011f\u0131t \u00fczerinde tamam\u0131 onlar\u0131n\" alt=\"Mustafakemalpa\u015fa\u2019n\u0131n ka\u011f\u0131t \u00fczerinde yar\u0131s\u0131, ka\u011f\u0131t \u00fczerinde tamam\u0131 onlar\u0131n\" style=\"width: 374px; height: 210px;\" \/> <\/a> <\/div> <\/div> <!-- close group --> <div class=\"gallery-group images-1\" style=\"width: 122px; height: 214px;\" data-original-width=\"122\" data-original-height=\"214\" > <div class=\"tiled-gallery-item tiled-gallery-item-small\" itemprop=\"associatedMedia\" itemscope itemtype=\"http:\/\/schema.org\/ImageObject\"> <a href=\"http:\/\/www.tvturk.com\/index.php\/mustafakemalpasanin-kagit-uzerinde-yarisi-kagit-uzerinde-tamami-onlarin\/mustafakemalpasanin-kagit-uzerinde-yarisi-kagit-uzerinde-tamami-onlarin-4\/\" border=\"0\" itemprop=\"url\"> <meta itemprop=\"width\" content=\"118\"> <meta itemprop=\"height\" content=\"210\"> <img decoding=\"async\" class=\"\" data-attachment-id=\"69637\" data-orig-file=\"http:\/\/www.tvturk.com\/wp-content\/uploads\/2019\/03\/mustafakemalpasanin-kagit-uzerinde-yarisi-kagit-uzerinde-tamami-onlarin_42cf4fd.jpg\" data-orig-size=\"562,1000\" data-comments-opened=\"\" data-image-meta=\"{&quot;aperture&quot;:&quot;0&quot;,&quot;credit&quot;:&quot;IHA&quot;,&quot;camera&quot;:&quot;&quot;,&quot;caption&quot;:&quot;URSA\\u0027NIN Y\\u00dcZ \\u00d6L\\u00c7\\u00dcM\\u00dc A\\u00c7ISINDAN EN B\\u00dcY\\u00dcK \\u0130L\\u00c7ES\\u0130 OLAN MUSTAFAKEMALPA\\u015eA\\u0027DA SE\\u00c7\\u0130M S\\u00dcREC\\u0130 B\\u00dcY\\u00dcK B\\u0130R KEY\\u0130FLE VE \\u0130LG\\u0130YLE S\\u00dcR\\u00dcYOR. HALKTAN YO\\u011eUN B\\u0130R \\u015eEK\\u0130LDE DESTEK ALAN AK PART\\u0130\\u0027N\\u0130N BELED\\u0130YE BA\\u015eKAN ADAYI MEHMET KANAR, KADIN SE\\u00c7MENDEN G\\u00d6RD\\u00dc\\u011e\\u00dc DESTE\\u011e\\u0130N G\\u00dcC\\u00dcN\\u00dc ARTTIRDI\\u011eINI S\\u00d6YLEREK; \\u201cMUSTAFKEMALPA\\u015eA\\u0027NIN KA\\u011eIT \\u00dcZER\\u0130NDE YAN\\u0130 N\\u00dcFUS SAYIMLARINDA YARISI, G\\u00d6NL\\u00dcM\\u00dcZDE \\u0130SE TAMAMI ONLARIN\\u201d DED\\u0130. (\\u0130HA\\\/BURSA-\\u0130HA)&quot;,&quot;created_timestamp&quot;:&quot;0&quot;,&quot;copyright&quot;:&quot;\\u0130HLAS HABER AJANSI, www.iha.com.tr&quot;,&quot;focal_length&quot;:&quot;0&quot;,&quot;iso&quot;:&quot;0&quot;,&quot;shutter_speed&quot;:&quot;0&quot;,&quot;title&quot;:&quot;MUSTAFAKEMALPA\\u015eA\\u2019NIN KA\\u011eIT \\u00dcZER\\u0130NDE YARISI, KA\\u011eIT \\u00dcZER\\u0130NDE TAMAMI ONLARIN&quot;,&quot;orientation&quot;:&quot;0&quot;}\" data-image-title=\"Mustafakemalpa\u015fa\u2019n\u0131n ka\u011f\u0131t \u00fczerinde yar\u0131s\u0131, ka\u011f\u0131t \u00fczerinde tamam\u0131 onlar\u0131n\" data-image-description=\"&lt;p&gt;Mustafakemalpa\u015fa\u2019n\u0131n ka\u011f\u0131t \u00fczerinde yar\u0131s\u0131, ka\u011f\u0131t \u00fczerinde tamam\u0131 onlar\u0131n&lt;\/p&gt; \" data-medium-file=\"https:\/\/i0.wp.com\/www.tvturk.com\/wp-content\/uploads\/2019\/03\/mustafakemalpasanin-kagit-uzerinde-yarisi-kagit-uzerinde-tamami-onlarin_42cf4fd.jpg?fit=169%2C300\" data-large-file=\"https:\/\/i0.wp.com\/www.tvturk.com\/wp-content\/uploads\/2019\/03\/mustafakemalpasanin-kagit-uzerinde-yarisi-kagit-uzerinde-tamami-onlarin_42cf4fd.jpg?fit=562%2C1000\" src=\"https:\/\/i0.wp.com\/www.tvturk.com\/wp-content\/uploads\/2019\/03\/mustafakemalpasanin-kagit-uzerinde-yarisi-kagit-uzerinde-tamami-onlarin_42cf4fd.jpg?w=118&#038;h=210\" srcset=\"https:\/\/i0.wp.com\/www.tvturk.com\/wp-content\/uploads\/2019\/03\/mustafakemalpasanin-kagit-uzerinde-yarisi-kagit-uzerinde-tamami-onlarin_42cf4fd.jpg?w=562 562w, https:\/\/i0.wp.com\/www.tvturk.com\/wp-content\/uploads\/2019\/03\/mustafakemalpasanin-kagit-uzerinde-yarisi-kagit-uzerinde-tamami-onlarin_42cf4fd.jpg?resize=84%2C150 84w, https:\/\/i0.wp.com\/www.tvturk.com\/wp-content\/uploads\/2019\/03\/mustafakemalpasanin-kagit-uzerinde-yarisi-kagit-uzerinde-tamami-onlarin_42cf4fd.jpg?resize=169%2C300 169w\" width=\"118\" height=\"210\" loading=\"lazy\" data-original-width=\"118\" data-original-height=\"210\" itemprop=\"http:\/\/schema.org\/image\" title=\"Mustafakemalpa\u015fa\u2019n\u0131n ka\u011f\u0131t \u00fczerinde yar\u0131s\u0131, ka\u011f\u0131t \u00fczerinde tamam\u0131 onlar\u0131n\" alt=\"Mustafakemalpa\u015fa\u2019n\u0131n ka\u011f\u0131t \u00fczerinde yar\u0131s\u0131, ka\u011f\u0131t \u00fczerinde tamam\u0131 onlar\u0131n\" style=\"width: 118px; height: 210px;\" \/> <\/a> <\/div> <\/div> <!-- close group --> <\/div> <!-- close row --> <\/div><\/p>\n","protected":false},"excerpt":{"rendered":"<p>URSA&#8217;NIN Y\u00dcZ \u00d6L\u00c7\u00dcM\u00dc A\u00c7ISINDAN EN B\u00dcY\u00dcK \u0130L\u00c7ES\u0130 OLAN MUSTAFAKEMALPA\u015eA&#8217;DA SE\u00c7\u0130M S\u00dcREC\u0130 B\u00dcY\u00dcK B\u0130R KEY\u0130FLE VE \u0130LG\u0130YLE S\u00dcR\u00dcYOR. HALKTAN YO\u011eUN B\u0130R \u015eEK\u0130LDE DESTEK ALAN AK PART\u0130&#8217;N\u0130N BELED\u0130YE BA\u015eKAN ADAYI MEHMET KANAR, KADIN SE\u00c7MENDEN G\u00d6RD\u00dc\u011e\u00dc  DESTE\u011e\u0130N G\u00dcC\u00dcN\u00dc ARTTIRDI\u011eINI S\u00d6YLEREK; \u201cMUSTAFKEMALPA\u015eA&#8217;NIN KA\u011eIT \u00dcZER\u0130NDE YAN\u0130 N\u00dcFUS SAYIMLARINDA YARISI, G\u00d6NL\u00dcM\u00dcZDE \u0130SE TAMAMI ONLARIN\u201d DED\u0130.<\/p>\n","protected":false},"author":1,"featured_media":69635,"comment_status":"closed","ping_status":"open","sticky":false,"template":"","format":"standard","meta":{"jetpack_post_was_ever_published":false,"_jetpack_newsletter_access":"","_jetpack_dont_email_post_to_subs":false,"_jetpack_newsletter_tier_id":0,"_jetpack_memberships_contains_paywalled_content":false,"_jetpack_memberships_contains_paid_content":false,"footnotes":"","jetpack_publicize_message":"","jetpack_publicize_feature_enabled":true,"jetpack_social_post_already_shared":true,"jetpack_social_options":{"image_generator_settings":{"template":"highway","default_image_id":0,"font":"","enabled":false},"version":2}},"categories":[9],"tags":[16329,6571,20704,11051,2605,1729],"class_list":["post-69634","post","type-post","status-publish","format-standard","has-post-thumbnail","hentry","category-siyaset","tag-onlarin","tag-kagit","tag-mustafakemalpasanin","tag-tamami","tag-uzerinde","tag-yarisi"],"jetpack_publicize_connections":[],"jetpack_featured_media_url":"https:\/\/i0.wp.com\/www.tvturk.com\/wp-content\/uploads\/2019\/03\/mustafakemalpasanin-kagit-uzerinde-yarisi-kagit-uzerinde-tamami-onlarin_6969d52.jpg?fit=1000%2C562","jetpack_sharing_enabled":true,"jetpack_shortlink":"https:\/\/wp.me\/paKIfm-i78","_links":{"self":[{"href":"http:\/\/www.tvturk.com\/index.php\/wp-json\/wp\/v2\/posts\/69634","targetHints":{"allow":["GET"]}}],"collection":[{"href":"http:\/\/www.tvturk.com\/index.php\/wp-json\/wp\/v2\/posts"}],"about":[{"href":"http:\/\/www.tvturk.com\/index.php\/wp-json\/wp\/v2\/types\/post"}],"author":[{"embeddable":true,"href":"http:\/\/www.tvturk.com\/index.php\/wp-json\/wp\/v2\/users\/1"}],"replies":[{"embeddable":true,"href":"http:\/\/www.tvturk.com\/index.php\/wp-json\/wp\/v2\/comments?post=69634"}],"version-history":[{"count":1,"href":"http:\/\/www.tvturk.com\/index.php\/wp-json\/wp\/v2\/posts\/69634\/revisions"}],"predecessor-version":[{"id":69638,"href":"http:\/\/www.tvturk.com\/index.php\/wp-json\/wp\/v2\/posts\/69634\/revisions\/69638"}],"wp:featuredmedia":[{"embeddable":true,"href":"http:\/\/www.tvturk.com\/index.php\/wp-json\/wp\/v2\/media\/69635"}],"wp:attachment":[{"href":"http:\/\/www.tvturk.com\/index.php\/wp-json\/wp\/v2\/media?parent=69634"}],"wp:term":[{"taxonomy":"category","embeddable":true,"href":"http:\/\/www.tvturk.com\/index.php\/wp-json\/wp\/v2\/categories?post=69634"},{"taxonomy":"post_tag","embeddable":true,"href":"http:\/\/www.tvturk.com\/index.php\/wp-json\/wp\/v2\/tags?post=69634"}],"curies":[{"name":"wp","href":"https:\/\/api.w.org\/{rel}","templated":true}]}}