{"id":6964,"date":"2019-02-07T09:29:47","date_gmt":"2019-02-07T06:29:47","guid":{"rendered":"http:\/\/www.tvturk.com\/index.php\/iyi-parti-saricam-ilce-yonetim-kurulu-uyeleri-istifa-etti\/"},"modified":"2019-02-07T09:29:49","modified_gmt":"2019-02-07T06:29:49","slug":"iyi-parti-saricam-ilce-yonetim-kurulu-uyeleri-istifa-etti","status":"publish","type":"post","link":"http:\/\/www.tvturk.com\/index.php\/iyi-parti-saricam-ilce-yonetim-kurulu-uyeleri-istifa-etti\/","title":{"rendered":"\u0130Y\u0130 Parti Sar\u0131\u00e7am \u0130l\u00e7e Y\u00f6netim Kurulu \u00dcyeleri istifa etti"},"content":{"rendered":"<p>Adana\u2019da \u0130Y\u0130 Parti Sar\u0131\u00e7am \u0130l\u00e7e Kurucu Y\u00f6netim Kurulu \u00dcyeleri parti i\u00e7erisindeki huzursuzluklar\u0131 ve usuls\u00fczl\u00fckleri gerek\u00e7e g\u00f6stererek istifa etti.<\/p>\n<p>\u0130Y\u0130 Parti Sar\u0131\u00e7am \u0130l\u00e7e Kurucular\u0131, \u0130l\u00e7e Ba\u015fkan\u0131 Ahmet K\u00f6se\u2019nin \u2018k\u00fc\u00e7\u00fck olsun benim olsun\u2019 ve \u2018ben dedim oldu\u2019 diretmesinin despotluk boyutuna ula\u015ft\u0131\u011f\u0131n\u0131 ve kendini vatanda\u015ftan \u00fcst\u00fcn g\u00f6rme mant\u0131\u011f\u0131n\u0131n \u00e7ekilmez boyutlara ula\u015ft\u0131\u011f\u0131n\u0131 gerek\u00e7e g\u00f6stererek istifa etti. \u0130Y\u0130 Parti Sar\u0131\u00e7am \u0130l\u00e7e Y\u00f6netim Kurulu \u00dcyeleri ad\u0131na a\u00e7\u0131klama yapan \u0130brahim Pehlivan, konuyla ilgili \u015fu \u015funlar\u0131 s\u00f6yledi:<\/p>\n<p>\u201cUzun zamand\u0131r \u0130l Ba\u015fkan\u0131 G\u00f6kt\u00fcrk Boyvadao\u011flu, \u0130l\u00e7e Ba\u015fkan\u0131 Ahmet K\u00f6se ve milletvekili Methanet \u00c7ulhao\u011flu\u2019nun ayak oyunlar\u0131n\u0131 ve parti i\u00e7erisindeki kutupla\u015fmalar\u0131n\u0131 genel merkeze bildirmi\u015f yapt\u0131klar\u0131 usuls\u00fczl\u00fc\u011f\u00fc belgeleri ile Meral Ak\u015fener han\u0131mefendinin \u00f6n\u00fcne koymu\u015ftuk. Ancak aradan ge\u00e7en zaman bizlere Ankara\u2019n\u0131n Adana\u2019dan pek de bir fark\u0131n\u0131n olmad\u0131\u011f\u0131n\u0131 g\u00f6sterdi. Bizler Kurucu \u0130l\u00e7e Y\u00f6netim Kurulu \u00fcyeleri olarak bu yola \u00e7\u0131karken hedefimiz \u00fclkemizin bekas\u0131 ve d\u00fc\u015f\u00fcnce \u00f6zg\u00fcrl\u00fc\u011f\u00fcyd\u00fc ancak ge\u00e7en zaman bizlere g\u00f6sterdi ki bizim bu idealist duru\u015fumuz sadece bizlere m\u00fcnhas\u0131r bir davran\u0131\u015fm\u0131\u015f. Bizler beka derken \u0130l\u00e7e Ba\u015fkan\u0131 Ahmet K\u00f6se koltuk sevdas\u0131na d\u00fc\u015fm\u00fc\u015f, kendisini tek ba\u015f\u0131na karar merci olarak g\u00f6rm\u00fc\u015ft\u00fcr. Ne belediye ba\u015fkanl\u0131\u011f\u0131 aday adaylar\u0131 ile olan g\u00f6r\u00fc\u015fmelerde, ne de belediye meclis \u00fcyelerinin ba\u015fvurular\u0131n\u0131 de\u011ferlendirmede divan \u00fcyeleri olarak bizlerin haberi olmam\u0131\u015ft\u0131r. \u0130kili g\u00f6r\u00fc\u015fmelerde hangi pazarl\u0131klar d\u00f6nm\u00fc\u015ft\u00fcr bu bilinmemektedir. Kurucular\u0131n\u0131 hi\u00e7e sayarak k\u00fc\u00e7\u00fck olsun benim olsun mant\u0131\u011f\u0131n\u0131 ile kendi yerlerinin garanti alt\u0131na almaya \u00e7al\u0131\u015fanlar\u0131 kendi hallerine b\u0131rakarak neler yapabileceklerini g\u00f6rmek i\u00e7in kurucusu oldu\u011fumuz partimizden istifa ediyoruz. \u0130l Ba\u015fkan\u0131 G\u00f6kt\u00fcrk Boyvadao\u011flu, \u0130l\u00e7e Ba\u015fkan\u0131 Ahmet K\u00f6se ve Milletvekili Metanet \u00c7ulhao\u011flu bizlere ra\u011fmen Sar\u0131\u00e7am\u2019da se\u00e7im alabileceklerini d\u00fc\u015f\u00fcn\u00fcyorlarsa hodri meydan.\u201d<div class=\"tiled-gallery type-rectangular tiled-gallery-unresized\" data-original-width=\"500\" data-carousel-extra='null' itemscope itemtype=\"http:\/\/schema.org\/ImageGallery\" > <div class=\"gallery-row\" style=\"width: 500px; height: 225px;\" data-original-width=\"500\" data-original-height=\"225\" > <div class=\"gallery-group images-1\" style=\"width: 330px; height: 225px;\" data-original-width=\"330\" data-original-height=\"225\" > <div class=\"tiled-gallery-item tiled-gallery-item-large\" itemprop=\"associatedMedia\" itemscope itemtype=\"http:\/\/schema.org\/ImageObject\"> <a href=\"http:\/\/www.tvturk.com\/index.php\/iyi-parti-saricam-ilce-yonetim-kurulu-uyeleri-istifa-etti\/iyi-parti-saricam-ilce-yonetim-kurulu-uyeleri-istifa-etti-3\/\" border=\"0\" itemprop=\"url\"> <meta itemprop=\"width\" content=\"326\"> <meta itemprop=\"height\" content=\"221\"> <img decoding=\"async\" class=\"\" data-attachment-id=\"6966\" data-orig-file=\"http:\/\/www.tvturk.com\/wp-content\/uploads\/2019\/02\/iyi-parti-saricam-ilce-yonetim-kurulu-uyeleri-istifa-etti_ce590ad.jpg\" data-orig-size=\"1000,676\" data-comments-opened=\"\" data-image-meta=\"{&quot;aperture&quot;:&quot;0&quot;,&quot;credit&quot;:&quot;IHA&quot;,&quot;camera&quot;:&quot;&quot;,&quot;caption&quot;:&quot;\\u0130Y\\u0130 PART\\u0130\\u2019N\\u0130N SARI\\u00c7AM \\u0130L\\u00c7E KURUCU Y\\u00d6NET\\u0130M KURULU \\u00dcYELER\\u0130 PART\\u0130 \\u0130\\u00c7ER\\u0130S\\u0130NDEK\\u0130 HUZURSUZLUKLARI VE USULS\\u00dcZL\\u00dcKLER\\u0130 GEREK\\u00c7E G\\u00d6STEREREK \\u0130ST\\u0130FA ETT\\u0130. (\\u0130HA\\\/ADANA-\\u0130HA)&quot;,&quot;created_timestamp&quot;:&quot;0&quot;,&quot;copyright&quot;:&quot;\\u0130HLAS HABER AJANSI, www.iha.com.tr&quot;,&quot;focal_length&quot;:&quot;0&quot;,&quot;iso&quot;:&quot;0&quot;,&quot;shutter_speed&quot;:&quot;0&quot;,&quot;title&quot;:&quot;\\u0130Y\\u0130 PART\\u0130 SARI\\u00c7AM \\u0130L\\u00c7E Y\\u00d6NET\\u0130M KURULU \\u00dcYELER\\u0130 \\u0130ST\\u0130FA ETT\\u0130 PEHL\\u0130VAN: \\u201cBELGELED\\u0130\\u011e\\u0130M\\u0130Z USULS\\u00dcZL\\u00dcKLER AK\\u015eENER TARAFINDAN D\\u0130KKATE ALINMADI\\u201d&quot;,&quot;orientation&quot;:&quot;0&quot;}\" data-image-title=\"\u0130Y\u0130 Parti Sar\u0131\u00e7am \u0130l\u00e7e Y\u00f6netim Kurulu \u00dcyeleri istifa etti\" data-image-description=\"&lt;p&gt;\u0130Y\u0130 Parti Sar\u0131\u00e7am \u0130l\u00e7e Y\u00f6netim Kurulu \u00dcyeleri istifa etti&lt;\/p&gt; \" data-medium-file=\"https:\/\/i0.wp.com\/www.tvturk.com\/wp-content\/uploads\/2019\/02\/iyi-parti-saricam-ilce-yonetim-kurulu-uyeleri-istifa-etti_ce590ad.jpg?fit=300%2C203\" data-large-file=\"https:\/\/i0.wp.com\/www.tvturk.com\/wp-content\/uploads\/2019\/02\/iyi-parti-saricam-ilce-yonetim-kurulu-uyeleri-istifa-etti_ce590ad.jpg?fit=1000%2C676\" src=\"https:\/\/i0.wp.com\/www.tvturk.com\/wp-content\/uploads\/2019\/02\/iyi-parti-saricam-ilce-yonetim-kurulu-uyeleri-istifa-etti_ce590ad.jpg?w=326&#038;h=221\" srcset=\"https:\/\/i0.wp.com\/www.tvturk.com\/wp-content\/uploads\/2019\/02\/iyi-parti-saricam-ilce-yonetim-kurulu-uyeleri-istifa-etti_ce590ad.jpg?w=1000 1000w, https:\/\/i0.wp.com\/www.tvturk.com\/wp-content\/uploads\/2019\/02\/iyi-parti-saricam-ilce-yonetim-kurulu-uyeleri-istifa-etti_ce590ad.jpg?resize=150%2C101 150w, https:\/\/i0.wp.com\/www.tvturk.com\/wp-content\/uploads\/2019\/02\/iyi-parti-saricam-ilce-yonetim-kurulu-uyeleri-istifa-etti_ce590ad.jpg?resize=300%2C203 300w, https:\/\/i0.wp.com\/www.tvturk.com\/wp-content\/uploads\/2019\/02\/iyi-parti-saricam-ilce-yonetim-kurulu-uyeleri-istifa-etti_ce590ad.jpg?resize=768%2C519 768w, https:\/\/i0.wp.com\/www.tvturk.com\/wp-content\/uploads\/2019\/02\/iyi-parti-saricam-ilce-yonetim-kurulu-uyeleri-istifa-etti_ce590ad.jpg?resize=120%2C80 120w, https:\/\/i0.wp.com\/www.tvturk.com\/wp-content\/uploads\/2019\/02\/iyi-parti-saricam-ilce-yonetim-kurulu-uyeleri-istifa-etti_ce590ad.jpg?resize=80%2C55 80w\" width=\"326\" height=\"221\" loading=\"lazy\" data-original-width=\"326\" data-original-height=\"221\" itemprop=\"http:\/\/schema.org\/image\" title=\"\u0130Y\u0130 Parti Sar\u0131\u00e7am \u0130l\u00e7e Y\u00f6netim Kurulu \u00dcyeleri istifa etti\" alt=\"\u0130Y\u0130 Parti Sar\u0131\u00e7am \u0130l\u00e7e Y\u00f6netim Kurulu \u00dcyeleri istifa etti\" style=\"width: 326px; height: 221px;\" \/> <\/a> <\/div> <\/div> <!-- close group --> <div class=\"gallery-group images-1\" style=\"width: 170px; height: 225px;\" data-original-width=\"170\" data-original-height=\"225\" > <div class=\"tiled-gallery-item tiled-gallery-item-small\" itemprop=\"associatedMedia\" itemscope itemtype=\"http:\/\/schema.org\/ImageObject\"> <a href=\"http:\/\/www.tvturk.com\/index.php\/iyi-parti-saricam-ilce-yonetim-kurulu-uyeleri-istifa-etti\/iyi-parti-saricam-ilce-yonetim-kurulu-uyeleri-istifa-etti-4\/\" border=\"0\" itemprop=\"url\"> <meta itemprop=\"width\" content=\"166\"> <meta itemprop=\"height\" content=\"221\"> <img decoding=\"async\" class=\"\" data-attachment-id=\"6967\" data-orig-file=\"http:\/\/www.tvturk.com\/wp-content\/uploads\/2019\/02\/iyi-parti-saricam-ilce-yonetim-kurulu-uyeleri-istifa-etti_e25daf6.jpg\" data-orig-size=\"750,1000\" data-comments-opened=\"\" data-image-meta=\"{&quot;aperture&quot;:&quot;0&quot;,&quot;credit&quot;:&quot;IHA&quot;,&quot;camera&quot;:&quot;&quot;,&quot;caption&quot;:&quot;\\u0130Y\\u0130 PART\\u0130\\u2019N\\u0130N SARI\\u00c7AM \\u0130L\\u00c7E KURUCU Y\\u00d6NET\\u0130M KURULU \\u00dcYELER\\u0130 PART\\u0130 \\u0130\\u00c7ER\\u0130S\\u0130NDEK\\u0130 HUZURSUZLUKLARI VE USULS\\u00dcZL\\u00dcKLER\\u0130 GEREK\\u00c7E G\\u00d6STEREREK \\u0130ST\\u0130FA ETT\\u0130. (\\u0130HA\\\/ADANA-\\u0130HA)&quot;,&quot;created_timestamp&quot;:&quot;0&quot;,&quot;copyright&quot;:&quot;\\u0130HLAS HABER AJANSI, www.iha.com.tr&quot;,&quot;focal_length&quot;:&quot;0&quot;,&quot;iso&quot;:&quot;0&quot;,&quot;shutter_speed&quot;:&quot;0&quot;,&quot;title&quot;:&quot;\\u0130Y\\u0130 PART\\u0130 SARI\\u00c7AM \\u0130L\\u00c7E Y\\u00d6NET\\u0130M KURULU \\u00dcYELER\\u0130 \\u0130ST\\u0130FA ETT\\u0130 PEHL\\u0130VAN: \\u201cBELGELED\\u0130\\u011e\\u0130M\\u0130Z USULS\\u00dcZL\\u00dcKLER AK\\u015eENER TARAFINDAN D\\u0130KKATE ALINMADI\\u201d&quot;,&quot;orientation&quot;:&quot;0&quot;}\" data-image-title=\"\u0130Y\u0130 Parti Sar\u0131\u00e7am \u0130l\u00e7e Y\u00f6netim Kurulu \u00dcyeleri istifa etti\" data-image-description=\"&lt;p&gt;\u0130Y\u0130 Parti Sar\u0131\u00e7am \u0130l\u00e7e Y\u00f6netim Kurulu \u00dcyeleri istifa etti&lt;\/p&gt; \" data-medium-file=\"https:\/\/i0.wp.com\/www.tvturk.com\/wp-content\/uploads\/2019\/02\/iyi-parti-saricam-ilce-yonetim-kurulu-uyeleri-istifa-etti_e25daf6.jpg?fit=225%2C300\" data-large-file=\"https:\/\/i0.wp.com\/www.tvturk.com\/wp-content\/uploads\/2019\/02\/iyi-parti-saricam-ilce-yonetim-kurulu-uyeleri-istifa-etti_e25daf6.jpg?fit=750%2C1000\" src=\"https:\/\/i0.wp.com\/www.tvturk.com\/wp-content\/uploads\/2019\/02\/iyi-parti-saricam-ilce-yonetim-kurulu-uyeleri-istifa-etti_e25daf6.jpg?w=166&#038;h=221\" srcset=\"https:\/\/i0.wp.com\/www.tvturk.com\/wp-content\/uploads\/2019\/02\/iyi-parti-saricam-ilce-yonetim-kurulu-uyeleri-istifa-etti_e25daf6.jpg?w=750 750w, https:\/\/i0.wp.com\/www.tvturk.com\/wp-content\/uploads\/2019\/02\/iyi-parti-saricam-ilce-yonetim-kurulu-uyeleri-istifa-etti_e25daf6.jpg?resize=113%2C150 113w, https:\/\/i0.wp.com\/www.tvturk.com\/wp-content\/uploads\/2019\/02\/iyi-parti-saricam-ilce-yonetim-kurulu-uyeleri-istifa-etti_e25daf6.jpg?resize=225%2C300 225w\" width=\"166\" height=\"221\" loading=\"lazy\" data-original-width=\"166\" data-original-height=\"221\" itemprop=\"http:\/\/schema.org\/image\" title=\"\u0130Y\u0130 Parti Sar\u0131\u00e7am \u0130l\u00e7e Y\u00f6netim Kurulu \u00dcyeleri istifa etti\" alt=\"\u0130Y\u0130 Parti Sar\u0131\u00e7am \u0130l\u00e7e Y\u00f6netim Kurulu \u00dcyeleri istifa etti\" style=\"width: 166px; height: 221px;\" \/> <\/a> <\/div> <\/div> <!-- close group --> <\/div> <!-- close row --> <\/div><\/p>\n","protected":false},"excerpt":{"rendered":"<p>\u0130Y\u0130 PART\u0130\u2019N\u0130N SARI\u00c7AM \u0130L\u00c7E KURUCU Y\u00d6NET\u0130M KURULU \u00dcYELER\u0130 PART\u0130 \u0130\u00c7ER\u0130S\u0130NDEK\u0130 HUZURSUZLUKLARI VE USULS\u00dcZL\u00dcKLER\u0130 GEREK\u00c7E G\u00d6STEREREK \u0130ST\u0130FA ETT\u0130.<\/p>\n","protected":false},"author":1,"featured_media":6965,"comment_status":"closed","ping_status":"open","sticky":false,"template":"","format":"standard","meta":{"jetpack_post_was_ever_published":false,"_jetpack_newsletter_access":"","_jetpack_dont_email_post_to_subs":false,"_jetpack_newsletter_tier_id":0,"_jetpack_memberships_contains_paywalled_content":false,"_jetpack_memberships_contains_paid_content":false,"footnotes":"","jetpack_publicize_message":"","jetpack_publicize_feature_enabled":true,"jetpack_social_post_already_shared":false,"jetpack_social_options":{"image_generator_settings":{"template":"highway","default_image_id":0,"font":"","enabled":false},"version":2}},"categories":[9],"tags":[207,511,31,1552,247,510,3667,3081,246],"class_list":["post-6964","post","type-post","status-publish","format-standard","has-post-thumbnail","hentry","category-siyaset","tag-etti","tag-ilce","tag-istifa","tag-iyi","tag-kurulu","tag-parti","tag-saricam","tag-uyeleri","tag-yonetim"],"jetpack_publicize_connections":[],"jetpack_featured_media_url":"https:\/\/i0.wp.com\/www.tvturk.com\/wp-content\/uploads\/2019\/02\/iyi-parti-saricam-ilce-yonetim-kurulu-uyeleri-istifa-etti_9fc4b0f.jpg?fit=1000%2C666","jetpack_sharing_enabled":true,"jetpack_shortlink":"https:\/\/wp.me\/paKIfm-1Ok","_links":{"self":[{"href":"http:\/\/www.tvturk.com\/index.php\/wp-json\/wp\/v2\/posts\/6964","targetHints":{"allow":["GET"]}}],"collection":[{"href":"http:\/\/www.tvturk.com\/index.php\/wp-json\/wp\/v2\/posts"}],"about":[{"href":"http:\/\/www.tvturk.com\/index.php\/wp-json\/wp\/v2\/types\/post"}],"author":[{"embeddable":true,"href":"http:\/\/www.tvturk.com\/index.php\/wp-json\/wp\/v2\/users\/1"}],"replies":[{"embeddable":true,"href":"http:\/\/www.tvturk.com\/index.php\/wp-json\/wp\/v2\/comments?post=6964"}],"version-history":[{"count":1,"href":"http:\/\/www.tvturk.com\/index.php\/wp-json\/wp\/v2\/posts\/6964\/revisions"}],"predecessor-version":[{"id":6968,"href":"http:\/\/www.tvturk.com\/index.php\/wp-json\/wp\/v2\/posts\/6964\/revisions\/6968"}],"wp:featuredmedia":[{"embeddable":true,"href":"http:\/\/www.tvturk.com\/index.php\/wp-json\/wp\/v2\/media\/6965"}],"wp:attachment":[{"href":"http:\/\/www.tvturk.com\/index.php\/wp-json\/wp\/v2\/media?parent=6964"}],"wp:term":[{"taxonomy":"category","embeddable":true,"href":"http:\/\/www.tvturk.com\/index.php\/wp-json\/wp\/v2\/categories?post=6964"},{"taxonomy":"post_tag","embeddable":true,"href":"http:\/\/www.tvturk.com\/index.php\/wp-json\/wp\/v2\/tags?post=6964"}],"curies":[{"name":"wp","href":"https:\/\/api.w.org\/{rel}","templated":true}]}}