{"id":69657,"date":"2019-03-04T11:31:17","date_gmt":"2019-03-04T08:31:17","guid":{"rendered":"http:\/\/www.tvturk.com\/index.php\/ozel-zamani-toplayan-koleksiyoncu-ramiz-aliyev\/"},"modified":"2019-03-04T11:31:28","modified_gmt":"2019-03-04T08:31:28","slug":"ozel-zamani-toplayan-koleksiyoncu-ramiz-aliyev","status":"publish","type":"post","link":"http:\/\/www.tvturk.com\/index.php\/ozel-zamani-toplayan-koleksiyoncu-ramiz-aliyev\/","title":{"rendered":"(\u00d6zel) \u201cZaman\u0131 toplayan\u201d koleksiyoncu Ramiz Aliyev"},"content":{"rendered":"<p>Azerbaycanl\u0131 koleksiyoncu Ramiz Aliyev\u2019in, 2 binin \u00fczerinde farkl\u0131 t\u00fcrdeki saatten olu\u015fan koleksiyonu g\u00f6renleri hayran b\u0131rak\u0131yor.<\/p>\n<p>Azerbaycan\u2019\u0131n ba\u015fkenti Bak\u00fc\u2019ye ba\u011fl\u0131 Ma\u015fta\u011fa k\u00f6y\u00fcnde ya\u015fayan koleksiyoncu Ramiz Aliyev\u2019in evindeki saat koleksiyonu bir m\u00fczeyi and\u0131r\u0131yor. Babas\u0131n\u0131n saat tamircisi olmas\u0131 nedeniyle saatlere ilgi duymaya ba\u015flayan Aliyev\u2019in, babas\u0131n\u0131n an\u0131s\u0131na 2 binden fazla saatten olu\u015fan koleksiyonu g\u00f6renleri hayran b\u0131rak\u0131yor. 1800\u2019l\u00fc y\u0131llardan kalma tarihi \u00f6zellikler ta\u015f\u0131yan saatlerin bulundu\u011fu koleksiyonda masa, duvar, cep ve fanuslu saatler dikkat \u00e7ekiyor.<\/p>\n<p>\u00c7e\u015fitli boyutlarda saatlerin yer ald\u0131\u011f\u0131 koleksiyonun bulundu\u011fu oda, saatlerin \u00e7\u0131kard\u0131\u011f\u0131 seslerle yank\u0131lan\u0131yor. Zaman\u0131n\u0131n \u00e7o\u011funu bu odada ge\u00e7iren Aliyev, bozuk ve eski saatlerin tamir ve restorasyonunu yaparak koleksiyonuna kat\u0131yor.<\/p>\n<p>\u201cBabam\u0131n an\u0131s\u0131na bu m\u00fczeyi kurmaya karar verdim\u201d<\/p>\n<p>25 y\u0131ld\u0131r saat biriktirdi\u011fini belirten Ramiz Aliyev, \u201cKoleksiyonumda tahminen 2 bin, 2 bin 500\u2019den fazla saat var. Saatler Almanya, Fransa, Rusya, Japonya ve di\u011fer \u00fclkelerin mekanik saatleri var. Babam saat tamircisi oldu\u011fu i\u00e7in, onun an\u0131s\u0131na bu m\u00fczeyi kurmaya karar verdim\u201d dedi.<\/p>\n<p>\u201cHer saat bana ailem gibi\u201d<\/p>\n<p>Bozuk saatleri onararak bu koleksiyonu toplad\u0131\u011f\u0131n\u0131 vurgulayan Aliyev, \u201c\u00d6yle saat vard\u0131 ki, onu \u00e7\u00f6pe atm\u0131\u015flard\u0131. Ben onu ald\u0131m ve mekanik k\u0131s\u0131mlar\u0131n\u0131 tamir ederek \u00e7al\u0131\u015f\u0131r duruma getirdim. Koleksiyonuma \u00e7ok b\u00fcy\u00fck ilgi var. \u00c7ok adam gelip koleksiyonuma bak\u0131yor ve be\u011feniyor. Almak isteyen olursa da bu saatleri satmam. \u00c7\u00fcnk\u00fc ben bunlara \u00e7ok emek harcad\u0131m. Her saat bana ailem gibi. Hangi saat g\u00f6sterirseniz ben onda neler yapt\u0131\u011f\u0131m\u0131 s\u00f6yleyebilirim\u201d ifadelerini kulland\u0131.<\/p>\n<p>Koleksiyonunda 1800\u2019l\u00fc y\u0131llardan kalma saatler oldu\u011funu belirten Aliyev, \u201cKoleksiyonumda yeni yap\u0131lanlar\u0131n yan\u0131 s\u0131ra 1800\u2019l\u00fc y\u0131llardan kalma saatler de var. 200\u2019den fazla ya\u015f\u0131 olan saatler var burada. Ancak onlar h\u00e2l\u00e2 \u00e7al\u0131\u015f\u0131yor. Bunlar iyi saatler. Ge\u00e7mi\u015fte \u00e7ok iyi ustalar vard\u0131. Onlar\u0131n yapt\u0131\u011f\u0131 saatler \u015fimdi bile \u00e7al\u0131\u015f\u0131yor\u201d diye konu\u015ftu.<div class=\"tiled-gallery type-rectangular tiled-gallery-unresized\" data-original-width=\"500\" data-carousel-extra='null' itemscope itemtype=\"http:\/\/schema.org\/ImageGallery\" > <div class=\"gallery-row\" style=\"width: 500px; height: 223px;\" data-original-width=\"500\" data-original-height=\"223\" > <div class=\"gallery-group images-1\" style=\"width: 334px; height: 223px;\" data-original-width=\"334\" data-original-height=\"223\" > <div class=\"tiled-gallery-item tiled-gallery-item-large\" itemprop=\"associatedMedia\" itemscope itemtype=\"http:\/\/schema.org\/ImageObject\"> <a href=\"http:\/\/www.tvturk.com\/index.php\/ozel-zamani-toplayan-koleksiyoncu-ramiz-aliyev\/ozel-zamani-toplayan-koleksiyoncu-ramiz-aliyev-3\/\" border=\"0\" itemprop=\"url\"> <meta itemprop=\"width\" content=\"330\"> <meta itemprop=\"height\" content=\"219\"> <img decoding=\"async\" class=\"\" data-attachment-id=\"69659\" data-orig-file=\"http:\/\/www.tvturk.com\/wp-content\/uploads\/2019\/03\/ozel-zamani-toplayan-koleksiyoncu-ramiz-aliyev_141f12d.jpg\" data-orig-size=\"1000,665\" data-comments-opened=\"\" data-image-meta=\"{&quot;aperture&quot;:&quot;0&quot;,&quot;credit&quot;:&quot;IHA&quot;,&quot;camera&quot;:&quot;&quot;,&quot;caption&quot;:&quot;AZERBAYCANLI KOLEKS\\u0130YONCU RAM\\u0130Z AL\\u0130YEV\\u2019\\u0130N, 2 B\\u0130N\\u0130N \\u00dcZER\\u0130NDE FARKLI T\\u00dcRDEK\\u0130 SAATTEN OLU\\u015eAN KOLEKS\\u0130YONU G\\u00d6RENLER\\u0130 HAYRAN BIRAKIYOR. (KAM\\u0130L NAD\\u0130RL\\u0130\\\/BAK\\u00dc-\\u0130HA)&quot;,&quot;created_timestamp&quot;:&quot;0&quot;,&quot;copyright&quot;:&quot;\\u0130HLAS HABER AJANSI, www.iha.com.tr&quot;,&quot;focal_length&quot;:&quot;0&quot;,&quot;iso&quot;:&quot;0&quot;,&quot;shutter_speed&quot;:&quot;0&quot;,&quot;title&quot;:&quot;(\\u00d6ZEL) \\u201cZAMANI TOPLAYAN\\u201d KOLEKS\\u0130YONCU RAM\\u0130Z AL\\u0130YEV BU EVDE 2 B\\u0130N\\u0130N \\u00dcZER\\u0130NDE SAAT VAR&quot;,&quot;orientation&quot;:&quot;0&quot;}\" data-image-title=\"(\u00d6zel) \u201cZaman\u0131 toplayan\u201d koleksiyoncu Ramiz Aliyev\" data-image-description=\"&lt;p&gt;(\u00d6zel) \u201cZaman\u0131 toplayan\u201d koleksiyoncu Ramiz Aliyev&lt;\/p&gt; \" data-medium-file=\"https:\/\/i0.wp.com\/www.tvturk.com\/wp-content\/uploads\/2019\/03\/ozel-zamani-toplayan-koleksiyoncu-ramiz-aliyev_141f12d.jpg?fit=300%2C200\" data-large-file=\"https:\/\/i0.wp.com\/www.tvturk.com\/wp-content\/uploads\/2019\/03\/ozel-zamani-toplayan-koleksiyoncu-ramiz-aliyev_141f12d.jpg?fit=1000%2C665\" src=\"https:\/\/i0.wp.com\/www.tvturk.com\/wp-content\/uploads\/2019\/03\/ozel-zamani-toplayan-koleksiyoncu-ramiz-aliyev_141f12d.jpg?w=330&#038;h=219\" srcset=\"https:\/\/i0.wp.com\/www.tvturk.com\/wp-content\/uploads\/2019\/03\/ozel-zamani-toplayan-koleksiyoncu-ramiz-aliyev_141f12d.jpg?w=1000 1000w, https:\/\/i0.wp.com\/www.tvturk.com\/wp-content\/uploads\/2019\/03\/ozel-zamani-toplayan-koleksiyoncu-ramiz-aliyev_141f12d.jpg?resize=150%2C100 150w, https:\/\/i0.wp.com\/www.tvturk.com\/wp-content\/uploads\/2019\/03\/ozel-zamani-toplayan-koleksiyoncu-ramiz-aliyev_141f12d.jpg?resize=300%2C200 300w, https:\/\/i0.wp.com\/www.tvturk.com\/wp-content\/uploads\/2019\/03\/ozel-zamani-toplayan-koleksiyoncu-ramiz-aliyev_141f12d.jpg?resize=768%2C511 768w, https:\/\/i0.wp.com\/www.tvturk.com\/wp-content\/uploads\/2019\/03\/ozel-zamani-toplayan-koleksiyoncu-ramiz-aliyev_141f12d.jpg?resize=170%2C113 170w, https:\/\/i0.wp.com\/www.tvturk.com\/wp-content\/uploads\/2019\/03\/ozel-zamani-toplayan-koleksiyoncu-ramiz-aliyev_141f12d.jpg?resize=120%2C80 120w\" width=\"330\" height=\"219\" loading=\"lazy\" data-original-width=\"330\" data-original-height=\"219\" itemprop=\"http:\/\/schema.org\/image\" title=\"(\u00d6zel) \u201cZaman\u0131 toplayan\u201d koleksiyoncu Ramiz Aliyev\" alt=\"(\u00d6zel) \u201cZaman\u0131 toplayan\u201d koleksiyoncu Ramiz Aliyev\" style=\"width: 330px; height: 219px;\" \/> <\/a> <\/div> <\/div> <!-- close group --> <div class=\"gallery-group images-2\" style=\"width: 166px; height: 223px;\" data-original-width=\"166\" data-original-height=\"223\" > <div class=\"tiled-gallery-item tiled-gallery-item-small\" itemprop=\"associatedMedia\" itemscope itemtype=\"http:\/\/schema.org\/ImageObject\"> <a href=\"http:\/\/www.tvturk.com\/index.php\/ozel-zamani-toplayan-koleksiyoncu-ramiz-aliyev\/ozel-zamani-toplayan-koleksiyoncu-ramiz-aliyev-4\/\" border=\"0\" itemprop=\"url\"> <meta itemprop=\"width\" content=\"162\"> <meta itemprop=\"height\" content=\"108\"> <img decoding=\"async\" class=\"\" data-attachment-id=\"69660\" data-orig-file=\"http:\/\/www.tvturk.com\/wp-content\/uploads\/2019\/03\/ozel-zamani-toplayan-koleksiyoncu-ramiz-aliyev_aeeecd7.jpg\" data-orig-size=\"1000,665\" data-comments-opened=\"\" data-image-meta=\"{&quot;aperture&quot;:&quot;0&quot;,&quot;credit&quot;:&quot;IHA&quot;,&quot;camera&quot;:&quot;&quot;,&quot;caption&quot;:&quot;AZERBAYCANLI KOLEKS\\u0130YONCU RAM\\u0130Z AL\\u0130YEV\\u2019\\u0130N, 2 B\\u0130N\\u0130N \\u00dcZER\\u0130NDE FARKLI T\\u00dcRDEK\\u0130 SAATTEN OLU\\u015eAN KOLEKS\\u0130YONU G\\u00d6RENLER\\u0130 HAYRAN BIRAKIYOR. (KAM\\u0130L NAD\\u0130RL\\u0130\\\/BAK\\u00dc-\\u0130HA)&quot;,&quot;created_timestamp&quot;:&quot;0&quot;,&quot;copyright&quot;:&quot;\\u0130HLAS HABER AJANSI, www.iha.com.tr&quot;,&quot;focal_length&quot;:&quot;0&quot;,&quot;iso&quot;:&quot;0&quot;,&quot;shutter_speed&quot;:&quot;0&quot;,&quot;title&quot;:&quot;(\\u00d6ZEL) \\u201cZAMANI TOPLAYAN\\u201d KOLEKS\\u0130YONCU RAM\\u0130Z AL\\u0130YEV BU EVDE 2 B\\u0130N\\u0130N \\u00dcZER\\u0130NDE SAAT VAR&quot;,&quot;orientation&quot;:&quot;0&quot;}\" data-image-title=\"(\u00d6zel) \u201cZaman\u0131 toplayan\u201d koleksiyoncu Ramiz Aliyev\" data-image-description=\"&lt;p&gt;(\u00d6zel) \u201cZaman\u0131 toplayan\u201d koleksiyoncu Ramiz Aliyev&lt;\/p&gt; \" data-medium-file=\"https:\/\/i0.wp.com\/www.tvturk.com\/wp-content\/uploads\/2019\/03\/ozel-zamani-toplayan-koleksiyoncu-ramiz-aliyev_aeeecd7.jpg?fit=300%2C200\" data-large-file=\"https:\/\/i0.wp.com\/www.tvturk.com\/wp-content\/uploads\/2019\/03\/ozel-zamani-toplayan-koleksiyoncu-ramiz-aliyev_aeeecd7.jpg?fit=1000%2C665\" src=\"https:\/\/i0.wp.com\/www.tvturk.com\/wp-content\/uploads\/2019\/03\/ozel-zamani-toplayan-koleksiyoncu-ramiz-aliyev_aeeecd7.jpg?w=162&#038;h=108\" srcset=\"https:\/\/i0.wp.com\/www.tvturk.com\/wp-content\/uploads\/2019\/03\/ozel-zamani-toplayan-koleksiyoncu-ramiz-aliyev_aeeecd7.jpg?w=1000 1000w, https:\/\/i0.wp.com\/www.tvturk.com\/wp-content\/uploads\/2019\/03\/ozel-zamani-toplayan-koleksiyoncu-ramiz-aliyev_aeeecd7.jpg?resize=150%2C100 150w, https:\/\/i0.wp.com\/www.tvturk.com\/wp-content\/uploads\/2019\/03\/ozel-zamani-toplayan-koleksiyoncu-ramiz-aliyev_aeeecd7.jpg?resize=300%2C200 300w, https:\/\/i0.wp.com\/www.tvturk.com\/wp-content\/uploads\/2019\/03\/ozel-zamani-toplayan-koleksiyoncu-ramiz-aliyev_aeeecd7.jpg?resize=768%2C511 768w, https:\/\/i0.wp.com\/www.tvturk.com\/wp-content\/uploads\/2019\/03\/ozel-zamani-toplayan-koleksiyoncu-ramiz-aliyev_aeeecd7.jpg?resize=170%2C113 170w, https:\/\/i0.wp.com\/www.tvturk.com\/wp-content\/uploads\/2019\/03\/ozel-zamani-toplayan-koleksiyoncu-ramiz-aliyev_aeeecd7.jpg?resize=120%2C80 120w\" width=\"162\" height=\"108\" loading=\"lazy\" data-original-width=\"162\" data-original-height=\"108\" itemprop=\"http:\/\/schema.org\/image\" title=\"(\u00d6zel) \u201cZaman\u0131 toplayan\u201d koleksiyoncu Ramiz Aliyev\" alt=\"(\u00d6zel) \u201cZaman\u0131 toplayan\u201d koleksiyoncu Ramiz Aliyev\" style=\"width: 162px; height: 108px;\" \/> <\/a> <\/div> <div class=\"tiled-gallery-item tiled-gallery-item-small\" itemprop=\"associatedMedia\" itemscope itemtype=\"http:\/\/schema.org\/ImageObject\"> <a href=\"http:\/\/www.tvturk.com\/index.php\/ozel-zamani-toplayan-koleksiyoncu-ramiz-aliyev\/ozel-zamani-toplayan-koleksiyoncu-ramiz-aliyev-5\/\" border=\"0\" itemprop=\"url\"> <meta itemprop=\"width\" content=\"162\"> <meta itemprop=\"height\" content=\"107\"> <img decoding=\"async\" class=\"\" data-attachment-id=\"69661\" data-orig-file=\"http:\/\/www.tvturk.com\/wp-content\/uploads\/2019\/03\/ozel-zamani-toplayan-koleksiyoncu-ramiz-aliyev_7ae4d2b.jpg\" data-orig-size=\"1000,665\" data-comments-opened=\"\" data-image-meta=\"{&quot;aperture&quot;:&quot;0&quot;,&quot;credit&quot;:&quot;IHA&quot;,&quot;camera&quot;:&quot;&quot;,&quot;caption&quot;:&quot;AZERBAYCANLI KOLEKS\\u0130YONCU RAM\\u0130Z AL\\u0130YEV\\u2019\\u0130N, 2 B\\u0130N\\u0130N \\u00dcZER\\u0130NDE FARKLI T\\u00dcRDEK\\u0130 SAATTEN OLU\\u015eAN KOLEKS\\u0130YONU G\\u00d6RENLER\\u0130 HAYRAN BIRAKIYOR. (KAM\\u0130L NAD\\u0130RL\\u0130\\\/BAK\\u00dc-\\u0130HA)&quot;,&quot;created_timestamp&quot;:&quot;0&quot;,&quot;copyright&quot;:&quot;\\u0130HLAS HABER AJANSI, www.iha.com.tr&quot;,&quot;focal_length&quot;:&quot;0&quot;,&quot;iso&quot;:&quot;0&quot;,&quot;shutter_speed&quot;:&quot;0&quot;,&quot;title&quot;:&quot;(\\u00d6ZEL) \\u201cZAMANI TOPLAYAN\\u201d KOLEKS\\u0130YONCU RAM\\u0130Z AL\\u0130YEV BU EVDE 2 B\\u0130N\\u0130N \\u00dcZER\\u0130NDE SAAT VAR&quot;,&quot;orientation&quot;:&quot;0&quot;}\" data-image-title=\"(\u00d6zel) \u201cZaman\u0131 toplayan\u201d koleksiyoncu Ramiz Aliyev\" data-image-description=\"&lt;p&gt;(\u00d6zel) \u201cZaman\u0131 toplayan\u201d koleksiyoncu Ramiz Aliyev&lt;\/p&gt; \" data-medium-file=\"https:\/\/i0.wp.com\/www.tvturk.com\/wp-content\/uploads\/2019\/03\/ozel-zamani-toplayan-koleksiyoncu-ramiz-aliyev_7ae4d2b.jpg?fit=300%2C200\" data-large-file=\"https:\/\/i0.wp.com\/www.tvturk.com\/wp-content\/uploads\/2019\/03\/ozel-zamani-toplayan-koleksiyoncu-ramiz-aliyev_7ae4d2b.jpg?fit=1000%2C665\" src=\"https:\/\/i0.wp.com\/www.tvturk.com\/wp-content\/uploads\/2019\/03\/ozel-zamani-toplayan-koleksiyoncu-ramiz-aliyev_7ae4d2b.jpg?w=162&#038;h=107\" srcset=\"https:\/\/i0.wp.com\/www.tvturk.com\/wp-content\/uploads\/2019\/03\/ozel-zamani-toplayan-koleksiyoncu-ramiz-aliyev_7ae4d2b.jpg?w=1000 1000w, https:\/\/i0.wp.com\/www.tvturk.com\/wp-content\/uploads\/2019\/03\/ozel-zamani-toplayan-koleksiyoncu-ramiz-aliyev_7ae4d2b.jpg?resize=150%2C100 150w, https:\/\/i0.wp.com\/www.tvturk.com\/wp-content\/uploads\/2019\/03\/ozel-zamani-toplayan-koleksiyoncu-ramiz-aliyev_7ae4d2b.jpg?resize=300%2C200 300w, https:\/\/i0.wp.com\/www.tvturk.com\/wp-content\/uploads\/2019\/03\/ozel-zamani-toplayan-koleksiyoncu-ramiz-aliyev_7ae4d2b.jpg?resize=768%2C511 768w, https:\/\/i0.wp.com\/www.tvturk.com\/wp-content\/uploads\/2019\/03\/ozel-zamani-toplayan-koleksiyoncu-ramiz-aliyev_7ae4d2b.jpg?resize=170%2C113 170w, https:\/\/i0.wp.com\/www.tvturk.com\/wp-content\/uploads\/2019\/03\/ozel-zamani-toplayan-koleksiyoncu-ramiz-aliyev_7ae4d2b.jpg?resize=120%2C80 120w\" width=\"162\" height=\"107\" loading=\"lazy\" data-original-width=\"162\" data-original-height=\"107\" itemprop=\"http:\/\/schema.org\/image\" title=\"(\u00d6zel) \u201cZaman\u0131 toplayan\u201d koleksiyoncu Ramiz Aliyev\" alt=\"(\u00d6zel) \u201cZaman\u0131 toplayan\u201d koleksiyoncu Ramiz Aliyev\" style=\"width: 162px; height: 107px;\" \/> <\/a> <\/div> <\/div> <!-- close group --> <\/div> <!-- close row --> <div class=\"gallery-row\" style=\"width: 500px; height: 112px;\" data-original-width=\"500\" data-original-height=\"112\" > <div class=\"gallery-group images-1\" style=\"width: 167px; height: 112px;\" data-original-width=\"167\" data-original-height=\"112\" > <div class=\"tiled-gallery-item tiled-gallery-item-small\" itemprop=\"associatedMedia\" itemscope itemtype=\"http:\/\/schema.org\/ImageObject\"> <a href=\"http:\/\/www.tvturk.com\/index.php\/ozel-zamani-toplayan-koleksiyoncu-ramiz-aliyev\/ozel-zamani-toplayan-koleksiyoncu-ramiz-aliyev-6\/\" border=\"0\" itemprop=\"url\"> <meta itemprop=\"width\" content=\"163\"> <meta itemprop=\"height\" content=\"108\"> <img decoding=\"async\" class=\"\" data-attachment-id=\"69662\" data-orig-file=\"http:\/\/www.tvturk.com\/wp-content\/uploads\/2019\/03\/ozel-zamani-toplayan-koleksiyoncu-ramiz-aliyev_b46820b.jpg\" data-orig-size=\"1000,665\" data-comments-opened=\"\" data-image-meta=\"{&quot;aperture&quot;:&quot;0&quot;,&quot;credit&quot;:&quot;IHA&quot;,&quot;camera&quot;:&quot;&quot;,&quot;caption&quot;:&quot;AZERBAYCANLI KOLEKS\\u0130YONCU RAM\\u0130Z AL\\u0130YEV\\u2019\\u0130N, 2 B\\u0130N\\u0130N \\u00dcZER\\u0130NDE FARKLI T\\u00dcRDEK\\u0130 SAATTEN OLU\\u015eAN KOLEKS\\u0130YONU G\\u00d6RENLER\\u0130 HAYRAN BIRAKIYOR. (KAM\\u0130L NAD\\u0130RL\\u0130\\\/BAK\\u00dc-\\u0130HA)&quot;,&quot;created_timestamp&quot;:&quot;0&quot;,&quot;copyright&quot;:&quot;\\u0130HLAS HABER AJANSI, www.iha.com.tr&quot;,&quot;focal_length&quot;:&quot;0&quot;,&quot;iso&quot;:&quot;0&quot;,&quot;shutter_speed&quot;:&quot;0&quot;,&quot;title&quot;:&quot;(\\u00d6ZEL) \\u201cZAMANI TOPLAYAN\\u201d KOLEKS\\u0130YONCU RAM\\u0130Z AL\\u0130YEV BU EVDE 2 B\\u0130N\\u0130N \\u00dcZER\\u0130NDE SAAT VAR&quot;,&quot;orientation&quot;:&quot;0&quot;}\" data-image-title=\"(\u00d6zel) \u201cZaman\u0131 toplayan\u201d koleksiyoncu Ramiz Aliyev\" data-image-description=\"&lt;p&gt;(\u00d6zel) \u201cZaman\u0131 toplayan\u201d koleksiyoncu Ramiz Aliyev&lt;\/p&gt; \" data-medium-file=\"https:\/\/i0.wp.com\/www.tvturk.com\/wp-content\/uploads\/2019\/03\/ozel-zamani-toplayan-koleksiyoncu-ramiz-aliyev_b46820b.jpg?fit=300%2C200\" data-large-file=\"https:\/\/i0.wp.com\/www.tvturk.com\/wp-content\/uploads\/2019\/03\/ozel-zamani-toplayan-koleksiyoncu-ramiz-aliyev_b46820b.jpg?fit=1000%2C665\" src=\"https:\/\/i0.wp.com\/www.tvturk.com\/wp-content\/uploads\/2019\/03\/ozel-zamani-toplayan-koleksiyoncu-ramiz-aliyev_b46820b.jpg?w=163&#038;h=108\" srcset=\"https:\/\/i0.wp.com\/www.tvturk.com\/wp-content\/uploads\/2019\/03\/ozel-zamani-toplayan-koleksiyoncu-ramiz-aliyev_b46820b.jpg?w=1000 1000w, https:\/\/i0.wp.com\/www.tvturk.com\/wp-content\/uploads\/2019\/03\/ozel-zamani-toplayan-koleksiyoncu-ramiz-aliyev_b46820b.jpg?resize=150%2C100 150w, https:\/\/i0.wp.com\/www.tvturk.com\/wp-content\/uploads\/2019\/03\/ozel-zamani-toplayan-koleksiyoncu-ramiz-aliyev_b46820b.jpg?resize=300%2C200 300w, https:\/\/i0.wp.com\/www.tvturk.com\/wp-content\/uploads\/2019\/03\/ozel-zamani-toplayan-koleksiyoncu-ramiz-aliyev_b46820b.jpg?resize=768%2C511 768w, https:\/\/i0.wp.com\/www.tvturk.com\/wp-content\/uploads\/2019\/03\/ozel-zamani-toplayan-koleksiyoncu-ramiz-aliyev_b46820b.jpg?resize=170%2C113 170w, https:\/\/i0.wp.com\/www.tvturk.com\/wp-content\/uploads\/2019\/03\/ozel-zamani-toplayan-koleksiyoncu-ramiz-aliyev_b46820b.jpg?resize=120%2C80 120w\" width=\"163\" height=\"108\" loading=\"lazy\" data-original-width=\"163\" data-original-height=\"108\" itemprop=\"http:\/\/schema.org\/image\" title=\"(\u00d6zel) \u201cZaman\u0131 toplayan\u201d koleksiyoncu Ramiz Aliyev\" alt=\"(\u00d6zel) \u201cZaman\u0131 toplayan\u201d koleksiyoncu Ramiz Aliyev\" style=\"width: 163px; height: 108px;\" \/> <\/a> <\/div> <\/div> <!-- close group --> <div class=\"gallery-group images-1\" style=\"width: 167px; height: 112px;\" data-original-width=\"167\" data-original-height=\"112\" > <div class=\"tiled-gallery-item tiled-gallery-item-small\" itemprop=\"associatedMedia\" itemscope itemtype=\"http:\/\/schema.org\/ImageObject\"> <a href=\"http:\/\/www.tvturk.com\/index.php\/ozel-zamani-toplayan-koleksiyoncu-ramiz-aliyev\/ozel-zamani-toplayan-koleksiyoncu-ramiz-aliyev-7\/\" border=\"0\" itemprop=\"url\"> <meta itemprop=\"width\" content=\"163\"> <meta itemprop=\"height\" content=\"108\"> <img decoding=\"async\" class=\"\" data-attachment-id=\"69663\" data-orig-file=\"http:\/\/www.tvturk.com\/wp-content\/uploads\/2019\/03\/ozel-zamani-toplayan-koleksiyoncu-ramiz-aliyev_e1164a8.jpg\" data-orig-size=\"1000,665\" data-comments-opened=\"\" data-image-meta=\"{&quot;aperture&quot;:&quot;0&quot;,&quot;credit&quot;:&quot;IHA&quot;,&quot;camera&quot;:&quot;&quot;,&quot;caption&quot;:&quot;AZERBAYCANLI KOLEKS\\u0130YONCU RAM\\u0130Z AL\\u0130YEV\\u2019\\u0130N, 2 B\\u0130N\\u0130N \\u00dcZER\\u0130NDE FARKLI T\\u00dcRDEK\\u0130 SAATTEN OLU\\u015eAN KOLEKS\\u0130YONU G\\u00d6RENLER\\u0130 HAYRAN BIRAKIYOR. (KAM\\u0130L NAD\\u0130RL\\u0130\\\/BAK\\u00dc-\\u0130HA)&quot;,&quot;created_timestamp&quot;:&quot;0&quot;,&quot;copyright&quot;:&quot;\\u0130HLAS HABER AJANSI, www.iha.com.tr&quot;,&quot;focal_length&quot;:&quot;0&quot;,&quot;iso&quot;:&quot;0&quot;,&quot;shutter_speed&quot;:&quot;0&quot;,&quot;title&quot;:&quot;(\\u00d6ZEL) \\u201cZAMANI TOPLAYAN\\u201d KOLEKS\\u0130YONCU RAM\\u0130Z AL\\u0130YEV BU EVDE 2 B\\u0130N\\u0130N \\u00dcZER\\u0130NDE SAAT VAR&quot;,&quot;orientation&quot;:&quot;0&quot;}\" data-image-title=\"(\u00d6zel) \u201cZaman\u0131 toplayan\u201d koleksiyoncu Ramiz Aliyev\" data-image-description=\"&lt;p&gt;(\u00d6zel) \u201cZaman\u0131 toplayan\u201d koleksiyoncu Ramiz Aliyev&lt;\/p&gt; \" data-medium-file=\"https:\/\/i0.wp.com\/www.tvturk.com\/wp-content\/uploads\/2019\/03\/ozel-zamani-toplayan-koleksiyoncu-ramiz-aliyev_e1164a8.jpg?fit=300%2C200\" data-large-file=\"https:\/\/i0.wp.com\/www.tvturk.com\/wp-content\/uploads\/2019\/03\/ozel-zamani-toplayan-koleksiyoncu-ramiz-aliyev_e1164a8.jpg?fit=1000%2C665\" src=\"https:\/\/i0.wp.com\/www.tvturk.com\/wp-content\/uploads\/2019\/03\/ozel-zamani-toplayan-koleksiyoncu-ramiz-aliyev_e1164a8.jpg?w=163&#038;h=108\" srcset=\"https:\/\/i0.wp.com\/www.tvturk.com\/wp-content\/uploads\/2019\/03\/ozel-zamani-toplayan-koleksiyoncu-ramiz-aliyev_e1164a8.jpg?w=1000 1000w, https:\/\/i0.wp.com\/www.tvturk.com\/wp-content\/uploads\/2019\/03\/ozel-zamani-toplayan-koleksiyoncu-ramiz-aliyev_e1164a8.jpg?resize=150%2C100 150w, https:\/\/i0.wp.com\/www.tvturk.com\/wp-content\/uploads\/2019\/03\/ozel-zamani-toplayan-koleksiyoncu-ramiz-aliyev_e1164a8.jpg?resize=300%2C200 300w, https:\/\/i0.wp.com\/www.tvturk.com\/wp-content\/uploads\/2019\/03\/ozel-zamani-toplayan-koleksiyoncu-ramiz-aliyev_e1164a8.jpg?resize=768%2C511 768w, https:\/\/i0.wp.com\/www.tvturk.com\/wp-content\/uploads\/2019\/03\/ozel-zamani-toplayan-koleksiyoncu-ramiz-aliyev_e1164a8.jpg?resize=170%2C113 170w, https:\/\/i0.wp.com\/www.tvturk.com\/wp-content\/uploads\/2019\/03\/ozel-zamani-toplayan-koleksiyoncu-ramiz-aliyev_e1164a8.jpg?resize=120%2C80 120w\" width=\"163\" height=\"108\" loading=\"lazy\" data-original-width=\"163\" data-original-height=\"108\" itemprop=\"http:\/\/schema.org\/image\" title=\"(\u00d6zel) \u201cZaman\u0131 toplayan\u201d koleksiyoncu Ramiz Aliyev\" alt=\"(\u00d6zel) \u201cZaman\u0131 toplayan\u201d koleksiyoncu Ramiz Aliyev\" style=\"width: 163px; height: 108px;\" \/> <\/a> <\/div> <\/div> <!-- close group --> <div class=\"gallery-group images-1\" style=\"width: 166px; height: 112px;\" data-original-width=\"166\" data-original-height=\"112\" > <div class=\"tiled-gallery-item tiled-gallery-item-small\" itemprop=\"associatedMedia\" itemscope itemtype=\"http:\/\/schema.org\/ImageObject\"> <a href=\"http:\/\/www.tvturk.com\/index.php\/ozel-zamani-toplayan-koleksiyoncu-ramiz-aliyev\/ozel-zamani-toplayan-koleksiyoncu-ramiz-aliyev-8\/\" border=\"0\" itemprop=\"url\"> <meta itemprop=\"width\" content=\"162\"> <meta itemprop=\"height\" content=\"108\"> <img decoding=\"async\" class=\"\" data-attachment-id=\"69664\" data-orig-file=\"http:\/\/www.tvturk.com\/wp-content\/uploads\/2019\/03\/ozel-zamani-toplayan-koleksiyoncu-ramiz-aliyev_2513d5f.jpg\" data-orig-size=\"1000,665\" data-comments-opened=\"\" data-image-meta=\"{&quot;aperture&quot;:&quot;0&quot;,&quot;credit&quot;:&quot;IHA&quot;,&quot;camera&quot;:&quot;&quot;,&quot;caption&quot;:&quot;AZERBAYCANLI KOLEKS\\u0130YONCU RAM\\u0130Z AL\\u0130YEV\\u2019\\u0130N, 2 B\\u0130N\\u0130N \\u00dcZER\\u0130NDE FARKLI T\\u00dcRDEK\\u0130 SAATTEN OLU\\u015eAN KOLEKS\\u0130YONU G\\u00d6RENLER\\u0130 HAYRAN BIRAKIYOR. (KAM\\u0130L NAD\\u0130RL\\u0130\\\/BAK\\u00dc-\\u0130HA)&quot;,&quot;created_timestamp&quot;:&quot;0&quot;,&quot;copyright&quot;:&quot;\\u0130HLAS HABER AJANSI, www.iha.com.tr&quot;,&quot;focal_length&quot;:&quot;0&quot;,&quot;iso&quot;:&quot;0&quot;,&quot;shutter_speed&quot;:&quot;0&quot;,&quot;title&quot;:&quot;(\\u00d6ZEL) \\u201cZAMANI TOPLAYAN\\u201d KOLEKS\\u0130YONCU RAM\\u0130Z AL\\u0130YEV BU EVDE 2 B\\u0130N\\u0130N \\u00dcZER\\u0130NDE SAAT VAR&quot;,&quot;orientation&quot;:&quot;0&quot;}\" data-image-title=\"(\u00d6zel) \u201cZaman\u0131 toplayan\u201d koleksiyoncu Ramiz Aliyev\" data-image-description=\"&lt;p&gt;(\u00d6zel) \u201cZaman\u0131 toplayan\u201d koleksiyoncu Ramiz Aliyev&lt;\/p&gt; \" data-medium-file=\"https:\/\/i0.wp.com\/www.tvturk.com\/wp-content\/uploads\/2019\/03\/ozel-zamani-toplayan-koleksiyoncu-ramiz-aliyev_2513d5f.jpg?fit=300%2C200\" data-large-file=\"https:\/\/i0.wp.com\/www.tvturk.com\/wp-content\/uploads\/2019\/03\/ozel-zamani-toplayan-koleksiyoncu-ramiz-aliyev_2513d5f.jpg?fit=1000%2C665\" src=\"https:\/\/i0.wp.com\/www.tvturk.com\/wp-content\/uploads\/2019\/03\/ozel-zamani-toplayan-koleksiyoncu-ramiz-aliyev_2513d5f.jpg?w=162&#038;h=108\" srcset=\"https:\/\/i0.wp.com\/www.tvturk.com\/wp-content\/uploads\/2019\/03\/ozel-zamani-toplayan-koleksiyoncu-ramiz-aliyev_2513d5f.jpg?w=1000 1000w, https:\/\/i0.wp.com\/www.tvturk.com\/wp-content\/uploads\/2019\/03\/ozel-zamani-toplayan-koleksiyoncu-ramiz-aliyev_2513d5f.jpg?resize=150%2C100 150w, https:\/\/i0.wp.com\/www.tvturk.com\/wp-content\/uploads\/2019\/03\/ozel-zamani-toplayan-koleksiyoncu-ramiz-aliyev_2513d5f.jpg?resize=300%2C200 300w, https:\/\/i0.wp.com\/www.tvturk.com\/wp-content\/uploads\/2019\/03\/ozel-zamani-toplayan-koleksiyoncu-ramiz-aliyev_2513d5f.jpg?resize=768%2C511 768w, https:\/\/i0.wp.com\/www.tvturk.com\/wp-content\/uploads\/2019\/03\/ozel-zamani-toplayan-koleksiyoncu-ramiz-aliyev_2513d5f.jpg?resize=170%2C113 170w, https:\/\/i0.wp.com\/www.tvturk.com\/wp-content\/uploads\/2019\/03\/ozel-zamani-toplayan-koleksiyoncu-ramiz-aliyev_2513d5f.jpg?resize=120%2C80 120w\" width=\"162\" height=\"108\" loading=\"lazy\" data-original-width=\"162\" data-original-height=\"108\" itemprop=\"http:\/\/schema.org\/image\" title=\"(\u00d6zel) \u201cZaman\u0131 toplayan\u201d koleksiyoncu Ramiz Aliyev\" alt=\"(\u00d6zel) \u201cZaman\u0131 toplayan\u201d koleksiyoncu Ramiz Aliyev\" style=\"width: 162px; height: 108px;\" \/> <\/a> <\/div> <\/div> <!-- close group --> <\/div> <!-- close row --> <div class=\"gallery-row\" style=\"width: 500px; height: 223px;\" data-original-width=\"500\" data-original-height=\"223\" > <div class=\"gallery-group images-2\" style=\"width: 166px; height: 223px;\" data-original-width=\"166\" data-original-height=\"223\" > <div class=\"tiled-gallery-item tiled-gallery-item-small\" itemprop=\"associatedMedia\" itemscope itemtype=\"http:\/\/schema.org\/ImageObject\"> <a href=\"http:\/\/www.tvturk.com\/index.php\/ozel-zamani-toplayan-koleksiyoncu-ramiz-aliyev\/ozel-zamani-toplayan-koleksiyoncu-ramiz-aliyev-9\/\" border=\"0\" itemprop=\"url\"> <meta itemprop=\"width\" content=\"162\"> <meta itemprop=\"height\" content=\"108\"> <img decoding=\"async\" class=\"\" data-attachment-id=\"69665\" data-orig-file=\"http:\/\/www.tvturk.com\/wp-content\/uploads\/2019\/03\/ozel-zamani-toplayan-koleksiyoncu-ramiz-aliyev_b4bb284.jpg\" data-orig-size=\"1000,665\" data-comments-opened=\"\" data-image-meta=\"{&quot;aperture&quot;:&quot;0&quot;,&quot;credit&quot;:&quot;IHA&quot;,&quot;camera&quot;:&quot;&quot;,&quot;caption&quot;:&quot;AZERBAYCANLI KOLEKS\\u0130YONCU RAM\\u0130Z AL\\u0130YEV\\u2019\\u0130N, 2 B\\u0130N\\u0130N \\u00dcZER\\u0130NDE FARKLI T\\u00dcRDEK\\u0130 SAATTEN OLU\\u015eAN KOLEKS\\u0130YONU G\\u00d6RENLER\\u0130 HAYRAN BIRAKIYOR. (KAM\\u0130L NAD\\u0130RL\\u0130\\\/BAK\\u00dc-\\u0130HA)&quot;,&quot;created_timestamp&quot;:&quot;0&quot;,&quot;copyright&quot;:&quot;\\u0130HLAS HABER AJANSI, www.iha.com.tr&quot;,&quot;focal_length&quot;:&quot;0&quot;,&quot;iso&quot;:&quot;0&quot;,&quot;shutter_speed&quot;:&quot;0&quot;,&quot;title&quot;:&quot;(\\u00d6ZEL) \\u201cZAMANI TOPLAYAN\\u201d KOLEKS\\u0130YONCU RAM\\u0130Z AL\\u0130YEV BU EVDE 2 B\\u0130N\\u0130N \\u00dcZER\\u0130NDE SAAT VAR&quot;,&quot;orientation&quot;:&quot;0&quot;}\" data-image-title=\"(\u00d6zel) \u201cZaman\u0131 toplayan\u201d koleksiyoncu Ramiz Aliyev\" data-image-description=\"&lt;p&gt;(\u00d6zel) \u201cZaman\u0131 toplayan\u201d koleksiyoncu Ramiz Aliyev&lt;\/p&gt; \" data-medium-file=\"https:\/\/i0.wp.com\/www.tvturk.com\/wp-content\/uploads\/2019\/03\/ozel-zamani-toplayan-koleksiyoncu-ramiz-aliyev_b4bb284.jpg?fit=300%2C200\" data-large-file=\"https:\/\/i0.wp.com\/www.tvturk.com\/wp-content\/uploads\/2019\/03\/ozel-zamani-toplayan-koleksiyoncu-ramiz-aliyev_b4bb284.jpg?fit=1000%2C665\" src=\"https:\/\/i0.wp.com\/www.tvturk.com\/wp-content\/uploads\/2019\/03\/ozel-zamani-toplayan-koleksiyoncu-ramiz-aliyev_b4bb284.jpg?w=162&#038;h=108\" srcset=\"https:\/\/i0.wp.com\/www.tvturk.com\/wp-content\/uploads\/2019\/03\/ozel-zamani-toplayan-koleksiyoncu-ramiz-aliyev_b4bb284.jpg?w=1000 1000w, https:\/\/i0.wp.com\/www.tvturk.com\/wp-content\/uploads\/2019\/03\/ozel-zamani-toplayan-koleksiyoncu-ramiz-aliyev_b4bb284.jpg?resize=150%2C100 150w, https:\/\/i0.wp.com\/www.tvturk.com\/wp-content\/uploads\/2019\/03\/ozel-zamani-toplayan-koleksiyoncu-ramiz-aliyev_b4bb284.jpg?resize=300%2C200 300w, https:\/\/i0.wp.com\/www.tvturk.com\/wp-content\/uploads\/2019\/03\/ozel-zamani-toplayan-koleksiyoncu-ramiz-aliyev_b4bb284.jpg?resize=768%2C511 768w, https:\/\/i0.wp.com\/www.tvturk.com\/wp-content\/uploads\/2019\/03\/ozel-zamani-toplayan-koleksiyoncu-ramiz-aliyev_b4bb284.jpg?resize=170%2C113 170w, https:\/\/i0.wp.com\/www.tvturk.com\/wp-content\/uploads\/2019\/03\/ozel-zamani-toplayan-koleksiyoncu-ramiz-aliyev_b4bb284.jpg?resize=120%2C80 120w\" width=\"162\" height=\"108\" loading=\"lazy\" data-original-width=\"162\" data-original-height=\"108\" itemprop=\"http:\/\/schema.org\/image\" title=\"(\u00d6zel) \u201cZaman\u0131 toplayan\u201d koleksiyoncu Ramiz Aliyev\" alt=\"(\u00d6zel) \u201cZaman\u0131 toplayan\u201d koleksiyoncu Ramiz Aliyev\" style=\"width: 162px; height: 108px;\" \/> <\/a> <\/div> <div class=\"tiled-gallery-item tiled-gallery-item-small\" itemprop=\"associatedMedia\" itemscope itemtype=\"http:\/\/schema.org\/ImageObject\"> <a href=\"http:\/\/www.tvturk.com\/index.php\/ozel-zamani-toplayan-koleksiyoncu-ramiz-aliyev\/ozel-zamani-toplayan-koleksiyoncu-ramiz-aliyev-10\/\" border=\"0\" itemprop=\"url\"> <meta itemprop=\"width\" content=\"162\"> <meta itemprop=\"height\" content=\"107\"> <img decoding=\"async\" class=\"\" data-attachment-id=\"69666\" data-orig-file=\"http:\/\/www.tvturk.com\/wp-content\/uploads\/2019\/03\/ozel-zamani-toplayan-koleksiyoncu-ramiz-aliyev_0ad31c4.jpg\" data-orig-size=\"1000,665\" data-comments-opened=\"\" data-image-meta=\"{&quot;aperture&quot;:&quot;0&quot;,&quot;credit&quot;:&quot;IHA&quot;,&quot;camera&quot;:&quot;&quot;,&quot;caption&quot;:&quot;AZERBAYCANLI KOLEKS\\u0130YONCU RAM\\u0130Z AL\\u0130YEV\\u2019\\u0130N, 2 B\\u0130N\\u0130N \\u00dcZER\\u0130NDE FARKLI T\\u00dcRDEK\\u0130 SAATTEN OLU\\u015eAN KOLEKS\\u0130YONU G\\u00d6RENLER\\u0130 HAYRAN BIRAKIYOR. (KAM\\u0130L NAD\\u0130RL\\u0130\\\/BAK\\u00dc-\\u0130HA)&quot;,&quot;created_timestamp&quot;:&quot;0&quot;,&quot;copyright&quot;:&quot;\\u0130HLAS HABER AJANSI, www.iha.com.tr&quot;,&quot;focal_length&quot;:&quot;0&quot;,&quot;iso&quot;:&quot;0&quot;,&quot;shutter_speed&quot;:&quot;0&quot;,&quot;title&quot;:&quot;(\\u00d6ZEL) \\u201cZAMANI TOPLAYAN\\u201d KOLEKS\\u0130YONCU RAM\\u0130Z AL\\u0130YEV BU EVDE 2 B\\u0130N\\u0130N \\u00dcZER\\u0130NDE SAAT VAR&quot;,&quot;orientation&quot;:&quot;0&quot;}\" data-image-title=\"(\u00d6zel) \u201cZaman\u0131 toplayan\u201d koleksiyoncu Ramiz Aliyev\" data-image-description=\"&lt;p&gt;(\u00d6zel) \u201cZaman\u0131 toplayan\u201d koleksiyoncu Ramiz Aliyev&lt;\/p&gt; \" data-medium-file=\"https:\/\/i0.wp.com\/www.tvturk.com\/wp-content\/uploads\/2019\/03\/ozel-zamani-toplayan-koleksiyoncu-ramiz-aliyev_0ad31c4.jpg?fit=300%2C200\" data-large-file=\"https:\/\/i0.wp.com\/www.tvturk.com\/wp-content\/uploads\/2019\/03\/ozel-zamani-toplayan-koleksiyoncu-ramiz-aliyev_0ad31c4.jpg?fit=1000%2C665\" src=\"https:\/\/i0.wp.com\/www.tvturk.com\/wp-content\/uploads\/2019\/03\/ozel-zamani-toplayan-koleksiyoncu-ramiz-aliyev_0ad31c4.jpg?w=162&#038;h=107\" srcset=\"https:\/\/i0.wp.com\/www.tvturk.com\/wp-content\/uploads\/2019\/03\/ozel-zamani-toplayan-koleksiyoncu-ramiz-aliyev_0ad31c4.jpg?w=1000 1000w, https:\/\/i0.wp.com\/www.tvturk.com\/wp-content\/uploads\/2019\/03\/ozel-zamani-toplayan-koleksiyoncu-ramiz-aliyev_0ad31c4.jpg?resize=150%2C100 150w, https:\/\/i0.wp.com\/www.tvturk.com\/wp-content\/uploads\/2019\/03\/ozel-zamani-toplayan-koleksiyoncu-ramiz-aliyev_0ad31c4.jpg?resize=300%2C200 300w, https:\/\/i0.wp.com\/www.tvturk.com\/wp-content\/uploads\/2019\/03\/ozel-zamani-toplayan-koleksiyoncu-ramiz-aliyev_0ad31c4.jpg?resize=768%2C511 768w, https:\/\/i0.wp.com\/www.tvturk.com\/wp-content\/uploads\/2019\/03\/ozel-zamani-toplayan-koleksiyoncu-ramiz-aliyev_0ad31c4.jpg?resize=170%2C113 170w, https:\/\/i0.wp.com\/www.tvturk.com\/wp-content\/uploads\/2019\/03\/ozel-zamani-toplayan-koleksiyoncu-ramiz-aliyev_0ad31c4.jpg?resize=120%2C80 120w\" width=\"162\" height=\"107\" loading=\"lazy\" data-original-width=\"162\" data-original-height=\"107\" itemprop=\"http:\/\/schema.org\/image\" title=\"(\u00d6zel) \u201cZaman\u0131 toplayan\u201d koleksiyoncu Ramiz Aliyev\" alt=\"(\u00d6zel) \u201cZaman\u0131 toplayan\u201d koleksiyoncu Ramiz Aliyev\" style=\"width: 162px; height: 107px;\" \/> <\/a> <\/div> <\/div> <!-- close group --> <div class=\"gallery-group images-1\" style=\"width: 334px; height: 223px;\" data-original-width=\"334\" data-original-height=\"223\" > <div class=\"tiled-gallery-item tiled-gallery-item-large\" itemprop=\"associatedMedia\" itemscope itemtype=\"http:\/\/schema.org\/ImageObject\"> <a href=\"http:\/\/www.tvturk.com\/index.php\/ozel-zamani-toplayan-koleksiyoncu-ramiz-aliyev\/ozel-zamani-toplayan-koleksiyoncu-ramiz-aliyev-11\/\" border=\"0\" itemprop=\"url\"> <meta itemprop=\"width\" content=\"330\"> <meta itemprop=\"height\" content=\"219\"> <img decoding=\"async\" class=\"\" data-attachment-id=\"69667\" data-orig-file=\"http:\/\/www.tvturk.com\/wp-content\/uploads\/2019\/03\/ozel-zamani-toplayan-koleksiyoncu-ramiz-aliyev_4df596d.jpg\" data-orig-size=\"1000,665\" data-comments-opened=\"\" data-image-meta=\"{&quot;aperture&quot;:&quot;0&quot;,&quot;credit&quot;:&quot;IHA&quot;,&quot;camera&quot;:&quot;&quot;,&quot;caption&quot;:&quot;AZERBAYCANLI KOLEKS\\u0130YONCU RAM\\u0130Z AL\\u0130YEV\\u2019\\u0130N, 2 B\\u0130N\\u0130N \\u00dcZER\\u0130NDE FARKLI T\\u00dcRDEK\\u0130 SAATTEN OLU\\u015eAN KOLEKS\\u0130YONU G\\u00d6RENLER\\u0130 HAYRAN BIRAKIYOR. (KAM\\u0130L NAD\\u0130RL\\u0130\\\/BAK\\u00dc-\\u0130HA)&quot;,&quot;created_timestamp&quot;:&quot;0&quot;,&quot;copyright&quot;:&quot;\\u0130HLAS HABER AJANSI, www.iha.com.tr&quot;,&quot;focal_length&quot;:&quot;0&quot;,&quot;iso&quot;:&quot;0&quot;,&quot;shutter_speed&quot;:&quot;0&quot;,&quot;title&quot;:&quot;(\\u00d6ZEL) \\u201cZAMANI TOPLAYAN\\u201d KOLEKS\\u0130YONCU RAM\\u0130Z AL\\u0130YEV BU EVDE 2 B\\u0130N\\u0130N \\u00dcZER\\u0130NDE SAAT VAR&quot;,&quot;orientation&quot;:&quot;0&quot;}\" data-image-title=\"(\u00d6zel) \u201cZaman\u0131 toplayan\u201d koleksiyoncu Ramiz Aliyev\" data-image-description=\"&lt;p&gt;(\u00d6zel) \u201cZaman\u0131 toplayan\u201d koleksiyoncu Ramiz Aliyev&lt;\/p&gt; \" data-medium-file=\"https:\/\/i0.wp.com\/www.tvturk.com\/wp-content\/uploads\/2019\/03\/ozel-zamani-toplayan-koleksiyoncu-ramiz-aliyev_4df596d.jpg?fit=300%2C200\" data-large-file=\"https:\/\/i0.wp.com\/www.tvturk.com\/wp-content\/uploads\/2019\/03\/ozel-zamani-toplayan-koleksiyoncu-ramiz-aliyev_4df596d.jpg?fit=1000%2C665\" src=\"https:\/\/i0.wp.com\/www.tvturk.com\/wp-content\/uploads\/2019\/03\/ozel-zamani-toplayan-koleksiyoncu-ramiz-aliyev_4df596d.jpg?w=330&#038;h=219\" srcset=\"https:\/\/i0.wp.com\/www.tvturk.com\/wp-content\/uploads\/2019\/03\/ozel-zamani-toplayan-koleksiyoncu-ramiz-aliyev_4df596d.jpg?w=1000 1000w, https:\/\/i0.wp.com\/www.tvturk.com\/wp-content\/uploads\/2019\/03\/ozel-zamani-toplayan-koleksiyoncu-ramiz-aliyev_4df596d.jpg?resize=150%2C100 150w, https:\/\/i0.wp.com\/www.tvturk.com\/wp-content\/uploads\/2019\/03\/ozel-zamani-toplayan-koleksiyoncu-ramiz-aliyev_4df596d.jpg?resize=300%2C200 300w, https:\/\/i0.wp.com\/www.tvturk.com\/wp-content\/uploads\/2019\/03\/ozel-zamani-toplayan-koleksiyoncu-ramiz-aliyev_4df596d.jpg?resize=768%2C511 768w, https:\/\/i0.wp.com\/www.tvturk.com\/wp-content\/uploads\/2019\/03\/ozel-zamani-toplayan-koleksiyoncu-ramiz-aliyev_4df596d.jpg?resize=170%2C113 170w, https:\/\/i0.wp.com\/www.tvturk.com\/wp-content\/uploads\/2019\/03\/ozel-zamani-toplayan-koleksiyoncu-ramiz-aliyev_4df596d.jpg?resize=120%2C80 120w\" width=\"330\" height=\"219\" loading=\"lazy\" data-original-width=\"330\" data-original-height=\"219\" itemprop=\"http:\/\/schema.org\/image\" title=\"(\u00d6zel) \u201cZaman\u0131 toplayan\u201d koleksiyoncu Ramiz Aliyev\" alt=\"(\u00d6zel) \u201cZaman\u0131 toplayan\u201d koleksiyoncu Ramiz Aliyev\" style=\"width: 330px; height: 219px;\" \/> <\/a> <\/div> <\/div> <!-- close group --> <\/div> <!-- close row --> <div class=\"gallery-row\" style=\"width: 500px; height: 168px;\" data-original-width=\"500\" data-original-height=\"168\" > <div class=\"gallery-group images-1\" style=\"width: 250px; height: 168px;\" data-original-width=\"250\" data-original-height=\"168\" > <div class=\"tiled-gallery-item tiled-gallery-item-small\" itemprop=\"associatedMedia\" itemscope itemtype=\"http:\/\/schema.org\/ImageObject\"> <a href=\"http:\/\/www.tvturk.com\/index.php\/ozel-zamani-toplayan-koleksiyoncu-ramiz-aliyev\/ozel-zamani-toplayan-koleksiyoncu-ramiz-aliyev-12\/\" border=\"0\" itemprop=\"url\"> <meta itemprop=\"width\" content=\"246\"> <meta itemprop=\"height\" content=\"164\"> <img decoding=\"async\" class=\"\" data-attachment-id=\"69668\" data-orig-file=\"http:\/\/www.tvturk.com\/wp-content\/uploads\/2019\/03\/ozel-zamani-toplayan-koleksiyoncu-ramiz-aliyev_6fbb107.jpg\" data-orig-size=\"1000,665\" data-comments-opened=\"\" data-image-meta=\"{&quot;aperture&quot;:&quot;0&quot;,&quot;credit&quot;:&quot;IHA&quot;,&quot;camera&quot;:&quot;&quot;,&quot;caption&quot;:&quot;AZERBAYCANLI KOLEKS\\u0130YONCU RAM\\u0130Z AL\\u0130YEV\\u2019\\u0130N, 2 B\\u0130N\\u0130N \\u00dcZER\\u0130NDE FARKLI T\\u00dcRDEK\\u0130 SAATTEN OLU\\u015eAN KOLEKS\\u0130YONU G\\u00d6RENLER\\u0130 HAYRAN BIRAKIYOR. (KAM\\u0130L NAD\\u0130RL\\u0130\\\/BAK\\u00dc-\\u0130HA)&quot;,&quot;created_timestamp&quot;:&quot;0&quot;,&quot;copyright&quot;:&quot;\\u0130HLAS HABER AJANSI, www.iha.com.tr&quot;,&quot;focal_length&quot;:&quot;0&quot;,&quot;iso&quot;:&quot;0&quot;,&quot;shutter_speed&quot;:&quot;0&quot;,&quot;title&quot;:&quot;(\\u00d6ZEL) \\u201cZAMANI TOPLAYAN\\u201d KOLEKS\\u0130YONCU RAM\\u0130Z AL\\u0130YEV BU EVDE 2 B\\u0130N\\u0130N \\u00dcZER\\u0130NDE SAAT VAR&quot;,&quot;orientation&quot;:&quot;0&quot;}\" data-image-title=\"(\u00d6zel) \u201cZaman\u0131 toplayan\u201d koleksiyoncu Ramiz Aliyev\" data-image-description=\"&lt;p&gt;(\u00d6zel) \u201cZaman\u0131 toplayan\u201d koleksiyoncu Ramiz Aliyev&lt;\/p&gt; \" data-medium-file=\"https:\/\/i0.wp.com\/www.tvturk.com\/wp-content\/uploads\/2019\/03\/ozel-zamani-toplayan-koleksiyoncu-ramiz-aliyev_6fbb107.jpg?fit=300%2C200\" data-large-file=\"https:\/\/i0.wp.com\/www.tvturk.com\/wp-content\/uploads\/2019\/03\/ozel-zamani-toplayan-koleksiyoncu-ramiz-aliyev_6fbb107.jpg?fit=1000%2C665\" src=\"https:\/\/i0.wp.com\/www.tvturk.com\/wp-content\/uploads\/2019\/03\/ozel-zamani-toplayan-koleksiyoncu-ramiz-aliyev_6fbb107.jpg?w=246&#038;h=164\" srcset=\"https:\/\/i0.wp.com\/www.tvturk.com\/wp-content\/uploads\/2019\/03\/ozel-zamani-toplayan-koleksiyoncu-ramiz-aliyev_6fbb107.jpg?w=1000 1000w, https:\/\/i0.wp.com\/www.tvturk.com\/wp-content\/uploads\/2019\/03\/ozel-zamani-toplayan-koleksiyoncu-ramiz-aliyev_6fbb107.jpg?resize=150%2C100 150w, https:\/\/i0.wp.com\/www.tvturk.com\/wp-content\/uploads\/2019\/03\/ozel-zamani-toplayan-koleksiyoncu-ramiz-aliyev_6fbb107.jpg?resize=300%2C200 300w, https:\/\/i0.wp.com\/www.tvturk.com\/wp-content\/uploads\/2019\/03\/ozel-zamani-toplayan-koleksiyoncu-ramiz-aliyev_6fbb107.jpg?resize=768%2C511 768w, https:\/\/i0.wp.com\/www.tvturk.com\/wp-content\/uploads\/2019\/03\/ozel-zamani-toplayan-koleksiyoncu-ramiz-aliyev_6fbb107.jpg?resize=170%2C113 170w, https:\/\/i0.wp.com\/www.tvturk.com\/wp-content\/uploads\/2019\/03\/ozel-zamani-toplayan-koleksiyoncu-ramiz-aliyev_6fbb107.jpg?resize=120%2C80 120w\" width=\"246\" height=\"164\" loading=\"lazy\" data-original-width=\"246\" data-original-height=\"164\" itemprop=\"http:\/\/schema.org\/image\" title=\"(\u00d6zel) \u201cZaman\u0131 toplayan\u201d koleksiyoncu Ramiz Aliyev\" alt=\"(\u00d6zel) \u201cZaman\u0131 toplayan\u201d koleksiyoncu Ramiz Aliyev\" style=\"width: 246px; height: 164px;\" \/> <\/a> <\/div> <\/div> <!-- close group --> <div class=\"gallery-group images-1\" style=\"width: 250px; height: 168px;\" data-original-width=\"250\" data-original-height=\"168\" > <div class=\"tiled-gallery-item tiled-gallery-item-small\" itemprop=\"associatedMedia\" itemscope itemtype=\"http:\/\/schema.org\/ImageObject\"> <a href=\"http:\/\/www.tvturk.com\/index.php\/ozel-zamani-toplayan-koleksiyoncu-ramiz-aliyev\/ozel-zamani-toplayan-koleksiyoncu-ramiz-aliyev-13\/\" border=\"0\" itemprop=\"url\"> <meta itemprop=\"width\" content=\"246\"> <meta itemprop=\"height\" content=\"164\"> <img decoding=\"async\" class=\"\" data-attachment-id=\"69669\" data-orig-file=\"http:\/\/www.tvturk.com\/wp-content\/uploads\/2019\/03\/ozel-zamani-toplayan-koleksiyoncu-ramiz-aliyev_ff4ce4a.jpg\" data-orig-size=\"1000,665\" data-comments-opened=\"\" data-image-meta=\"{&quot;aperture&quot;:&quot;0&quot;,&quot;credit&quot;:&quot;IHA&quot;,&quot;camera&quot;:&quot;&quot;,&quot;caption&quot;:&quot;AZERBAYCANLI KOLEKS\\u0130YONCU RAM\\u0130Z AL\\u0130YEV\\u2019\\u0130N, 2 B\\u0130N\\u0130N \\u00dcZER\\u0130NDE FARKLI T\\u00dcRDEK\\u0130 SAATTEN OLU\\u015eAN KOLEKS\\u0130YONU G\\u00d6RENLER\\u0130 HAYRAN BIRAKIYOR. (KAM\\u0130L NAD\\u0130RL\\u0130\\\/BAK\\u00dc-\\u0130HA)&quot;,&quot;created_timestamp&quot;:&quot;0&quot;,&quot;copyright&quot;:&quot;\\u0130HLAS HABER AJANSI, www.iha.com.tr&quot;,&quot;focal_length&quot;:&quot;0&quot;,&quot;iso&quot;:&quot;0&quot;,&quot;shutter_speed&quot;:&quot;0&quot;,&quot;title&quot;:&quot;(\\u00d6ZEL) \\u201cZAMANI TOPLAYAN\\u201d KOLEKS\\u0130YONCU RAM\\u0130Z AL\\u0130YEV BU EVDE 2 B\\u0130N\\u0130N \\u00dcZER\\u0130NDE SAAT VAR&quot;,&quot;orientation&quot;:&quot;0&quot;}\" data-image-title=\"(\u00d6zel) \u201cZaman\u0131 toplayan\u201d koleksiyoncu Ramiz Aliyev\" data-image-description=\"&lt;p&gt;(\u00d6zel) \u201cZaman\u0131 toplayan\u201d koleksiyoncu Ramiz Aliyev&lt;\/p&gt; \" data-medium-file=\"https:\/\/i0.wp.com\/www.tvturk.com\/wp-content\/uploads\/2019\/03\/ozel-zamani-toplayan-koleksiyoncu-ramiz-aliyev_ff4ce4a.jpg?fit=300%2C200\" data-large-file=\"https:\/\/i0.wp.com\/www.tvturk.com\/wp-content\/uploads\/2019\/03\/ozel-zamani-toplayan-koleksiyoncu-ramiz-aliyev_ff4ce4a.jpg?fit=1000%2C665\" src=\"https:\/\/i0.wp.com\/www.tvturk.com\/wp-content\/uploads\/2019\/03\/ozel-zamani-toplayan-koleksiyoncu-ramiz-aliyev_ff4ce4a.jpg?w=246&#038;h=164\" srcset=\"https:\/\/i0.wp.com\/www.tvturk.com\/wp-content\/uploads\/2019\/03\/ozel-zamani-toplayan-koleksiyoncu-ramiz-aliyev_ff4ce4a.jpg?w=1000 1000w, https:\/\/i0.wp.com\/www.tvturk.com\/wp-content\/uploads\/2019\/03\/ozel-zamani-toplayan-koleksiyoncu-ramiz-aliyev_ff4ce4a.jpg?resize=150%2C100 150w, https:\/\/i0.wp.com\/www.tvturk.com\/wp-content\/uploads\/2019\/03\/ozel-zamani-toplayan-koleksiyoncu-ramiz-aliyev_ff4ce4a.jpg?resize=300%2C200 300w, https:\/\/i0.wp.com\/www.tvturk.com\/wp-content\/uploads\/2019\/03\/ozel-zamani-toplayan-koleksiyoncu-ramiz-aliyev_ff4ce4a.jpg?resize=768%2C511 768w, https:\/\/i0.wp.com\/www.tvturk.com\/wp-content\/uploads\/2019\/03\/ozel-zamani-toplayan-koleksiyoncu-ramiz-aliyev_ff4ce4a.jpg?resize=170%2C113 170w, https:\/\/i0.wp.com\/www.tvturk.com\/wp-content\/uploads\/2019\/03\/ozel-zamani-toplayan-koleksiyoncu-ramiz-aliyev_ff4ce4a.jpg?resize=120%2C80 120w\" width=\"246\" height=\"164\" loading=\"lazy\" data-original-width=\"246\" data-original-height=\"164\" itemprop=\"http:\/\/schema.org\/image\" title=\"(\u00d6zel) \u201cZaman\u0131 toplayan\u201d koleksiyoncu Ramiz Aliyev\" alt=\"(\u00d6zel) \u201cZaman\u0131 toplayan\u201d koleksiyoncu Ramiz Aliyev\" style=\"width: 246px; height: 164px;\" \/> <\/a> <\/div> <\/div> <!-- close group --> <\/div> <!-- close row --> <div class=\"gallery-row\" style=\"width: 500px; height: 116px;\" data-original-width=\"500\" data-original-height=\"116\" > <div class=\"gallery-group images-1\" style=\"width: 173px; height: 116px;\" data-original-width=\"173\" data-original-height=\"116\" > <div class=\"tiled-gallery-item tiled-gallery-item-small\" itemprop=\"associatedMedia\" itemscope itemtype=\"http:\/\/schema.org\/ImageObject\"> <a href=\"http:\/\/www.tvturk.com\/index.php\/ozel-zamani-toplayan-koleksiyoncu-ramiz-aliyev\/ozel-zamani-toplayan-koleksiyoncu-ramiz-aliyev-14\/\" border=\"0\" itemprop=\"url\"> <meta itemprop=\"width\" content=\"169\"> <meta itemprop=\"height\" content=\"112\"> <img decoding=\"async\" class=\"\" data-attachment-id=\"69670\" data-orig-file=\"http:\/\/www.tvturk.com\/wp-content\/uploads\/2019\/03\/ozel-zamani-toplayan-koleksiyoncu-ramiz-aliyev_d240521.jpg\" data-orig-size=\"1000,665\" data-comments-opened=\"\" data-image-meta=\"{&quot;aperture&quot;:&quot;0&quot;,&quot;credit&quot;:&quot;IHA&quot;,&quot;camera&quot;:&quot;&quot;,&quot;caption&quot;:&quot;AZERBAYCANLI KOLEKS\\u0130YONCU RAM\\u0130Z AL\\u0130YEV\\u2019\\u0130N, 2 B\\u0130N\\u0130N \\u00dcZER\\u0130NDE FARKLI T\\u00dcRDEK\\u0130 SAATTEN OLU\\u015eAN KOLEKS\\u0130YONU G\\u00d6RENLER\\u0130 HAYRAN BIRAKIYOR. (KAM\\u0130L NAD\\u0130RL\\u0130\\\/BAK\\u00dc-\\u0130HA)&quot;,&quot;created_timestamp&quot;:&quot;0&quot;,&quot;copyright&quot;:&quot;\\u0130HLAS HABER AJANSI, www.iha.com.tr&quot;,&quot;focal_length&quot;:&quot;0&quot;,&quot;iso&quot;:&quot;0&quot;,&quot;shutter_speed&quot;:&quot;0&quot;,&quot;title&quot;:&quot;(\\u00d6ZEL) \\u201cZAMANI TOPLAYAN\\u201d KOLEKS\\u0130YONCU RAM\\u0130Z AL\\u0130YEV BU EVDE 2 B\\u0130N\\u0130N \\u00dcZER\\u0130NDE SAAT VAR&quot;,&quot;orientation&quot;:&quot;0&quot;}\" data-image-title=\"(\u00d6zel) \u201cZaman\u0131 toplayan\u201d koleksiyoncu Ramiz Aliyev\" data-image-description=\"&lt;p&gt;(\u00d6zel) \u201cZaman\u0131 toplayan\u201d koleksiyoncu Ramiz Aliyev&lt;\/p&gt; \" data-medium-file=\"https:\/\/i0.wp.com\/www.tvturk.com\/wp-content\/uploads\/2019\/03\/ozel-zamani-toplayan-koleksiyoncu-ramiz-aliyev_d240521.jpg?fit=300%2C200\" data-large-file=\"https:\/\/i0.wp.com\/www.tvturk.com\/wp-content\/uploads\/2019\/03\/ozel-zamani-toplayan-koleksiyoncu-ramiz-aliyev_d240521.jpg?fit=1000%2C665\" src=\"https:\/\/i0.wp.com\/www.tvturk.com\/wp-content\/uploads\/2019\/03\/ozel-zamani-toplayan-koleksiyoncu-ramiz-aliyev_d240521.jpg?w=169&#038;h=112\" srcset=\"https:\/\/i0.wp.com\/www.tvturk.com\/wp-content\/uploads\/2019\/03\/ozel-zamani-toplayan-koleksiyoncu-ramiz-aliyev_d240521.jpg?w=1000 1000w, https:\/\/i0.wp.com\/www.tvturk.com\/wp-content\/uploads\/2019\/03\/ozel-zamani-toplayan-koleksiyoncu-ramiz-aliyev_d240521.jpg?resize=150%2C100 150w, https:\/\/i0.wp.com\/www.tvturk.com\/wp-content\/uploads\/2019\/03\/ozel-zamani-toplayan-koleksiyoncu-ramiz-aliyev_d240521.jpg?resize=300%2C200 300w, https:\/\/i0.wp.com\/www.tvturk.com\/wp-content\/uploads\/2019\/03\/ozel-zamani-toplayan-koleksiyoncu-ramiz-aliyev_d240521.jpg?resize=768%2C511 768w, https:\/\/i0.wp.com\/www.tvturk.com\/wp-content\/uploads\/2019\/03\/ozel-zamani-toplayan-koleksiyoncu-ramiz-aliyev_d240521.jpg?resize=170%2C113 170w, https:\/\/i0.wp.com\/www.tvturk.com\/wp-content\/uploads\/2019\/03\/ozel-zamani-toplayan-koleksiyoncu-ramiz-aliyev_d240521.jpg?resize=120%2C80 120w\" width=\"169\" height=\"112\" loading=\"lazy\" data-original-width=\"169\" data-original-height=\"112\" itemprop=\"http:\/\/schema.org\/image\" title=\"(\u00d6zel) \u201cZaman\u0131 toplayan\u201d koleksiyoncu Ramiz Aliyev\" alt=\"(\u00d6zel) \u201cZaman\u0131 toplayan\u201d koleksiyoncu Ramiz Aliyev\" style=\"width: 169px; height: 112px;\" \/> <\/a> <\/div> <\/div> <!-- close group --> <div class=\"gallery-group images-1\" style=\"width: 173px; height: 116px;\" data-original-width=\"173\" data-original-height=\"116\" > <div class=\"tiled-gallery-item tiled-gallery-item-small\" itemprop=\"associatedMedia\" itemscope itemtype=\"http:\/\/schema.org\/ImageObject\"> <a href=\"http:\/\/www.tvturk.com\/index.php\/ozel-zamani-toplayan-koleksiyoncu-ramiz-aliyev\/ozel-zamani-toplayan-koleksiyoncu-ramiz-aliyev-15\/\" border=\"0\" itemprop=\"url\"> <meta itemprop=\"width\" content=\"169\"> <meta itemprop=\"height\" content=\"112\"> <img decoding=\"async\" class=\"\" data-attachment-id=\"69671\" data-orig-file=\"http:\/\/www.tvturk.com\/wp-content\/uploads\/2019\/03\/ozel-zamani-toplayan-koleksiyoncu-ramiz-aliyev_8138f5f.jpg\" data-orig-size=\"1000,665\" data-comments-opened=\"\" data-image-meta=\"{&quot;aperture&quot;:&quot;0&quot;,&quot;credit&quot;:&quot;IHA&quot;,&quot;camera&quot;:&quot;&quot;,&quot;caption&quot;:&quot;AZERBAYCANLI KOLEKS\\u0130YONCU RAM\\u0130Z AL\\u0130YEV\\u2019\\u0130N, 2 B\\u0130N\\u0130N \\u00dcZER\\u0130NDE FARKLI T\\u00dcRDEK\\u0130 SAATTEN OLU\\u015eAN KOLEKS\\u0130YONU G\\u00d6RENLER\\u0130 HAYRAN BIRAKIYOR. (KAM\\u0130L NAD\\u0130RL\\u0130\\\/BAK\\u00dc-\\u0130HA)&quot;,&quot;created_timestamp&quot;:&quot;0&quot;,&quot;copyright&quot;:&quot;\\u0130HLAS HABER AJANSI, www.iha.com.tr&quot;,&quot;focal_length&quot;:&quot;0&quot;,&quot;iso&quot;:&quot;0&quot;,&quot;shutter_speed&quot;:&quot;0&quot;,&quot;title&quot;:&quot;(\\u00d6ZEL) \\u201cZAMANI TOPLAYAN\\u201d KOLEKS\\u0130YONCU RAM\\u0130Z AL\\u0130YEV BU EVDE 2 B\\u0130N\\u0130N \\u00dcZER\\u0130NDE SAAT VAR&quot;,&quot;orientation&quot;:&quot;0&quot;}\" data-image-title=\"(\u00d6zel) \u201cZaman\u0131 toplayan\u201d koleksiyoncu Ramiz Aliyev\" data-image-description=\"&lt;p&gt;(\u00d6zel) \u201cZaman\u0131 toplayan\u201d koleksiyoncu Ramiz Aliyev&lt;\/p&gt; \" data-medium-file=\"https:\/\/i0.wp.com\/www.tvturk.com\/wp-content\/uploads\/2019\/03\/ozel-zamani-toplayan-koleksiyoncu-ramiz-aliyev_8138f5f.jpg?fit=300%2C200\" data-large-file=\"https:\/\/i0.wp.com\/www.tvturk.com\/wp-content\/uploads\/2019\/03\/ozel-zamani-toplayan-koleksiyoncu-ramiz-aliyev_8138f5f.jpg?fit=1000%2C665\" src=\"https:\/\/i0.wp.com\/www.tvturk.com\/wp-content\/uploads\/2019\/03\/ozel-zamani-toplayan-koleksiyoncu-ramiz-aliyev_8138f5f.jpg?w=169&#038;h=112\" srcset=\"https:\/\/i0.wp.com\/www.tvturk.com\/wp-content\/uploads\/2019\/03\/ozel-zamani-toplayan-koleksiyoncu-ramiz-aliyev_8138f5f.jpg?w=1000 1000w, https:\/\/i0.wp.com\/www.tvturk.com\/wp-content\/uploads\/2019\/03\/ozel-zamani-toplayan-koleksiyoncu-ramiz-aliyev_8138f5f.jpg?resize=150%2C100 150w, https:\/\/i0.wp.com\/www.tvturk.com\/wp-content\/uploads\/2019\/03\/ozel-zamani-toplayan-koleksiyoncu-ramiz-aliyev_8138f5f.jpg?resize=300%2C200 300w, https:\/\/i0.wp.com\/www.tvturk.com\/wp-content\/uploads\/2019\/03\/ozel-zamani-toplayan-koleksiyoncu-ramiz-aliyev_8138f5f.jpg?resize=768%2C511 768w, https:\/\/i0.wp.com\/www.tvturk.com\/wp-content\/uploads\/2019\/03\/ozel-zamani-toplayan-koleksiyoncu-ramiz-aliyev_8138f5f.jpg?resize=170%2C113 170w, https:\/\/i0.wp.com\/www.tvturk.com\/wp-content\/uploads\/2019\/03\/ozel-zamani-toplayan-koleksiyoncu-ramiz-aliyev_8138f5f.jpg?resize=120%2C80 120w\" width=\"169\" height=\"112\" loading=\"lazy\" data-original-width=\"169\" data-original-height=\"112\" itemprop=\"http:\/\/schema.org\/image\" title=\"(\u00d6zel) \u201cZaman\u0131 toplayan\u201d koleksiyoncu Ramiz Aliyev\" alt=\"(\u00d6zel) \u201cZaman\u0131 toplayan\u201d koleksiyoncu Ramiz Aliyev\" style=\"width: 169px; height: 112px;\" \/> <\/a> <\/div> <\/div> <!-- close group --> <div class=\"gallery-group images-1\" style=\"width: 79px; height: 116px;\" data-original-width=\"79\" data-original-height=\"116\" > <div class=\"tiled-gallery-item tiled-gallery-item-small\" itemprop=\"associatedMedia\" itemscope itemtype=\"http:\/\/schema.org\/ImageObject\"> <a href=\"http:\/\/www.tvturk.com\/index.php\/ozel-zamani-toplayan-koleksiyoncu-ramiz-aliyev\/ozel-zamani-toplayan-koleksiyoncu-ramiz-aliyev-16\/\" border=\"0\" itemprop=\"url\"> <meta itemprop=\"width\" content=\"75\"> <meta itemprop=\"height\" content=\"112\"> <img decoding=\"async\" class=\"\" data-attachment-id=\"69672\" data-orig-file=\"http:\/\/www.tvturk.com\/wp-content\/uploads\/2019\/03\/ozel-zamani-toplayan-koleksiyoncu-ramiz-aliyev_ce7dc83.jpg\" data-orig-size=\"665,1000\" data-comments-opened=\"\" data-image-meta=\"{&quot;aperture&quot;:&quot;0&quot;,&quot;credit&quot;:&quot;IHA&quot;,&quot;camera&quot;:&quot;&quot;,&quot;caption&quot;:&quot;AZERBAYCANLI KOLEKS\\u0130YONCU RAM\\u0130Z AL\\u0130YEV\\u2019\\u0130N, 2 B\\u0130N\\u0130N \\u00dcZER\\u0130NDE FARKLI T\\u00dcRDEK\\u0130 SAATTEN OLU\\u015eAN KOLEKS\\u0130YONU G\\u00d6RENLER\\u0130 HAYRAN BIRAKIYOR. (KAM\\u0130L NAD\\u0130RL\\u0130\\\/BAK\\u00dc-\\u0130HA)&quot;,&quot;created_timestamp&quot;:&quot;0&quot;,&quot;copyright&quot;:&quot;\\u0130HLAS HABER AJANSI, www.iha.com.tr&quot;,&quot;focal_length&quot;:&quot;0&quot;,&quot;iso&quot;:&quot;0&quot;,&quot;shutter_speed&quot;:&quot;0&quot;,&quot;title&quot;:&quot;(\\u00d6ZEL) \\u201cZAMANI TOPLAYAN\\u201d KOLEKS\\u0130YONCU RAM\\u0130Z AL\\u0130YEV BU EVDE 2 B\\u0130N\\u0130N \\u00dcZER\\u0130NDE SAAT VAR&quot;,&quot;orientation&quot;:&quot;0&quot;}\" data-image-title=\"(\u00d6zel) \u201cZaman\u0131 toplayan\u201d koleksiyoncu Ramiz Aliyev\" data-image-description=\"&lt;p&gt;(\u00d6zel) \u201cZaman\u0131 toplayan\u201d koleksiyoncu Ramiz Aliyev&lt;\/p&gt; \" data-medium-file=\"https:\/\/i0.wp.com\/www.tvturk.com\/wp-content\/uploads\/2019\/03\/ozel-zamani-toplayan-koleksiyoncu-ramiz-aliyev_ce7dc83.jpg?fit=200%2C300\" data-large-file=\"https:\/\/i0.wp.com\/www.tvturk.com\/wp-content\/uploads\/2019\/03\/ozel-zamani-toplayan-koleksiyoncu-ramiz-aliyev_ce7dc83.jpg?fit=665%2C1000\" src=\"https:\/\/i0.wp.com\/www.tvturk.com\/wp-content\/uploads\/2019\/03\/ozel-zamani-toplayan-koleksiyoncu-ramiz-aliyev_ce7dc83.jpg?w=75&#038;h=112\" srcset=\"https:\/\/i0.wp.com\/www.tvturk.com\/wp-content\/uploads\/2019\/03\/ozel-zamani-toplayan-koleksiyoncu-ramiz-aliyev_ce7dc83.jpg?w=665 665w, https:\/\/i0.wp.com\/www.tvturk.com\/wp-content\/uploads\/2019\/03\/ozel-zamani-toplayan-koleksiyoncu-ramiz-aliyev_ce7dc83.jpg?resize=100%2C150 100w, https:\/\/i0.wp.com\/www.tvturk.com\/wp-content\/uploads\/2019\/03\/ozel-zamani-toplayan-koleksiyoncu-ramiz-aliyev_ce7dc83.jpg?resize=200%2C300 200w\" width=\"75\" height=\"112\" loading=\"lazy\" data-original-width=\"75\" data-original-height=\"112\" itemprop=\"http:\/\/schema.org\/image\" title=\"(\u00d6zel) \u201cZaman\u0131 toplayan\u201d koleksiyoncu Ramiz Aliyev\" alt=\"(\u00d6zel) \u201cZaman\u0131 toplayan\u201d koleksiyoncu Ramiz Aliyev\" style=\"width: 75px; height: 112px;\" \/> <\/a> <\/div> <\/div> <!-- close group --> <div class=\"gallery-group images-1\" style=\"width: 75px; height: 116px;\" data-original-width=\"75\" data-original-height=\"116\" > <div class=\"tiled-gallery-item tiled-gallery-item-small\" itemprop=\"associatedMedia\" itemscope itemtype=\"http:\/\/schema.org\/ImageObject\"> <a href=\"http:\/\/www.tvturk.com\/index.php\/ozel-zamani-toplayan-koleksiyoncu-ramiz-aliyev\/ozel-zamani-toplayan-koleksiyoncu-ramiz-aliyev-17\/\" border=\"0\" itemprop=\"url\"> <meta itemprop=\"width\" content=\"71\"> <meta itemprop=\"height\" content=\"112\"> <img decoding=\"async\" class=\"\" data-attachment-id=\"69673\" data-orig-file=\"http:\/\/www.tvturk.com\/wp-content\/uploads\/2019\/03\/ozel-zamani-toplayan-koleksiyoncu-ramiz-aliyev_8b4053d.jpg\" data-orig-size=\"630,1000\" data-comments-opened=\"\" data-image-meta=\"{&quot;aperture&quot;:&quot;0&quot;,&quot;credit&quot;:&quot;IHA&quot;,&quot;camera&quot;:&quot;&quot;,&quot;caption&quot;:&quot;AZERBAYCANLI KOLEKS\\u0130YONCU RAM\\u0130Z AL\\u0130YEV\\u2019\\u0130N, 2 B\\u0130N\\u0130N \\u00dcZER\\u0130NDE FARKLI T\\u00dcRDEK\\u0130 SAATTEN OLU\\u015eAN KOLEKS\\u0130YONU G\\u00d6RENLER\\u0130 HAYRAN BIRAKIYOR. (KAM\\u0130L NAD\\u0130RL\\u0130\\\/BAK\\u00dc-\\u0130HA)&quot;,&quot;created_timestamp&quot;:&quot;0&quot;,&quot;copyright&quot;:&quot;\\u0130HLAS HABER AJANSI, www.iha.com.tr&quot;,&quot;focal_length&quot;:&quot;0&quot;,&quot;iso&quot;:&quot;0&quot;,&quot;shutter_speed&quot;:&quot;0&quot;,&quot;title&quot;:&quot;(\\u00d6ZEL) \\u201cZAMANI TOPLAYAN\\u201d KOLEKS\\u0130YONCU RAM\\u0130Z AL\\u0130YEV BU EVDE 2 B\\u0130N\\u0130N \\u00dcZER\\u0130NDE SAAT VAR&quot;,&quot;orientation&quot;:&quot;0&quot;}\" data-image-title=\"(\u00d6zel) \u201cZaman\u0131 toplayan\u201d koleksiyoncu Ramiz Aliyev\" data-image-description=\"&lt;p&gt;(\u00d6zel) \u201cZaman\u0131 toplayan\u201d koleksiyoncu Ramiz Aliyev&lt;\/p&gt; \" data-medium-file=\"https:\/\/i0.wp.com\/www.tvturk.com\/wp-content\/uploads\/2019\/03\/ozel-zamani-toplayan-koleksiyoncu-ramiz-aliyev_8b4053d.jpg?fit=189%2C300\" data-large-file=\"https:\/\/i0.wp.com\/www.tvturk.com\/wp-content\/uploads\/2019\/03\/ozel-zamani-toplayan-koleksiyoncu-ramiz-aliyev_8b4053d.jpg?fit=630%2C1000\" src=\"https:\/\/i0.wp.com\/www.tvturk.com\/wp-content\/uploads\/2019\/03\/ozel-zamani-toplayan-koleksiyoncu-ramiz-aliyev_8b4053d.jpg?w=71&#038;h=112\" srcset=\"https:\/\/i0.wp.com\/www.tvturk.com\/wp-content\/uploads\/2019\/03\/ozel-zamani-toplayan-koleksiyoncu-ramiz-aliyev_8b4053d.jpg?w=630 630w, https:\/\/i0.wp.com\/www.tvturk.com\/wp-content\/uploads\/2019\/03\/ozel-zamani-toplayan-koleksiyoncu-ramiz-aliyev_8b4053d.jpg?resize=95%2C150 95w, https:\/\/i0.wp.com\/www.tvturk.com\/wp-content\/uploads\/2019\/03\/ozel-zamani-toplayan-koleksiyoncu-ramiz-aliyev_8b4053d.jpg?resize=189%2C300 189w\" width=\"71\" height=\"112\" loading=\"lazy\" data-original-width=\"71\" data-original-height=\"112\" itemprop=\"http:\/\/schema.org\/image\" title=\"(\u00d6zel) \u201cZaman\u0131 toplayan\u201d koleksiyoncu Ramiz Aliyev\" alt=\"(\u00d6zel) \u201cZaman\u0131 toplayan\u201d koleksiyoncu Ramiz Aliyev\" style=\"width: 71px; height: 112px;\" \/> <\/a> <\/div> <\/div> <!-- close group --> <\/div> <!-- close row --> <\/div><\/p>\n","protected":false},"excerpt":{"rendered":"<p>AZERBAYCANLI KOLEKS\u0130YONCU RAM\u0130Z AL\u0130YEV\u2019\u0130N, 2 B\u0130N\u0130N \u00dcZER\u0130NDE FARKLI T\u00dcRDEK\u0130 SAATTEN OLU\u015eAN KOLEKS\u0130YONU G\u00d6RENLER\u0130 HAYRAN BIRAKIYOR.<\/p>\n","protected":false},"author":1,"featured_media":69658,"comment_status":"closed","ping_status":"open","sticky":false,"template":"","format":"standard","meta":{"jetpack_post_was_ever_published":false,"_jetpack_newsletter_access":"","_jetpack_dont_email_post_to_subs":false,"_jetpack_newsletter_tier_id":0,"_jetpack_memberships_contains_paywalled_content":false,"_jetpack_memberships_contains_paid_content":false,"footnotes":"","jetpack_publicize_message":"","jetpack_publicize_feature_enabled":true,"jetpack_social_post_already_shared":true,"jetpack_social_options":{"image_generator_settings":{"template":"highway","default_image_id":0,"font":"","enabled":false},"version":2}},"categories":[10],"tags":[1073,16138,20706,20707,13933,3950],"class_list":["post-69657","post","type-post","status-publish","format-standard","has-post-thumbnail","hentry","category-dunya","tag-ozel","tag-aliyev","tag-koleksiyoncu","tag-ramiz","tag-toplayan","tag-zamani"],"jetpack_publicize_connections":[],"jetpack_featured_media_url":"https:\/\/i0.wp.com\/www.tvturk.com\/wp-content\/uploads\/2019\/03\/ozel-zamani-toplayan-koleksiyoncu-ramiz-aliyev_54b4f63.jpg?fit=1000%2C665","jetpack_sharing_enabled":true,"jetpack_shortlink":"https:\/\/wp.me\/paKIfm-i7v","_links":{"self":[{"href":"http:\/\/www.tvturk.com\/index.php\/wp-json\/wp\/v2\/posts\/69657","targetHints":{"allow":["GET"]}}],"collection":[{"href":"http:\/\/www.tvturk.com\/index.php\/wp-json\/wp\/v2\/posts"}],"about":[{"href":"http:\/\/www.tvturk.com\/index.php\/wp-json\/wp\/v2\/types\/post"}],"author":[{"embeddable":true,"href":"http:\/\/www.tvturk.com\/index.php\/wp-json\/wp\/v2\/users\/1"}],"replies":[{"embeddable":true,"href":"http:\/\/www.tvturk.com\/index.php\/wp-json\/wp\/v2\/comments?post=69657"}],"version-history":[{"count":1,"href":"http:\/\/www.tvturk.com\/index.php\/wp-json\/wp\/v2\/posts\/69657\/revisions"}],"predecessor-version":[{"id":69674,"href":"http:\/\/www.tvturk.com\/index.php\/wp-json\/wp\/v2\/posts\/69657\/revisions\/69674"}],"wp:featuredmedia":[{"embeddable":true,"href":"http:\/\/www.tvturk.com\/index.php\/wp-json\/wp\/v2\/media\/69658"}],"wp:attachment":[{"href":"http:\/\/www.tvturk.com\/index.php\/wp-json\/wp\/v2\/media?parent=69657"}],"wp:term":[{"taxonomy":"category","embeddable":true,"href":"http:\/\/www.tvturk.com\/index.php\/wp-json\/wp\/v2\/categories?post=69657"},{"taxonomy":"post_tag","embeddable":true,"href":"http:\/\/www.tvturk.com\/index.php\/wp-json\/wp\/v2\/tags?post=69657"}],"curies":[{"name":"wp","href":"https:\/\/api.w.org\/{rel}","templated":true}]}}