{"id":69929,"date":"2019-03-04T12:37:52","date_gmt":"2019-03-04T09:37:52","guid":{"rendered":"http:\/\/www.tvturk.com\/index.php\/pencereden-dusen-yasli-kadin-hayatini-kaybetti\/"},"modified":"2019-03-04T12:37:55","modified_gmt":"2019-03-04T09:37:55","slug":"pencereden-dusen-yasli-kadin-hayatini-kaybetti","status":"publish","type":"post","link":"http:\/\/www.tvturk.com\/index.php\/pencereden-dusen-yasli-kadin-hayatini-kaybetti\/","title":{"rendered":"Pencereden d\u00fc\u015fen ya\u015fl\u0131 kad\u0131n hayat\u0131n\u0131 kaybetti"},"content":{"rendered":"<p>Kahramanmara\u015f\u2019\u0131n Elbistan il\u00e7esinde oturdu\u011fu apartman\u0131n 3. kat\u0131ndaki dairesinde pencereden d\u0131\u015far\u0131y\u0131 seyreden 81 ya\u015f\u0131ndaki ya\u015fl\u0131 kad\u0131n, yakla\u015f\u0131k 9 metre y\u00fcksekten d\u00fc\u015ferek hayat\u0131n\u0131 kaybetti.<\/p>\n<p>Olay, Battalgazi Mahallesi Orhangazi Caddesi\u2019nde meydana geldi. Edinilen bilgiye g\u00f6re, 81 ya\u015f\u0131ndaki Emi\u015f Han, sabah saatlerinde kahvalt\u0131dan sonra hava almak ve d\u0131\u015far\u0131ya bakmak i\u00e7in oturdu\u011fu apartman\u0131n 3. kat\u0131ndaki odas\u0131n\u0131n penceresini a\u00e7t\u0131. Bu s\u0131rada dengesini kaybeden ya\u015fl\u0131 kad\u0131n, yakla\u015f\u0131k 9 metre y\u00fcksekten d\u00fc\u015ft\u00fc. Ya\u015fl\u0131 kad\u0131n, apartman bah\u00e7esinde bulunan asma sundurmas\u0131na \u00e7arpt\u0131ktan sonra beton zemine d\u00fc\u015ft\u00fc. Emi\u015f Han\u2019\u0131 kontrol etmek i\u00e7in odas\u0131na giren aile fertleri, ya\u015fl\u0131 kad\u0131n\u0131 g\u00f6remeyince a\u00e7\u0131k olan pencereden d\u0131\u015far\u0131 bakt\u0131. Ya\u015fl\u0131 kad\u0131n\u0131 yerde kanlar i\u00e7erisinde hareketsiz \u015fekilde g\u00f6ren aile fertleri, durumu 112 Acil Servis ekiplerine bildirdi. Olay yerine gelen sa\u011fl\u0131k ekipleri, yapt\u0131klar\u0131 kontrolde Han\u2019\u0131n ya\u015fam\u0131n\u0131 yitirdi\u011fini belirledi. Ya\u015fl\u0131 kad\u0131n\u0131n cans\u0131z bedeni, cumhuriyet savc\u0131s\u0131 ve polisin incelemesinin ard\u0131ndan Elbistan Devlet Hastanesi morguna konuldu.<\/p>\n<p>Olayla ilgili olarak soru\u015fturma ba\u015flat\u0131ld\u0131.<div class=\"tiled-gallery type-rectangular tiled-gallery-unresized\" data-original-width=\"500\" data-carousel-extra='null' itemscope itemtype=\"http:\/\/schema.org\/ImageGallery\" > <div class=\"gallery-row\" style=\"width: 500px; height: 177px;\" data-original-width=\"500\" data-original-height=\"177\" > <div class=\"gallery-group images-1\" style=\"width: 265px; height: 177px;\" data-original-width=\"265\" data-original-height=\"177\" > <div class=\"tiled-gallery-item tiled-gallery-item-large\" itemprop=\"associatedMedia\" itemscope itemtype=\"http:\/\/schema.org\/ImageObject\"> <a href=\"http:\/\/www.tvturk.com\/index.php\/pencereden-dusen-yasli-kadin-hayatini-kaybetti\/pencereden-dusen-yasli-kadin-hayatini-kaybetti-3\/\" border=\"0\" itemprop=\"url\"> <meta itemprop=\"width\" content=\"261\"> <meta itemprop=\"height\" content=\"173\"> <img decoding=\"async\" class=\"\" data-attachment-id=\"69931\" data-orig-file=\"http:\/\/www.tvturk.com\/wp-content\/uploads\/2019\/03\/pencereden-dusen-yasli-kadin-hayatini-kaybetti_51ddcd9.jpg\" data-orig-size=\"1000,662\" data-comments-opened=\"\" data-image-meta=\"{&quot;aperture&quot;:&quot;0&quot;,&quot;credit&quot;:&quot;IHA&quot;,&quot;camera&quot;:&quot;&quot;,&quot;caption&quot;:&quot;PENCEREDEN D\\u00dc\\u015eEN YA\\u015eLI KADIN YA\\u015eAMINI Y\\u0130T\\u0130RD\\u0130 (MURAT S\\u00dcR\\u00dcC\\u00dc\\\/KAHRAMANMARA\\u015e-\\u0130HA)&quot;,&quot;created_timestamp&quot;:&quot;0&quot;,&quot;copyright&quot;:&quot;\\u0130HLAS HABER AJANSI, www.iha.com.tr&quot;,&quot;focal_length&quot;:&quot;0&quot;,&quot;iso&quot;:&quot;0&quot;,&quot;shutter_speed&quot;:&quot;0&quot;,&quot;title&quot;:&quot;PENCEREDEN D\\u00dc\\u015eEN YA\\u015eLI KADIN HAYATINI KAYBETT\\u0130 KAHRAMANMARA\\u015e\\u0027TA PENCEREDEN DI\\u015eARIYI SEYREDEN 81 YA\\u015eINDAK\\u0130 YA\\u015eLI KADIN, YAKLA\\u015eIK 9 METRE Y\\u00dcKSEKTEN D\\u00dc\\u015eT\\u00dc&quot;,&quot;orientation&quot;:&quot;0&quot;}\" data-image-title=\"Pencereden d\u00fc\u015fen ya\u015fl\u0131 kad\u0131n hayat\u0131n\u0131 kaybetti\" data-image-description=\"&lt;p&gt;Pencereden d\u00fc\u015fen ya\u015fl\u0131 kad\u0131n hayat\u0131n\u0131 kaybetti&lt;\/p&gt; \" data-medium-file=\"https:\/\/i0.wp.com\/www.tvturk.com\/wp-content\/uploads\/2019\/03\/pencereden-dusen-yasli-kadin-hayatini-kaybetti_51ddcd9.jpg?fit=300%2C199\" data-large-file=\"https:\/\/i0.wp.com\/www.tvturk.com\/wp-content\/uploads\/2019\/03\/pencereden-dusen-yasli-kadin-hayatini-kaybetti_51ddcd9.jpg?fit=1000%2C662\" src=\"https:\/\/i0.wp.com\/www.tvturk.com\/wp-content\/uploads\/2019\/03\/pencereden-dusen-yasli-kadin-hayatini-kaybetti_51ddcd9.jpg?w=261&#038;h=173\" srcset=\"https:\/\/i0.wp.com\/www.tvturk.com\/wp-content\/uploads\/2019\/03\/pencereden-dusen-yasli-kadin-hayatini-kaybetti_51ddcd9.jpg?w=1000 1000w, https:\/\/i0.wp.com\/www.tvturk.com\/wp-content\/uploads\/2019\/03\/pencereden-dusen-yasli-kadin-hayatini-kaybetti_51ddcd9.jpg?resize=150%2C99 150w, https:\/\/i0.wp.com\/www.tvturk.com\/wp-content\/uploads\/2019\/03\/pencereden-dusen-yasli-kadin-hayatini-kaybetti_51ddcd9.jpg?resize=300%2C200 300w, https:\/\/i0.wp.com\/www.tvturk.com\/wp-content\/uploads\/2019\/03\/pencereden-dusen-yasli-kadin-hayatini-kaybetti_51ddcd9.jpg?resize=768%2C508 768w, https:\/\/i0.wp.com\/www.tvturk.com\/wp-content\/uploads\/2019\/03\/pencereden-dusen-yasli-kadin-hayatini-kaybetti_51ddcd9.jpg?resize=170%2C113 170w, https:\/\/i0.wp.com\/www.tvturk.com\/wp-content\/uploads\/2019\/03\/pencereden-dusen-yasli-kadin-hayatini-kaybetti_51ddcd9.jpg?resize=120%2C80 120w\" width=\"261\" height=\"173\" loading=\"lazy\" data-original-width=\"261\" data-original-height=\"173\" itemprop=\"http:\/\/schema.org\/image\" title=\"Pencereden d\u00fc\u015fen ya\u015fl\u0131 kad\u0131n hayat\u0131n\u0131 kaybetti\" alt=\"Pencereden d\u00fc\u015fen ya\u015fl\u0131 kad\u0131n hayat\u0131n\u0131 kaybetti\" style=\"width: 261px; height: 173px;\" \/> <\/a> <\/div> <\/div> <!-- close group --> <div class=\"gallery-group images-1\" style=\"width: 235px; height: 177px;\" data-original-width=\"235\" data-original-height=\"177\" > <div class=\"tiled-gallery-item tiled-gallery-item-small\" itemprop=\"associatedMedia\" itemscope itemtype=\"http:\/\/schema.org\/ImageObject\"> <a href=\"http:\/\/www.tvturk.com\/index.php\/pencereden-dusen-yasli-kadin-hayatini-kaybetti\/pencereden-dusen-yasli-kadin-hayatini-kaybetti-4\/\" border=\"0\" itemprop=\"url\"> <meta itemprop=\"width\" content=\"231\"> <meta itemprop=\"height\" content=\"173\"> <img decoding=\"async\" class=\"\" data-attachment-id=\"69932\" data-orig-file=\"http:\/\/www.tvturk.com\/wp-content\/uploads\/2019\/03\/pencereden-dusen-yasli-kadin-hayatini-kaybetti_265625d.jpg\" data-orig-size=\"1000,750\" data-comments-opened=\"\" data-image-meta=\"{&quot;aperture&quot;:&quot;0&quot;,&quot;credit&quot;:&quot;IHA&quot;,&quot;camera&quot;:&quot;&quot;,&quot;caption&quot;:&quot;PENCEREDEN D\\u00dc\\u015eEN YA\\u015eLI KADIN YA\\u015eAMINI Y\\u0130T\\u0130RD\\u0130 (MURAT S\\u00dcR\\u00dcC\\u00dc\\\/KAHRAMANMARA\\u015e-\\u0130HA)&quot;,&quot;created_timestamp&quot;:&quot;0&quot;,&quot;copyright&quot;:&quot;\\u0130HLAS HABER AJANSI, www.iha.com.tr&quot;,&quot;focal_length&quot;:&quot;0&quot;,&quot;iso&quot;:&quot;0&quot;,&quot;shutter_speed&quot;:&quot;0&quot;,&quot;title&quot;:&quot;PENCEREDEN D\\u00dc\\u015eEN YA\\u015eLI KADIN HAYATINI KAYBETT\\u0130 KAHRAMANMARA\\u015e\\u0027TA PENCEREDEN DI\\u015eARIYI SEYREDEN 81 YA\\u015eINDAK\\u0130 YA\\u015eLI KADIN, YAKLA\\u015eIK 9 METRE Y\\u00dcKSEKTEN D\\u00dc\\u015eT\\u00dc&quot;,&quot;orientation&quot;:&quot;0&quot;}\" data-image-title=\"Pencereden d\u00fc\u015fen ya\u015fl\u0131 kad\u0131n hayat\u0131n\u0131 kaybetti\" data-image-description=\"&lt;p&gt;Pencereden d\u00fc\u015fen ya\u015fl\u0131 kad\u0131n hayat\u0131n\u0131 kaybetti&lt;\/p&gt; \" data-medium-file=\"https:\/\/i0.wp.com\/www.tvturk.com\/wp-content\/uploads\/2019\/03\/pencereden-dusen-yasli-kadin-hayatini-kaybetti_265625d.jpg?fit=300%2C225\" data-large-file=\"https:\/\/i0.wp.com\/www.tvturk.com\/wp-content\/uploads\/2019\/03\/pencereden-dusen-yasli-kadin-hayatini-kaybetti_265625d.jpg?fit=1000%2C750\" src=\"https:\/\/i0.wp.com\/www.tvturk.com\/wp-content\/uploads\/2019\/03\/pencereden-dusen-yasli-kadin-hayatini-kaybetti_265625d.jpg?w=231&#038;h=173\" srcset=\"https:\/\/i0.wp.com\/www.tvturk.com\/wp-content\/uploads\/2019\/03\/pencereden-dusen-yasli-kadin-hayatini-kaybetti_265625d.jpg?w=1000 1000w, https:\/\/i0.wp.com\/www.tvturk.com\/wp-content\/uploads\/2019\/03\/pencereden-dusen-yasli-kadin-hayatini-kaybetti_265625d.jpg?resize=150%2C113 150w, https:\/\/i0.wp.com\/www.tvturk.com\/wp-content\/uploads\/2019\/03\/pencereden-dusen-yasli-kadin-hayatini-kaybetti_265625d.jpg?resize=300%2C225 300w, https:\/\/i0.wp.com\/www.tvturk.com\/wp-content\/uploads\/2019\/03\/pencereden-dusen-yasli-kadin-hayatini-kaybetti_265625d.jpg?resize=768%2C576 768w\" width=\"231\" height=\"173\" loading=\"lazy\" data-original-width=\"231\" data-original-height=\"173\" itemprop=\"http:\/\/schema.org\/image\" title=\"Pencereden d\u00fc\u015fen ya\u015fl\u0131 kad\u0131n hayat\u0131n\u0131 kaybetti\" alt=\"Pencereden d\u00fc\u015fen ya\u015fl\u0131 kad\u0131n hayat\u0131n\u0131 kaybetti\" style=\"width: 231px; height: 173px;\" \/> <\/a> <\/div> <\/div> <!-- close group --> <\/div> <!-- close row --> <\/div><\/p>\n","protected":false},"excerpt":{"rendered":"<p>PENCEREDEN D\u00dc\u015eEN YA\u015eLI KADIN YA\u015eAMINI Y\u0130T\u0130RD\u0130<\/p>\n","protected":false},"author":1,"featured_media":69930,"comment_status":"closed","ping_status":"open","sticky":false,"template":"","format":"standard","meta":{"jetpack_post_was_ever_published":false,"_jetpack_newsletter_access":"","_jetpack_dont_email_post_to_subs":false,"_jetpack_newsletter_tier_id":0,"_jetpack_memberships_contains_paywalled_content":false,"_jetpack_memberships_contains_paid_content":false,"footnotes":"","jetpack_publicize_message":"","jetpack_publicize_feature_enabled":true,"jetpack_social_post_already_shared":true,"jetpack_social_options":{"image_generator_settings":{"template":"highway","default_image_id":0,"font":"","enabled":false},"version":2}},"categories":[655],"tags":[762,848,108,849,20755,1051],"class_list":["post-69929","post","type-post","status-publish","format-standard","has-post-thumbnail","hentry","category-son-dakika","tag-dusen","tag-hayatini","tag-kadin","tag-kaybetti","tag-pencereden","tag-yasli"],"jetpack_publicize_connections":[],"jetpack_featured_media_url":"https:\/\/i0.wp.com\/www.tvturk.com\/wp-content\/uploads\/2019\/03\/pencereden-dusen-yasli-kadin-hayatini-kaybetti_ca501ee.jpg?fit=1000%2C750","jetpack_sharing_enabled":true,"jetpack_shortlink":"https:\/\/wp.me\/paKIfm-ibT","_links":{"self":[{"href":"http:\/\/www.tvturk.com\/index.php\/wp-json\/wp\/v2\/posts\/69929","targetHints":{"allow":["GET"]}}],"collection":[{"href":"http:\/\/www.tvturk.com\/index.php\/wp-json\/wp\/v2\/posts"}],"about":[{"href":"http:\/\/www.tvturk.com\/index.php\/wp-json\/wp\/v2\/types\/post"}],"author":[{"embeddable":true,"href":"http:\/\/www.tvturk.com\/index.php\/wp-json\/wp\/v2\/users\/1"}],"replies":[{"embeddable":true,"href":"http:\/\/www.tvturk.com\/index.php\/wp-json\/wp\/v2\/comments?post=69929"}],"version-history":[{"count":1,"href":"http:\/\/www.tvturk.com\/index.php\/wp-json\/wp\/v2\/posts\/69929\/revisions"}],"predecessor-version":[{"id":69933,"href":"http:\/\/www.tvturk.com\/index.php\/wp-json\/wp\/v2\/posts\/69929\/revisions\/69933"}],"wp:featuredmedia":[{"embeddable":true,"href":"http:\/\/www.tvturk.com\/index.php\/wp-json\/wp\/v2\/media\/69930"}],"wp:attachment":[{"href":"http:\/\/www.tvturk.com\/index.php\/wp-json\/wp\/v2\/media?parent=69929"}],"wp:term":[{"taxonomy":"category","embeddable":true,"href":"http:\/\/www.tvturk.com\/index.php\/wp-json\/wp\/v2\/categories?post=69929"},{"taxonomy":"post_tag","embeddable":true,"href":"http:\/\/www.tvturk.com\/index.php\/wp-json\/wp\/v2\/tags?post=69929"}],"curies":[{"name":"wp","href":"https:\/\/api.w.org\/{rel}","templated":true}]}}