{"id":70033,"date":"2019-03-04T13:12:58","date_gmt":"2019-03-04T10:12:58","guid":{"rendered":"http:\/\/www.tvturk.com\/index.php\/gece-kartallari-malkara-sokaklarinda-goreve-basladi\/"},"modified":"2019-03-04T13:12:58","modified_gmt":"2019-03-04T10:12:58","slug":"gece-kartallari-malkara-sokaklarinda-goreve-basladi","status":"publish","type":"post","link":"http:\/\/www.tvturk.com\/index.php\/gece-kartallari-malkara-sokaklarinda-goreve-basladi\/","title":{"rendered":"Gece kartallar\u0131, Malkara sokaklar\u0131nda g\u00f6reve ba\u015flad\u0131"},"content":{"rendered":"<p>Tekirda\u011f\u2019\u0131n Malkara il\u00e7esinde 7 mahalle bek\u00e7isi, il\u00e7e merkezi sokaklar\u0131nda g\u00f6reve ba\u015flad\u0131.<\/p>\n<p>Mahallelerde g\u00fcvenli\u011fin sa\u011flanmas\u0131, olu\u015fabilecek su\u00e7lar\u0131n \u00f6nlenmesi ve asayi\u015f olaylar\u0131na an\u0131nda m\u00fcdahale edilebilmesine katk\u0131 sa\u011flamak maksad\u0131yla Tekirda\u011f Emniyet M\u00fcd\u00fcrl\u00fc\u011f\u00fc b\u00fcnyesindeki 142 mahalle bek\u00e7isinden 7\u2019si Malkara il\u00e7e merkezinde gece itibariyle g\u00f6rev yapmaya ba\u015flad\u0131. Bek\u00e7iler, 22.00 ile 08.00 saatleri aras\u0131nda sokaklarda devriye g\u00f6revi y\u00fcr\u00fct\u00fcyor.<\/p>\n<p>Bek\u00e7ilerin, emniyet ve asayi\u015f y\u00f6n\u00fcnden ekiplere katk\u0131 sa\u011flamas\u0131 bekleniyor.<\/p>\n","protected":false},"excerpt":{"rendered":"<p>TEK\u0130RDA\u011e&#8217;IN MALKARA \u0130L\u00c7ES\u0130NDE 7 MAHALLE BEK\u00c7\u0130S\u0130, \u0130L\u00c7E MERKEZ\u0130 SOKAKLARINDA G\u00d6REVE BA\u015eLADI.<\/p>\n","protected":false},"author":1,"featured_media":70034,"comment_status":"closed","ping_status":"open","sticky":false,"template":"","format":"standard","meta":{"jetpack_post_was_ever_published":false,"_jetpack_newsletter_access":"","_jetpack_dont_email_post_to_subs":false,"_jetpack_newsletter_tier_id":0,"_jetpack_memberships_contains_paywalled_content":false,"_jetpack_memberships_contains_paid_content":false,"footnotes":"","jetpack_publicize_message":"","jetpack_publicize_feature_enabled":true,"jetpack_social_post_already_shared":true,"jetpack_social_options":{"image_generator_settings":{"template":"highway","default_image_id":0,"font":"","enabled":false},"version":2}},"categories":[655],"tags":[55,1501,3137,8428,20728,20775],"class_list":["post-70033","post","type-post","status-publish","format-standard","has-post-thumbnail","hentry","category-son-dakika","tag-basladi","tag-gece","tag-goreve","tag-kartallari","tag-malkara","tag-sokaklarinda"],"jetpack_publicize_connections":[],"jetpack_featured_media_url":"https:\/\/i0.wp.com\/www.tvturk.com\/wp-content\/uploads\/2019\/03\/gece-kartallari-malkara-sokaklarinda-goreve-basladi_3cc0393.jpg?fit=1000%2C671","jetpack_sharing_enabled":true,"jetpack_shortlink":"https:\/\/wp.me\/paKIfm-idz","_links":{"self":[{"href":"http:\/\/www.tvturk.com\/index.php\/wp-json\/wp\/v2\/posts\/70033","targetHints":{"allow":["GET"]}}],"collection":[{"href":"http:\/\/www.tvturk.com\/index.php\/wp-json\/wp\/v2\/posts"}],"about":[{"href":"http:\/\/www.tvturk.com\/index.php\/wp-json\/wp\/v2\/types\/post"}],"author":[{"embeddable":true,"href":"http:\/\/www.tvturk.com\/index.php\/wp-json\/wp\/v2\/users\/1"}],"replies":[{"embeddable":true,"href":"http:\/\/www.tvturk.com\/index.php\/wp-json\/wp\/v2\/comments?post=70033"}],"version-history":[{"count":0,"href":"http:\/\/www.tvturk.com\/index.php\/wp-json\/wp\/v2\/posts\/70033\/revisions"}],"wp:featuredmedia":[{"embeddable":true,"href":"http:\/\/www.tvturk.com\/index.php\/wp-json\/wp\/v2\/media\/70034"}],"wp:attachment":[{"href":"http:\/\/www.tvturk.com\/index.php\/wp-json\/wp\/v2\/media?parent=70033"}],"wp:term":[{"taxonomy":"category","embeddable":true,"href":"http:\/\/www.tvturk.com\/index.php\/wp-json\/wp\/v2\/categories?post=70033"},{"taxonomy":"post_tag","embeddable":true,"href":"http:\/\/www.tvturk.com\/index.php\/wp-json\/wp\/v2\/tags?post=70033"}],"curies":[{"name":"wp","href":"https:\/\/api.w.org\/{rel}","templated":true}]}}