{"id":70119,"date":"2019-03-04T13:51:04","date_gmt":"2019-03-04T10:51:04","guid":{"rendered":"http:\/\/www.tvturk.com\/index.php\/arnavutkoyde-catismada-olenlerin-ve-intihar-eden-agabeyin-cenazesi-adli-tiptan-alindi\/"},"modified":"2019-03-04T13:51:07","modified_gmt":"2019-03-04T10:51:07","slug":"arnavutkoyde-catismada-olenlerin-ve-intihar-eden-agabeyin-cenazesi-adli-tiptan-alindi","status":"publish","type":"post","link":"http:\/\/www.tvturk.com\/index.php\/arnavutkoyde-catismada-olenlerin-ve-intihar-eden-agabeyin-cenazesi-adli-tiptan-alindi\/","title":{"rendered":"Arnavutk\u00f6y\u2019de \u00e7at\u0131\u015fmada \u00f6lenlerin ve intihar eden a\u011fabeyin cenazesi Adli T\u0131p\u2019tan al\u0131nd\u0131"},"content":{"rendered":"<p>Arnavutk\u00f6y\u2019de aralar\u0131nda husumet bulunan iki grup aras\u0131nda \u00e7\u0131kan silahl\u0131 \u00e7at\u0131\u015fmada hayat\u0131n\u0131 kaybeden 3 ki\u015finin ve intihar eden a\u011fabeyin cenazeleri Adli T\u0131p Kurumundan al\u0131nd\u0131.<\/p>\n<p>Arnavutk\u00f6y Karl\u0131bay\u0131r Mahallesi\u2019nde d\u00fcn aralar\u0131nda dolmu\u015f kahyal\u0131\u011f\u0131 y\u00fcz\u00fcnden husumet bulunan iki grup uzun namlulu silahlarla \u00e7at\u0131\u015fmaya girmi\u015fti. Ya\u015fanan \u00e7at\u0131\u015fmada vurulan akrabalar \u015eahin Y\u0131ld\u0131z ve F\u0131rat Y\u0131ld\u0131z karde\u015fler ile amcao\u011fullar\u0131 Hasan Y\u0131ld\u0131z hayat\u0131n\u0131 kaybederken, 3 ki\u015fi de yaralanm\u0131\u015ft\u0131.<\/p>\n<p>\u00c7at\u0131\u015fmada hayat\u0131n\u0131 kaybeden \u015eahin Y\u0131ld\u0131z ve F\u0131rat Y\u0131ld\u0131z karde\u015fler ile amcao\u011fullar\u0131 Hasan Y\u0131ld\u0131z\u2019\u0131n taziye evinde a\u011fabey Ya\u015far Y\u0131ld\u0131z cinnet getirip intihar etmi\u015fti.<\/p>\n<p>Cenazeler Adli T\u0131p Kurumundan al\u0131nd\u0131<\/p>\n<p>Dolmu\u015f kahyal\u0131\u011f\u0131 y\u00fcz\u00fcnden \u00e7\u0131kan silahl\u0131 \u00e7at\u0131\u015fmada hayat\u0131n\u0131 kaybeden karde\u015fler \u015eahin Y\u0131ld\u0131z, F\u0131rat Y\u0131ld\u0131z  ve amcao\u011fullar\u0131 Hasan Y\u0131ld\u0131z ile intihar eden a\u011fabey Ya\u015far Y\u0131ld\u0131z\u2019\u0131n cenazeleri ac\u0131l\u0131 yak\u0131nlar\u0131 taraf\u0131ndan Adli T\u0131p Kurumundan al\u0131nd\u0131. Cenazelerin Be\u015fy\u00fczevler Cenaze \u0130\u015fleri \u015eefli\u011finde yap\u0131lacak i\u015flemlerinin ard\u0131ndan Gaziosmanpa\u015fa Karayollar\u0131 Mahallesi Y\u0131ld\u0131z Camii\u2019nde k\u0131l\u0131nacak namazdan sonra Kayaba\u015f\u0131 Mezarl\u0131\u011f\u0131na defnedilece\u011fi \u00f6\u011frenildi.<div class=\"tiled-gallery type-rectangular tiled-gallery-unresized\" data-original-width=\"500\" data-carousel-extra='null' itemscope itemtype=\"http:\/\/schema.org\/ImageGallery\" > <div class=\"gallery-row\" style=\"width: 500px; height: 251px;\" data-original-width=\"500\" data-original-height=\"251\" > <div class=\"gallery-group images-1\" style=\"width: 334px; height: 251px;\" data-original-width=\"334\" data-original-height=\"251\" > <div class=\"tiled-gallery-item tiled-gallery-item-large\" itemprop=\"associatedMedia\" itemscope itemtype=\"http:\/\/schema.org\/ImageObject\"> <a href=\"http:\/\/www.tvturk.com\/index.php\/arnavutkoyde-catismada-olenlerin-ve-intihar-eden-agabeyin-cenazesi-adli-tiptan-alindi\/arnavutkoyde-catismada-olenlerin-ve-intihar-eden-agabeyin-cenazesi-adli-tiptan-alindi-3\/\" border=\"0\" itemprop=\"url\"> <meta itemprop=\"width\" content=\"330\"> <meta itemprop=\"height\" content=\"247\"> <img decoding=\"async\" class=\"\" data-attachment-id=\"70121\" data-orig-file=\"http:\/\/www.tvturk.com\/wp-content\/uploads\/2019\/03\/arnavutkoyde-catismada-olenlerin-ve-intihar-eden-agabeyin-cenazesi-adli-tiptan-alindi_995358e.jpg\" data-orig-size=\"1000,750\" data-comments-opened=\"\" data-image-meta=\"{&quot;aperture&quot;:&quot;0&quot;,&quot;credit&quot;:&quot;IHA&quot;,&quot;camera&quot;:&quot;&quot;,&quot;caption&quot;:&quot;ARNAVUTK\\u00d6Y\\u2019DE ARALARINDA HUSUMET BULUNAN \\u0130K\\u0130 GRUP ARASINDA \\u00c7IKAN S\\u0130LAHLI \\u00c7ATI\\u015eMADA HAYATINI KAYBEDEN 3 K\\u0130\\u015e\\u0130N\\u0130N VE \\u0130NT\\u0130HAR EDEN A\\u011eABEY\\u0130N CENAZELER\\u0130 ADL\\u0130 TIP KURUMUNDAN ALINDI. (SERDAR \\u00dcNAL\\\/\\u0130STANBUL-\\u0130HA)&quot;,&quot;created_timestamp&quot;:&quot;0&quot;,&quot;copyright&quot;:&quot;\\u0130HLAS HABER AJANSI, www.iha.com.tr&quot;,&quot;focal_length&quot;:&quot;0&quot;,&quot;iso&quot;:&quot;0&quot;,&quot;shutter_speed&quot;:&quot;0&quot;,&quot;title&quot;:&quot;ARNAVUTK\\u00d6Y\\u2019DE \\u00c7ATI\\u015eMADA \\u00d6LENLER\\u0130N VE \\u0130NT\\u0130HAR EDEN A\\u011eABEY\\u0130N CENAZES\\u0130 ADL\\u0130 TIP\\u2019TAN ALINDI&quot;,&quot;orientation&quot;:&quot;0&quot;}\" data-image-title=\"Arnavutk\u00f6y\u2019de \u00e7at\u0131\u015fmada \u00f6lenlerin ve intihar eden a\u011fabeyin cenazesi Adli T\u0131p\u2019tan al\u0131nd\u0131\" data-image-description=\"&lt;p&gt;Arnavutk\u00f6y\u2019de \u00e7at\u0131\u015fmada \u00f6lenlerin ve intihar eden a\u011fabeyin cenazesi Adli T\u0131p\u2019tan al\u0131nd\u0131&lt;\/p&gt; \" data-medium-file=\"https:\/\/i0.wp.com\/www.tvturk.com\/wp-content\/uploads\/2019\/03\/arnavutkoyde-catismada-olenlerin-ve-intihar-eden-agabeyin-cenazesi-adli-tiptan-alindi_995358e.jpg?fit=300%2C225\" data-large-file=\"https:\/\/i0.wp.com\/www.tvturk.com\/wp-content\/uploads\/2019\/03\/arnavutkoyde-catismada-olenlerin-ve-intihar-eden-agabeyin-cenazesi-adli-tiptan-alindi_995358e.jpg?fit=1000%2C750\" src=\"https:\/\/i0.wp.com\/www.tvturk.com\/wp-content\/uploads\/2019\/03\/arnavutkoyde-catismada-olenlerin-ve-intihar-eden-agabeyin-cenazesi-adli-tiptan-alindi_995358e.jpg?w=330&#038;h=247\" srcset=\"https:\/\/i0.wp.com\/www.tvturk.com\/wp-content\/uploads\/2019\/03\/arnavutkoyde-catismada-olenlerin-ve-intihar-eden-agabeyin-cenazesi-adli-tiptan-alindi_995358e.jpg?w=1000 1000w, https:\/\/i0.wp.com\/www.tvturk.com\/wp-content\/uploads\/2019\/03\/arnavutkoyde-catismada-olenlerin-ve-intihar-eden-agabeyin-cenazesi-adli-tiptan-alindi_995358e.jpg?resize=150%2C113 150w, https:\/\/i0.wp.com\/www.tvturk.com\/wp-content\/uploads\/2019\/03\/arnavutkoyde-catismada-olenlerin-ve-intihar-eden-agabeyin-cenazesi-adli-tiptan-alindi_995358e.jpg?resize=300%2C225 300w, https:\/\/i0.wp.com\/www.tvturk.com\/wp-content\/uploads\/2019\/03\/arnavutkoyde-catismada-olenlerin-ve-intihar-eden-agabeyin-cenazesi-adli-tiptan-alindi_995358e.jpg?resize=768%2C576 768w\" width=\"330\" height=\"247\" loading=\"lazy\" data-original-width=\"330\" data-original-height=\"247\" itemprop=\"http:\/\/schema.org\/image\" title=\"Arnavutk\u00f6y\u2019de \u00e7at\u0131\u015fmada \u00f6lenlerin ve intihar eden a\u011fabeyin cenazesi Adli T\u0131p\u2019tan al\u0131nd\u0131\" alt=\"Arnavutk\u00f6y\u2019de \u00e7at\u0131\u015fmada \u00f6lenlerin ve intihar eden a\u011fabeyin cenazesi Adli T\u0131p\u2019tan al\u0131nd\u0131\" style=\"width: 330px; height: 247px;\" \/> <\/a> <\/div> <\/div> <!-- close group --> <div class=\"gallery-group images-2\" style=\"width: 166px; height: 251px;\" data-original-width=\"166\" data-original-height=\"251\" > <div class=\"tiled-gallery-item tiled-gallery-item-small\" itemprop=\"associatedMedia\" itemscope itemtype=\"http:\/\/schema.org\/ImageObject\"> <a href=\"http:\/\/www.tvturk.com\/index.php\/arnavutkoyde-catismada-olenlerin-ve-intihar-eden-agabeyin-cenazesi-adli-tiptan-alindi\/arnavutkoyde-catismada-olenlerin-ve-intihar-eden-agabeyin-cenazesi-adli-tiptan-alindi-4\/\" border=\"0\" itemprop=\"url\"> <meta itemprop=\"width\" content=\"162\"> <meta itemprop=\"height\" content=\"122\"> <img decoding=\"async\" class=\"\" data-attachment-id=\"70122\" data-orig-file=\"http:\/\/www.tvturk.com\/wp-content\/uploads\/2019\/03\/arnavutkoyde-catismada-olenlerin-ve-intihar-eden-agabeyin-cenazesi-adli-tiptan-alindi_b7f7840.jpg\" data-orig-size=\"1000,750\" data-comments-opened=\"\" data-image-meta=\"{&quot;aperture&quot;:&quot;0&quot;,&quot;credit&quot;:&quot;IHA&quot;,&quot;camera&quot;:&quot;&quot;,&quot;caption&quot;:&quot;ARNAVUTK\\u00d6Y\\u2019DE ARALARINDA HUSUMET BULUNAN \\u0130K\\u0130 GRUP ARASINDA \\u00c7IKAN S\\u0130LAHLI \\u00c7ATI\\u015eMADA HAYATINI KAYBEDEN 3 K\\u0130\\u015e\\u0130N\\u0130N VE \\u0130NT\\u0130HAR EDEN A\\u011eABEY\\u0130N CENAZELER\\u0130 ADL\\u0130 TIP KURUMUNDAN ALINDI. (SERDAR \\u00dcNAL\\\/\\u0130STANBUL-\\u0130HA)&quot;,&quot;created_timestamp&quot;:&quot;0&quot;,&quot;copyright&quot;:&quot;\\u0130HLAS HABER AJANSI, www.iha.com.tr&quot;,&quot;focal_length&quot;:&quot;0&quot;,&quot;iso&quot;:&quot;0&quot;,&quot;shutter_speed&quot;:&quot;0&quot;,&quot;title&quot;:&quot;ARNAVUTK\\u00d6Y\\u2019DE \\u00c7ATI\\u015eMADA \\u00d6LENLER\\u0130N VE \\u0130NT\\u0130HAR EDEN A\\u011eABEY\\u0130N CENAZES\\u0130 ADL\\u0130 TIP\\u2019TAN ALINDI&quot;,&quot;orientation&quot;:&quot;0&quot;}\" data-image-title=\"Arnavutk\u00f6y\u2019de \u00e7at\u0131\u015fmada \u00f6lenlerin ve intihar eden a\u011fabeyin cenazesi Adli T\u0131p\u2019tan al\u0131nd\u0131\" data-image-description=\"&lt;p&gt;Arnavutk\u00f6y\u2019de \u00e7at\u0131\u015fmada \u00f6lenlerin ve intihar eden a\u011fabeyin cenazesi Adli T\u0131p\u2019tan al\u0131nd\u0131&lt;\/p&gt; \" data-medium-file=\"https:\/\/i0.wp.com\/www.tvturk.com\/wp-content\/uploads\/2019\/03\/arnavutkoyde-catismada-olenlerin-ve-intihar-eden-agabeyin-cenazesi-adli-tiptan-alindi_b7f7840.jpg?fit=300%2C225\" data-large-file=\"https:\/\/i0.wp.com\/www.tvturk.com\/wp-content\/uploads\/2019\/03\/arnavutkoyde-catismada-olenlerin-ve-intihar-eden-agabeyin-cenazesi-adli-tiptan-alindi_b7f7840.jpg?fit=1000%2C750\" src=\"https:\/\/i0.wp.com\/www.tvturk.com\/wp-content\/uploads\/2019\/03\/arnavutkoyde-catismada-olenlerin-ve-intihar-eden-agabeyin-cenazesi-adli-tiptan-alindi_b7f7840.jpg?w=162&#038;h=122\" srcset=\"https:\/\/i0.wp.com\/www.tvturk.com\/wp-content\/uploads\/2019\/03\/arnavutkoyde-catismada-olenlerin-ve-intihar-eden-agabeyin-cenazesi-adli-tiptan-alindi_b7f7840.jpg?w=1000 1000w, https:\/\/i0.wp.com\/www.tvturk.com\/wp-content\/uploads\/2019\/03\/arnavutkoyde-catismada-olenlerin-ve-intihar-eden-agabeyin-cenazesi-adli-tiptan-alindi_b7f7840.jpg?resize=150%2C113 150w, https:\/\/i0.wp.com\/www.tvturk.com\/wp-content\/uploads\/2019\/03\/arnavutkoyde-catismada-olenlerin-ve-intihar-eden-agabeyin-cenazesi-adli-tiptan-alindi_b7f7840.jpg?resize=300%2C225 300w, https:\/\/i0.wp.com\/www.tvturk.com\/wp-content\/uploads\/2019\/03\/arnavutkoyde-catismada-olenlerin-ve-intihar-eden-agabeyin-cenazesi-adli-tiptan-alindi_b7f7840.jpg?resize=768%2C576 768w\" width=\"162\" height=\"122\" loading=\"lazy\" data-original-width=\"162\" data-original-height=\"122\" itemprop=\"http:\/\/schema.org\/image\" title=\"Arnavutk\u00f6y\u2019de \u00e7at\u0131\u015fmada \u00f6lenlerin ve intihar eden a\u011fabeyin cenazesi Adli T\u0131p\u2019tan al\u0131nd\u0131\" alt=\"Arnavutk\u00f6y\u2019de \u00e7at\u0131\u015fmada \u00f6lenlerin ve intihar eden a\u011fabeyin cenazesi Adli T\u0131p\u2019tan al\u0131nd\u0131\" style=\"width: 162px; height: 122px;\" \/> <\/a> <\/div> <div class=\"tiled-gallery-item tiled-gallery-item-small\" itemprop=\"associatedMedia\" itemscope itemtype=\"http:\/\/schema.org\/ImageObject\"> <a href=\"http:\/\/www.tvturk.com\/index.php\/arnavutkoyde-catismada-olenlerin-ve-intihar-eden-agabeyin-cenazesi-adli-tiptan-alindi\/arnavutkoyde-catismada-olenlerin-ve-intihar-eden-agabeyin-cenazesi-adli-tiptan-alindi-5\/\" border=\"0\" itemprop=\"url\"> <meta itemprop=\"width\" content=\"162\"> <meta itemprop=\"height\" content=\"121\"> <img decoding=\"async\" class=\"\" data-attachment-id=\"70123\" data-orig-file=\"http:\/\/www.tvturk.com\/wp-content\/uploads\/2019\/03\/arnavutkoyde-catismada-olenlerin-ve-intihar-eden-agabeyin-cenazesi-adli-tiptan-alindi_fcd754a.jpg\" data-orig-size=\"1000,750\" data-comments-opened=\"\" data-image-meta=\"{&quot;aperture&quot;:&quot;0&quot;,&quot;credit&quot;:&quot;IHA&quot;,&quot;camera&quot;:&quot;&quot;,&quot;caption&quot;:&quot;ARNAVUTK\\u00d6Y\\u2019DE ARALARINDA HUSUMET BULUNAN \\u0130K\\u0130 GRUP ARASINDA \\u00c7IKAN S\\u0130LAHLI \\u00c7ATI\\u015eMADA HAYATINI KAYBEDEN 3 K\\u0130\\u015e\\u0130N\\u0130N VE \\u0130NT\\u0130HAR EDEN A\\u011eABEY\\u0130N CENAZELER\\u0130 ADL\\u0130 TIP KURUMUNDAN ALINDI. (SERDAR \\u00dcNAL\\\/\\u0130STANBUL-\\u0130HA)&quot;,&quot;created_timestamp&quot;:&quot;0&quot;,&quot;copyright&quot;:&quot;\\u0130HLAS HABER AJANSI, www.iha.com.tr&quot;,&quot;focal_length&quot;:&quot;0&quot;,&quot;iso&quot;:&quot;0&quot;,&quot;shutter_speed&quot;:&quot;0&quot;,&quot;title&quot;:&quot;ARNAVUTK\\u00d6Y\\u2019DE \\u00c7ATI\\u015eMADA \\u00d6LENLER\\u0130N VE \\u0130NT\\u0130HAR EDEN A\\u011eABEY\\u0130N CENAZES\\u0130 ADL\\u0130 TIP\\u2019TAN ALINDI&quot;,&quot;orientation&quot;:&quot;0&quot;}\" data-image-title=\"Arnavutk\u00f6y\u2019de \u00e7at\u0131\u015fmada \u00f6lenlerin ve intihar eden a\u011fabeyin cenazesi Adli T\u0131p\u2019tan al\u0131nd\u0131\" data-image-description=\"&lt;p&gt;Arnavutk\u00f6y\u2019de \u00e7at\u0131\u015fmada \u00f6lenlerin ve intihar eden a\u011fabeyin cenazesi Adli T\u0131p\u2019tan al\u0131nd\u0131&lt;\/p&gt; \" data-medium-file=\"https:\/\/i0.wp.com\/www.tvturk.com\/wp-content\/uploads\/2019\/03\/arnavutkoyde-catismada-olenlerin-ve-intihar-eden-agabeyin-cenazesi-adli-tiptan-alindi_fcd754a.jpg?fit=300%2C225\" data-large-file=\"https:\/\/i0.wp.com\/www.tvturk.com\/wp-content\/uploads\/2019\/03\/arnavutkoyde-catismada-olenlerin-ve-intihar-eden-agabeyin-cenazesi-adli-tiptan-alindi_fcd754a.jpg?fit=1000%2C750\" src=\"https:\/\/i0.wp.com\/www.tvturk.com\/wp-content\/uploads\/2019\/03\/arnavutkoyde-catismada-olenlerin-ve-intihar-eden-agabeyin-cenazesi-adli-tiptan-alindi_fcd754a.jpg?w=162&#038;h=121\" srcset=\"https:\/\/i0.wp.com\/www.tvturk.com\/wp-content\/uploads\/2019\/03\/arnavutkoyde-catismada-olenlerin-ve-intihar-eden-agabeyin-cenazesi-adli-tiptan-alindi_fcd754a.jpg?w=1000 1000w, https:\/\/i0.wp.com\/www.tvturk.com\/wp-content\/uploads\/2019\/03\/arnavutkoyde-catismada-olenlerin-ve-intihar-eden-agabeyin-cenazesi-adli-tiptan-alindi_fcd754a.jpg?resize=150%2C113 150w, https:\/\/i0.wp.com\/www.tvturk.com\/wp-content\/uploads\/2019\/03\/arnavutkoyde-catismada-olenlerin-ve-intihar-eden-agabeyin-cenazesi-adli-tiptan-alindi_fcd754a.jpg?resize=300%2C225 300w, https:\/\/i0.wp.com\/www.tvturk.com\/wp-content\/uploads\/2019\/03\/arnavutkoyde-catismada-olenlerin-ve-intihar-eden-agabeyin-cenazesi-adli-tiptan-alindi_fcd754a.jpg?resize=768%2C576 768w\" width=\"162\" height=\"121\" loading=\"lazy\" data-original-width=\"162\" data-original-height=\"121\" itemprop=\"http:\/\/schema.org\/image\" title=\"Arnavutk\u00f6y\u2019de \u00e7at\u0131\u015fmada \u00f6lenlerin ve intihar eden a\u011fabeyin cenazesi Adli T\u0131p\u2019tan al\u0131nd\u0131\" alt=\"Arnavutk\u00f6y\u2019de \u00e7at\u0131\u015fmada \u00f6lenlerin ve intihar eden a\u011fabeyin cenazesi Adli T\u0131p\u2019tan al\u0131nd\u0131\" style=\"width: 162px; height: 121px;\" \/> <\/a> <\/div> <\/div> <!-- close group --> <\/div> <!-- close row --> <\/div><\/p>\n","protected":false},"excerpt":{"rendered":"<p>ARNAVUTK\u00d6Y\u2019DE ARALARINDA HUSUMET BULUNAN \u0130K\u0130 GRUP ARASINDA \u00c7IKAN S\u0130LAHLI \u00c7ATI\u015eMADA HAYATINI KAYBEDEN 3 K\u0130\u015e\u0130N\u0130N VE \u0130NT\u0130HAR EDEN A\u011eABEY\u0130N CENAZELER\u0130 ADL\u0130 TIP KURUMUNDAN ALINDI.<\/p>\n","protected":false},"author":1,"featured_media":70120,"comment_status":"closed","ping_status":"open","sticky":false,"template":"","format":"standard","meta":{"jetpack_post_was_ever_published":false,"_jetpack_newsletter_access":"","_jetpack_dont_email_post_to_subs":false,"_jetpack_newsletter_tier_id":0,"_jetpack_memberships_contains_paywalled_content":false,"_jetpack_memberships_contains_paid_content":false,"footnotes":"","jetpack_publicize_message":"","jetpack_publicize_feature_enabled":true,"jetpack_social_post_already_shared":true,"jetpack_social_options":{"image_generator_settings":{"template":"highway","default_image_id":0,"font":"","enabled":false},"version":2}},"categories":[655],"tags":[867,20799,1014,20595,20798,6746,2393,4706,5731,20300],"class_list":["post-70119","post","type-post","status-publish","format-standard","has-post-thumbnail","hentry","category-son-dakika","tag-adli","tag-agabeyin","tag-alindi","tag-arnavutkoyde","tag-catismada","tag-cenazesi","tag-eden","tag-intihar","tag-olenlerin","tag-tiptan"],"jetpack_publicize_connections":[],"jetpack_featured_media_url":"https:\/\/i0.wp.com\/www.tvturk.com\/wp-content\/uploads\/2019\/03\/arnavutkoyde-catismada-olenlerin-ve-intihar-eden-agabeyin-cenazesi-adli-tiptan-alindi_6fd640b.jpg?fit=1000%2C750","jetpack_sharing_enabled":true,"jetpack_shortlink":"https:\/\/wp.me\/paKIfm-ieX","_links":{"self":[{"href":"http:\/\/www.tvturk.com\/index.php\/wp-json\/wp\/v2\/posts\/70119","targetHints":{"allow":["GET"]}}],"collection":[{"href":"http:\/\/www.tvturk.com\/index.php\/wp-json\/wp\/v2\/posts"}],"about":[{"href":"http:\/\/www.tvturk.com\/index.php\/wp-json\/wp\/v2\/types\/post"}],"author":[{"embeddable":true,"href":"http:\/\/www.tvturk.com\/index.php\/wp-json\/wp\/v2\/users\/1"}],"replies":[{"embeddable":true,"href":"http:\/\/www.tvturk.com\/index.php\/wp-json\/wp\/v2\/comments?post=70119"}],"version-history":[{"count":1,"href":"http:\/\/www.tvturk.com\/index.php\/wp-json\/wp\/v2\/posts\/70119\/revisions"}],"predecessor-version":[{"id":70124,"href":"http:\/\/www.tvturk.com\/index.php\/wp-json\/wp\/v2\/posts\/70119\/revisions\/70124"}],"wp:featuredmedia":[{"embeddable":true,"href":"http:\/\/www.tvturk.com\/index.php\/wp-json\/wp\/v2\/media\/70120"}],"wp:attachment":[{"href":"http:\/\/www.tvturk.com\/index.php\/wp-json\/wp\/v2\/media?parent=70119"}],"wp:term":[{"taxonomy":"category","embeddable":true,"href":"http:\/\/www.tvturk.com\/index.php\/wp-json\/wp\/v2\/categories?post=70119"},{"taxonomy":"post_tag","embeddable":true,"href":"http:\/\/www.tvturk.com\/index.php\/wp-json\/wp\/v2\/tags?post=70119"}],"curies":[{"name":"wp","href":"https:\/\/api.w.org\/{rel}","templated":true}]}}