{"id":70485,"date":"2019-03-04T16:11:00","date_gmt":"2019-03-04T13:11:00","guid":{"rendered":"http:\/\/www.tvturk.com\/index.php\/bilecik-emniyetinden-titiz-calisma\/"},"modified":"2019-03-04T16:11:03","modified_gmt":"2019-03-04T13:11:03","slug":"bilecik-emniyetinden-titiz-calisma","status":"publish","type":"post","link":"http:\/\/www.tvturk.com\/index.php\/bilecik-emniyetinden-titiz-calisma\/","title":{"rendered":"Bilecik Emniyetinden titiz \u00e7al\u0131\u015fma"},"content":{"rendered":"<p>Bilecik\u2019te bir h\u0131rs\u0131zl\u0131k olay\u0131na kar\u0131\u015ft\u0131ktan sonra 133 saatlik g\u00fcvenlik kameras\u0131 kay\u0131tlar\u0131n\u0131n incelenmesinin ard\u0131ndan tespit edilen 2\u2019si kad\u0131n 4 \u015f\u00fcpheli adliyeye sevk edildi.<\/p>\n<p>Al\u0131nan bilgilere g\u00f6re, 22 \u015eubat tarihinde Bilecik merkez Bah\u00e7elievler Mahallesi\u2019nde ikametten h\u0131rs\u0131zl\u0131k olay\u0131nda 35 bin TL\u2019lik ziynet e\u015fyas\u0131 \u00e7al\u0131nd\u0131. Olay yerine gelen ekipler taraf\u0131ndan 58 farkl\u0131 noktadan al\u0131nan 133 saatlik g\u00fcvenlik kameras\u0131 g\u00f6r\u00fcnt\u00fcs\u00fcn\u00fc titizlikle incelenirken \u015fah\u0131slar\u0131n kulland\u0131klar\u0131 ara\u00e7 tespit edildi. Bahse konu ara\u00e7 Bilecik\u2019ten K\u00fctahya\u2019ya seyir halindeyken iki ilin Asayi\u015f \u015eube M\u00fcd\u00fcrl\u00fc\u011f\u00fc ekiplerinin irtibata ge\u00e7mesi sonucu ara\u00e7 ve i\u00e7inde bulunan 2\u2019si kad\u0131n 4 ki\u015fi, K\u00fctahya emniyeti taraf\u0131ndan yakaland\u0131. \u015eah\u0131slar Bilecik \u0130l Emniyet M\u00fcd\u00fcrl\u00fc\u011f\u00fcne teslim edilirken, \u015f\u00fcpheliler ilk sorgusunun ard\u0131ndan adliyeye \u00e7\u0131kar\u0131ld\u0131. \u015eah\u0131slardan biri adliye giri\u015finde kendilerini g\u00f6r\u00fcnt\u00fcleyen bas\u0131n mensuplar\u0131n\u0131 g\u00f6r\u00fcnce y\u00fcz\u00fcn\u00fc saklad\u0131. Bir ba\u015fkas\u0131 ise &#8220;Allah belan\u0131z\u0131 versin&#8221; derken, bir kad\u0131n da &#8220;Biz su\u00e7 i\u015flemedik, su\u00e7umuz yok&#8221; dedi.<\/p>\n<p>\u00d6te yandan yakalananlar\u0131n O.G., V.B., M.\u00c7., K.G. oldu\u011fu \u00f6\u011frenildi.<div class=\"tiled-gallery type-rectangular tiled-gallery-unresized\" data-original-width=\"500\" data-carousel-extra='null' itemscope itemtype=\"http:\/\/schema.org\/ImageGallery\" > <div class=\"gallery-row\" style=\"width: 500px; height: 222px;\" data-original-width=\"500\" data-original-height=\"222\" > <div class=\"gallery-group images-1\" style=\"width: 334px; height: 222px;\" data-original-width=\"334\" data-original-height=\"222\" > <div class=\"tiled-gallery-item tiled-gallery-item-large\" itemprop=\"associatedMedia\" itemscope itemtype=\"http:\/\/schema.org\/ImageObject\"> <a href=\"http:\/\/www.tvturk.com\/index.php\/bilecik-emniyetinden-titiz-calisma\/bilecik-emniyetinden-titiz-calisma-3\/\" border=\"0\" itemprop=\"url\"> <meta itemprop=\"width\" content=\"330\"> <meta itemprop=\"height\" content=\"218\"> <img decoding=\"async\" class=\"\" data-attachment-id=\"70487\" data-orig-file=\"http:\/\/www.tvturk.com\/wp-content\/uploads\/2019\/03\/bilecik-emniyetinden-titiz-calisma_bfa379f.jpg\" data-orig-size=\"1000,662\" data-comments-opened=\"\" data-image-meta=\"{&quot;aperture&quot;:&quot;0&quot;,&quot;credit&quot;:&quot;IHA&quot;,&quot;camera&quot;:&quot;&quot;,&quot;caption&quot;:&quot;35 B\\u0130N TL\\u0027L\\u0130K Z\\u0130YNET E\\u015eYASI \\u00c7ALDILAR, KEND\\u0130LER\\u0130N\\u0130 G\\u00d6R\\u00dcNT\\u00dcLEYEN BASINA BELA OKUDULAR (\\u0130BRAH\\u0130M S\\u00dcNET\\u00c7\\u0130\\\/B\\u0130LEC\\u0130K-\\u0130HA)&quot;,&quot;created_timestamp&quot;:&quot;0&quot;,&quot;copyright&quot;:&quot;\\u0130HLAS HABER AJANSI, www.iha.com.tr&quot;,&quot;focal_length&quot;:&quot;0&quot;,&quot;iso&quot;:&quot;0&quot;,&quot;shutter_speed&quot;:&quot;0&quot;,&quot;title&quot;:&quot;B\\u0130LEC\\u0130K EMN\\u0130YET\\u0130NDEN T\\u0130T\\u0130Z \\u00c7ALI\\u015eMA 133 SAATL\\u0130K G\\u00d6R\\u00dcNT\\u00dcLER T\\u0130T\\u0130ZL\\u0130KLE \\u0130NCELEND\\u0130 35 B\\u0130N TL\\u0027L\\u0130K Z\\u0130YNET E\\u015eYASI \\u00c7ALDILAR, KEND\\u0130LER\\u0130N\\u0130 G\\u00d6R\\u00dcNT\\u00dcLEYEN BASIN MENSUPLARINA TEPK\\u0130 G\\u00d6STERD\\u0130LER&quot;,&quot;orientation&quot;:&quot;0&quot;}\" data-image-title=\"Bilecik Emniyetinden titiz \u00e7al\u0131\u015fma\" data-image-description=\"&lt;p&gt;Bilecik Emniyetinden titiz \u00e7al\u0131\u015fma&lt;\/p&gt; \" data-medium-file=\"https:\/\/i0.wp.com\/www.tvturk.com\/wp-content\/uploads\/2019\/03\/bilecik-emniyetinden-titiz-calisma_bfa379f.jpg?fit=300%2C199\" data-large-file=\"https:\/\/i0.wp.com\/www.tvturk.com\/wp-content\/uploads\/2019\/03\/bilecik-emniyetinden-titiz-calisma_bfa379f.jpg?fit=1000%2C662\" src=\"https:\/\/i0.wp.com\/www.tvturk.com\/wp-content\/uploads\/2019\/03\/bilecik-emniyetinden-titiz-calisma_bfa379f.jpg?w=330&#038;h=218\" srcset=\"https:\/\/i0.wp.com\/www.tvturk.com\/wp-content\/uploads\/2019\/03\/bilecik-emniyetinden-titiz-calisma_bfa379f.jpg?w=1000 1000w, https:\/\/i0.wp.com\/www.tvturk.com\/wp-content\/uploads\/2019\/03\/bilecik-emniyetinden-titiz-calisma_bfa379f.jpg?resize=150%2C99 150w, https:\/\/i0.wp.com\/www.tvturk.com\/wp-content\/uploads\/2019\/03\/bilecik-emniyetinden-titiz-calisma_bfa379f.jpg?resize=300%2C199 300w, https:\/\/i0.wp.com\/www.tvturk.com\/wp-content\/uploads\/2019\/03\/bilecik-emniyetinden-titiz-calisma_bfa379f.jpg?resize=768%2C508 768w, https:\/\/i0.wp.com\/www.tvturk.com\/wp-content\/uploads\/2019\/03\/bilecik-emniyetinden-titiz-calisma_bfa379f.jpg?resize=170%2C113 170w, https:\/\/i0.wp.com\/www.tvturk.com\/wp-content\/uploads\/2019\/03\/bilecik-emniyetinden-titiz-calisma_bfa379f.jpg?resize=120%2C80 120w\" width=\"330\" height=\"218\" loading=\"lazy\" data-original-width=\"330\" data-original-height=\"218\" itemprop=\"http:\/\/schema.org\/image\" title=\"Bilecik Emniyetinden titiz \u00e7al\u0131\u015fma\" alt=\"Bilecik Emniyetinden titiz \u00e7al\u0131\u015fma\" style=\"width: 330px; height: 218px;\" \/> <\/a> <\/div> <\/div> <!-- close group --> <div class=\"gallery-group images-2\" style=\"width: 166px; height: 222px;\" data-original-width=\"166\" data-original-height=\"222\" > <div class=\"tiled-gallery-item tiled-gallery-item-small\" itemprop=\"associatedMedia\" itemscope itemtype=\"http:\/\/schema.org\/ImageObject\"> <a href=\"http:\/\/www.tvturk.com\/index.php\/bilecik-emniyetinden-titiz-calisma\/bilecik-emniyetinden-titiz-calisma-4\/\" border=\"0\" itemprop=\"url\"> <meta itemprop=\"width\" content=\"162\"> <meta itemprop=\"height\" content=\"107\"> <img decoding=\"async\" class=\"\" data-attachment-id=\"70488\" data-orig-file=\"http:\/\/www.tvturk.com\/wp-content\/uploads\/2019\/03\/bilecik-emniyetinden-titiz-calisma_28de075.jpg\" data-orig-size=\"1000,662\" data-comments-opened=\"\" data-image-meta=\"{&quot;aperture&quot;:&quot;0&quot;,&quot;credit&quot;:&quot;IHA&quot;,&quot;camera&quot;:&quot;&quot;,&quot;caption&quot;:&quot;35 B\\u0130N TL\\u0027L\\u0130K Z\\u0130YNET E\\u015eYASI \\u00c7ALDILAR, KEND\\u0130LER\\u0130N\\u0130 G\\u00d6R\\u00dcNT\\u00dcLEYEN BASINA BELA OKUDULAR (\\u0130BRAH\\u0130M S\\u00dcNET\\u00c7\\u0130\\\/B\\u0130LEC\\u0130K-\\u0130HA)&quot;,&quot;created_timestamp&quot;:&quot;0&quot;,&quot;copyright&quot;:&quot;\\u0130HLAS HABER AJANSI, www.iha.com.tr&quot;,&quot;focal_length&quot;:&quot;0&quot;,&quot;iso&quot;:&quot;0&quot;,&quot;shutter_speed&quot;:&quot;0&quot;,&quot;title&quot;:&quot;B\\u0130LEC\\u0130K EMN\\u0130YET\\u0130NDEN T\\u0130T\\u0130Z \\u00c7ALI\\u015eMA 133 SAATL\\u0130K G\\u00d6R\\u00dcNT\\u00dcLER T\\u0130T\\u0130ZL\\u0130KLE \\u0130NCELEND\\u0130 35 B\\u0130N TL\\u0027L\\u0130K Z\\u0130YNET E\\u015eYASI \\u00c7ALDILAR, KEND\\u0130LER\\u0130N\\u0130 G\\u00d6R\\u00dcNT\\u00dcLEYEN BASIN MENSUPLARINA TEPK\\u0130 G\\u00d6STERD\\u0130LER&quot;,&quot;orientation&quot;:&quot;0&quot;}\" data-image-title=\"Bilecik Emniyetinden titiz \u00e7al\u0131\u015fma\" data-image-description=\"&lt;p&gt;Bilecik Emniyetinden titiz \u00e7al\u0131\u015fma&lt;\/p&gt; \" data-medium-file=\"https:\/\/i0.wp.com\/www.tvturk.com\/wp-content\/uploads\/2019\/03\/bilecik-emniyetinden-titiz-calisma_28de075.jpg?fit=300%2C199\" data-large-file=\"https:\/\/i0.wp.com\/www.tvturk.com\/wp-content\/uploads\/2019\/03\/bilecik-emniyetinden-titiz-calisma_28de075.jpg?fit=1000%2C662\" src=\"https:\/\/i0.wp.com\/www.tvturk.com\/wp-content\/uploads\/2019\/03\/bilecik-emniyetinden-titiz-calisma_28de075.jpg?w=162&#038;h=107\" srcset=\"https:\/\/i0.wp.com\/www.tvturk.com\/wp-content\/uploads\/2019\/03\/bilecik-emniyetinden-titiz-calisma_28de075.jpg?w=1000 1000w, https:\/\/i0.wp.com\/www.tvturk.com\/wp-content\/uploads\/2019\/03\/bilecik-emniyetinden-titiz-calisma_28de075.jpg?resize=150%2C99 150w, https:\/\/i0.wp.com\/www.tvturk.com\/wp-content\/uploads\/2019\/03\/bilecik-emniyetinden-titiz-calisma_28de075.jpg?resize=300%2C200 300w, https:\/\/i0.wp.com\/www.tvturk.com\/wp-content\/uploads\/2019\/03\/bilecik-emniyetinden-titiz-calisma_28de075.jpg?resize=768%2C508 768w, https:\/\/i0.wp.com\/www.tvturk.com\/wp-content\/uploads\/2019\/03\/bilecik-emniyetinden-titiz-calisma_28de075.jpg?resize=170%2C113 170w, https:\/\/i0.wp.com\/www.tvturk.com\/wp-content\/uploads\/2019\/03\/bilecik-emniyetinden-titiz-calisma_28de075.jpg?resize=120%2C80 120w\" width=\"162\" height=\"107\" loading=\"lazy\" data-original-width=\"162\" data-original-height=\"107\" itemprop=\"http:\/\/schema.org\/image\" title=\"Bilecik Emniyetinden titiz \u00e7al\u0131\u015fma\" alt=\"Bilecik Emniyetinden titiz \u00e7al\u0131\u015fma\" style=\"width: 162px; height: 107px;\" \/> <\/a> <\/div> <div class=\"tiled-gallery-item tiled-gallery-item-small\" itemprop=\"associatedMedia\" itemscope itemtype=\"http:\/\/schema.org\/ImageObject\"> <a href=\"http:\/\/www.tvturk.com\/index.php\/bilecik-emniyetinden-titiz-calisma\/bilecik-emniyetinden-titiz-calisma-5\/\" border=\"0\" itemprop=\"url\"> <meta itemprop=\"width\" content=\"162\"> <meta itemprop=\"height\" content=\"107\"> <img decoding=\"async\" class=\"\" data-attachment-id=\"70489\" data-orig-file=\"http:\/\/www.tvturk.com\/wp-content\/uploads\/2019\/03\/bilecik-emniyetinden-titiz-calisma_2166fc8.jpg\" data-orig-size=\"1000,662\" data-comments-opened=\"\" data-image-meta=\"{&quot;aperture&quot;:&quot;0&quot;,&quot;credit&quot;:&quot;IHA&quot;,&quot;camera&quot;:&quot;&quot;,&quot;caption&quot;:&quot;35 B\\u0130N TL\\u0027L\\u0130K Z\\u0130YNET E\\u015eYASI \\u00c7ALDILAR, KEND\\u0130LER\\u0130N\\u0130 G\\u00d6R\\u00dcNT\\u00dcLEYEN BASINA BELA OKUDULAR (\\u0130BRAH\\u0130M S\\u00dcNET\\u00c7\\u0130\\\/B\\u0130LEC\\u0130K-\\u0130HA)&quot;,&quot;created_timestamp&quot;:&quot;0&quot;,&quot;copyright&quot;:&quot;\\u0130HLAS HABER AJANSI, www.iha.com.tr&quot;,&quot;focal_length&quot;:&quot;0&quot;,&quot;iso&quot;:&quot;0&quot;,&quot;shutter_speed&quot;:&quot;0&quot;,&quot;title&quot;:&quot;B\\u0130LEC\\u0130K EMN\\u0130YET\\u0130NDEN T\\u0130T\\u0130Z \\u00c7ALI\\u015eMA 133 SAATL\\u0130K G\\u00d6R\\u00dcNT\\u00dcLER T\\u0130T\\u0130ZL\\u0130KLE \\u0130NCELEND\\u0130 35 B\\u0130N TL\\u0027L\\u0130K Z\\u0130YNET E\\u015eYASI \\u00c7ALDILAR, KEND\\u0130LER\\u0130N\\u0130 G\\u00d6R\\u00dcNT\\u00dcLEYEN BASIN MENSUPLARINA TEPK\\u0130 G\\u00d6STERD\\u0130LER&quot;,&quot;orientation&quot;:&quot;0&quot;}\" data-image-title=\"Bilecik Emniyetinden titiz \u00e7al\u0131\u015fma\" data-image-description=\"&lt;p&gt;Bilecik Emniyetinden titiz \u00e7al\u0131\u015fma&lt;\/p&gt; \" data-medium-file=\"https:\/\/i0.wp.com\/www.tvturk.com\/wp-content\/uploads\/2019\/03\/bilecik-emniyetinden-titiz-calisma_2166fc8.jpg?fit=300%2C199\" data-large-file=\"https:\/\/i0.wp.com\/www.tvturk.com\/wp-content\/uploads\/2019\/03\/bilecik-emniyetinden-titiz-calisma_2166fc8.jpg?fit=1000%2C662\" src=\"https:\/\/i0.wp.com\/www.tvturk.com\/wp-content\/uploads\/2019\/03\/bilecik-emniyetinden-titiz-calisma_2166fc8.jpg?w=162&#038;h=107\" srcset=\"https:\/\/i0.wp.com\/www.tvturk.com\/wp-content\/uploads\/2019\/03\/bilecik-emniyetinden-titiz-calisma_2166fc8.jpg?w=1000 1000w, https:\/\/i0.wp.com\/www.tvturk.com\/wp-content\/uploads\/2019\/03\/bilecik-emniyetinden-titiz-calisma_2166fc8.jpg?resize=150%2C99 150w, https:\/\/i0.wp.com\/www.tvturk.com\/wp-content\/uploads\/2019\/03\/bilecik-emniyetinden-titiz-calisma_2166fc8.jpg?resize=300%2C200 300w, https:\/\/i0.wp.com\/www.tvturk.com\/wp-content\/uploads\/2019\/03\/bilecik-emniyetinden-titiz-calisma_2166fc8.jpg?resize=768%2C508 768w, https:\/\/i0.wp.com\/www.tvturk.com\/wp-content\/uploads\/2019\/03\/bilecik-emniyetinden-titiz-calisma_2166fc8.jpg?resize=170%2C113 170w, https:\/\/i0.wp.com\/www.tvturk.com\/wp-content\/uploads\/2019\/03\/bilecik-emniyetinden-titiz-calisma_2166fc8.jpg?resize=120%2C80 120w\" width=\"162\" height=\"107\" loading=\"lazy\" data-original-width=\"162\" data-original-height=\"107\" itemprop=\"http:\/\/schema.org\/image\" title=\"Bilecik Emniyetinden titiz \u00e7al\u0131\u015fma\" alt=\"Bilecik Emniyetinden titiz \u00e7al\u0131\u015fma\" style=\"width: 162px; height: 107px;\" \/> <\/a> <\/div> <\/div> <!-- close group --> <\/div> <!-- close row --> <\/div><\/p>\n","protected":false},"excerpt":{"rendered":"<p>35 B\u0130N TL&#8217;L\u0130K Z\u0130YNET E\u015eYASI \u00c7ALDILAR, KEND\u0130LER\u0130N\u0130 G\u00d6R\u00dcNT\u00dcLEYEN BASINA BELA OKUDULAR<\/p>\n","protected":false},"author":1,"featured_media":70486,"comment_status":"closed","ping_status":"open","sticky":false,"template":"","format":"standard","meta":{"jetpack_post_was_ever_published":false,"_jetpack_newsletter_access":"","_jetpack_dont_email_post_to_subs":false,"_jetpack_newsletter_tier_id":0,"_jetpack_memberships_contains_paywalled_content":false,"_jetpack_memberships_contains_paid_content":false,"footnotes":"","jetpack_publicize_message":"","jetpack_publicize_feature_enabled":true,"jetpack_social_post_already_shared":true,"jetpack_social_options":{"image_generator_settings":{"template":"highway","default_image_id":0,"font":"","enabled":false},"version":2}},"categories":[655],"tags":[5294,322,2429,20880],"class_list":["post-70485","post","type-post","status-publish","format-standard","has-post-thumbnail","hentry","category-son-dakika","tag-bilecik","tag-calisma","tag-emniyetinden","tag-titiz"],"jetpack_publicize_connections":[],"jetpack_featured_media_url":"https:\/\/i0.wp.com\/www.tvturk.com\/wp-content\/uploads\/2019\/03\/bilecik-emniyetinden-titiz-calisma_8505749.jpg?fit=1000%2C662","jetpack_sharing_enabled":true,"jetpack_shortlink":"https:\/\/wp.me\/paKIfm-ikR","_links":{"self":[{"href":"http:\/\/www.tvturk.com\/index.php\/wp-json\/wp\/v2\/posts\/70485","targetHints":{"allow":["GET"]}}],"collection":[{"href":"http:\/\/www.tvturk.com\/index.php\/wp-json\/wp\/v2\/posts"}],"about":[{"href":"http:\/\/www.tvturk.com\/index.php\/wp-json\/wp\/v2\/types\/post"}],"author":[{"embeddable":true,"href":"http:\/\/www.tvturk.com\/index.php\/wp-json\/wp\/v2\/users\/1"}],"replies":[{"embeddable":true,"href":"http:\/\/www.tvturk.com\/index.php\/wp-json\/wp\/v2\/comments?post=70485"}],"version-history":[{"count":1,"href":"http:\/\/www.tvturk.com\/index.php\/wp-json\/wp\/v2\/posts\/70485\/revisions"}],"predecessor-version":[{"id":70490,"href":"http:\/\/www.tvturk.com\/index.php\/wp-json\/wp\/v2\/posts\/70485\/revisions\/70490"}],"wp:featuredmedia":[{"embeddable":true,"href":"http:\/\/www.tvturk.com\/index.php\/wp-json\/wp\/v2\/media\/70486"}],"wp:attachment":[{"href":"http:\/\/www.tvturk.com\/index.php\/wp-json\/wp\/v2\/media?parent=70485"}],"wp:term":[{"taxonomy":"category","embeddable":true,"href":"http:\/\/www.tvturk.com\/index.php\/wp-json\/wp\/v2\/categories?post=70485"},{"taxonomy":"post_tag","embeddable":true,"href":"http:\/\/www.tvturk.com\/index.php\/wp-json\/wp\/v2\/tags?post=70485"}],"curies":[{"name":"wp","href":"https:\/\/api.w.org\/{rel}","templated":true}]}}