{"id":70561,"date":"2019-03-04T16:46:26","date_gmt":"2019-03-04T13:46:26","guid":{"rendered":"http:\/\/www.tvturk.com\/index.php\/isvec-buyukelcisi-hellgrenden-vali-cakacaki-ziyaret-etti\/"},"modified":"2019-03-04T16:46:30","modified_gmt":"2019-03-04T13:46:30","slug":"isvec-buyukelcisi-hellgrenden-vali-cakacaki-ziyaret-etti","status":"publish","type":"post","link":"http:\/\/www.tvturk.com\/index.php\/isvec-buyukelcisi-hellgrenden-vali-cakacaki-ziyaret-etti\/","title":{"rendered":"\u0130sve\u00e7 B\u00fcy\u00fckel\u00e7isi Hellgren\u2019den Vali \u00c7akacak\u2019\u0131 ziyaret etti"},"content":{"rendered":"<p>\u0130sve\u00e7\u2019in Ankara B\u00fcy\u00fckel\u00e7isi Annika Molin Hellgren, Eski\u015fehir Valisi \u00d6zdemir \u00c7akacak\u2019\u0131 makam\u0131nda ziyaret etti.<\/p>\n<p>Bir tak\u0131m ziyaret ve g\u00f6r\u00fc\u015fmeler sebebiyle Eski\u015fehir\u2019e gelen \u0130sve\u00e7\u2019in Ankara B\u00fcy\u00fckel\u00e7isi Hellgren, Eski\u015fehir Valisi \u00c7akacak\u2019\u0131 makam\u0131nda ziyaret etti. Ziyaretinde \u00f6ncelikle Valilik An\u0131 Defteri\u2019ni imzalayan B\u00fcy\u00fckel\u00e7i Hellgren, daha sonra Vali \u00c7akacak ile bir s\u00fcre sohbet etti. Kar\u015f\u0131l\u0131kl\u0131 hediyelerin verildi\u011fi ziyaret, foto\u011fraf \u00e7ekimi ile sona erdi.<\/p>\n<p>\u201cAB \u00fcyelik s\u00fcrecinde \u0130sve\u00e7\u2019in T\u00fcrkiye\u2019nin yan\u0131nda tav\u0131r almas\u0131ndan memnuniyet duyuyoruz\u201d<\/p>\n<p>B\u00fcy\u00fckel\u00e7i Hellgren\u2019in ziyaretinden duydu\u011fu memnuniyeti dile getiren Vali \u00c7akacak, Avrupa Birli\u011fi \u00fcyelik m\u00fczakereleri s\u00fcrecinde \u0130sve\u00e7\u2019in daima T\u00fcrkiye\u2019nin yan\u0131nda tav\u0131r almas\u0131ndan b\u00fcy\u00fck mutluluk duydu\u011funu ifade etti. Vali \u00c7akacak, \u201c\u0130sve\u00e7\u2019in Ankara B\u00fcy\u00fckel\u00e7isi bug\u00fcn Eski\u015fehir\u2019e te\u015frif ettiler. B\u00fcy\u00fckel\u00e7imizi valilikte a\u011f\u0131rlamaktan b\u00fcy\u00fck bir memnuniyet duyuyoruz. \u0130sve\u00e7 ile T\u00fcrkiye aras\u0131nda \u00e7ok eski y\u0131llara dayanan kar\u015f\u0131l\u0131kl\u0131 dostluk ili\u015fkileri var. \u0130ki \u00fclke devlet b\u00fcy\u00fcklerimizin ge\u00e7mi\u015ften bu yana, k\u00f6kl\u00fc ge\u00e7mi\u015fe sahip olan bu ili\u015fkinin \u00e7e\u015fitli uluslararas\u0131 alanda ekonomik i\u015f birli\u011fi i\u00e7erisinde artt\u0131r\u0131lmas\u0131 y\u00f6n\u00fcnde \u00f6nemli var. Biz her y\u0131l 300 bin civar\u0131nda \u0130sve\u00e7liyi \u00fclkemizde a\u011f\u0131rlamaktan b\u00fcy\u00fck memnuniyet duyuyoruz ve bunlar g\u00fczel i\u015f birliklerinin bir sonucudur. Biz gerek ekonomik i\u015f birli\u011fi alan\u0131nda, di\u011fer alanlarda \u00f6zellikle i\u015f insanlar\u0131m\u0131z\u0131n ziyaretleri ile bu var olan i\u015f birli\u011finin daha da artt\u0131r\u0131laca\u011f\u0131n\u0131n inanc\u0131nday\u0131z. Ayr\u0131ca T\u00fcrkiye\u2019nin Avrupa Birli\u011fi \u00fcyelik m\u00fczakereleri s\u00fcrecinde \u0130sve\u00e7\u2019in daima T\u00fcrkiye\u2019nin yan\u0131nda tav\u0131r almas\u0131nda b\u00fcy\u00fck bir memnuniyet duyuyoruz\u201d dedi.<\/p>\n<p>\u201c\u0130kili ili\u015fkileri ileriye g\u00f6t\u00fcrmek g\u00f6revlerimden bir tanesi\u201d<\/p>\n<p>T\u00fcrkiye ve \u0130sve\u00e7 aras\u0131ndaki ticaret ve i\u015f birli\u011fini daha da ileriye g\u00f6t\u00fcrmenin g\u00f6revlerinden bir tanesi oldu\u011funu s\u00f6yleyen B\u00fcy\u00fckel\u00e7i Hellgren ise, \u201cG\u00f6rev s\u00fcrem boyunca T\u00fcrkiye\u2019de farkl\u0131 yerleri ziyaret etme f\u0131rsat\u0131m oldu. Bu asl\u0131nda iyi bir f\u0131rsat benim i\u00e7in. Eski\u015fehir\u2019in \u00e7ok g\u00fczel oldu\u011fu kan\u0131s\u0131nday\u0131m ve en yak\u0131n zamanda tekrar ziyaret etmek i\u00e7in bir kez daha gelece\u011fim. Bug\u00fcn \u00fcniversite \u00f6\u011frencileri ile birlikte vakit ge\u00e7irme \u015fans\u0131m oldu. 8 Mart D\u00fcnya Kad\u0131nlar g\u00fcn\u00fc \u00f6ncesinde kad\u0131nlar\u0131n i\u015f d\u00fcnyas\u0131na adaptasyonu ve cinsiyet e\u015fitli\u011fi konular\u0131nda \u00fcniversite \u00f6\u011frencileri ile bir araya gelerek bir m\u00fczakeremiz oldu. Bunu m\u00fcmk\u00fcn k\u0131ld\u0131\u011f\u0131n\u0131z i\u00e7in de size ayr\u0131ca te\u015fekk\u00fcr ediyorum. S\u00f6ylemek istedi\u011fim ikinci \u015fey, T\u00fcrkiye ve \u0130sve\u00e7 aras\u0131ndaki ikili ili\u015fkiler ve \u00f6zellikle ekonomik anlamadaki iki \u00fclke aras\u0131ndaki ba\u011flar. \u0130ki \u00fclkenin ayn\u0131 ticaret hacmine sahip olmas\u0131 sayesinde gayet iyi seviyede. Benim T\u00fcrkiye\u2019ye kar\u015f\u0131 ba\u011f\u0131m ayr\u0131ca kendi \u00f6zel ya\u015fant\u0131mdan geliyor. 5 y\u0131l boyunca \u0130stanbul\u2019da ya\u015fad\u0131m. Babam bir \u0130sve\u00e7li \u015firketin m\u00fcd\u00fcr\u00fcyd\u00fc. Bu sayede benim de T\u00fcrkiye ile ilgili ayr\u0131 bir ili\u015fkim ve alakam var. T\u00fcrk\u00e7e konu\u015fuyorum ama unuttum. \u00c7\u00fcnk\u00fc 44 y\u0131l \u00f6nceydi. \u015eimdi yeniden \u00f6\u011freniyorum. Ama biraz zor. T\u00fcrk\u00e7e anl\u0131yorum, ama biraz kelime \u00f6\u011frenmem gerekecek. \u0130sve\u00e7\u2019in Ankara B\u00fcy\u00fckel\u00e7isi iki \u00fclke aras\u0131ndaki ba\u011flar\u0131 kuvvetlendirmek benim bir nevi g\u00f6revim asl\u0131nda. \u0130kili ili\u015fkiler daha da ilerletmek, \u00f6zellikle ekonomi, ticaret ve i\u015f birli\u011fi anlam\u0131nda bunlar\u0131 daha da ileriye g\u00f6t\u00fcrmek benim buradaki g\u00f6revlerimden bir tanesi\u201d \u015feklinde konu\u015ftu.<div class=\"tiled-gallery type-rectangular tiled-gallery-unresized\" data-original-width=\"500\" data-carousel-extra='null' itemscope itemtype=\"http:\/\/schema.org\/ImageGallery\" > <div class=\"gallery-row\" style=\"width: 500px; height: 252px;\" data-original-width=\"500\" data-original-height=\"252\" > <div class=\"gallery-group images-1\" style=\"width: 330px; height: 252px;\" data-original-width=\"330\" data-original-height=\"252\" > <div class=\"tiled-gallery-item tiled-gallery-item-large\" itemprop=\"associatedMedia\" itemscope itemtype=\"http:\/\/schema.org\/ImageObject\"> <a href=\"http:\/\/www.tvturk.com\/index.php\/isvec-buyukelcisi-hellgrenden-vali-cakacaki-ziyaret-etti\/isvec-buyukelcisi-hellgrenden-vali-cakacaki-ziyaret-etti-3\/\" border=\"0\" itemprop=\"url\"> <meta itemprop=\"width\" content=\"326\"> <meta itemprop=\"height\" content=\"248\"> <img decoding=\"async\" class=\"\" data-attachment-id=\"70563\" data-orig-file=\"http:\/\/www.tvturk.com\/wp-content\/uploads\/2019\/03\/isvec-buyukelcisi-hellgrenden-vali-cakacaki-ziyaret-etti_c0f8c9d.jpg\" data-orig-size=\"1000,761\" data-comments-opened=\"\" data-image-meta=\"{&quot;aperture&quot;:&quot;0&quot;,&quot;credit&quot;:&quot;IHA&quot;,&quot;camera&quot;:&quot;&quot;,&quot;caption&quot;:&quot;B\\u00dcY\\u00dcKEL\\u00c7\\u0130 HELLGREN VAL\\u0130 \\u00c7AKACAK\\u2019I Z\\u0130YARET ETT\\u0130 (\\u00c7A\\u011eATAY G\\u00dcR - KAD\\u0130R ARSLAN\\\/ESK\\u0130\\u015eEH\\u0130R-\\u0130HA)&quot;,&quot;created_timestamp&quot;:&quot;0&quot;,&quot;copyright&quot;:&quot;\\u0130HLAS HABER AJANSI, www.iha.com.tr&quot;,&quot;focal_length&quot;:&quot;0&quot;,&quot;iso&quot;:&quot;0&quot;,&quot;shutter_speed&quot;:&quot;0&quot;,&quot;title&quot;:&quot;\\u0130SVE\\u00c7 B\\u00dcY\\u00dcKEL\\u00c7\\u0130S\\u0130 HELLGREN\\u0027DEN VAL\\u0130 \\u00c7AKACAK\\u2019I Z\\u0130YARET ETT\\u0130 ESK\\u0130\\u015eEH\\u0130R VAL\\u0130S\\u0130 \\u00d6ZDEM\\u0130R \\u00c7AKACAK, \\u201cAB \\u00dcYEL\\u0130K S\\u00dcREC\\u0130NDE \\u0130SVE\\u00c7\\u2019\\u0130N T\\u00dcRK\\u0130YE\\u2019N\\u0130N YANINDA TAVIR ALMASINDAN MEMNUN\\u0130YET DUYUYORUZ\\u201d \\u0130SVE\\u00c7\\u2019\\u0130N ANKARA B\\u00dcY\\u00dcKEL\\u00c7\\u0130S\\u0130 ANN\\u0130KA MOL\\u0130N HELLGREN \\u201c\\u0130K\\u0130L\\u0130 \\u0130L\\u0130\\u015eK\\u0130LER\\u0130 \\u0130LER\\u0130YE G\\u00d6T\\u00dcRMEK G\\u00d6REVLER\\u0130MDEN B\\u0130R TANES\\u0130\\u201d&quot;,&quot;orientation&quot;:&quot;0&quot;}\" data-image-title=\"\u0130sve\u00e7 B\u00fcy\u00fckel\u00e7isi Hellgren\u2019den Vali \u00c7akacak\u2019\u0131 ziyaret etti\" data-image-description=\"&lt;p&gt;\u0130sve\u00e7 B\u00fcy\u00fckel\u00e7isi Hellgren\u2019den Vali \u00c7akacak\u2019\u0131 ziyaret etti&lt;\/p&gt; \" data-medium-file=\"https:\/\/i0.wp.com\/www.tvturk.com\/wp-content\/uploads\/2019\/03\/isvec-buyukelcisi-hellgrenden-vali-cakacaki-ziyaret-etti_c0f8c9d.jpg?fit=300%2C228\" data-large-file=\"https:\/\/i0.wp.com\/www.tvturk.com\/wp-content\/uploads\/2019\/03\/isvec-buyukelcisi-hellgrenden-vali-cakacaki-ziyaret-etti_c0f8c9d.jpg?fit=1000%2C761\" src=\"https:\/\/i0.wp.com\/www.tvturk.com\/wp-content\/uploads\/2019\/03\/isvec-buyukelcisi-hellgrenden-vali-cakacaki-ziyaret-etti_c0f8c9d.jpg?w=326&#038;h=248\" srcset=\"https:\/\/i0.wp.com\/www.tvturk.com\/wp-content\/uploads\/2019\/03\/isvec-buyukelcisi-hellgrenden-vali-cakacaki-ziyaret-etti_c0f8c9d.jpg?w=1000 1000w, https:\/\/i0.wp.com\/www.tvturk.com\/wp-content\/uploads\/2019\/03\/isvec-buyukelcisi-hellgrenden-vali-cakacaki-ziyaret-etti_c0f8c9d.jpg?resize=150%2C114 150w, https:\/\/i0.wp.com\/www.tvturk.com\/wp-content\/uploads\/2019\/03\/isvec-buyukelcisi-hellgrenden-vali-cakacaki-ziyaret-etti_c0f8c9d.jpg?resize=300%2C228 300w, https:\/\/i0.wp.com\/www.tvturk.com\/wp-content\/uploads\/2019\/03\/isvec-buyukelcisi-hellgrenden-vali-cakacaki-ziyaret-etti_c0f8c9d.jpg?resize=768%2C584 768w\" width=\"326\" height=\"248\" loading=\"lazy\" data-original-width=\"326\" data-original-height=\"248\" itemprop=\"http:\/\/schema.org\/image\" title=\"\u0130sve\u00e7 B\u00fcy\u00fckel\u00e7isi Hellgren\u2019den Vali \u00c7akacak\u2019\u0131 ziyaret etti\" alt=\"\u0130sve\u00e7 B\u00fcy\u00fckel\u00e7isi Hellgren\u2019den Vali \u00c7akacak\u2019\u0131 ziyaret etti\" style=\"width: 326px; height: 248px;\" \/> <\/a> <\/div> <\/div> <!-- close group --> <div class=\"gallery-group images-2\" style=\"width: 170px; height: 252px;\" data-original-width=\"170\" data-original-height=\"252\" > <div class=\"tiled-gallery-item tiled-gallery-item-small\" itemprop=\"associatedMedia\" itemscope itemtype=\"http:\/\/schema.org\/ImageObject\"> <a href=\"http:\/\/www.tvturk.com\/index.php\/isvec-buyukelcisi-hellgrenden-vali-cakacaki-ziyaret-etti\/isvec-buyukelcisi-hellgrenden-vali-cakacaki-ziyaret-etti-4\/\" border=\"0\" itemprop=\"url\"> <meta itemprop=\"width\" content=\"166\"> <meta itemprop=\"height\" content=\"121\"> <img decoding=\"async\" class=\"\" data-attachment-id=\"70564\" data-orig-file=\"http:\/\/www.tvturk.com\/wp-content\/uploads\/2019\/03\/isvec-buyukelcisi-hellgrenden-vali-cakacaki-ziyaret-etti_8505749.jpg\" data-orig-size=\"1000,728\" data-comments-opened=\"\" data-image-meta=\"{&quot;aperture&quot;:&quot;0&quot;,&quot;credit&quot;:&quot;IHA&quot;,&quot;camera&quot;:&quot;&quot;,&quot;caption&quot;:&quot;B\\u00dcY\\u00dcKEL\\u00c7\\u0130 HELLGREN VAL\\u0130 \\u00c7AKACAK\\u2019I Z\\u0130YARET ETT\\u0130 (\\u00c7A\\u011eATAY G\\u00dcR - KAD\\u0130R ARSLAN\\\/ESK\\u0130\\u015eEH\\u0130R-\\u0130HA)&quot;,&quot;created_timestamp&quot;:&quot;0&quot;,&quot;copyright&quot;:&quot;\\u0130HLAS HABER AJANSI, www.iha.com.tr&quot;,&quot;focal_length&quot;:&quot;0&quot;,&quot;iso&quot;:&quot;0&quot;,&quot;shutter_speed&quot;:&quot;0&quot;,&quot;title&quot;:&quot;\\u0130SVE\\u00c7 B\\u00dcY\\u00dcKEL\\u00c7\\u0130S\\u0130 HELLGREN\\u0027DEN VAL\\u0130 \\u00c7AKACAK\\u2019I Z\\u0130YARET ETT\\u0130 ESK\\u0130\\u015eEH\\u0130R VAL\\u0130S\\u0130 \\u00d6ZDEM\\u0130R \\u00c7AKACAK, \\u201cAB \\u00dcYEL\\u0130K S\\u00dcREC\\u0130NDE \\u0130SVE\\u00c7\\u2019\\u0130N T\\u00dcRK\\u0130YE\\u2019N\\u0130N YANINDA TAVIR ALMASINDAN MEMNUN\\u0130YET DUYUYORUZ\\u201d \\u0130SVE\\u00c7\\u2019\\u0130N ANKARA B\\u00dcY\\u00dcKEL\\u00c7\\u0130S\\u0130 ANN\\u0130KA MOL\\u0130N HELLGREN \\u201c\\u0130K\\u0130L\\u0130 \\u0130L\\u0130\\u015eK\\u0130LER\\u0130 \\u0130LER\\u0130YE G\\u00d6T\\u00dcRMEK G\\u00d6REVLER\\u0130MDEN B\\u0130R TANES\\u0130\\u201d&quot;,&quot;orientation&quot;:&quot;0&quot;}\" data-image-title=\"\u0130sve\u00e7 B\u00fcy\u00fckel\u00e7isi Hellgren\u2019den Vali \u00c7akacak\u2019\u0131 ziyaret etti\" data-image-description=\"&lt;p&gt;\u0130sve\u00e7 B\u00fcy\u00fckel\u00e7isi Hellgren\u2019den Vali \u00c7akacak\u2019\u0131 ziyaret etti&lt;\/p&gt; \" data-medium-file=\"https:\/\/i0.wp.com\/www.tvturk.com\/wp-content\/uploads\/2019\/03\/isvec-buyukelcisi-hellgrenden-vali-cakacaki-ziyaret-etti_8505749.jpg?fit=300%2C218\" data-large-file=\"https:\/\/i0.wp.com\/www.tvturk.com\/wp-content\/uploads\/2019\/03\/isvec-buyukelcisi-hellgrenden-vali-cakacaki-ziyaret-etti_8505749.jpg?fit=1000%2C728\" src=\"https:\/\/i0.wp.com\/www.tvturk.com\/wp-content\/uploads\/2019\/03\/isvec-buyukelcisi-hellgrenden-vali-cakacaki-ziyaret-etti_8505749.jpg?w=166&#038;h=121\" srcset=\"https:\/\/i0.wp.com\/www.tvturk.com\/wp-content\/uploads\/2019\/03\/isvec-buyukelcisi-hellgrenden-vali-cakacaki-ziyaret-etti_8505749.jpg?w=1000 1000w, https:\/\/i0.wp.com\/www.tvturk.com\/wp-content\/uploads\/2019\/03\/isvec-buyukelcisi-hellgrenden-vali-cakacaki-ziyaret-etti_8505749.jpg?resize=150%2C109 150w, https:\/\/i0.wp.com\/www.tvturk.com\/wp-content\/uploads\/2019\/03\/isvec-buyukelcisi-hellgrenden-vali-cakacaki-ziyaret-etti_8505749.jpg?resize=300%2C218 300w, https:\/\/i0.wp.com\/www.tvturk.com\/wp-content\/uploads\/2019\/03\/isvec-buyukelcisi-hellgrenden-vali-cakacaki-ziyaret-etti_8505749.jpg?resize=768%2C559 768w\" width=\"166\" height=\"121\" loading=\"lazy\" data-original-width=\"166\" data-original-height=\"121\" itemprop=\"http:\/\/schema.org\/image\" title=\"\u0130sve\u00e7 B\u00fcy\u00fckel\u00e7isi Hellgren\u2019den Vali \u00c7akacak\u2019\u0131 ziyaret etti\" alt=\"\u0130sve\u00e7 B\u00fcy\u00fckel\u00e7isi Hellgren\u2019den Vali \u00c7akacak\u2019\u0131 ziyaret etti\" style=\"width: 166px; height: 121px;\" \/> <\/a> <\/div> <div class=\"tiled-gallery-item tiled-gallery-item-small\" itemprop=\"associatedMedia\" itemscope itemtype=\"http:\/\/schema.org\/ImageObject\"> <a href=\"http:\/\/www.tvturk.com\/index.php\/isvec-buyukelcisi-hellgrenden-vali-cakacaki-ziyaret-etti\/isvec-buyukelcisi-hellgrenden-vali-cakacaki-ziyaret-etti-5\/\" border=\"0\" itemprop=\"url\"> <meta itemprop=\"width\" content=\"166\"> <meta itemprop=\"height\" content=\"123\"> <img decoding=\"async\" class=\"\" data-attachment-id=\"70565\" data-orig-file=\"http:\/\/www.tvturk.com\/wp-content\/uploads\/2019\/03\/isvec-buyukelcisi-hellgrenden-vali-cakacaki-ziyaret-etti_7d5ff90.jpg\" data-orig-size=\"1000,742\" data-comments-opened=\"\" data-image-meta=\"{&quot;aperture&quot;:&quot;0&quot;,&quot;credit&quot;:&quot;IHA&quot;,&quot;camera&quot;:&quot;&quot;,&quot;caption&quot;:&quot;B\\u00dcY\\u00dcKEL\\u00c7\\u0130 HELLGREN VAL\\u0130 \\u00c7AKACAK\\u2019I Z\\u0130YARET ETT\\u0130 (\\u00c7A\\u011eATAY G\\u00dcR - KAD\\u0130R ARSLAN\\\/ESK\\u0130\\u015eEH\\u0130R-\\u0130HA)&quot;,&quot;created_timestamp&quot;:&quot;0&quot;,&quot;copyright&quot;:&quot;\\u0130HLAS HABER AJANSI, www.iha.com.tr&quot;,&quot;focal_length&quot;:&quot;0&quot;,&quot;iso&quot;:&quot;0&quot;,&quot;shutter_speed&quot;:&quot;0&quot;,&quot;title&quot;:&quot;\\u0130SVE\\u00c7 B\\u00dcY\\u00dcKEL\\u00c7\\u0130S\\u0130 HELLGREN\\u0027DEN VAL\\u0130 \\u00c7AKACAK\\u2019I Z\\u0130YARET ETT\\u0130 ESK\\u0130\\u015eEH\\u0130R VAL\\u0130S\\u0130 \\u00d6ZDEM\\u0130R \\u00c7AKACAK, \\u201cAB \\u00dcYEL\\u0130K S\\u00dcREC\\u0130NDE \\u0130SVE\\u00c7\\u2019\\u0130N T\\u00dcRK\\u0130YE\\u2019N\\u0130N YANINDA TAVIR ALMASINDAN MEMNUN\\u0130YET DUYUYORUZ\\u201d \\u0130SVE\\u00c7\\u2019\\u0130N ANKARA B\\u00dcY\\u00dcKEL\\u00c7\\u0130S\\u0130 ANN\\u0130KA MOL\\u0130N HELLGREN \\u201c\\u0130K\\u0130L\\u0130 \\u0130L\\u0130\\u015eK\\u0130LER\\u0130 \\u0130LER\\u0130YE G\\u00d6T\\u00dcRMEK G\\u00d6REVLER\\u0130MDEN B\\u0130R TANES\\u0130\\u201d&quot;,&quot;orientation&quot;:&quot;0&quot;}\" data-image-title=\"\u0130sve\u00e7 B\u00fcy\u00fckel\u00e7isi Hellgren\u2019den Vali \u00c7akacak\u2019\u0131 ziyaret etti\" data-image-description=\"&lt;p&gt;\u0130sve\u00e7 B\u00fcy\u00fckel\u00e7isi Hellgren\u2019den Vali \u00c7akacak\u2019\u0131 ziyaret etti&lt;\/p&gt; \" data-medium-file=\"https:\/\/i0.wp.com\/www.tvturk.com\/wp-content\/uploads\/2019\/03\/isvec-buyukelcisi-hellgrenden-vali-cakacaki-ziyaret-etti_7d5ff90.jpg?fit=300%2C223\" data-large-file=\"https:\/\/i0.wp.com\/www.tvturk.com\/wp-content\/uploads\/2019\/03\/isvec-buyukelcisi-hellgrenden-vali-cakacaki-ziyaret-etti_7d5ff90.jpg?fit=1000%2C742\" src=\"https:\/\/i0.wp.com\/www.tvturk.com\/wp-content\/uploads\/2019\/03\/isvec-buyukelcisi-hellgrenden-vali-cakacaki-ziyaret-etti_7d5ff90.jpg?w=166&#038;h=123\" srcset=\"https:\/\/i0.wp.com\/www.tvturk.com\/wp-content\/uploads\/2019\/03\/isvec-buyukelcisi-hellgrenden-vali-cakacaki-ziyaret-etti_7d5ff90.jpg?w=1000 1000w, https:\/\/i0.wp.com\/www.tvturk.com\/wp-content\/uploads\/2019\/03\/isvec-buyukelcisi-hellgrenden-vali-cakacaki-ziyaret-etti_7d5ff90.jpg?resize=150%2C111 150w, https:\/\/i0.wp.com\/www.tvturk.com\/wp-content\/uploads\/2019\/03\/isvec-buyukelcisi-hellgrenden-vali-cakacaki-ziyaret-etti_7d5ff90.jpg?resize=300%2C223 300w, https:\/\/i0.wp.com\/www.tvturk.com\/wp-content\/uploads\/2019\/03\/isvec-buyukelcisi-hellgrenden-vali-cakacaki-ziyaret-etti_7d5ff90.jpg?resize=768%2C570 768w\" width=\"166\" height=\"123\" loading=\"lazy\" data-original-width=\"166\" data-original-height=\"123\" itemprop=\"http:\/\/schema.org\/image\" title=\"\u0130sve\u00e7 B\u00fcy\u00fckel\u00e7isi Hellgren\u2019den Vali \u00c7akacak\u2019\u0131 ziyaret etti\" alt=\"\u0130sve\u00e7 B\u00fcy\u00fckel\u00e7isi Hellgren\u2019den Vali \u00c7akacak\u2019\u0131 ziyaret etti\" style=\"width: 166px; height: 123px;\" \/> <\/a> <\/div> <\/div> <!-- close group --> <\/div> <!-- close row --> <\/div><\/p>\n","protected":false},"excerpt":{"rendered":"<p>B\u00dcY\u00dcKEL\u00c7\u0130 HELLGREN VAL\u0130 \u00c7AKACAK\u2019I Z\u0130YARET ETT\u0130<\/p>\n","protected":false},"author":1,"featured_media":70562,"comment_status":"closed","ping_status":"open","sticky":false,"template":"","format":"standard","meta":{"jetpack_post_was_ever_published":false,"_jetpack_newsletter_access":"","_jetpack_dont_email_post_to_subs":false,"_jetpack_newsletter_tier_id":0,"_jetpack_memberships_contains_paywalled_content":false,"_jetpack_memberships_contains_paid_content":false,"footnotes":"","jetpack_publicize_message":"","jetpack_publicize_feature_enabled":true,"jetpack_social_post_already_shared":true,"jetpack_social_options":{"image_generator_settings":{"template":"highway","default_image_id":0,"font":"","enabled":false},"version":2}},"categories":[9],"tags":[4684,20900,207,20899,949,148,150],"class_list":["post-70561","post","type-post","status-publish","format-standard","has-post-thumbnail","hentry","category-siyaset","tag-buyukelcisi","tag-cakacaki","tag-etti","tag-hellgrenden","tag-isvec","tag-vali","tag-ziyaret"],"jetpack_publicize_connections":[],"jetpack_featured_media_url":"https:\/\/i0.wp.com\/www.tvturk.com\/wp-content\/uploads\/2019\/03\/isvec-buyukelcisi-hellgrenden-vali-cakacaki-ziyaret-etti_eea6e1c.jpg?fit=1000%2C724","jetpack_sharing_enabled":true,"jetpack_shortlink":"https:\/\/wp.me\/paKIfm-im5","_links":{"self":[{"href":"http:\/\/www.tvturk.com\/index.php\/wp-json\/wp\/v2\/posts\/70561","targetHints":{"allow":["GET"]}}],"collection":[{"href":"http:\/\/www.tvturk.com\/index.php\/wp-json\/wp\/v2\/posts"}],"about":[{"href":"http:\/\/www.tvturk.com\/index.php\/wp-json\/wp\/v2\/types\/post"}],"author":[{"embeddable":true,"href":"http:\/\/www.tvturk.com\/index.php\/wp-json\/wp\/v2\/users\/1"}],"replies":[{"embeddable":true,"href":"http:\/\/www.tvturk.com\/index.php\/wp-json\/wp\/v2\/comments?post=70561"}],"version-history":[{"count":1,"href":"http:\/\/www.tvturk.com\/index.php\/wp-json\/wp\/v2\/posts\/70561\/revisions"}],"predecessor-version":[{"id":70566,"href":"http:\/\/www.tvturk.com\/index.php\/wp-json\/wp\/v2\/posts\/70561\/revisions\/70566"}],"wp:featuredmedia":[{"embeddable":true,"href":"http:\/\/www.tvturk.com\/index.php\/wp-json\/wp\/v2\/media\/70562"}],"wp:attachment":[{"href":"http:\/\/www.tvturk.com\/index.php\/wp-json\/wp\/v2\/media?parent=70561"}],"wp:term":[{"taxonomy":"category","embeddable":true,"href":"http:\/\/www.tvturk.com\/index.php\/wp-json\/wp\/v2\/categories?post=70561"},{"taxonomy":"post_tag","embeddable":true,"href":"http:\/\/www.tvturk.com\/index.php\/wp-json\/wp\/v2\/tags?post=70561"}],"curies":[{"name":"wp","href":"https:\/\/api.w.org\/{rel}","templated":true}]}}