{"id":70604,"date":"2019-03-04T17:00:03","date_gmt":"2019-03-04T14:00:03","guid":{"rendered":"http:\/\/www.tvturk.com\/index.php\/sirp-popstar-milica-pavlovic-alanyada-klip-cekecek\/"},"modified":"2019-03-04T17:00:04","modified_gmt":"2019-03-04T14:00:04","slug":"sirp-popstar-milica-pavlovic-alanyada-klip-cekecek","status":"publish","type":"post","link":"http:\/\/www.tvturk.com\/index.php\/sirp-popstar-milica-pavlovic-alanyada-klip-cekecek\/","title":{"rendered":"S\u0131rp popstar Milica Pavlovic, Alanya\u2019da klip \u00e7ekecek"},"content":{"rendered":"<p>Alanya Turizm Tan\u0131tma Vakf\u0131 Y\u00f6netim Kurulu \u00dcyesi Elvan G\u00fcne\u015f, \u201cBelgrad Turizm Fuar\u0131\u2019nda yap\u0131lan g\u00f6r\u00fc\u015fmelerimiz sonucunda Balkanlar\u2019da ve Rusya\u2019da takip edilen popstar Milica Pavlovic, Alanya\u2019da klip \u00e7ekecek. Fuarlardan her zaman eli kolu dolu d\u00f6n\u00fcyoruz\u201d dedi.<\/p>\n<p>Alanya Turizm Tan\u0131tma Vakf\u0131 (ALTAV) taraf\u0131ndan S\u0131rbistan\u2019\u0131n ba\u015fkenti Belgrad\u2019da 21-24 \u015eubat aras\u0131nda yap\u0131lan turizm fuar\u0131nda S\u0131rp popstar Milica Pavlovic\u2019in menajerleriyle temas kurulmu\u015f, Alanya\u2019da klip \u00e7ekilmesi konusunda \u00f6n anla\u015fma yap\u0131lm\u0131\u015ft\u0131. Alanya\u2019da yap\u0131lacak klip \u00e7al\u0131\u015fmas\u0131 i\u00e7in yeterli \u015fartlar\u0131n ve ortam\u0131n olu\u015ftu\u011fu d\u00fc\u015f\u00fcncesine varan menajerler \u00f6n \u00e7al\u0131\u015fma i\u00e7in Alanya\u2019ya gelme karar\u0131 ald\u0131. Geli\u015fmelerle ilgili a\u00e7\u0131klamada bulunan ALTAV Y\u00f6netim Kurulu \u00dcyesi ve Alanya Turistik \u0130\u015fletmeciler Derne\u011fi (ALT\u0130D) Genel Sekreteri Elvan G\u00fcne\u015f, ya\u015fanan geli\u015fmenin Alanya tan\u0131t\u0131m\u0131na Balkanlar ve Rusya \u00f6zelinde \u00e7ok \u00f6nemli katk\u0131lar sa\u011flayaca\u011f\u0131n\u0131 belirterek, \u201cDaha \u00f6nce Bulgar ve yine S\u0131rp sanat\u00e7\u0131lar\u0131n Alanya\u2019da klip \u00e7ekmesini sa\u011flam\u0131\u015f ve bu \u00fclke TV\u2019lerinde Alanya g\u00f6r\u00fcnt\u00fclerinin milyonlarca kez g\u00f6sterilmesine vesile olmu\u015ftuk. Yine \u00e7ok \u00f6nemli bir \u00e7al\u0131\u015fma ve yine milyonlarca yabanc\u0131ya ula\u015faca\u011f\u0131z\u201d dedi.<\/p>\n<p>\u00d6ncesinde Alanya\u2019ya gelecek<\/p>\n<p>S\u0131rp popstar Milica Pavlovic\u2019in klip \u00e7ekimi \u00f6ncesinde fizibilite \u00e7al\u0131\u015fmas\u0131 i\u00e7in Alanya\u2019ya gelece\u011fini dile getiren G\u00fcne\u015f, \u201cSadece You Tube\u2019da klipleri milyonlarca kez izlenen Pavlovic\u2019in, ekibiyle yapaca\u011f\u0131 bu gezi bile ayr\u0131 bir tan\u0131t\u0131m olacak. Takip edilen \u00fclkelerin magazin bas\u0131n\u0131nda ve kendi sosyal medya hesaplar\u0131nda Alanya konu\u015fulacak\u201d dedi.<\/p>\n<p>Fuarlar \u00f6lmedi<\/p>\n<p>Sosyal medyan\u0131n yo\u011fun kullan\u0131m\u0131 ve internet sat\u0131\u015flar\u0131n\u0131n etkisiyle fuarlar\u0131n geriledi\u011finin dillendirildi\u011fini fakat bu bak\u0131\u015f a\u00e7\u0131s\u0131n\u0131n do\u011fru olmad\u0131\u011f\u0131n\u0131, farkl\u0131 perspektiften ele al\u0131nmas\u0131 gerekti\u011fini s\u00f6yleyen G\u00fcne\u015f, \u201c\u015eunu y\u00fcreklilikle s\u00f6yl\u00fcyorum ki ALTAV, T\u00fcrkiye\u2019deki en iddial\u0131 ve \u00e7al\u0131\u015fkan sivil toplum tan\u0131t\u0131m kurulu\u015fudur. Bu y\u00f6nde Bakanl\u0131k, M\u00fc\u015favirlik, B\u00fcy\u00fckel\u00e7ilik ve Valilik yetkililerinden defalarca tebrik ve \u00f6vg\u00fc ald\u0131k. Alg\u0131lar\u0131m\u0131z a\u00e7\u0131k ve yo\u011fun emek sarf ediyoruz. \u2018Var olan\u0131n \u00fczerine neyi katabiliriz\u2019i sorguluyoruz. \u00c7evremize bakt\u0131\u011f\u0131m\u0131zda en hareketli stand\u0131n her zaman Alanya stand\u0131 oldu\u011funu g\u00f6r\u00fcyoruz. \u0130\u015fimiz sadece bro\u015f\u00fcr da\u011f\u0131tmak de\u011fil. Her fuardan mutlaka bas\u0131n mensubu, sosyal medya fenomeni, \u00fcnl\u00fc ki\u015fi, blogger ile d\u00f6n\u00fcyoruz. Alanya\u2019da 3\u2019\u00fcnc\u00fc kez yabanc\u0131 popstar klibinin \u00e7ekilmesini bu fuarlara bor\u00e7luyuz\u201d dedi.<div class=\"tiled-gallery type-rectangular tiled-gallery-unresized\" data-original-width=\"500\" data-carousel-extra='null' itemscope itemtype=\"http:\/\/schema.org\/ImageGallery\" > <div class=\"gallery-row\" style=\"width: 500px; height: 665px;\" data-original-width=\"500\" data-original-height=\"665\" > <div class=\"gallery-group images-1\" style=\"width: 500px; height: 665px;\" data-original-width=\"500\" data-original-height=\"665\" > <div class=\"tiled-gallery-item tiled-gallery-item-large\" itemprop=\"associatedMedia\" itemscope itemtype=\"http:\/\/schema.org\/ImageObject\"> <a href=\"http:\/\/www.tvturk.com\/index.php\/sirp-popstar-milica-pavlovic-alanyada-klip-cekecek\/sirp-popstar-milica-pavlovic-alanyada-klip-cekecek-3\/\" border=\"0\" itemprop=\"url\"> <meta itemprop=\"width\" content=\"496\"> <meta itemprop=\"height\" content=\"661\"> <img decoding=\"async\" class=\"\" data-attachment-id=\"70606\" data-orig-file=\"http:\/\/www.tvturk.com\/wp-content\/uploads\/2019\/03\/sirp-popstar-milica-pavlovic-alanyada-klip-cekecek_2ad2669.jpg\" data-orig-size=\"750,1000\" data-comments-opened=\"\" data-image-meta=\"{&quot;aperture&quot;:&quot;0&quot;,&quot;credit&quot;:&quot;IHA&quot;,&quot;camera&quot;:&quot;&quot;,&quot;caption&quot;:&quot;ALANYA TUR\\u0130ZM TANITMA VAKFI Y\\u00d6NET\\u0130M KURULU \\u00dcYES\\u0130 ELVAN G\\u00dcNE\\u015e, \\u201cBELGRAD TUR\\u0130ZM FUARI\\u2019NDA YAPILAN G\\u00d6R\\u00dc\\u015eMELER\\u0130M\\u0130Z SONUCUNDA BALKANLARDA VE RUSYA\\u2019DA TAK\\u0130P ED\\u0130LEN POPSTAR M\\u0130L\\u0130CA PAVLOV\\u0130C, ALANYA\\u2019DA KL\\u0130P \\u00c7EKECEK. FUARLARDAN HER ZAMAN EL\\u0130 KOLU DOLU D\\u00d6N\\u00dcYORUZ\\u201d DED\\u0130. (\\u0130HA\\\/ANTALYA-\\u0130HA)&quot;,&quot;created_timestamp&quot;:&quot;0&quot;,&quot;copyright&quot;:&quot;\\u0130HLAS HABER AJANSI, www.iha.com.tr&quot;,&quot;focal_length&quot;:&quot;0&quot;,&quot;iso&quot;:&quot;0&quot;,&quot;shutter_speed&quot;:&quot;0&quot;,&quot;title&quot;:&quot;SIRP POPSTAR M\\u0130L\\u0130CA PAVLOV\\u0130C, ALANYA\\u2019DA KL\\u0130P \\u00c7EKECEK&quot;,&quot;orientation&quot;:&quot;0&quot;}\" data-image-title=\"S\u0131rp popstar Milica Pavlovic, Alanya\u2019da klip \u00e7ekecek\" data-image-description=\"&lt;p&gt;S\u0131rp popstar Milica Pavlovic, Alanya\u2019da klip \u00e7ekecek&lt;\/p&gt; \" data-medium-file=\"https:\/\/i0.wp.com\/www.tvturk.com\/wp-content\/uploads\/2019\/03\/sirp-popstar-milica-pavlovic-alanyada-klip-cekecek_2ad2669.jpg?fit=225%2C300\" data-large-file=\"https:\/\/i0.wp.com\/www.tvturk.com\/wp-content\/uploads\/2019\/03\/sirp-popstar-milica-pavlovic-alanyada-klip-cekecek_2ad2669.jpg?fit=750%2C1000\" src=\"https:\/\/i0.wp.com\/www.tvturk.com\/wp-content\/uploads\/2019\/03\/sirp-popstar-milica-pavlovic-alanyada-klip-cekecek_2ad2669.jpg?w=496&#038;h=661\" srcset=\"https:\/\/i0.wp.com\/www.tvturk.com\/wp-content\/uploads\/2019\/03\/sirp-popstar-milica-pavlovic-alanyada-klip-cekecek_2ad2669.jpg?w=750 750w, https:\/\/i0.wp.com\/www.tvturk.com\/wp-content\/uploads\/2019\/03\/sirp-popstar-milica-pavlovic-alanyada-klip-cekecek_2ad2669.jpg?resize=113%2C150 113w, https:\/\/i0.wp.com\/www.tvturk.com\/wp-content\/uploads\/2019\/03\/sirp-popstar-milica-pavlovic-alanyada-klip-cekecek_2ad2669.jpg?resize=225%2C300 225w\" width=\"496\" height=\"661\" loading=\"lazy\" data-original-width=\"496\" data-original-height=\"661\" itemprop=\"http:\/\/schema.org\/image\" title=\"S\u0131rp popstar Milica Pavlovic, Alanya\u2019da klip \u00e7ekecek\" alt=\"S\u0131rp popstar Milica Pavlovic, Alanya\u2019da klip \u00e7ekecek\" style=\"width: 496px; height: 661px;\" \/> <\/a> <\/div> <\/div> <!-- close group --> <\/div> <!-- close row --> <\/div><\/p>\n","protected":false},"excerpt":{"rendered":"<p>SIRP POPSTAR M\u0130L\u0130CA PAVLOV\u0130C, ALANYA\u2019DA KL\u0130P \u00c7EKECEK<\/p>\n","protected":false},"author":1,"featured_media":70605,"comment_status":"closed","ping_status":"open","sticky":false,"template":"","format":"standard","meta":{"jetpack_post_was_ever_published":false,"_jetpack_newsletter_access":"","_jetpack_dont_email_post_to_subs":false,"_jetpack_newsletter_tier_id":0,"_jetpack_memberships_contains_paywalled_content":false,"_jetpack_memberships_contains_paid_content":false,"footnotes":"","jetpack_publicize_message":"","jetpack_publicize_feature_enabled":true,"jetpack_social_post_already_shared":true,"jetpack_social_options":{"image_generator_settings":{"template":"highway","default_image_id":0,"font":"","enabled":false},"version":2}},"categories":[19],"tags":[11400,20915,6221,20913,20914,20912,20911],"class_list":["post-70604","post","type-post","status-publish","format-standard","has-post-thumbnail","hentry","category-ekonomi","tag-alanyada","tag-cekecek","tag-klip","tag-milica","tag-pavlovic","tag-popstar","tag-sirp"],"jetpack_publicize_connections":[],"jetpack_featured_media_url":"https:\/\/i0.wp.com\/www.tvturk.com\/wp-content\/uploads\/2019\/03\/sirp-popstar-milica-pavlovic-alanyada-klip-cekecek_771085a.jpg?fit=720%2C960","jetpack_sharing_enabled":true,"jetpack_shortlink":"https:\/\/wp.me\/paKIfm-imM","_links":{"self":[{"href":"http:\/\/www.tvturk.com\/index.php\/wp-json\/wp\/v2\/posts\/70604","targetHints":{"allow":["GET"]}}],"collection":[{"href":"http:\/\/www.tvturk.com\/index.php\/wp-json\/wp\/v2\/posts"}],"about":[{"href":"http:\/\/www.tvturk.com\/index.php\/wp-json\/wp\/v2\/types\/post"}],"author":[{"embeddable":true,"href":"http:\/\/www.tvturk.com\/index.php\/wp-json\/wp\/v2\/users\/1"}],"replies":[{"embeddable":true,"href":"http:\/\/www.tvturk.com\/index.php\/wp-json\/wp\/v2\/comments?post=70604"}],"version-history":[{"count":1,"href":"http:\/\/www.tvturk.com\/index.php\/wp-json\/wp\/v2\/posts\/70604\/revisions"}],"predecessor-version":[{"id":70607,"href":"http:\/\/www.tvturk.com\/index.php\/wp-json\/wp\/v2\/posts\/70604\/revisions\/70607"}],"wp:featuredmedia":[{"embeddable":true,"href":"http:\/\/www.tvturk.com\/index.php\/wp-json\/wp\/v2\/media\/70605"}],"wp:attachment":[{"href":"http:\/\/www.tvturk.com\/index.php\/wp-json\/wp\/v2\/media?parent=70604"}],"wp:term":[{"taxonomy":"category","embeddable":true,"href":"http:\/\/www.tvturk.com\/index.php\/wp-json\/wp\/v2\/categories?post=70604"},{"taxonomy":"post_tag","embeddable":true,"href":"http:\/\/www.tvturk.com\/index.php\/wp-json\/wp\/v2\/tags?post=70604"}],"curies":[{"name":"wp","href":"https:\/\/api.w.org\/{rel}","templated":true}]}}