{"id":7089,"date":"2019-02-07T10:01:07","date_gmt":"2019-02-07T07:01:07","guid":{"rendered":"http:\/\/www.tvturk.com\/index.php\/gocmenler-ve-multeciler-icin-e-girisimcilik-modulu-projesi-acilis-toreni-yapildi\/"},"modified":"2019-02-07T10:01:11","modified_gmt":"2019-02-07T07:01:11","slug":"gocmenler-ve-multeciler-icin-e-girisimcilik-modulu-projesi-acilis-toreni-yapildi","status":"publish","type":"post","link":"http:\/\/www.tvturk.com\/index.php\/gocmenler-ve-multeciler-icin-e-girisimcilik-modulu-projesi-acilis-toreni-yapildi\/","title":{"rendered":"&#8220;G\u00f6\u00e7menler ve M\u00fclteciler \u0130\u00e7in E-Giri\u015fimcilik Mod\u00fcl\u00fc&#8221; projesi a\u00e7\u0131l\u0131\u015f t\u00f6reni yap\u0131ld\u0131"},"content":{"rendered":"<p>G\u00f6\u00e7menler ve M\u00fclteciler E-Giri\u015fimcilik Mod\u00fcl\u00fc Projesi uygulamas\u0131 Erzincan Valili\u011fi Ortakl\u0131\u011f\u0131 \u0130le Halk E\u011fitim Merkezi M\u00fcd\u00fcrl\u00fc\u011f\u00fcn\u00fcn Koordinasyonunda Erasmus+ Projesi a\u00e7\u0131l\u0131\u015f toplant\u0131s\u0131 yap\u0131ld\u0131. D\u00fczenlenen programda konu\u015fan Vali Yard\u0131mc\u0131s\u0131 \u0130hsan Ayranc\u0131,g\u00f6\u00e7menlere sahip \u00e7\u0131k\u0131lmas\u0131 gerekti\u011fini ifade ederek, &#8220;B\u00f6l\u00fc\u015f\u00fcrsek tok oluruz, b\u00f6l\u00fcn\u00fcrsek yok oluruz&#8221; dedi.<\/p>\n<p>Erzincan Halk E\u011fitim Merkezi M\u00fcd\u00fcrl\u00fc\u011f\u00fc koordinat\u00f6rl\u00fc\u011f\u00fcnde Erzincan Valili\u011fi, \u0130spanya, Slovenya ve Romanya\u2019dan kat\u0131l\u0131mc\u0131 kurulu\u015flar ortakl\u0131\u011f\u0131nda ba\u015fvurusu yap\u0131lan ve s\u00f6zle\u015fmesi imzalanan \u2018\u2019G\u00f6\u00e7menler ve M\u00fclteciler i\u00e7in E-Giri\u015fimcilik Mod\u00fcl\u00fc\u2019\u2019 Projesi a\u00e7\u0131l\u0131\u015f toplant\u0131s\u0131 Vali Yard\u0131mc\u0131s\u0131 \u0130hsan Ayranc\u0131 ve kurum m\u00fcd\u00fcrlerinin, mahalle muhtarlar\u0131, Erzincan Valili\u011fi AB Ve D\u0131\u015f \u0130li\u015fkiler B\u00fcrosu, Erzincan Halk E\u011fitim Merkezi, Az M-Lu, Slovenya (Yeti\u015fkin E\u011fitimi Kamu Kurumu), EDUNET, Romanya (Yeti\u015fkin E\u011fitimi Kurumu-STK), VALNALON, \u0130spanya (Kalk\u0131nma Ajans\u0131) uzmanlar\u0131n\u0131n kat\u0131l\u0131m\u0131yla \u0130l Halk E\u011fitim Merkezi toplant\u0131 salonunda yap\u0131ld\u0131. Erzincan Halk E\u011fitim Merkezi M\u00fcd\u00fcr\u00fc Temel \u00c7i\u00e7ek a\u00e7\u0131l\u0131\u015f konu\u015fmas\u0131 yaparak; &#8220;Projeyle proje orta\u011f\u0131 \u00fclkelerindeki g\u00f6\u00e7men ve m\u00fcltecilerin ev sahibi \u00fclkedeki ya\u015famlar\u0131n\u0131n ekonomik ve sosyal y\u00f6nden toplumla uyumlu bir \u015fekilde devam ettirebilmeleri i\u00e7in proje orta\u011f\u0131 \u00fclkelerle birlikte ortak \u00e7al\u0131\u015fma alanlar\u0131n\u0131n sa\u011flanaca\u011f\u0131 bir e\u011fitim mod\u00fcl\u00fc olu\u015fturulacakt\u0131r. D\u00fcnyada ve kom\u015fu \u00fclkelerimizde ya\u015fanan \u00e7at\u0131\u015fma ortam\u0131ndan kaynaklanan sorunlar nedeniyle bir \u00e7ok insan m\u00fclteci ve g\u00f6\u00e7men durumuna d\u00fc\u015fm\u00fc\u015ft\u00fcr. Suriyeliler hari\u00e7 tutuldu\u011funda, eskiden Irak ve \u0130ranl\u0131lar T\u00fcrkiye\u2019ye gelen g\u00f6\u00e7menler aras\u0131nda birinci s\u0131radayken. Onlar\u0131n yerini Afganlar ald\u0131. \u0130\u015fsizlik, sava\u015f ve \u00fclkede g\u00fcvenli bir ortam\u0131n hakim olmay\u0131\u015f\u0131 g\u00f6\u00e7\u00fcn ya\u015fanmas\u0131nda \u00f6nemli bir fakt\u00f6r. G\u00f6\u00e7menler durumlar\u0131ndaki belirsizlik sebebiyle maddi s\u0131k\u0131nt\u0131lara ilaveten ciddi psikolojik sorunlarla da bo\u011fu\u015fmaktad\u0131rlar. Geldikleri ev sahibi \u00fclkelerde de i\u015fsizlik, maddi imk\u00e2ns\u0131zl\u0131k, e\u011fitim ve sa\u011fl\u0131k ihtiyac\u0131 en temel sorunlar olarak \u00f6ne \u00e7\u0131k\u0131yor. T\u00fcrkiye co\u011frafi konumu nedeniyle bir\u00e7ok m\u00fclteci ve g\u00f6\u00e7men i\u00e7in ilk giri\u015f ve ge\u00e7i\u015f noktas\u0131d\u0131r. Daha \u00f6nce benzeri ya\u015fanmam\u0131\u015f bir m\u00fclteci ak\u0131n\u0131 sonucunda \u00fclke \u015fu anda yakla\u015f\u0131k 4 milyon kay\u0131tl\u0131 m\u00fclteciye (yakla\u015f\u0131k 3.6 milyonu Suriyeli olmak \u00fczere) ev sahipli\u011fi yapmakta ve onlara insani yard\u0131m ve destek sa\u011flamada \u00f6vg\u00fcye de\u011fer bir \u00e7aba g\u00f6stermektedir. Di\u011fer kay\u0131tl\u0131 m\u00fclteciler \u00e7o\u011funlukla Irak, Afganistan ve Somali\u2019den gelmektedir. T\u00fcrkiye m\u00fclteci krizinde en fazla sorumluluk \u00fcstlenen \u00fclke olmu\u015ftur. Bu durum ev sahibi topluluklar\u0131 ve ulusal b\u00fct\u00e7e kaynaklar\u0131n\u0131 \u00f6nemli \u00f6l\u00e7\u00fcde etkilemi\u015ftir. Avrupa Birli\u011fi, bu zorlu durumla m\u00fccadelesinde T\u00fcrkiye\u2019ye destek olma konusunda kararl\u0131d\u0131r. Birle\u015fmi\u015f Milletler (BM) M\u00fclteciler Y\u00fcksek Komiseri Filippo Grandi, T\u00fcrkiye\u2019de. 3.5 milyonu Suriyeli olmak \u00fczere toplam 3,8 milyon m\u00fclteci bulundu\u011funa dikkat \u00e7ekerek, &#8220;T\u00fcrkiye\u2019yi \u00f6zel yapan yaln\u0131zca bu say\u0131lar de\u011fil. Ayn\u0131 zamanda Suriyeli ve di\u011fer k\u00f6kenli m\u00fcltecilere sa\u011flanan bar\u0131nma, e\u011fitim, sa\u011fl\u0131k ve istihdam gibi kamu hizmetleri ve bu misafirperverli\u011fin kalitesi. T\u00fcrkiye\u2019nin m\u00fcltecileri bu sosyal hayata dahil etme politikas\u0131. Genel olarak \u00e7ok yenilik\u00e7i ve k\u00fcresel \u00e7apta \u00f6rnek bir model.&#8221; ifadelerini kullanm\u0131\u015ft\u0131r. \u0130ltica ve G\u00f6\u00e7 Ara\u015ft\u0131rma Merkezi Ba\u015fkanl\u0131\u011f\u0131 2018 y\u0131l\u0131n\u0131n ilk 3 ay\u0131nda Iran \u00fczerinden T\u00fcrkiye\u2019ye giri\u015f yapan Afganlar\u0131n say\u0131s\u0131n\u0131n 20 bini buldu\u011funu ve g\u00f6\u00e7menlerin \u00e7o\u011funun \u0130ran\u2019da ya\u015fayanlardan \u00e7ok do\u011frudan Afganistan \u00fczerinden ge\u00e7en yeni g\u00f6\u00e7men dalgas\u0131 oldu\u011funu s\u00f6yl\u00fcyor. Birle\u015fmi\u015f Milletler M\u00fclteciler Y\u00fcksek Komiserli\u011fi (UNHCR) verilerine g\u00f6re Mart 2018 sonuna dek T\u00fcrkiye\u2019de UNHCR\u2019a kay\u0131t yapt\u0131ran Afgan s\u0131\u011f\u0131nmac\u0131 ve m\u00fcltecilerin say\u0131s\u0131 169 bin 919 Afganlar, T\u00fcrkiye\u2019de Suriyelilerden sonra kay\u0131tl\u0131 resmi say\u0131 olarak en b\u00fcy\u00fck ikinci g\u00f6\u00e7men grubu.<\/p>\n<p>ERZ\u0130NCAN\u2019DA B\u0130N 865 AFGAN BULUNMAKTA<\/p>\n<p>Erzincan\u2019da kay\u0131tl\u0131 Afgan m\u00fcltecilerimizin ya\u015fad\u0131\u011f\u0131 457 hane ve bin 865 ki\u015fi bulunmakla. Yani &#8220;T\u00fcrkiye\u2019deki kay\u0131tl\u0131 Afgan s\u0131\u011f\u0131nmac\u0131 ve m\u00fcltecileri say\u0131s\u0131n\u0131n y\u00fczde 1\u2019i ilimizde. \u00dclkemizde m\u00fclteci politikas\u0131n\u0131n ve 2l. Y\u00fczy\u0131l yeterliliklerinin paralelinde geli\u015ftirdi\u011fimiz \u00fclkemiz ulusal ajans\u0131 taraf\u0131ndan desteklenen koordinat\u00f6r\u00fc oldu\u011fumuz Romanya orta\u011f\u0131m\u0131z EDUNET, \u0130spanya orta\u011f\u0131m\u0131z Valnalon, Slovenya orta\u011f\u0131m\u0131z AzM-lu ve yerel orta\u011f\u0131m\u0131z Erzincan Valili\u011fi i\u015fbirli\u011fiyle y\u00fcr\u00fctece\u011fimiz, G\u00f6\u00e7men ve S\u0131\u011f\u0131nmac\u0131lara Y\u00f6nelik E-Giri\u015fimcilik Mod\u00fcl\u00fc Geli\u015ftirme projemizle m\u00fcltecilerin ev sahibi \u00fclkelerde sosyal ve ekonomik entegrasyonuna odaklanmaktay\u0131z. Proje ile m\u00fcltecilerin ev sahibi topluma entegrasyonunu te\u015fvik eden ve ayn\u0131 zaman da onlar\u0131n d\u0131\u015flanmas\u0131na kar\u015f\u0131 m\u00fccadele eden bir dizi faaliyetin uygulanmas\u0131n\u0131 ama\u00e7lamaktay\u0131z.\u201d dedi. Konu\u015fman\u0131n ard\u0131ndan Toplant\u0131 Proje Koordinat\u00f6r\u00fc Selda G\u00fcner proje sunumu e\u015fli\u011finde proje faaliyetleri ve hareketlilikler hakk\u0131nda bilgi verdi.<\/p>\n<p>Erzincan Valili\u011fi ad\u0131na Vali Yard\u0131mc\u0131s\u0131 \u0130hsan Ayranc\u0131 bir konu\u015fma yaparak g\u00f6\u00e7men ve m\u00fclteci sorunlar\u0131n\u0131n d\u00fcnyan\u0131n en \u00f6nemli sorunlar\u0131ndan biri oldu\u011funu ve \u00fclkemizin bu soruna yakla\u015f\u0131m\u0131 ve \u00e7\u00f6z\u00fcm i\u00e7in ortaya konan politikalar hakk\u0131nda bilgi verdi. Ayranc\u0131; \u201cT\u00fcrkiye Birle\u015fmi\u015f Milletler y\u00fcksek konseyli\u011finin rakamlar\u0131na g\u00f6re 130 bin bizim rakamlar\u0131m\u0131za g\u00f6re 170 bin ile 200 bin aras\u0131nda Afgan ve m\u00fclteci bulunuyor. Bununda \u00f6tesinde Irak\u2019tan ve \u0130ran\u2019dan gelen m\u00fclteciler ve Suriye\u2019den gelen m\u00fclteciler ile beraber toplam rakam 4 milyonu a\u015fm\u0131\u015f durumda. Bu anlamda do\u011fudan bat\u0131ya y\u00f6neli\u015fin ba\u015flad\u0131\u011f\u0131 andan itibaren \u00f6zellikle Suriye\u2019deki kar\u0131\u015f\u0131kl\u0131ktan sonra T\u00fcrk h\u00fck\u00fcmeti a\u00e7\u0131k kap\u0131 politikas\u0131 uygulamaya ba\u015flad\u0131 bunun daha insani bir yakla\u015f\u0131m oldu\u011funa biz inan\u0131yoruz ve bu yakla\u015f\u0131m\u0131m\u0131zda bug\u00fcne kadar s\u00fcrd\u00fcrd\u00fck bize \u00e7ok b\u00fcy\u00fck maliyetleri olmas\u0131na ra\u011fmen de bunu uygulamaya devam ediyoruz. M\u00fclteci meselesine tabi \u00f6zel de mevcut durumu iyile\u015ftirmek ad\u0131na ad\u0131mlar at\u0131l\u0131yor \u015fuan uygulad\u0131\u011f\u0131m\u0131z projede bunun bir par\u00e7as\u0131 ve \u00f6nemli bir proje oldu\u011funa inan\u0131yorum . Ama i\u015fin temeline inecek olursak m\u00fclteci meselesi nereden \u00e7\u0131kt\u0131 ve bu noktaya nas\u0131l geldi diye felsefi anlamda bence de\u011ferlendirmemiz gerekti\u011fini ben \u015fahsen d\u00fc\u015f\u00fcn\u00fcyorum. T\u00fcm d\u00fcnyaya bakt\u0131\u011f\u0131m\u0131zda enerji kaynaklar\u0131n\u0131n bulundu\u011fu \u00fclkelerde \u00e7ok b\u00fcy\u00fck sefaletin ve yoksullu\u011fun bat\u0131 da ise bir refah ortam\u0131n\u0131n oldu\u011funu g\u00f6r\u00fcyoruz dolay\u0131s\u0131yla bu insanlar kendilerinden al\u0131nan refah\u0131 bat\u0131dan almak i\u00e7in bu y\u00f6nlere y\u00f6neliyorlar. T\u00fcrkiye\u2019yi bir ge\u00e7i\u015f noktas\u0131 olarak g\u00f6r\u00fcyorlar ama bu y\u00f6nelim ciddi bir boyutta ba\u015flam\u0131\u015f durumda ve bu y\u00f6neli\u011fe ait bir s\u00f6z var onu ifade etmek istiyorum bu noktada \u201cB\u00f6l\u00fc\u015f\u00fcrsek tok oluruz. B\u00f6l\u00fcn\u00fcrsek yok oluruz.\u201d Biz birli\u011fimizi beraberli\u011fimizi peki\u015ftirmek ad\u0131na ve payla\u015f\u0131m duygumuzu anlatmak ad\u0131na kullan\u0131yoruz ama k\u00fcreselle\u015fen d\u00fcnyadan bir k\u00f6ye d\u00f6n\u00fc\u015fm\u00fc\u015f olan d\u00fcnyam\u0131zda genele te\u015fkil edecek olursak b\u00fct\u00fcn d\u00fcnya insanlar\u0131 olarak mevcut kaynaklar\u0131 d\u00fcnyada sahip oldu\u011fumuz kaynaklar\u0131 hep birlikte b\u00f6l\u00fc\u015ferek kullan\u0131rsak hepimize yetecek kaynak var. Ama bu anlamda bir taraftan eksilterek di\u011fer tarafa bunun fazlas\u0131n\u0131 vermeye \u00e7al\u0131\u015ft\u0131\u011f\u0131m\u0131zda bug\u00fcn ya\u015fad\u0131\u011f\u0131m\u0131z sorunlar\u0131 ya\u015famam\u0131z ka\u00e7\u0131n\u0131lmazd\u0131r. Ben bu vesileyle projemizin \u00f6nemli ama\u00e7lara hizmet edece\u011fine ifade etmek istiyorum. Eme\u011fi ge\u00e7en b\u00fct\u00fcn arkada\u015flar\u0131m\u0131za \u015f\u00fckranlar\u0131m\u0131 sunuyorum&#8221; dedi. Projenin \u00e7al\u0131\u015fma takviminin g\u00fcncellenmesi ve proje ortaklar\u0131 aras\u0131nda g\u00f6rev ve sorumluluklar\u0131n da\u011f\u0131l\u0131mlar\u0131n\u0131n ilk a\u015famas\u0131 \u00fc\u00e7 g\u00fcn s\u00fcrecek toplant\u0131lar ile belirlenecek.<div class=\"tiled-gallery type-rectangular tiled-gallery-unresized\" data-original-width=\"500\" data-carousel-extra='null' itemscope itemtype=\"http:\/\/schema.org\/ImageGallery\" > <div class=\"gallery-row\" style=\"width: 500px; height: 224px;\" data-original-width=\"500\" data-original-height=\"224\" > <div class=\"gallery-group images-1\" style=\"width: 334px; height: 224px;\" data-original-width=\"334\" data-original-height=\"224\" > <div class=\"tiled-gallery-item tiled-gallery-item-large\" itemprop=\"associatedMedia\" itemscope itemtype=\"http:\/\/schema.org\/ImageObject\"> <a href=\"http:\/\/www.tvturk.com\/index.php\/gocmenler-ve-multeciler-icin-e-girisimcilik-modulu-projesi-acilis-toreni-yapildi\/gocmenler-ve-multeciler-icin-e-girisimcilik-modulu-projesi-acilis-toreni-yapildi-3\/\" border=\"0\" itemprop=\"url\"> <meta itemprop=\"width\" content=\"330\"> <meta itemprop=\"height\" content=\"220\"> <img decoding=\"async\" class=\"\" data-attachment-id=\"7091\" data-orig-file=\"http:\/\/www.tvturk.com\/wp-content\/uploads\/2019\/02\/gocmenler-ve-multeciler-icin-e-girisimcilik-modulu-projesi-acilis-toreni-yapildi_58ac2e4.jpg\" data-orig-size=\"960,640\" data-comments-opened=\"\" data-image-meta=\"{&quot;aperture&quot;:&quot;0&quot;,&quot;credit&quot;:&quot;IHA&quot;,&quot;camera&quot;:&quot;&quot;,&quot;caption&quot;:&quot;\\u0022G\\u00d6\\u00c7MENLER VE M\\u00dcLTEC\\u0130LER \\u0130\\u00c7\\u0130N E-G\\u0130R\\u0130\\u015e\\u0130MC\\u0130L\\u0130K MOD\\u00dcL\\u00dc \\u0022PROJES\\u0130 A\\u00c7ILI\\u015e T\\u00d6REN\\u0130 YAPILDI (FAT\\u0130H G\\u00dcLNAHAR\\\/ERZ\\u0130NCAN-\\u0130HA)&quot;,&quot;created_timestamp&quot;:&quot;1549562160&quot;,&quot;copyright&quot;:&quot;\\u0130HLAS HABER AJANSI, www.iha.com.tr&quot;,&quot;focal_length&quot;:&quot;0&quot;,&quot;iso&quot;:&quot;0&quot;,&quot;shutter_speed&quot;:&quot;0&quot;,&quot;title&quot;:&quot;\\u0022G\\u00d6\\u00c7MENLER VE M\\u00dcLTEC\\u0130LER \\u0130\\u00c7\\u0130N E-G\\u0130R\\u0130\\u015e\\u0130MC\\u0130L\\u0130K MOD\\u00dcL\\u00dc\\u0022 PROJES\\u0130 A\\u00c7ILI\\u015e T\\u00d6REN\\u0130 YAPILDI&quot;,&quot;orientation&quot;:&quot;0&quot;}\" data-image-title=\"&amp;#8220;G\u00f6\u00e7menler ve M\u00fclteciler \u0130\u00e7in E-Giri\u015fimcilik Mod\u00fcl\u00fc&amp;#8221; projesi a\u00e7\u0131l\u0131\u015f t\u00f6reni yap\u0131ld\u0131\" data-image-description=\"&lt;p&gt;&amp;#8220;G\u00f6\u00e7menler ve M\u00fclteciler \u0130\u00e7in E-Giri\u015fimcilik Mod\u00fcl\u00fc&amp;#8221; projesi a\u00e7\u0131l\u0131\u015f t\u00f6reni yap\u0131ld\u0131&lt;\/p&gt; \" data-medium-file=\"https:\/\/i0.wp.com\/www.tvturk.com\/wp-content\/uploads\/2019\/02\/gocmenler-ve-multeciler-icin-e-girisimcilik-modulu-projesi-acilis-toreni-yapildi_58ac2e4.jpg?fit=300%2C200\" data-large-file=\"https:\/\/i0.wp.com\/www.tvturk.com\/wp-content\/uploads\/2019\/02\/gocmenler-ve-multeciler-icin-e-girisimcilik-modulu-projesi-acilis-toreni-yapildi_58ac2e4.jpg?fit=960%2C640\" src=\"https:\/\/i0.wp.com\/www.tvturk.com\/wp-content\/uploads\/2019\/02\/gocmenler-ve-multeciler-icin-e-girisimcilik-modulu-projesi-acilis-toreni-yapildi_58ac2e4.jpg?w=330&#038;h=220\" srcset=\"https:\/\/i0.wp.com\/www.tvturk.com\/wp-content\/uploads\/2019\/02\/gocmenler-ve-multeciler-icin-e-girisimcilik-modulu-projesi-acilis-toreni-yapildi_58ac2e4.jpg?w=960 960w, https:\/\/i0.wp.com\/www.tvturk.com\/wp-content\/uploads\/2019\/02\/gocmenler-ve-multeciler-icin-e-girisimcilik-modulu-projesi-acilis-toreni-yapildi_58ac2e4.jpg?resize=150%2C100 150w, https:\/\/i0.wp.com\/www.tvturk.com\/wp-content\/uploads\/2019\/02\/gocmenler-ve-multeciler-icin-e-girisimcilik-modulu-projesi-acilis-toreni-yapildi_58ac2e4.jpg?resize=300%2C200 300w, https:\/\/i0.wp.com\/www.tvturk.com\/wp-content\/uploads\/2019\/02\/gocmenler-ve-multeciler-icin-e-girisimcilik-modulu-projesi-acilis-toreni-yapildi_58ac2e4.jpg?resize=768%2C512 768w, https:\/\/i0.wp.com\/www.tvturk.com\/wp-content\/uploads\/2019\/02\/gocmenler-ve-multeciler-icin-e-girisimcilik-modulu-projesi-acilis-toreni-yapildi_58ac2e4.jpg?resize=170%2C113 170w, https:\/\/i0.wp.com\/www.tvturk.com\/wp-content\/uploads\/2019\/02\/gocmenler-ve-multeciler-icin-e-girisimcilik-modulu-projesi-acilis-toreni-yapildi_58ac2e4.jpg?resize=120%2C80 120w\" width=\"330\" height=\"220\" loading=\"lazy\" data-original-width=\"330\" data-original-height=\"220\" itemprop=\"http:\/\/schema.org\/image\" title=\"&quot;G\u00f6\u00e7menler ve M\u00fclteciler \u0130\u00e7in E-Giri\u015fimcilik Mod\u00fcl\u00fc&quot; projesi a\u00e7\u0131l\u0131\u015f t\u00f6reni yap\u0131ld\u0131\" alt=\"&quot;G\u00f6\u00e7menler ve M\u00fclteciler \u0130\u00e7in E-Giri\u015fimcilik Mod\u00fcl\u00fc&quot; projesi a\u00e7\u0131l\u0131\u015f t\u00f6reni yap\u0131ld\u0131\" style=\"width: 330px; height: 220px;\" \/> <\/a> <\/div> <\/div> <!-- close group --> <div class=\"gallery-group images-2\" style=\"width: 166px; height: 224px;\" data-original-width=\"166\" data-original-height=\"224\" > <div class=\"tiled-gallery-item tiled-gallery-item-small\" itemprop=\"associatedMedia\" itemscope itemtype=\"http:\/\/schema.org\/ImageObject\"> <a href=\"http:\/\/www.tvturk.com\/index.php\/gocmenler-ve-multeciler-icin-e-girisimcilik-modulu-projesi-acilis-toreni-yapildi\/gocmenler-ve-multeciler-icin-e-girisimcilik-modulu-projesi-acilis-toreni-yapildi-4\/\" border=\"0\" itemprop=\"url\"> <meta itemprop=\"width\" content=\"162\"> <meta itemprop=\"height\" content=\"108\"> <img decoding=\"async\" class=\"\" data-attachment-id=\"7092\" data-orig-file=\"http:\/\/www.tvturk.com\/wp-content\/uploads\/2019\/02\/gocmenler-ve-multeciler-icin-e-girisimcilik-modulu-projesi-acilis-toreni-yapildi_8d1619a.jpg\" data-orig-size=\"960,640\" data-comments-opened=\"\" data-image-meta=\"{&quot;aperture&quot;:&quot;0&quot;,&quot;credit&quot;:&quot;IHA&quot;,&quot;camera&quot;:&quot;&quot;,&quot;caption&quot;:&quot;\\u0022G\\u00d6\\u00c7MENLER VE M\\u00dcLTEC\\u0130LER \\u0130\\u00c7\\u0130N E-G\\u0130R\\u0130\\u015e\\u0130MC\\u0130L\\u0130K MOD\\u00dcL\\u00dc \\u0022PROJES\\u0130 A\\u00c7ILI\\u015e T\\u00d6REN\\u0130 YAPILDI (FAT\\u0130H G\\u00dcLNAHAR\\\/ERZ\\u0130NCAN-\\u0130HA)&quot;,&quot;created_timestamp&quot;:&quot;1549562160&quot;,&quot;copyright&quot;:&quot;\\u0130HLAS HABER AJANSI, www.iha.com.tr&quot;,&quot;focal_length&quot;:&quot;0&quot;,&quot;iso&quot;:&quot;0&quot;,&quot;shutter_speed&quot;:&quot;0&quot;,&quot;title&quot;:&quot;\\u0022G\\u00d6\\u00c7MENLER VE M\\u00dcLTEC\\u0130LER \\u0130\\u00c7\\u0130N E-G\\u0130R\\u0130\\u015e\\u0130MC\\u0130L\\u0130K MOD\\u00dcL\\u00dc\\u0022 PROJES\\u0130 A\\u00c7ILI\\u015e T\\u00d6REN\\u0130 YAPILDI&quot;,&quot;orientation&quot;:&quot;0&quot;}\" data-image-title=\"&amp;#8220;G\u00f6\u00e7menler ve M\u00fclteciler \u0130\u00e7in E-Giri\u015fimcilik Mod\u00fcl\u00fc&amp;#8221; projesi a\u00e7\u0131l\u0131\u015f t\u00f6reni yap\u0131ld\u0131\" data-image-description=\"&lt;p&gt;&amp;#8220;G\u00f6\u00e7menler ve M\u00fclteciler \u0130\u00e7in E-Giri\u015fimcilik Mod\u00fcl\u00fc&amp;#8221; projesi a\u00e7\u0131l\u0131\u015f t\u00f6reni yap\u0131ld\u0131&lt;\/p&gt; \" data-medium-file=\"https:\/\/i0.wp.com\/www.tvturk.com\/wp-content\/uploads\/2019\/02\/gocmenler-ve-multeciler-icin-e-girisimcilik-modulu-projesi-acilis-toreni-yapildi_8d1619a.jpg?fit=300%2C200\" data-large-file=\"https:\/\/i0.wp.com\/www.tvturk.com\/wp-content\/uploads\/2019\/02\/gocmenler-ve-multeciler-icin-e-girisimcilik-modulu-projesi-acilis-toreni-yapildi_8d1619a.jpg?fit=960%2C640\" src=\"https:\/\/i0.wp.com\/www.tvturk.com\/wp-content\/uploads\/2019\/02\/gocmenler-ve-multeciler-icin-e-girisimcilik-modulu-projesi-acilis-toreni-yapildi_8d1619a.jpg?w=162&#038;h=108\" srcset=\"https:\/\/i0.wp.com\/www.tvturk.com\/wp-content\/uploads\/2019\/02\/gocmenler-ve-multeciler-icin-e-girisimcilik-modulu-projesi-acilis-toreni-yapildi_8d1619a.jpg?w=960 960w, https:\/\/i0.wp.com\/www.tvturk.com\/wp-content\/uploads\/2019\/02\/gocmenler-ve-multeciler-icin-e-girisimcilik-modulu-projesi-acilis-toreni-yapildi_8d1619a.jpg?resize=150%2C100 150w, https:\/\/i0.wp.com\/www.tvturk.com\/wp-content\/uploads\/2019\/02\/gocmenler-ve-multeciler-icin-e-girisimcilik-modulu-projesi-acilis-toreni-yapildi_8d1619a.jpg?resize=300%2C200 300w, https:\/\/i0.wp.com\/www.tvturk.com\/wp-content\/uploads\/2019\/02\/gocmenler-ve-multeciler-icin-e-girisimcilik-modulu-projesi-acilis-toreni-yapildi_8d1619a.jpg?resize=768%2C512 768w, https:\/\/i0.wp.com\/www.tvturk.com\/wp-content\/uploads\/2019\/02\/gocmenler-ve-multeciler-icin-e-girisimcilik-modulu-projesi-acilis-toreni-yapildi_8d1619a.jpg?resize=170%2C113 170w, https:\/\/i0.wp.com\/www.tvturk.com\/wp-content\/uploads\/2019\/02\/gocmenler-ve-multeciler-icin-e-girisimcilik-modulu-projesi-acilis-toreni-yapildi_8d1619a.jpg?resize=120%2C80 120w\" width=\"162\" height=\"108\" loading=\"lazy\" data-original-width=\"162\" data-original-height=\"108\" itemprop=\"http:\/\/schema.org\/image\" title=\"&quot;G\u00f6\u00e7menler ve M\u00fclteciler \u0130\u00e7in E-Giri\u015fimcilik Mod\u00fcl\u00fc&quot; projesi a\u00e7\u0131l\u0131\u015f t\u00f6reni yap\u0131ld\u0131\" alt=\"&quot;G\u00f6\u00e7menler ve M\u00fclteciler \u0130\u00e7in E-Giri\u015fimcilik Mod\u00fcl\u00fc&quot; projesi a\u00e7\u0131l\u0131\u015f t\u00f6reni yap\u0131ld\u0131\" style=\"width: 162px; height: 108px;\" \/> <\/a> <\/div> <div class=\"tiled-gallery-item tiled-gallery-item-small\" itemprop=\"associatedMedia\" itemscope itemtype=\"http:\/\/schema.org\/ImageObject\"> <a href=\"http:\/\/www.tvturk.com\/index.php\/gocmenler-ve-multeciler-icin-e-girisimcilik-modulu-projesi-acilis-toreni-yapildi\/gocmenler-ve-multeciler-icin-e-girisimcilik-modulu-projesi-acilis-toreni-yapildi-5\/\" border=\"0\" itemprop=\"url\"> <meta itemprop=\"width\" content=\"162\"> <meta itemprop=\"height\" content=\"108\"> <img decoding=\"async\" class=\"\" data-attachment-id=\"7093\" data-orig-file=\"http:\/\/www.tvturk.com\/wp-content\/uploads\/2019\/02\/gocmenler-ve-multeciler-icin-e-girisimcilik-modulu-projesi-acilis-toreni-yapildi_ebd0f4b.jpg\" data-orig-size=\"960,640\" data-comments-opened=\"\" data-image-meta=\"{&quot;aperture&quot;:&quot;0&quot;,&quot;credit&quot;:&quot;IHA&quot;,&quot;camera&quot;:&quot;&quot;,&quot;caption&quot;:&quot;\\u0022G\\u00d6\\u00c7MENLER VE M\\u00dcLTEC\\u0130LER \\u0130\\u00c7\\u0130N E-G\\u0130R\\u0130\\u015e\\u0130MC\\u0130L\\u0130K MOD\\u00dcL\\u00dc \\u0022PROJES\\u0130 A\\u00c7ILI\\u015e T\\u00d6REN\\u0130 YAPILDI (FAT\\u0130H G\\u00dcLNAHAR\\\/ERZ\\u0130NCAN-\\u0130HA)&quot;,&quot;created_timestamp&quot;:&quot;1549562160&quot;,&quot;copyright&quot;:&quot;\\u0130HLAS HABER AJANSI, www.iha.com.tr&quot;,&quot;focal_length&quot;:&quot;0&quot;,&quot;iso&quot;:&quot;0&quot;,&quot;shutter_speed&quot;:&quot;0&quot;,&quot;title&quot;:&quot;\\u0022G\\u00d6\\u00c7MENLER VE M\\u00dcLTEC\\u0130LER \\u0130\\u00c7\\u0130N E-G\\u0130R\\u0130\\u015e\\u0130MC\\u0130L\\u0130K MOD\\u00dcL\\u00dc\\u0022 PROJES\\u0130 A\\u00c7ILI\\u015e T\\u00d6REN\\u0130 YAPILDI&quot;,&quot;orientation&quot;:&quot;0&quot;}\" data-image-title=\"&amp;#8220;G\u00f6\u00e7menler ve M\u00fclteciler \u0130\u00e7in E-Giri\u015fimcilik Mod\u00fcl\u00fc&amp;#8221; projesi a\u00e7\u0131l\u0131\u015f t\u00f6reni yap\u0131ld\u0131\" data-image-description=\"&lt;p&gt;&amp;#8220;G\u00f6\u00e7menler ve M\u00fclteciler \u0130\u00e7in E-Giri\u015fimcilik Mod\u00fcl\u00fc&amp;#8221; projesi a\u00e7\u0131l\u0131\u015f t\u00f6reni yap\u0131ld\u0131&lt;\/p&gt; \" data-medium-file=\"https:\/\/i0.wp.com\/www.tvturk.com\/wp-content\/uploads\/2019\/02\/gocmenler-ve-multeciler-icin-e-girisimcilik-modulu-projesi-acilis-toreni-yapildi_ebd0f4b.jpg?fit=300%2C200\" data-large-file=\"https:\/\/i0.wp.com\/www.tvturk.com\/wp-content\/uploads\/2019\/02\/gocmenler-ve-multeciler-icin-e-girisimcilik-modulu-projesi-acilis-toreni-yapildi_ebd0f4b.jpg?fit=960%2C640\" src=\"https:\/\/i0.wp.com\/www.tvturk.com\/wp-content\/uploads\/2019\/02\/gocmenler-ve-multeciler-icin-e-girisimcilik-modulu-projesi-acilis-toreni-yapildi_ebd0f4b.jpg?w=162&#038;h=108\" srcset=\"https:\/\/i0.wp.com\/www.tvturk.com\/wp-content\/uploads\/2019\/02\/gocmenler-ve-multeciler-icin-e-girisimcilik-modulu-projesi-acilis-toreni-yapildi_ebd0f4b.jpg?w=960 960w, https:\/\/i0.wp.com\/www.tvturk.com\/wp-content\/uploads\/2019\/02\/gocmenler-ve-multeciler-icin-e-girisimcilik-modulu-projesi-acilis-toreni-yapildi_ebd0f4b.jpg?resize=150%2C100 150w, https:\/\/i0.wp.com\/www.tvturk.com\/wp-content\/uploads\/2019\/02\/gocmenler-ve-multeciler-icin-e-girisimcilik-modulu-projesi-acilis-toreni-yapildi_ebd0f4b.jpg?resize=300%2C200 300w, https:\/\/i0.wp.com\/www.tvturk.com\/wp-content\/uploads\/2019\/02\/gocmenler-ve-multeciler-icin-e-girisimcilik-modulu-projesi-acilis-toreni-yapildi_ebd0f4b.jpg?resize=768%2C512 768w, https:\/\/i0.wp.com\/www.tvturk.com\/wp-content\/uploads\/2019\/02\/gocmenler-ve-multeciler-icin-e-girisimcilik-modulu-projesi-acilis-toreni-yapildi_ebd0f4b.jpg?resize=170%2C113 170w, https:\/\/i0.wp.com\/www.tvturk.com\/wp-content\/uploads\/2019\/02\/gocmenler-ve-multeciler-icin-e-girisimcilik-modulu-projesi-acilis-toreni-yapildi_ebd0f4b.jpg?resize=120%2C80 120w\" width=\"162\" height=\"108\" loading=\"lazy\" data-original-width=\"162\" data-original-height=\"108\" itemprop=\"http:\/\/schema.org\/image\" title=\"&quot;G\u00f6\u00e7menler ve M\u00fclteciler \u0130\u00e7in E-Giri\u015fimcilik Mod\u00fcl\u00fc&quot; projesi a\u00e7\u0131l\u0131\u015f t\u00f6reni yap\u0131ld\u0131\" alt=\"&quot;G\u00f6\u00e7menler ve M\u00fclteciler \u0130\u00e7in E-Giri\u015fimcilik Mod\u00fcl\u00fc&quot; projesi a\u00e7\u0131l\u0131\u015f t\u00f6reni yap\u0131ld\u0131\" style=\"width: 162px; height: 108px;\" \/> <\/a> <\/div> <\/div> <!-- close group --> <\/div> <!-- close row --> <div class=\"gallery-row\" style=\"width: 500px; height: 168px;\" data-original-width=\"500\" data-original-height=\"168\" > <div class=\"gallery-group images-1\" style=\"width: 250px; height: 168px;\" data-original-width=\"250\" data-original-height=\"168\" > <div class=\"tiled-gallery-item tiled-gallery-item-small\" itemprop=\"associatedMedia\" itemscope itemtype=\"http:\/\/schema.org\/ImageObject\"> <a href=\"http:\/\/www.tvturk.com\/index.php\/gocmenler-ve-multeciler-icin-e-girisimcilik-modulu-projesi-acilis-toreni-yapildi\/gocmenler-ve-multeciler-icin-e-girisimcilik-modulu-projesi-acilis-toreni-yapildi-6\/\" border=\"0\" itemprop=\"url\"> <meta itemprop=\"width\" content=\"246\"> <meta itemprop=\"height\" content=\"164\"> <img decoding=\"async\" class=\"\" data-attachment-id=\"7094\" data-orig-file=\"http:\/\/www.tvturk.com\/wp-content\/uploads\/2019\/02\/gocmenler-ve-multeciler-icin-e-girisimcilik-modulu-projesi-acilis-toreni-yapildi_6947467.jpg\" data-orig-size=\"1000,666\" data-comments-opened=\"\" data-image-meta=\"{&quot;aperture&quot;:&quot;0&quot;,&quot;credit&quot;:&quot;IHA&quot;,&quot;camera&quot;:&quot;&quot;,&quot;caption&quot;:&quot;\\u0022G\\u00d6\\u00c7MENLER VE M\\u00dcLTEC\\u0130LER \\u0130\\u00c7\\u0130N E-G\\u0130R\\u0130\\u015e\\u0130MC\\u0130L\\u0130K MOD\\u00dcL\\u00dc \\u0022PROJES\\u0130 A\\u00c7ILI\\u015e T\\u00d6REN\\u0130 YAPILDI (FAT\\u0130H G\\u00dcLNAHAR\\\/ERZ\\u0130NCAN-\\u0130HA)&quot;,&quot;created_timestamp&quot;:&quot;0&quot;,&quot;copyright&quot;:&quot;\\u0130HLAS HABER AJANSI, www.iha.com.tr&quot;,&quot;focal_length&quot;:&quot;0&quot;,&quot;iso&quot;:&quot;0&quot;,&quot;shutter_speed&quot;:&quot;0&quot;,&quot;title&quot;:&quot;\\u0022G\\u00d6\\u00c7MENLER VE M\\u00dcLTEC\\u0130LER \\u0130\\u00c7\\u0130N E-G\\u0130R\\u0130\\u015e\\u0130MC\\u0130L\\u0130K MOD\\u00dcL\\u00dc\\u0022 PROJES\\u0130 A\\u00c7ILI\\u015e T\\u00d6REN\\u0130 YAPILDI&quot;,&quot;orientation&quot;:&quot;0&quot;}\" data-image-title=\"&amp;#8220;G\u00f6\u00e7menler ve M\u00fclteciler \u0130\u00e7in E-Giri\u015fimcilik Mod\u00fcl\u00fc&amp;#8221; projesi a\u00e7\u0131l\u0131\u015f t\u00f6reni yap\u0131ld\u0131\" data-image-description=\"&lt;p&gt;&amp;#8220;G\u00f6\u00e7menler ve M\u00fclteciler \u0130\u00e7in E-Giri\u015fimcilik Mod\u00fcl\u00fc&amp;#8221; projesi a\u00e7\u0131l\u0131\u015f t\u00f6reni yap\u0131ld\u0131&lt;\/p&gt; \" data-medium-file=\"https:\/\/i0.wp.com\/www.tvturk.com\/wp-content\/uploads\/2019\/02\/gocmenler-ve-multeciler-icin-e-girisimcilik-modulu-projesi-acilis-toreni-yapildi_6947467.jpg?fit=300%2C200\" data-large-file=\"https:\/\/i0.wp.com\/www.tvturk.com\/wp-content\/uploads\/2019\/02\/gocmenler-ve-multeciler-icin-e-girisimcilik-modulu-projesi-acilis-toreni-yapildi_6947467.jpg?fit=1000%2C666\" src=\"https:\/\/i0.wp.com\/www.tvturk.com\/wp-content\/uploads\/2019\/02\/gocmenler-ve-multeciler-icin-e-girisimcilik-modulu-projesi-acilis-toreni-yapildi_6947467.jpg?w=246&#038;h=164\" srcset=\"https:\/\/i0.wp.com\/www.tvturk.com\/wp-content\/uploads\/2019\/02\/gocmenler-ve-multeciler-icin-e-girisimcilik-modulu-projesi-acilis-toreni-yapildi_6947467.jpg?w=1000 1000w, https:\/\/i0.wp.com\/www.tvturk.com\/wp-content\/uploads\/2019\/02\/gocmenler-ve-multeciler-icin-e-girisimcilik-modulu-projesi-acilis-toreni-yapildi_6947467.jpg?resize=150%2C100 150w, https:\/\/i0.wp.com\/www.tvturk.com\/wp-content\/uploads\/2019\/02\/gocmenler-ve-multeciler-icin-e-girisimcilik-modulu-projesi-acilis-toreni-yapildi_6947467.jpg?resize=300%2C200 300w, https:\/\/i0.wp.com\/www.tvturk.com\/wp-content\/uploads\/2019\/02\/gocmenler-ve-multeciler-icin-e-girisimcilik-modulu-projesi-acilis-toreni-yapildi_6947467.jpg?resize=768%2C511 768w, https:\/\/i0.wp.com\/www.tvturk.com\/wp-content\/uploads\/2019\/02\/gocmenler-ve-multeciler-icin-e-girisimcilik-modulu-projesi-acilis-toreni-yapildi_6947467.jpg?resize=170%2C113 170w, https:\/\/i0.wp.com\/www.tvturk.com\/wp-content\/uploads\/2019\/02\/gocmenler-ve-multeciler-icin-e-girisimcilik-modulu-projesi-acilis-toreni-yapildi_6947467.jpg?resize=120%2C80 120w\" width=\"246\" height=\"164\" loading=\"lazy\" data-original-width=\"246\" data-original-height=\"164\" itemprop=\"http:\/\/schema.org\/image\" title=\"&quot;G\u00f6\u00e7menler ve M\u00fclteciler \u0130\u00e7in E-Giri\u015fimcilik Mod\u00fcl\u00fc&quot; projesi a\u00e7\u0131l\u0131\u015f t\u00f6reni yap\u0131ld\u0131\" alt=\"&quot;G\u00f6\u00e7menler ve M\u00fclteciler \u0130\u00e7in E-Giri\u015fimcilik Mod\u00fcl\u00fc&quot; projesi a\u00e7\u0131l\u0131\u015f t\u00f6reni yap\u0131ld\u0131\" style=\"width: 246px; height: 164px;\" \/> <\/a> <\/div> <\/div> <!-- close group --> <div class=\"gallery-group images-1\" style=\"width: 250px; height: 168px;\" data-original-width=\"250\" data-original-height=\"168\" > <div class=\"tiled-gallery-item tiled-gallery-item-small\" itemprop=\"associatedMedia\" itemscope itemtype=\"http:\/\/schema.org\/ImageObject\"> <a href=\"http:\/\/www.tvturk.com\/index.php\/gocmenler-ve-multeciler-icin-e-girisimcilik-modulu-projesi-acilis-toreni-yapildi\/gocmenler-ve-multeciler-icin-e-girisimcilik-modulu-projesi-acilis-toreni-yapildi-7\/\" border=\"0\" itemprop=\"url\"> <meta itemprop=\"width\" content=\"246\"> <meta itemprop=\"height\" content=\"164\"> <img decoding=\"async\" class=\"\" data-attachment-id=\"7095\" data-orig-file=\"http:\/\/www.tvturk.com\/wp-content\/uploads\/2019\/02\/gocmenler-ve-multeciler-icin-e-girisimcilik-modulu-projesi-acilis-toreni-yapildi_633c579.jpg\" data-orig-size=\"1000,666\" data-comments-opened=\"\" data-image-meta=\"{&quot;aperture&quot;:&quot;0&quot;,&quot;credit&quot;:&quot;IHA&quot;,&quot;camera&quot;:&quot;&quot;,&quot;caption&quot;:&quot;\\u0022G\\u00d6\\u00c7MENLER VE M\\u00dcLTEC\\u0130LER \\u0130\\u00c7\\u0130N E-G\\u0130R\\u0130\\u015e\\u0130MC\\u0130L\\u0130K MOD\\u00dcL\\u00dc \\u0022PROJES\\u0130 A\\u00c7ILI\\u015e T\\u00d6REN\\u0130 YAPILDI (FAT\\u0130H G\\u00dcLNAHAR\\\/ERZ\\u0130NCAN-\\u0130HA)&quot;,&quot;created_timestamp&quot;:&quot;0&quot;,&quot;copyright&quot;:&quot;\\u0130HLAS HABER AJANSI, www.iha.com.tr&quot;,&quot;focal_length&quot;:&quot;0&quot;,&quot;iso&quot;:&quot;0&quot;,&quot;shutter_speed&quot;:&quot;0&quot;,&quot;title&quot;:&quot;\\u0022G\\u00d6\\u00c7MENLER VE M\\u00dcLTEC\\u0130LER \\u0130\\u00c7\\u0130N E-G\\u0130R\\u0130\\u015e\\u0130MC\\u0130L\\u0130K MOD\\u00dcL\\u00dc\\u0022 PROJES\\u0130 A\\u00c7ILI\\u015e T\\u00d6REN\\u0130 YAPILDI&quot;,&quot;orientation&quot;:&quot;0&quot;}\" data-image-title=\"&amp;#8220;G\u00f6\u00e7menler ve M\u00fclteciler \u0130\u00e7in E-Giri\u015fimcilik Mod\u00fcl\u00fc&amp;#8221; projesi a\u00e7\u0131l\u0131\u015f t\u00f6reni yap\u0131ld\u0131\" data-image-description=\"&lt;p&gt;&amp;#8220;G\u00f6\u00e7menler ve M\u00fclteciler \u0130\u00e7in E-Giri\u015fimcilik Mod\u00fcl\u00fc&amp;#8221; projesi a\u00e7\u0131l\u0131\u015f t\u00f6reni yap\u0131ld\u0131&lt;\/p&gt; \" data-medium-file=\"https:\/\/i0.wp.com\/www.tvturk.com\/wp-content\/uploads\/2019\/02\/gocmenler-ve-multeciler-icin-e-girisimcilik-modulu-projesi-acilis-toreni-yapildi_633c579.jpg?fit=300%2C200\" data-large-file=\"https:\/\/i0.wp.com\/www.tvturk.com\/wp-content\/uploads\/2019\/02\/gocmenler-ve-multeciler-icin-e-girisimcilik-modulu-projesi-acilis-toreni-yapildi_633c579.jpg?fit=1000%2C666\" src=\"https:\/\/i0.wp.com\/www.tvturk.com\/wp-content\/uploads\/2019\/02\/gocmenler-ve-multeciler-icin-e-girisimcilik-modulu-projesi-acilis-toreni-yapildi_633c579.jpg?w=246&#038;h=164\" srcset=\"https:\/\/i0.wp.com\/www.tvturk.com\/wp-content\/uploads\/2019\/02\/gocmenler-ve-multeciler-icin-e-girisimcilik-modulu-projesi-acilis-toreni-yapildi_633c579.jpg?w=1000 1000w, https:\/\/i0.wp.com\/www.tvturk.com\/wp-content\/uploads\/2019\/02\/gocmenler-ve-multeciler-icin-e-girisimcilik-modulu-projesi-acilis-toreni-yapildi_633c579.jpg?resize=150%2C100 150w, https:\/\/i0.wp.com\/www.tvturk.com\/wp-content\/uploads\/2019\/02\/gocmenler-ve-multeciler-icin-e-girisimcilik-modulu-projesi-acilis-toreni-yapildi_633c579.jpg?resize=300%2C200 300w, https:\/\/i0.wp.com\/www.tvturk.com\/wp-content\/uploads\/2019\/02\/gocmenler-ve-multeciler-icin-e-girisimcilik-modulu-projesi-acilis-toreni-yapildi_633c579.jpg?resize=768%2C511 768w, https:\/\/i0.wp.com\/www.tvturk.com\/wp-content\/uploads\/2019\/02\/gocmenler-ve-multeciler-icin-e-girisimcilik-modulu-projesi-acilis-toreni-yapildi_633c579.jpg?resize=170%2C113 170w, https:\/\/i0.wp.com\/www.tvturk.com\/wp-content\/uploads\/2019\/02\/gocmenler-ve-multeciler-icin-e-girisimcilik-modulu-projesi-acilis-toreni-yapildi_633c579.jpg?resize=120%2C80 120w\" width=\"246\" height=\"164\" loading=\"lazy\" data-original-width=\"246\" data-original-height=\"164\" itemprop=\"http:\/\/schema.org\/image\" title=\"&quot;G\u00f6\u00e7menler ve M\u00fclteciler \u0130\u00e7in E-Giri\u015fimcilik Mod\u00fcl\u00fc&quot; projesi a\u00e7\u0131l\u0131\u015f t\u00f6reni yap\u0131ld\u0131\" alt=\"&quot;G\u00f6\u00e7menler ve M\u00fclteciler \u0130\u00e7in E-Giri\u015fimcilik Mod\u00fcl\u00fc&quot; projesi a\u00e7\u0131l\u0131\u015f t\u00f6reni yap\u0131ld\u0131\" style=\"width: 246px; height: 164px;\" \/> <\/a> <\/div> <\/div> <!-- close group --> <\/div> <!-- close row --> <\/div><\/p>\n","protected":false},"excerpt":{"rendered":"<p>&#8220;G\u00d6\u00c7MENLER VE M\u00dcLTEC\u0130LER \u0130\u00c7\u0130N E-G\u0130R\u0130\u015e\u0130MC\u0130L\u0130K MOD\u00dcL\u00dc &#8220;PROJES\u0130 A\u00c7ILI\u015e T\u00d6REN\u0130 YAPILDI<\/p>\n","protected":false},"author":1,"featured_media":7090,"comment_status":"closed","ping_status":"open","sticky":false,"template":"","format":"standard","meta":{"jetpack_post_was_ever_published":false,"_jetpack_newsletter_access":"","_jetpack_dont_email_post_to_subs":false,"_jetpack_newsletter_tier_id":0,"_jetpack_memberships_contains_paywalled_content":false,"_jetpack_memberships_contains_paid_content":false,"footnotes":"","jetpack_publicize_message":"","jetpack_publicize_feature_enabled":true,"jetpack_social_post_already_shared":false,"jetpack_social_options":{"image_generator_settings":{"template":"highway","default_image_id":0,"font":"","enabled":false},"version":2}},"categories":[1],"tags":[3736,1350,3738,44,3739,3737,1324,187,117],"class_list":["post-7089","post","type-post","status-publish","format-standard","has-post-thumbnail","hentry","category-genel","tag-gocmenler","tag-acilis","tag-e-girisimcilik","tag-icin","tag-modulu","tag-multeciler","tag-projesi","tag-toreni","tag-yapildi"],"jetpack_publicize_connections":[],"jetpack_featured_media_url":"https:\/\/i0.wp.com\/www.tvturk.com\/wp-content\/uploads\/2019\/02\/gocmenler-ve-multeciler-icin-e-girisimcilik-modulu-projesi-acilis-toreni-yapildi_ee35c98.jpg?fit=1000%2C666","jetpack_sharing_enabled":true,"jetpack_shortlink":"https:\/\/wp.me\/paKIfm-1Ql","_links":{"self":[{"href":"http:\/\/www.tvturk.com\/index.php\/wp-json\/wp\/v2\/posts\/7089","targetHints":{"allow":["GET"]}}],"collection":[{"href":"http:\/\/www.tvturk.com\/index.php\/wp-json\/wp\/v2\/posts"}],"about":[{"href":"http:\/\/www.tvturk.com\/index.php\/wp-json\/wp\/v2\/types\/post"}],"author":[{"embeddable":true,"href":"http:\/\/www.tvturk.com\/index.php\/wp-json\/wp\/v2\/users\/1"}],"replies":[{"embeddable":true,"href":"http:\/\/www.tvturk.com\/index.php\/wp-json\/wp\/v2\/comments?post=7089"}],"version-history":[{"count":1,"href":"http:\/\/www.tvturk.com\/index.php\/wp-json\/wp\/v2\/posts\/7089\/revisions"}],"predecessor-version":[{"id":7096,"href":"http:\/\/www.tvturk.com\/index.php\/wp-json\/wp\/v2\/posts\/7089\/revisions\/7096"}],"wp:featuredmedia":[{"embeddable":true,"href":"http:\/\/www.tvturk.com\/index.php\/wp-json\/wp\/v2\/media\/7090"}],"wp:attachment":[{"href":"http:\/\/www.tvturk.com\/index.php\/wp-json\/wp\/v2\/media?parent=7089"}],"wp:term":[{"taxonomy":"category","embeddable":true,"href":"http:\/\/www.tvturk.com\/index.php\/wp-json\/wp\/v2\/categories?post=7089"},{"taxonomy":"post_tag","embeddable":true,"href":"http:\/\/www.tvturk.com\/index.php\/wp-json\/wp\/v2\/tags?post=7089"}],"curies":[{"name":"wp","href":"https:\/\/api.w.org\/{rel}","templated":true}]}}