{"id":70920,"date":"2019-03-04T19:13:52","date_gmt":"2019-03-04T16:13:52","guid":{"rendered":"http:\/\/www.tvturk.com\/index.php\/antalyada-okul-basan-9-ogrencinin-goruntuleri-kamerada\/"},"modified":"2019-03-04T19:13:55","modified_gmt":"2019-03-04T16:13:55","slug":"antalyada-okul-basan-9-ogrencinin-goruntuleri-kamerada","status":"publish","type":"post","link":"http:\/\/www.tvturk.com\/index.php\/antalyada-okul-basan-9-ogrencinin-goruntuleri-kamerada\/","title":{"rendered":"Antalya\u2019da okul basan 9 \u00f6\u011frencinin g\u00f6r\u00fcnt\u00fcleri kamerada"},"content":{"rendered":"<p>Antalya\u2019da okul bas\u0131p lise \u00f6\u011frencisi 2 k\u0131z\u0131 darp etti\u011fi gerek\u00e7esiyle g\u00f6zalt\u0131na al\u0131nan 9 \u00f6\u011frencinin, okul i\u00e7erisindeki o anlar\u0131n\u0131n g\u00f6r\u00fcnt\u00fcleri ortaya \u00e7\u0131kt\u0131.<\/p>\n<p>Antalya Kepez Hac\u0131 Ekrem \u015eerife Yazaro\u011flu Anadolu \u0130mam Hatip Lisesini bas\u0131p Ya\u011fmur S.P. (16) ile G\u00fcl\u015fen M.\u2019yi (16) s\u0131n\u0131fta darp etti\u011fi gerek\u00e7esiyle g\u00f6zalt\u0131na al\u0131nan 9 \u00f6\u011frencinin, okul i\u00e7erisindeki g\u00f6r\u00fcnt\u00fcleri ortaya \u00e7\u0131kt\u0131. Okulun g\u00fcvenlik kameralar\u0131na yans\u0131yan g\u00f6r\u00fcnt\u00fclerde, \u00f6\u011frencilerin Ya\u011fmur S.P. (16) ve G\u00fcl\u015fen M.\u2019nin (16) s\u0131n\u0131f\u0131n \u00f6n\u00fcne gelerek bekledikleri yer al\u0131rken, bir m\u00fcddet sonra okul zilinin \u00e7almas\u0131yla kamuflaj pantolonlu k\u0131z \u00f6\u011frencinin ilk olarak s\u0131n\u0131fa girdi\u011fi ve grupla birlikte gelen erkek \u00f6\u011frencilerin s\u0131n\u0131f kap\u0131s\u0131n\u0131 kapal\u0131 tutmaya \u00e7al\u0131\u015ft\u0131klar\u0131 g\u00f6zlendi. G\u00f6r\u00fcnt\u00fclerin devam\u0131nda olay, sesleri duyan n\u00f6bet\u00e7i \u00f6\u011fretmenin m\u00fcdahalesi ile sona eriyor ve ard\u0131ndan Ya\u011fmur S.P. ve G\u00fcl\u015fen M., \u00f6\u011fretmenleriyle beraber s\u0131n\u0131ftan \u00e7\u0131karak sald\u0131rgan \u00f6\u011frencilerin pe\u015finden ko\u015fuyor.<div class=\"tiled-gallery type-rectangular tiled-gallery-unresized\" data-original-width=\"500\" data-carousel-extra='null' itemscope itemtype=\"http:\/\/schema.org\/ImageGallery\" > <div class=\"gallery-row\" style=\"width: 500px; height: 162px;\" data-original-width=\"500\" data-original-height=\"162\" > <div class=\"gallery-group images-1\" style=\"width: 285px; height: 162px;\" data-original-width=\"285\" data-original-height=\"162\" > <div class=\"tiled-gallery-item tiled-gallery-item-large\" itemprop=\"associatedMedia\" itemscope itemtype=\"http:\/\/schema.org\/ImageObject\"> <a href=\"http:\/\/www.tvturk.com\/index.php\/antalyada-okul-basan-9-ogrencinin-goruntuleri-kamerada\/antalyada-okul-basan-9-ogrencinin-goruntuleri-kamerada-3\/\" border=\"0\" itemprop=\"url\"> <meta itemprop=\"width\" content=\"281\"> <meta itemprop=\"height\" content=\"158\"> <img decoding=\"async\" class=\"\" data-attachment-id=\"70922\" data-orig-file=\"http:\/\/www.tvturk.com\/wp-content\/uploads\/2019\/03\/antalyada-okul-basan-9-ogrencinin-goruntuleri-kamerada_f495e87.jpg\" data-orig-size=\"1000,562\" data-comments-opened=\"\" data-image-meta=\"{&quot;aperture&quot;:&quot;0&quot;,&quot;credit&quot;:&quot;IHA&quot;,&quot;camera&quot;:&quot;&quot;,&quot;caption&quot;:&quot;ANTALYA\\u2019DA OKUL BASIP L\\u0130SE \\u00d6\\u011eRENC\\u0130S\\u0130 2 KIZI DARP ETT\\u0130\\u011e\\u0130 GEREK\\u00c7ES\\u0130YLE G\\u00d6ZALTINA ALINAN 9 \\u00d6\\u011eRENC\\u0130N\\u0130N, OKUL \\u0130\\u00c7ER\\u0130S\\u0130NDEK\\u0130 O ANLARININ G\\u00d6R\\u00dcNT\\u00dcLER\\u0130 ORTAYA \\u00c7IKTI. (\\u0130SA AKAR - SUAT MET\\u0130N\\\/ANTALYA-\\u0130HA)&quot;,&quot;created_timestamp&quot;:&quot;0&quot;,&quot;copyright&quot;:&quot;\\u0130HLAS HABER AJANSI, www.iha.com.tr&quot;,&quot;focal_length&quot;:&quot;0&quot;,&quot;iso&quot;:&quot;0&quot;,&quot;shutter_speed&quot;:&quot;0&quot;,&quot;title&quot;:&quot;ANTALYA\\u2019DA OKUL BASAN 9 \\u00d6\\u011eRENC\\u0130N\\u0130N G\\u00d6R\\u00dcNT\\u00dcLER\\u0130 KAMERADA SINIF BASKINININ G\\u00dcVENL\\u0130K KAMERA G\\u00d6R\\u00dcNT\\u00dcLER\\u0130 ORTAYA \\u00c7IKTI&quot;,&quot;orientation&quot;:&quot;0&quot;}\" data-image-title=\"Antalya\u2019da okul basan 9 \u00f6\u011frencinin g\u00f6r\u00fcnt\u00fcleri kamerada\" data-image-description=\"&lt;p&gt;Antalya\u2019da okul basan 9 \u00f6\u011frencinin g\u00f6r\u00fcnt\u00fcleri kamerada&lt;\/p&gt; \" data-medium-file=\"https:\/\/i0.wp.com\/www.tvturk.com\/wp-content\/uploads\/2019\/03\/antalyada-okul-basan-9-ogrencinin-goruntuleri-kamerada_f495e87.jpg?fit=300%2C169\" data-large-file=\"https:\/\/i0.wp.com\/www.tvturk.com\/wp-content\/uploads\/2019\/03\/antalyada-okul-basan-9-ogrencinin-goruntuleri-kamerada_f495e87.jpg?fit=1000%2C562\" src=\"https:\/\/i0.wp.com\/www.tvturk.com\/wp-content\/uploads\/2019\/03\/antalyada-okul-basan-9-ogrencinin-goruntuleri-kamerada_f495e87.jpg?w=281&#038;h=158\" srcset=\"https:\/\/i0.wp.com\/www.tvturk.com\/wp-content\/uploads\/2019\/03\/antalyada-okul-basan-9-ogrencinin-goruntuleri-kamerada_f495e87.jpg?w=1000 1000w, https:\/\/i0.wp.com\/www.tvturk.com\/wp-content\/uploads\/2019\/03\/antalyada-okul-basan-9-ogrencinin-goruntuleri-kamerada_f495e87.jpg?resize=150%2C84 150w, https:\/\/i0.wp.com\/www.tvturk.com\/wp-content\/uploads\/2019\/03\/antalyada-okul-basan-9-ogrencinin-goruntuleri-kamerada_f495e87.jpg?resize=300%2C169 300w, https:\/\/i0.wp.com\/www.tvturk.com\/wp-content\/uploads\/2019\/03\/antalyada-okul-basan-9-ogrencinin-goruntuleri-kamerada_f495e87.jpg?resize=768%2C432 768w, https:\/\/i0.wp.com\/www.tvturk.com\/wp-content\/uploads\/2019\/03\/antalyada-okul-basan-9-ogrencinin-goruntuleri-kamerada_f495e87.jpg?resize=200%2C113 200w\" width=\"281\" height=\"158\" loading=\"lazy\" data-original-width=\"281\" data-original-height=\"158\" itemprop=\"http:\/\/schema.org\/image\" title=\"Antalya\u2019da okul basan 9 \u00f6\u011frencinin g\u00f6r\u00fcnt\u00fcleri kamerada\" alt=\"Antalya\u2019da okul basan 9 \u00f6\u011frencinin g\u00f6r\u00fcnt\u00fcleri kamerada\" style=\"width: 281px; height: 158px;\" \/> <\/a> <\/div> <\/div> <!-- close group --> <div class=\"gallery-group images-1\" style=\"width: 215px; height: 162px;\" data-original-width=\"215\" data-original-height=\"162\" > <div class=\"tiled-gallery-item tiled-gallery-item-small\" itemprop=\"associatedMedia\" itemscope itemtype=\"http:\/\/schema.org\/ImageObject\"> <a href=\"http:\/\/www.tvturk.com\/index.php\/antalyada-okul-basan-9-ogrencinin-goruntuleri-kamerada\/antalyada-okul-basan-9-ogrencinin-goruntuleri-kamerada-4\/\" border=\"0\" itemprop=\"url\"> <meta itemprop=\"width\" content=\"211\"> <meta itemprop=\"height\" content=\"158\"> <img decoding=\"async\" class=\"\" data-attachment-id=\"70923\" data-orig-file=\"http:\/\/www.tvturk.com\/wp-content\/uploads\/2019\/03\/antalyada-okul-basan-9-ogrencinin-goruntuleri-kamerada_4e5d9b4.jpg\" data-orig-size=\"1000,750\" data-comments-opened=\"\" data-image-meta=\"{&quot;aperture&quot;:&quot;0&quot;,&quot;credit&quot;:&quot;IHA&quot;,&quot;camera&quot;:&quot;&quot;,&quot;caption&quot;:&quot;ANTALYA\\u2019DA OKUL BASIP L\\u0130SE \\u00d6\\u011eRENC\\u0130S\\u0130 2 KIZI DARP ETT\\u0130\\u011e\\u0130 GEREK\\u00c7ES\\u0130YLE G\\u00d6ZALTINA ALINAN 9 \\u00d6\\u011eRENC\\u0130N\\u0130N, OKUL \\u0130\\u00c7ER\\u0130S\\u0130NDEK\\u0130 O ANLARININ G\\u00d6R\\u00dcNT\\u00dcLER\\u0130 ORTAYA \\u00c7IKTI. (\\u0130SA AKAR - SUAT MET\\u0130N\\\/ANTALYA-\\u0130HA)&quot;,&quot;created_timestamp&quot;:&quot;0&quot;,&quot;copyright&quot;:&quot;\\u0130HLAS HABER AJANSI, www.iha.com.tr&quot;,&quot;focal_length&quot;:&quot;0&quot;,&quot;iso&quot;:&quot;0&quot;,&quot;shutter_speed&quot;:&quot;0&quot;,&quot;title&quot;:&quot;ANTALYA\\u2019DA OKUL BASAN 9 \\u00d6\\u011eRENC\\u0130N\\u0130N G\\u00d6R\\u00dcNT\\u00dcLER\\u0130 KAMERADA SINIF BASKINININ G\\u00dcVENL\\u0130K KAMERA G\\u00d6R\\u00dcNT\\u00dcLER\\u0130 ORTAYA \\u00c7IKTI&quot;,&quot;orientation&quot;:&quot;0&quot;}\" data-image-title=\"Antalya\u2019da okul basan 9 \u00f6\u011frencinin g\u00f6r\u00fcnt\u00fcleri kamerada\" data-image-description=\"&lt;p&gt;Antalya\u2019da okul basan 9 \u00f6\u011frencinin g\u00f6r\u00fcnt\u00fcleri kamerada&lt;\/p&gt; \" data-medium-file=\"https:\/\/i0.wp.com\/www.tvturk.com\/wp-content\/uploads\/2019\/03\/antalyada-okul-basan-9-ogrencinin-goruntuleri-kamerada_4e5d9b4.jpg?fit=300%2C225\" data-large-file=\"https:\/\/i0.wp.com\/www.tvturk.com\/wp-content\/uploads\/2019\/03\/antalyada-okul-basan-9-ogrencinin-goruntuleri-kamerada_4e5d9b4.jpg?fit=1000%2C750\" src=\"https:\/\/i0.wp.com\/www.tvturk.com\/wp-content\/uploads\/2019\/03\/antalyada-okul-basan-9-ogrencinin-goruntuleri-kamerada_4e5d9b4.jpg?w=211&#038;h=158\" srcset=\"https:\/\/i0.wp.com\/www.tvturk.com\/wp-content\/uploads\/2019\/03\/antalyada-okul-basan-9-ogrencinin-goruntuleri-kamerada_4e5d9b4.jpg?w=1000 1000w, https:\/\/i0.wp.com\/www.tvturk.com\/wp-content\/uploads\/2019\/03\/antalyada-okul-basan-9-ogrencinin-goruntuleri-kamerada_4e5d9b4.jpg?resize=150%2C113 150w, https:\/\/i0.wp.com\/www.tvturk.com\/wp-content\/uploads\/2019\/03\/antalyada-okul-basan-9-ogrencinin-goruntuleri-kamerada_4e5d9b4.jpg?resize=300%2C225 300w, https:\/\/i0.wp.com\/www.tvturk.com\/wp-content\/uploads\/2019\/03\/antalyada-okul-basan-9-ogrencinin-goruntuleri-kamerada_4e5d9b4.jpg?resize=768%2C576 768w\" width=\"211\" height=\"158\" loading=\"lazy\" data-original-width=\"211\" data-original-height=\"158\" itemprop=\"http:\/\/schema.org\/image\" title=\"Antalya\u2019da okul basan 9 \u00f6\u011frencinin g\u00f6r\u00fcnt\u00fcleri kamerada\" alt=\"Antalya\u2019da okul basan 9 \u00f6\u011frencinin g\u00f6r\u00fcnt\u00fcleri kamerada\" style=\"width: 211px; height: 158px;\" \/> <\/a> <\/div> <\/div> <!-- close group --> <\/div> <!-- close row --> <\/div><\/p>\n","protected":false},"excerpt":{"rendered":"<p>ANTALYA\u2019DA OKUL BASIP L\u0130SE \u00d6\u011eRENC\u0130S\u0130 2 KIZI DARP ETT\u0130\u011e\u0130 GEREK\u00c7ES\u0130YLE G\u00d6ZALTINA ALINAN 9 \u00d6\u011eRENC\u0130N\u0130N,  OKUL \u0130\u00c7ER\u0130S\u0130NDEK\u0130 O ANLARININ G\u00d6R\u00dcNT\u00dcLER\u0130 ORTAYA \u00c7IKTI.<\/p>\n","protected":false},"author":1,"featured_media":70921,"comment_status":"closed","ping_status":"open","sticky":false,"template":"","format":"standard","meta":{"jetpack_post_was_ever_published":false,"_jetpack_newsletter_access":"","_jetpack_dont_email_post_to_subs":false,"_jetpack_newsletter_tier_id":0,"_jetpack_memberships_contains_paywalled_content":false,"_jetpack_memberships_contains_paid_content":false,"footnotes":"","jetpack_publicize_message":"","jetpack_publicize_feature_enabled":true,"jetpack_social_post_already_shared":true,"jetpack_social_options":{"image_generator_settings":{"template":"highway","default_image_id":0,"font":"","enabled":false},"version":2}},"categories":[655],"tags":[1327,13446,8844,1142,7281,120],"class_list":["post-70920","post","type-post","status-publish","format-standard","has-post-thumbnail","hentry","category-son-dakika","tag-antalyada","tag-basan","tag-goruntuleri","tag-kamerada","tag-ogrencinin","tag-okul"],"jetpack_publicize_connections":[],"jetpack_featured_media_url":"https:\/\/i0.wp.com\/www.tvturk.com\/wp-content\/uploads\/2019\/03\/antalyada-okul-basan-9-ogrencinin-goruntuleri-kamerada_41e16a6.jpg?fit=1000%2C750","jetpack_sharing_enabled":true,"jetpack_shortlink":"https:\/\/wp.me\/paKIfm-irS","_links":{"self":[{"href":"http:\/\/www.tvturk.com\/index.php\/wp-json\/wp\/v2\/posts\/70920","targetHints":{"allow":["GET"]}}],"collection":[{"href":"http:\/\/www.tvturk.com\/index.php\/wp-json\/wp\/v2\/posts"}],"about":[{"href":"http:\/\/www.tvturk.com\/index.php\/wp-json\/wp\/v2\/types\/post"}],"author":[{"embeddable":true,"href":"http:\/\/www.tvturk.com\/index.php\/wp-json\/wp\/v2\/users\/1"}],"replies":[{"embeddable":true,"href":"http:\/\/www.tvturk.com\/index.php\/wp-json\/wp\/v2\/comments?post=70920"}],"version-history":[{"count":1,"href":"http:\/\/www.tvturk.com\/index.php\/wp-json\/wp\/v2\/posts\/70920\/revisions"}],"predecessor-version":[{"id":70924,"href":"http:\/\/www.tvturk.com\/index.php\/wp-json\/wp\/v2\/posts\/70920\/revisions\/70924"}],"wp:featuredmedia":[{"embeddable":true,"href":"http:\/\/www.tvturk.com\/index.php\/wp-json\/wp\/v2\/media\/70921"}],"wp:attachment":[{"href":"http:\/\/www.tvturk.com\/index.php\/wp-json\/wp\/v2\/media?parent=70920"}],"wp:term":[{"taxonomy":"category","embeddable":true,"href":"http:\/\/www.tvturk.com\/index.php\/wp-json\/wp\/v2\/categories?post=70920"},{"taxonomy":"post_tag","embeddable":true,"href":"http:\/\/www.tvturk.com\/index.php\/wp-json\/wp\/v2\/tags?post=70920"}],"curies":[{"name":"wp","href":"https:\/\/api.w.org\/{rel}","templated":true}]}}