{"id":71430,"date":"2019-03-05T09:33:00","date_gmt":"2019-03-05T06:33:00","guid":{"rendered":"http:\/\/www.tvturk.com\/index.php\/ozel-genclerin-sokak-ortasindaki-laf-atma-tartismasi-kanli-bitti\/"},"modified":"2019-03-05T09:33:03","modified_gmt":"2019-03-05T06:33:03","slug":"ozel-genclerin-sokak-ortasindaki-laf-atma-tartismasi-kanli-bitti","status":"publish","type":"post","link":"http:\/\/www.tvturk.com\/index.php\/ozel-genclerin-sokak-ortasindaki-laf-atma-tartismasi-kanli-bitti\/","title":{"rendered":"(\u00d6zel) Gen\u00e7lerin sokak ortas\u0131ndaki laf atma tart\u0131\u015fmas\u0131 kanl\u0131 bitti"},"content":{"rendered":"<p>Kartal\u2019da bir \u015fah\u0131s laf atma sebebiyle tart\u0131\u015ft\u0131\u011f\u0131 genci sokak ortas\u0131nda kal\u00e7as\u0131ndan b\u0131\u00e7aklad\u0131. Yaralanan gen\u00e7 yerde yatarak sa\u011fl\u0131k ekiplerinin gelmesini bekledi. Ard\u0131ndan b\u0131\u00e7aklad\u0131\u011f\u0131 gencin arkada\u015flar\u0131ndan ka\u00e7an \u015fah\u0131s \u00e7evredeki bir d\u00fckkana s\u0131\u011f\u0131nd\u0131. Yaral\u0131 gen\u00e7 tedavi edilmek \u00fczere hastaneye kald\u0131r\u0131ld\u0131.<\/p>\n<p>Olay Kartal Atalar Mahallesi \u00dcsk\u00fcdar Caddesi\u2019nde ge\u00e7ti\u011fimiz Pazar g\u00fcn\u00fc meydana geldi. Edinilen bilgilere g\u00f6re dershaneden \u00e7\u0131kan bir grup gen\u00e7 aras\u0131nda \u2018k\u0131zlara laf atma\u2019 sebebiyle tart\u0131\u015fma ba\u015flad\u0131. S\u00f6zl\u00fc tart\u0131\u015fman\u0131n kavgaya d\u00f6n\u00fc\u015fmesiyle gen\u00e7lerden biri tart\u0131\u015ft\u0131\u011f\u0131 ki\u015fiyi kal\u00e7as\u0131ndan b\u0131\u00e7aklayarak yaralad\u0131. Ard\u0131ndan yaralanan gencin arkada\u015flar\u0131 b\u0131\u00e7akl\u0131 \u015fahsa sald\u0131r\u0131rken, \u015fah\u0131s kendisine sald\u0131ranlardan ka\u00e7arak \u00e7evredeki bir nalbur d\u00fckkan\u0131na s\u0131\u011f\u0131nd\u0131. Vatanda\u015flar\u0131n ihbar\u0131 \u00fczerine olay yerine polis ve sa\u011fl\u0131k ekipleri sevk edildi. Yaral\u0131 gen\u00e7 olay yerindeki ilk m\u00fcdahalenin ard\u0131ndan tedavi edilmek \u00fczere Kartal L\u00fctfi K\u0131rdar E\u011fitim ve Ara\u015ft\u0131rma Hastanesi\u2019ne kald\u0131r\u0131ld\u0131. Tart\u0131\u015ft\u0131\u011f\u0131 genci b\u0131\u00e7aklayan \u015fah\u0131s g\u00f6zalt\u0131na al\u0131nd\u0131.<div class=\"tiled-gallery type-rectangular tiled-gallery-unresized\" data-original-width=\"500\" data-carousel-extra='null' itemscope itemtype=\"http:\/\/schema.org\/ImageGallery\" > <div class=\"gallery-row\" style=\"width: 500px; height: 142px;\" data-original-width=\"500\" data-original-height=\"142\" > <div class=\"gallery-group images-1\" style=\"width: 250px; height: 142px;\" data-original-width=\"250\" data-original-height=\"142\" > <div class=\"tiled-gallery-item tiled-gallery-item-small\" itemprop=\"associatedMedia\" itemscope itemtype=\"http:\/\/schema.org\/ImageObject\"> <a href=\"http:\/\/www.tvturk.com\/index.php\/ozel-genclerin-sokak-ortasindaki-laf-atma-tartismasi-kanli-bitti\/ozel-genclerin-sokak-ortasindaki-laf-atma-tartismasi-kanli-bitti-3\/\" border=\"0\" itemprop=\"url\"> <meta itemprop=\"width\" content=\"246\"> <meta itemprop=\"height\" content=\"138\"> <img decoding=\"async\" class=\"\" data-attachment-id=\"71432\" data-orig-file=\"http:\/\/www.tvturk.com\/wp-content\/uploads\/2019\/03\/ozel-genclerin-sokak-ortasindaki-laf-atma-tartismasi-kanli-bitti_938ba2c.jpg\" data-orig-size=\"1000,562\" data-comments-opened=\"\" data-image-meta=\"{&quot;aperture&quot;:&quot;0&quot;,&quot;credit&quot;:&quot;IHA&quot;,&quot;camera&quot;:&quot;&quot;,&quot;caption&quot;:&quot;KARTAL\\u2019DA B\\u0130R \\u015eAHIS LAF ATMA SEBEB\\u0130YLE TARTI\\u015eTI\\u011eI GENC\\u0130 SOKAK ORTASINDA KAL\\u00c7ASINDAN BI\\u00c7AKLADI. YARALANAN GEN\\u00c7 YERDE YATARAK SA\\u011eLIK EK\\u0130PLER\\u0130N\\u0130N GELMES\\u0130N\\u0130 BEKLED\\u0130. ARDINDAN BI\\u00c7AKLADI\\u011eI GENC\\u0130N ARKADA\\u015eLARINDAN KA\\u00c7AN \\u015eAHIS \\u00c7EVREDEK\\u0130 B\\u0130R D\\u00dcKKANA SI\\u011eINDI. YARALI GEN\\u00c7 TEDAV\\u0130 ED\\u0130LMEK \\u00dcZERE HASTANEYE KALDIRILDI. (HAL\\u0130T ARSLAN\\\/\\u0130STANBUL-\\u0130HA)&quot;,&quot;created_timestamp&quot;:&quot;0&quot;,&quot;copyright&quot;:&quot;\\u0130HLAS HABER AJANSI, www.iha.com.tr&quot;,&quot;focal_length&quot;:&quot;0&quot;,&quot;iso&quot;:&quot;0&quot;,&quot;shutter_speed&quot;:&quot;0&quot;,&quot;title&quot;:&quot;(\\u00d6ZEL) GEN\\u00c7LER\\u0130N SOKAK ORTASINDAK\\u0130 LAF ATMA TARTI\\u015eMASI KANLI B\\u0130TT\\u0130 BI\\u00c7AKLANAN GEN\\u00c7 YERDE YARALI HALDE YATARAK AMBULANS BEKLED\\u0130&quot;,&quot;orientation&quot;:&quot;0&quot;}\" data-image-title=\"(\u00d6zel) Gen\u00e7lerin sokak ortas\u0131ndaki laf atma tart\u0131\u015fmas\u0131 kanl\u0131 bitti\" data-image-description=\"&lt;p&gt;(\u00d6zel) Gen\u00e7lerin sokak ortas\u0131ndaki laf atma tart\u0131\u015fmas\u0131 kanl\u0131 bitti&lt;\/p&gt; \" data-medium-file=\"https:\/\/i0.wp.com\/www.tvturk.com\/wp-content\/uploads\/2019\/03\/ozel-genclerin-sokak-ortasindaki-laf-atma-tartismasi-kanli-bitti_938ba2c.jpg?fit=300%2C169\" data-large-file=\"https:\/\/i0.wp.com\/www.tvturk.com\/wp-content\/uploads\/2019\/03\/ozel-genclerin-sokak-ortasindaki-laf-atma-tartismasi-kanli-bitti_938ba2c.jpg?fit=1000%2C562\" src=\"https:\/\/i0.wp.com\/www.tvturk.com\/wp-content\/uploads\/2019\/03\/ozel-genclerin-sokak-ortasindaki-laf-atma-tartismasi-kanli-bitti_938ba2c.jpg?w=246&#038;h=138\" srcset=\"https:\/\/i0.wp.com\/www.tvturk.com\/wp-content\/uploads\/2019\/03\/ozel-genclerin-sokak-ortasindaki-laf-atma-tartismasi-kanli-bitti_938ba2c.jpg?w=1000 1000w, https:\/\/i0.wp.com\/www.tvturk.com\/wp-content\/uploads\/2019\/03\/ozel-genclerin-sokak-ortasindaki-laf-atma-tartismasi-kanli-bitti_938ba2c.jpg?resize=150%2C84 150w, https:\/\/i0.wp.com\/www.tvturk.com\/wp-content\/uploads\/2019\/03\/ozel-genclerin-sokak-ortasindaki-laf-atma-tartismasi-kanli-bitti_938ba2c.jpg?resize=300%2C169 300w, https:\/\/i0.wp.com\/www.tvturk.com\/wp-content\/uploads\/2019\/03\/ozel-genclerin-sokak-ortasindaki-laf-atma-tartismasi-kanli-bitti_938ba2c.jpg?resize=768%2C432 768w, https:\/\/i0.wp.com\/www.tvturk.com\/wp-content\/uploads\/2019\/03\/ozel-genclerin-sokak-ortasindaki-laf-atma-tartismasi-kanli-bitti_938ba2c.jpg?resize=200%2C113 200w\" width=\"246\" height=\"138\" loading=\"lazy\" data-original-width=\"246\" data-original-height=\"138\" itemprop=\"http:\/\/schema.org\/image\" title=\"(\u00d6zel) Gen\u00e7lerin sokak ortas\u0131ndaki laf atma tart\u0131\u015fmas\u0131 kanl\u0131 bitti\" alt=\"(\u00d6zel) Gen\u00e7lerin sokak ortas\u0131ndaki laf atma tart\u0131\u015fmas\u0131 kanl\u0131 bitti\" style=\"width: 246px; height: 138px;\" \/> <\/a> <\/div> <\/div> <!-- close group --> <div class=\"gallery-group images-1\" style=\"width: 250px; height: 142px;\" data-original-width=\"250\" data-original-height=\"142\" > <div class=\"tiled-gallery-item tiled-gallery-item-small\" itemprop=\"associatedMedia\" itemscope itemtype=\"http:\/\/schema.org\/ImageObject\"> <a href=\"http:\/\/www.tvturk.com\/index.php\/ozel-genclerin-sokak-ortasindaki-laf-atma-tartismasi-kanli-bitti\/ozel-genclerin-sokak-ortasindaki-laf-atma-tartismasi-kanli-bitti-4\/\" border=\"0\" itemprop=\"url\"> <meta itemprop=\"width\" content=\"246\"> <meta itemprop=\"height\" content=\"138\"> <img decoding=\"async\" class=\"\" data-attachment-id=\"71433\" data-orig-file=\"http:\/\/www.tvturk.com\/wp-content\/uploads\/2019\/03\/ozel-genclerin-sokak-ortasindaki-laf-atma-tartismasi-kanli-bitti_22aa198.jpg\" data-orig-size=\"1000,562\" data-comments-opened=\"\" data-image-meta=\"{&quot;aperture&quot;:&quot;0&quot;,&quot;credit&quot;:&quot;IHA&quot;,&quot;camera&quot;:&quot;&quot;,&quot;caption&quot;:&quot;KARTAL\\u2019DA B\\u0130R \\u015eAHIS LAF ATMA SEBEB\\u0130YLE TARTI\\u015eTI\\u011eI GENC\\u0130 SOKAK ORTASINDA KAL\\u00c7ASINDAN BI\\u00c7AKLADI. YARALANAN GEN\\u00c7 YERDE YATARAK SA\\u011eLIK EK\\u0130PLER\\u0130N\\u0130N GELMES\\u0130N\\u0130 BEKLED\\u0130. ARDINDAN BI\\u00c7AKLADI\\u011eI GENC\\u0130N ARKADA\\u015eLARINDAN KA\\u00c7AN \\u015eAHIS \\u00c7EVREDEK\\u0130 B\\u0130R D\\u00dcKKANA SI\\u011eINDI. YARALI GEN\\u00c7 TEDAV\\u0130 ED\\u0130LMEK \\u00dcZERE HASTANEYE KALDIRILDI. (HAL\\u0130T ARSLAN\\\/\\u0130STANBUL-\\u0130HA)&quot;,&quot;created_timestamp&quot;:&quot;0&quot;,&quot;copyright&quot;:&quot;\\u0130HLAS HABER AJANSI, www.iha.com.tr&quot;,&quot;focal_length&quot;:&quot;0&quot;,&quot;iso&quot;:&quot;0&quot;,&quot;shutter_speed&quot;:&quot;0&quot;,&quot;title&quot;:&quot;(\\u00d6ZEL) GEN\\u00c7LER\\u0130N SOKAK ORTASINDAK\\u0130 LAF ATMA TARTI\\u015eMASI KANLI B\\u0130TT\\u0130 BI\\u00c7AKLANAN GEN\\u00c7 YERDE YARALI HALDE YATARAK AMBULANS BEKLED\\u0130&quot;,&quot;orientation&quot;:&quot;0&quot;}\" data-image-title=\"(\u00d6zel) Gen\u00e7lerin sokak ortas\u0131ndaki laf atma tart\u0131\u015fmas\u0131 kanl\u0131 bitti\" data-image-description=\"&lt;p&gt;(\u00d6zel) Gen\u00e7lerin sokak ortas\u0131ndaki laf atma tart\u0131\u015fmas\u0131 kanl\u0131 bitti&lt;\/p&gt; \" data-medium-file=\"https:\/\/i0.wp.com\/www.tvturk.com\/wp-content\/uploads\/2019\/03\/ozel-genclerin-sokak-ortasindaki-laf-atma-tartismasi-kanli-bitti_22aa198.jpg?fit=300%2C169\" data-large-file=\"https:\/\/i0.wp.com\/www.tvturk.com\/wp-content\/uploads\/2019\/03\/ozel-genclerin-sokak-ortasindaki-laf-atma-tartismasi-kanli-bitti_22aa198.jpg?fit=1000%2C562\" src=\"https:\/\/i0.wp.com\/www.tvturk.com\/wp-content\/uploads\/2019\/03\/ozel-genclerin-sokak-ortasindaki-laf-atma-tartismasi-kanli-bitti_22aa198.jpg?w=246&#038;h=138\" srcset=\"https:\/\/i0.wp.com\/www.tvturk.com\/wp-content\/uploads\/2019\/03\/ozel-genclerin-sokak-ortasindaki-laf-atma-tartismasi-kanli-bitti_22aa198.jpg?w=1000 1000w, https:\/\/i0.wp.com\/www.tvturk.com\/wp-content\/uploads\/2019\/03\/ozel-genclerin-sokak-ortasindaki-laf-atma-tartismasi-kanli-bitti_22aa198.jpg?resize=150%2C84 150w, https:\/\/i0.wp.com\/www.tvturk.com\/wp-content\/uploads\/2019\/03\/ozel-genclerin-sokak-ortasindaki-laf-atma-tartismasi-kanli-bitti_22aa198.jpg?resize=300%2C169 300w, https:\/\/i0.wp.com\/www.tvturk.com\/wp-content\/uploads\/2019\/03\/ozel-genclerin-sokak-ortasindaki-laf-atma-tartismasi-kanli-bitti_22aa198.jpg?resize=768%2C432 768w, https:\/\/i0.wp.com\/www.tvturk.com\/wp-content\/uploads\/2019\/03\/ozel-genclerin-sokak-ortasindaki-laf-atma-tartismasi-kanli-bitti_22aa198.jpg?resize=200%2C113 200w\" width=\"246\" height=\"138\" loading=\"lazy\" data-original-width=\"246\" data-original-height=\"138\" itemprop=\"http:\/\/schema.org\/image\" title=\"(\u00d6zel) Gen\u00e7lerin sokak ortas\u0131ndaki laf atma tart\u0131\u015fmas\u0131 kanl\u0131 bitti\" alt=\"(\u00d6zel) Gen\u00e7lerin sokak ortas\u0131ndaki laf atma tart\u0131\u015fmas\u0131 kanl\u0131 bitti\" style=\"width: 246px; height: 138px;\" \/> <\/a> <\/div> <\/div> <!-- close group --> <\/div> <!-- close row --> <div class=\"gallery-row\" style=\"width: 500px; height: 283px;\" data-original-width=\"500\" data-original-height=\"283\" > <div class=\"gallery-group images-1\" style=\"width: 500px; height: 283px;\" data-original-width=\"500\" data-original-height=\"283\" > <div class=\"tiled-gallery-item tiled-gallery-item-large\" itemprop=\"associatedMedia\" itemscope itemtype=\"http:\/\/schema.org\/ImageObject\"> <a href=\"http:\/\/www.tvturk.com\/index.php\/ozel-genclerin-sokak-ortasindaki-laf-atma-tartismasi-kanli-bitti\/ozel-genclerin-sokak-ortasindaki-laf-atma-tartismasi-kanli-bitti-5\/\" border=\"0\" itemprop=\"url\"> <meta itemprop=\"width\" content=\"496\"> <meta itemprop=\"height\" content=\"279\"> <img decoding=\"async\" class=\"\" data-attachment-id=\"71434\" data-orig-file=\"http:\/\/www.tvturk.com\/wp-content\/uploads\/2019\/03\/ozel-genclerin-sokak-ortasindaki-laf-atma-tartismasi-kanli-bitti_ec3e9a4.jpg\" data-orig-size=\"1000,562\" data-comments-opened=\"\" data-image-meta=\"{&quot;aperture&quot;:&quot;0&quot;,&quot;credit&quot;:&quot;IHA&quot;,&quot;camera&quot;:&quot;&quot;,&quot;caption&quot;:&quot;KARTAL\\u2019DA B\\u0130R \\u015eAHIS LAF ATMA SEBEB\\u0130YLE TARTI\\u015eTI\\u011eI GENC\\u0130 SOKAK ORTASINDA KAL\\u00c7ASINDAN BI\\u00c7AKLADI. YARALANAN GEN\\u00c7 YERDE YATARAK SA\\u011eLIK EK\\u0130PLER\\u0130N\\u0130N GELMES\\u0130N\\u0130 BEKLED\\u0130. ARDINDAN BI\\u00c7AKLADI\\u011eI GENC\\u0130N ARKADA\\u015eLARINDAN KA\\u00c7AN \\u015eAHIS \\u00c7EVREDEK\\u0130 B\\u0130R D\\u00dcKKANA SI\\u011eINDI. YARALI GEN\\u00c7 TEDAV\\u0130 ED\\u0130LMEK \\u00dcZERE HASTANEYE KALDIRILDI. (HAL\\u0130T ARSLAN\\\/\\u0130STANBUL-\\u0130HA)&quot;,&quot;created_timestamp&quot;:&quot;0&quot;,&quot;copyright&quot;:&quot;\\u0130HLAS HABER AJANSI, www.iha.com.tr&quot;,&quot;focal_length&quot;:&quot;0&quot;,&quot;iso&quot;:&quot;0&quot;,&quot;shutter_speed&quot;:&quot;0&quot;,&quot;title&quot;:&quot;(\\u00d6ZEL) GEN\\u00c7LER\\u0130N SOKAK ORTASINDAK\\u0130 LAF ATMA TARTI\\u015eMASI KANLI B\\u0130TT\\u0130 BI\\u00c7AKLANAN GEN\\u00c7 YERDE YARALI HALDE YATARAK AMBULANS BEKLED\\u0130&quot;,&quot;orientation&quot;:&quot;0&quot;}\" data-image-title=\"(\u00d6zel) Gen\u00e7lerin sokak ortas\u0131ndaki laf atma tart\u0131\u015fmas\u0131 kanl\u0131 bitti\" data-image-description=\"&lt;p&gt;(\u00d6zel) Gen\u00e7lerin sokak ortas\u0131ndaki laf atma tart\u0131\u015fmas\u0131 kanl\u0131 bitti&lt;\/p&gt; \" data-medium-file=\"https:\/\/i0.wp.com\/www.tvturk.com\/wp-content\/uploads\/2019\/03\/ozel-genclerin-sokak-ortasindaki-laf-atma-tartismasi-kanli-bitti_ec3e9a4.jpg?fit=300%2C169\" data-large-file=\"https:\/\/i0.wp.com\/www.tvturk.com\/wp-content\/uploads\/2019\/03\/ozel-genclerin-sokak-ortasindaki-laf-atma-tartismasi-kanli-bitti_ec3e9a4.jpg?fit=1000%2C562\" src=\"https:\/\/i0.wp.com\/www.tvturk.com\/wp-content\/uploads\/2019\/03\/ozel-genclerin-sokak-ortasindaki-laf-atma-tartismasi-kanli-bitti_ec3e9a4.jpg?w=496&#038;h=279\" srcset=\"https:\/\/i0.wp.com\/www.tvturk.com\/wp-content\/uploads\/2019\/03\/ozel-genclerin-sokak-ortasindaki-laf-atma-tartismasi-kanli-bitti_ec3e9a4.jpg?w=1000 1000w, https:\/\/i0.wp.com\/www.tvturk.com\/wp-content\/uploads\/2019\/03\/ozel-genclerin-sokak-ortasindaki-laf-atma-tartismasi-kanli-bitti_ec3e9a4.jpg?resize=150%2C84 150w, https:\/\/i0.wp.com\/www.tvturk.com\/wp-content\/uploads\/2019\/03\/ozel-genclerin-sokak-ortasindaki-laf-atma-tartismasi-kanli-bitti_ec3e9a4.jpg?resize=300%2C169 300w, https:\/\/i0.wp.com\/www.tvturk.com\/wp-content\/uploads\/2019\/03\/ozel-genclerin-sokak-ortasindaki-laf-atma-tartismasi-kanli-bitti_ec3e9a4.jpg?resize=768%2C432 768w, https:\/\/i0.wp.com\/www.tvturk.com\/wp-content\/uploads\/2019\/03\/ozel-genclerin-sokak-ortasindaki-laf-atma-tartismasi-kanli-bitti_ec3e9a4.jpg?resize=200%2C113 200w\" width=\"496\" height=\"279\" loading=\"lazy\" data-original-width=\"496\" data-original-height=\"279\" itemprop=\"http:\/\/schema.org\/image\" title=\"(\u00d6zel) Gen\u00e7lerin sokak ortas\u0131ndaki laf atma tart\u0131\u015fmas\u0131 kanl\u0131 bitti\" alt=\"(\u00d6zel) Gen\u00e7lerin sokak ortas\u0131ndaki laf atma tart\u0131\u015fmas\u0131 kanl\u0131 bitti\" style=\"width: 496px; height: 279px;\" \/> <\/a> <\/div> <\/div> <!-- close group --> <\/div> <!-- close row --> <\/div><\/p>\n","protected":false},"excerpt":{"rendered":"<p>KARTAL\u2019DA B\u0130R \u015eAHIS LAF ATMA SEBEB\u0130YLE TARTI\u015eTI\u011eI GENC\u0130 SOKAK ORTASINDA KAL\u00c7ASINDAN BI\u00c7AKLADI. YARALANAN GEN\u00c7 YERDE YATARAK SA\u011eLIK EK\u0130PLER\u0130N\u0130N GELMES\u0130N\u0130 BEKLED\u0130. ARDINDAN BI\u00c7AKLADI\u011eI GENC\u0130N ARKADA\u015eLARINDAN KA\u00c7AN \u015eAHIS \u00c7EVREDEK\u0130 B\u0130R D\u00dcKKANA SI\u011eINDI. YARALI GEN\u00c7 TEDAV\u0130 ED\u0130LMEK \u00dcZERE HASTANEYE KALDIRILDI.<\/p>\n","protected":false},"author":1,"featured_media":71431,"comment_status":"closed","ping_status":"open","sticky":false,"template":"","format":"standard","meta":{"jetpack_post_was_ever_published":false,"_jetpack_newsletter_access":"","_jetpack_dont_email_post_to_subs":false,"_jetpack_newsletter_tier_id":0,"_jetpack_memberships_contains_paywalled_content":false,"_jetpack_memberships_contains_paid_content":false,"footnotes":"","jetpack_publicize_message":"","jetpack_publicize_feature_enabled":true,"jetpack_social_post_already_shared":true,"jetpack_social_options":{"image_generator_settings":{"template":"highway","default_image_id":0,"font":"","enabled":false},"version":2}},"categories":[655],"tags":[1073,9051,3991,2901,5402,21049,3410,1183,11231],"class_list":["post-71430","post","type-post","status-publish","format-standard","has-post-thumbnail","hentry","category-son-dakika","tag-ozel","tag-atma","tag-bitti","tag-genclerin","tag-kanli","tag-laf","tag-ortasindaki","tag-sokak","tag-tartismasi"],"jetpack_publicize_connections":[],"jetpack_featured_media_url":"https:\/\/i0.wp.com\/www.tvturk.com\/wp-content\/uploads\/2019\/03\/ozel-genclerin-sokak-ortasindaki-laf-atma-tartismasi-kanli-bitti_9c1be2e.jpg?fit=980%2C720","jetpack_sharing_enabled":true,"jetpack_shortlink":"https:\/\/wp.me\/paKIfm-iA6","_links":{"self":[{"href":"http:\/\/www.tvturk.com\/index.php\/wp-json\/wp\/v2\/posts\/71430","targetHints":{"allow":["GET"]}}],"collection":[{"href":"http:\/\/www.tvturk.com\/index.php\/wp-json\/wp\/v2\/posts"}],"about":[{"href":"http:\/\/www.tvturk.com\/index.php\/wp-json\/wp\/v2\/types\/post"}],"author":[{"embeddable":true,"href":"http:\/\/www.tvturk.com\/index.php\/wp-json\/wp\/v2\/users\/1"}],"replies":[{"embeddable":true,"href":"http:\/\/www.tvturk.com\/index.php\/wp-json\/wp\/v2\/comments?post=71430"}],"version-history":[{"count":1,"href":"http:\/\/www.tvturk.com\/index.php\/wp-json\/wp\/v2\/posts\/71430\/revisions"}],"predecessor-version":[{"id":71435,"href":"http:\/\/www.tvturk.com\/index.php\/wp-json\/wp\/v2\/posts\/71430\/revisions\/71435"}],"wp:featuredmedia":[{"embeddable":true,"href":"http:\/\/www.tvturk.com\/index.php\/wp-json\/wp\/v2\/media\/71431"}],"wp:attachment":[{"href":"http:\/\/www.tvturk.com\/index.php\/wp-json\/wp\/v2\/media?parent=71430"}],"wp:term":[{"taxonomy":"category","embeddable":true,"href":"http:\/\/www.tvturk.com\/index.php\/wp-json\/wp\/v2\/categories?post=71430"},{"taxonomy":"post_tag","embeddable":true,"href":"http:\/\/www.tvturk.com\/index.php\/wp-json\/wp\/v2\/tags?post=71430"}],"curies":[{"name":"wp","href":"https:\/\/api.w.org\/{rel}","templated":true}]}}