{"id":71632,"date":"2019-03-05T10:42:05","date_gmt":"2019-03-05T07:42:05","guid":{"rendered":"http:\/\/www.tvturk.com\/index.php\/mavi-vatan-2019-tatbikati-denizaltindan-personel-kurtarma-egitimi-ile-devam-ediyor\/"},"modified":"2019-03-05T10:42:09","modified_gmt":"2019-03-05T07:42:09","slug":"mavi-vatan-2019-tatbikati-denizaltindan-personel-kurtarma-egitimi-ile-devam-ediyor","status":"publish","type":"post","link":"http:\/\/www.tvturk.com\/index.php\/mavi-vatan-2019-tatbikati-denizaltindan-personel-kurtarma-egitimi-ile-devam-ediyor\/","title":{"rendered":"Mavi Vatan 2019 Tatbikat\u0131 \u2018Denizalt\u0131ndan Personel Kurtarma E\u011fitimi\u2019 ile devam ediyor"},"content":{"rendered":"<p>Cumhuriyet tarihinin en b\u00fcy\u00fck tatbikat\u0131 olan Mavi Vatan-2019 Tatbikat\u0131 devam ediyor. Tatbikat\u0131n Akdeniz etab\u0131nda \u2018Denizalt\u0131ndan Personel Kurtarma E\u011fitimi\u2019 icra ediliyor.<\/p>\n<p>Deniz Kuvvetleri Komutanl\u0131\u011f\u0131 taraf\u0131ndan Karadeniz, Akdeniz ve Ege Denizi\u2019nde e\u015f zamanl\u0131 olarak Kara Kuvvetleri Komutanl\u0131\u011f\u0131 ve Hava Kuvvetleri Komutanl\u0131\u011f\u0131 birliklerinin de kat\u0131ld\u0131\u011f\u0131 Cumhuriyet tarihinin en b\u00fcy\u00fck tatbikat\u0131 olan Mavi Vatan-2019 Taktik Tatbikat\u0131 devam ediyor. Tatbikat\u0131n Akdeniz etab\u0131 bug\u00fcn \u2018Denizalt\u0131ndan Personel Kurtarma E\u011fitimi\u2019 ile devam ediyor.<\/p>\n<p>Tatbikat i\u00e7in Marmaris Aksaz Liman\u0131\u2019ndan TCG Alemdar kurtarma gemisi demir alarak Akdeniz\u2019e a\u00e7\u0131ld\u0131. Tatbikat\u0131n bu safhas\u0131nda senaryo gere\u011fi Akdeniz a\u00e7\u0131klar\u0131nda kaybolan denizalt\u0131 tespit edilerek, denizalt\u0131ndaki personeli kurtaracak. Denizalt\u0131n\u0131n yerinin belirlenmesinden sonra uzaktan kumandal\u0131 sualt\u0131 cihaz\u0131 ile personelin durumu belirlenecek. Daha sonra bir sepetle i\u00e7inde personelin ihtiyac\u0131n\u0131n, malzemelerinin bulundu\u011fu \u2018acil ya\u015fam paketi\u2019 denizalt\u0131 personeline ula\u015ft\u0131r\u0131lacak. Denizalt\u0131ndan personel kurtarma \u00e7an\u0131, bir halat yard\u0131m\u0131yla denizalt\u0131na indirilecek. Bu \u00e7an vas\u0131tas\u0131yla hava koridoru olu\u015fturulacak. \u00c7an\u0131n i\u00e7indeki iki uzman personel 6 denizalt\u0131 personelini alarak kurtarma gemisine ta\u015f\u0131yacak. \u00d6zel ihtisasl\u0131 ve donan\u0131ml\u0131 dalg\u0131\u00e7 personel \u00e7anla birlikte denizalt\u0131nda m\u00fcrettebat kalmayana kadar faaliyetlerine devam edecek.<div class=\"tiled-gallery type-rectangular tiled-gallery-unresized\" data-original-width=\"500\" data-carousel-extra='null' itemscope itemtype=\"http:\/\/schema.org\/ImageGallery\" > <div class=\"gallery-row\" style=\"width: 500px; height: 224px;\" data-original-width=\"500\" data-original-height=\"224\" > <div class=\"gallery-group images-1\" style=\"width: 334px; height: 224px;\" data-original-width=\"334\" data-original-height=\"224\" > <div class=\"tiled-gallery-item tiled-gallery-item-large\" itemprop=\"associatedMedia\" itemscope itemtype=\"http:\/\/schema.org\/ImageObject\"> <a href=\"http:\/\/www.tvturk.com\/index.php\/mavi-vatan-2019-tatbikati-denizaltindan-personel-kurtarma-egitimi-ile-devam-ediyor\/mavi-vatan-2019-tatbikati-denizaltindan-personel-kurtarma-egitimi-ile-devam-ediyor-3\/\" border=\"0\" itemprop=\"url\"> <meta itemprop=\"width\" content=\"330\"> <meta itemprop=\"height\" content=\"220\"> <img decoding=\"async\" class=\"\" data-attachment-id=\"71634\" data-orig-file=\"http:\/\/www.tvturk.com\/wp-content\/uploads\/2019\/03\/mavi-vatan-2019-tatbikati-denizaltindan-personel-kurtarma-egitimi-ile-devam-ediyor_7ed1010.jpg\" data-orig-size=\"1000,666\" data-comments-opened=\"\" data-image-meta=\"{&quot;aperture&quot;:&quot;0&quot;,&quot;credit&quot;:&quot;IHA&quot;,&quot;camera&quot;:&quot;&quot;,&quot;caption&quot;:&quot;MAV\\u0130 VATAN-2019 TATB\\u0130KATI DEVAM ED\\u0130YOR. TATB\\u0130KATIN AKDEN\\u0130Z ETABINDA \\u2018DEN\\u0130ZALTIDAN PERSONEL KURTARMA E\\u011e\\u0130T\\u0130M\\u0130\\u2019 \\u0130CRA ED\\u0130LD\\u0130. (RAMAZAN TERKOS\\\/MU\\u011eLA-\\u0130HA)&quot;,&quot;created_timestamp&quot;:&quot;0&quot;,&quot;copyright&quot;:&quot;\\u0130HLAS HABER AJANSI, www.iha.com.tr&quot;,&quot;focal_length&quot;:&quot;0&quot;,&quot;iso&quot;:&quot;0&quot;,&quot;shutter_speed&quot;:&quot;0&quot;,&quot;title&quot;:&quot;MAV\\u0130 VATAN 2019 TATB\\u0130KATI \\u2018DEN\\u0130ZALTINDAN PERSONEL KURTARMA E\\u011e\\u0130T\\u0130M\\u0130\\u2019 \\u0130LE DEVAM ED\\u0130YOR&quot;,&quot;orientation&quot;:&quot;0&quot;}\" data-image-title=\"Mavi Vatan 2019 Tatbikat\u0131 \u2018Denizalt\u0131ndan Personel Kurtarma E\u011fitimi\u2019 ile devam ediyor\" data-image-description=\"&lt;p&gt;Mavi Vatan 2019 Tatbikat\u0131 \u2018Denizalt\u0131ndan Personel Kurtarma E\u011fitimi\u2019 ile devam ediyor&lt;\/p&gt; \" data-medium-file=\"https:\/\/i0.wp.com\/www.tvturk.com\/wp-content\/uploads\/2019\/03\/mavi-vatan-2019-tatbikati-denizaltindan-personel-kurtarma-egitimi-ile-devam-ediyor_7ed1010.jpg?fit=300%2C200\" data-large-file=\"https:\/\/i0.wp.com\/www.tvturk.com\/wp-content\/uploads\/2019\/03\/mavi-vatan-2019-tatbikati-denizaltindan-personel-kurtarma-egitimi-ile-devam-ediyor_7ed1010.jpg?fit=1000%2C666\" src=\"https:\/\/i0.wp.com\/www.tvturk.com\/wp-content\/uploads\/2019\/03\/mavi-vatan-2019-tatbikati-denizaltindan-personel-kurtarma-egitimi-ile-devam-ediyor_7ed1010.jpg?w=330&#038;h=220\" srcset=\"https:\/\/i0.wp.com\/www.tvturk.com\/wp-content\/uploads\/2019\/03\/mavi-vatan-2019-tatbikati-denizaltindan-personel-kurtarma-egitimi-ile-devam-ediyor_7ed1010.jpg?w=1000 1000w, https:\/\/i0.wp.com\/www.tvturk.com\/wp-content\/uploads\/2019\/03\/mavi-vatan-2019-tatbikati-denizaltindan-personel-kurtarma-egitimi-ile-devam-ediyor_7ed1010.jpg?resize=150%2C100 150w, https:\/\/i0.wp.com\/www.tvturk.com\/wp-content\/uploads\/2019\/03\/mavi-vatan-2019-tatbikati-denizaltindan-personel-kurtarma-egitimi-ile-devam-ediyor_7ed1010.jpg?resize=300%2C200 300w, https:\/\/i0.wp.com\/www.tvturk.com\/wp-content\/uploads\/2019\/03\/mavi-vatan-2019-tatbikati-denizaltindan-personel-kurtarma-egitimi-ile-devam-ediyor_7ed1010.jpg?resize=768%2C511 768w, https:\/\/i0.wp.com\/www.tvturk.com\/wp-content\/uploads\/2019\/03\/mavi-vatan-2019-tatbikati-denizaltindan-personel-kurtarma-egitimi-ile-devam-ediyor_7ed1010.jpg?resize=170%2C113 170w, https:\/\/i0.wp.com\/www.tvturk.com\/wp-content\/uploads\/2019\/03\/mavi-vatan-2019-tatbikati-denizaltindan-personel-kurtarma-egitimi-ile-devam-ediyor_7ed1010.jpg?resize=120%2C80 120w\" width=\"330\" height=\"220\" loading=\"lazy\" data-original-width=\"330\" data-original-height=\"220\" itemprop=\"http:\/\/schema.org\/image\" title=\"Mavi Vatan 2019 Tatbikat\u0131 \u2018Denizalt\u0131ndan Personel Kurtarma E\u011fitimi\u2019 ile devam ediyor\" alt=\"Mavi Vatan 2019 Tatbikat\u0131 \u2018Denizalt\u0131ndan Personel Kurtarma E\u011fitimi\u2019 ile devam ediyor\" style=\"width: 330px; height: 220px;\" \/> <\/a> <\/div> <\/div> <!-- close group --> <div class=\"gallery-group images-2\" style=\"width: 166px; height: 224px;\" data-original-width=\"166\" data-original-height=\"224\" > <div class=\"tiled-gallery-item tiled-gallery-item-small\" itemprop=\"associatedMedia\" itemscope itemtype=\"http:\/\/schema.org\/ImageObject\"> <a href=\"http:\/\/www.tvturk.com\/index.php\/mavi-vatan-2019-tatbikati-denizaltindan-personel-kurtarma-egitimi-ile-devam-ediyor\/mavi-vatan-2019-tatbikati-denizaltindan-personel-kurtarma-egitimi-ile-devam-ediyor-4\/\" border=\"0\" itemprop=\"url\"> <meta itemprop=\"width\" content=\"162\"> <meta itemprop=\"height\" content=\"108\"> <img decoding=\"async\" class=\"\" data-attachment-id=\"71635\" data-orig-file=\"http:\/\/www.tvturk.com\/wp-content\/uploads\/2019\/03\/mavi-vatan-2019-tatbikati-denizaltindan-personel-kurtarma-egitimi-ile-devam-ediyor_cd308f1.jpg\" data-orig-size=\"1000,666\" data-comments-opened=\"\" data-image-meta=\"{&quot;aperture&quot;:&quot;0&quot;,&quot;credit&quot;:&quot;IHA&quot;,&quot;camera&quot;:&quot;&quot;,&quot;caption&quot;:&quot;MAV\\u0130 VATAN-2019 TATB\\u0130KATI DEVAM ED\\u0130YOR. TATB\\u0130KATIN AKDEN\\u0130Z ETABINDA \\u2018DEN\\u0130ZALTIDAN PERSONEL KURTARMA E\\u011e\\u0130T\\u0130M\\u0130\\u2019 \\u0130CRA ED\\u0130LD\\u0130. (RAMAZAN TERKOS\\\/MU\\u011eLA-\\u0130HA)&quot;,&quot;created_timestamp&quot;:&quot;0&quot;,&quot;copyright&quot;:&quot;\\u0130HLAS HABER AJANSI, www.iha.com.tr&quot;,&quot;focal_length&quot;:&quot;0&quot;,&quot;iso&quot;:&quot;0&quot;,&quot;shutter_speed&quot;:&quot;0&quot;,&quot;title&quot;:&quot;MAV\\u0130 VATAN 2019 TATB\\u0130KATI \\u2018DEN\\u0130ZALTINDAN PERSONEL KURTARMA E\\u011e\\u0130T\\u0130M\\u0130\\u2019 \\u0130LE DEVAM ED\\u0130YOR&quot;,&quot;orientation&quot;:&quot;0&quot;}\" data-image-title=\"Mavi Vatan 2019 Tatbikat\u0131 \u2018Denizalt\u0131ndan Personel Kurtarma E\u011fitimi\u2019 ile devam ediyor\" data-image-description=\"&lt;p&gt;Mavi Vatan 2019 Tatbikat\u0131 \u2018Denizalt\u0131ndan Personel Kurtarma E\u011fitimi\u2019 ile devam ediyor&lt;\/p&gt; \" data-medium-file=\"https:\/\/i0.wp.com\/www.tvturk.com\/wp-content\/uploads\/2019\/03\/mavi-vatan-2019-tatbikati-denizaltindan-personel-kurtarma-egitimi-ile-devam-ediyor_cd308f1.jpg?fit=300%2C200\" data-large-file=\"https:\/\/i0.wp.com\/www.tvturk.com\/wp-content\/uploads\/2019\/03\/mavi-vatan-2019-tatbikati-denizaltindan-personel-kurtarma-egitimi-ile-devam-ediyor_cd308f1.jpg?fit=1000%2C666\" src=\"https:\/\/i0.wp.com\/www.tvturk.com\/wp-content\/uploads\/2019\/03\/mavi-vatan-2019-tatbikati-denizaltindan-personel-kurtarma-egitimi-ile-devam-ediyor_cd308f1.jpg?w=162&#038;h=108\" srcset=\"https:\/\/i0.wp.com\/www.tvturk.com\/wp-content\/uploads\/2019\/03\/mavi-vatan-2019-tatbikati-denizaltindan-personel-kurtarma-egitimi-ile-devam-ediyor_cd308f1.jpg?w=1000 1000w, https:\/\/i0.wp.com\/www.tvturk.com\/wp-content\/uploads\/2019\/03\/mavi-vatan-2019-tatbikati-denizaltindan-personel-kurtarma-egitimi-ile-devam-ediyor_cd308f1.jpg?resize=150%2C100 150w, https:\/\/i0.wp.com\/www.tvturk.com\/wp-content\/uploads\/2019\/03\/mavi-vatan-2019-tatbikati-denizaltindan-personel-kurtarma-egitimi-ile-devam-ediyor_cd308f1.jpg?resize=300%2C200 300w, https:\/\/i0.wp.com\/www.tvturk.com\/wp-content\/uploads\/2019\/03\/mavi-vatan-2019-tatbikati-denizaltindan-personel-kurtarma-egitimi-ile-devam-ediyor_cd308f1.jpg?resize=768%2C511 768w, https:\/\/i0.wp.com\/www.tvturk.com\/wp-content\/uploads\/2019\/03\/mavi-vatan-2019-tatbikati-denizaltindan-personel-kurtarma-egitimi-ile-devam-ediyor_cd308f1.jpg?resize=170%2C113 170w, https:\/\/i0.wp.com\/www.tvturk.com\/wp-content\/uploads\/2019\/03\/mavi-vatan-2019-tatbikati-denizaltindan-personel-kurtarma-egitimi-ile-devam-ediyor_cd308f1.jpg?resize=120%2C80 120w\" width=\"162\" height=\"108\" loading=\"lazy\" data-original-width=\"162\" data-original-height=\"108\" itemprop=\"http:\/\/schema.org\/image\" title=\"Mavi Vatan 2019 Tatbikat\u0131 \u2018Denizalt\u0131ndan Personel Kurtarma E\u011fitimi\u2019 ile devam ediyor\" alt=\"Mavi Vatan 2019 Tatbikat\u0131 \u2018Denizalt\u0131ndan Personel Kurtarma E\u011fitimi\u2019 ile devam ediyor\" style=\"width: 162px; height: 108px;\" \/> <\/a> <\/div> <div class=\"tiled-gallery-item tiled-gallery-item-small\" itemprop=\"associatedMedia\" itemscope itemtype=\"http:\/\/schema.org\/ImageObject\"> <a href=\"http:\/\/www.tvturk.com\/index.php\/mavi-vatan-2019-tatbikati-denizaltindan-personel-kurtarma-egitimi-ile-devam-ediyor\/mavi-vatan-2019-tatbikati-denizaltindan-personel-kurtarma-egitimi-ile-devam-ediyor-5\/\" border=\"0\" itemprop=\"url\"> <meta itemprop=\"width\" content=\"162\"> <meta itemprop=\"height\" content=\"108\"> <img decoding=\"async\" class=\"\" data-attachment-id=\"71636\" data-orig-file=\"http:\/\/www.tvturk.com\/wp-content\/uploads\/2019\/03\/mavi-vatan-2019-tatbikati-denizaltindan-personel-kurtarma-egitimi-ile-devam-ediyor_d0e3bd5.jpg\" data-orig-size=\"1000,666\" data-comments-opened=\"\" data-image-meta=\"{&quot;aperture&quot;:&quot;0&quot;,&quot;credit&quot;:&quot;IHA&quot;,&quot;camera&quot;:&quot;&quot;,&quot;caption&quot;:&quot;MAV\\u0130 VATAN-2019 TATB\\u0130KATI DEVAM ED\\u0130YOR. TATB\\u0130KATIN AKDEN\\u0130Z ETABINDA \\u2018DEN\\u0130ZALTIDAN PERSONEL KURTARMA E\\u011e\\u0130T\\u0130M\\u0130\\u2019 \\u0130CRA ED\\u0130LD\\u0130. (RAMAZAN TERKOS\\\/MU\\u011eLA-\\u0130HA)&quot;,&quot;created_timestamp&quot;:&quot;0&quot;,&quot;copyright&quot;:&quot;\\u0130HLAS HABER AJANSI, www.iha.com.tr&quot;,&quot;focal_length&quot;:&quot;0&quot;,&quot;iso&quot;:&quot;0&quot;,&quot;shutter_speed&quot;:&quot;0&quot;,&quot;title&quot;:&quot;MAV\\u0130 VATAN 2019 TATB\\u0130KATI \\u2018DEN\\u0130ZALTINDAN PERSONEL KURTARMA E\\u011e\\u0130T\\u0130M\\u0130\\u2019 \\u0130LE DEVAM ED\\u0130YOR&quot;,&quot;orientation&quot;:&quot;0&quot;}\" data-image-title=\"Mavi Vatan 2019 Tatbikat\u0131 \u2018Denizalt\u0131ndan Personel Kurtarma E\u011fitimi\u2019 ile devam ediyor\" data-image-description=\"&lt;p&gt;Mavi Vatan 2019 Tatbikat\u0131 \u2018Denizalt\u0131ndan Personel Kurtarma E\u011fitimi\u2019 ile devam ediyor&lt;\/p&gt; \" data-medium-file=\"https:\/\/i0.wp.com\/www.tvturk.com\/wp-content\/uploads\/2019\/03\/mavi-vatan-2019-tatbikati-denizaltindan-personel-kurtarma-egitimi-ile-devam-ediyor_d0e3bd5.jpg?fit=300%2C200\" data-large-file=\"https:\/\/i0.wp.com\/www.tvturk.com\/wp-content\/uploads\/2019\/03\/mavi-vatan-2019-tatbikati-denizaltindan-personel-kurtarma-egitimi-ile-devam-ediyor_d0e3bd5.jpg?fit=1000%2C666\" src=\"https:\/\/i0.wp.com\/www.tvturk.com\/wp-content\/uploads\/2019\/03\/mavi-vatan-2019-tatbikati-denizaltindan-personel-kurtarma-egitimi-ile-devam-ediyor_d0e3bd5.jpg?w=162&#038;h=108\" srcset=\"https:\/\/i0.wp.com\/www.tvturk.com\/wp-content\/uploads\/2019\/03\/mavi-vatan-2019-tatbikati-denizaltindan-personel-kurtarma-egitimi-ile-devam-ediyor_d0e3bd5.jpg?w=1000 1000w, https:\/\/i0.wp.com\/www.tvturk.com\/wp-content\/uploads\/2019\/03\/mavi-vatan-2019-tatbikati-denizaltindan-personel-kurtarma-egitimi-ile-devam-ediyor_d0e3bd5.jpg?resize=150%2C100 150w, https:\/\/i0.wp.com\/www.tvturk.com\/wp-content\/uploads\/2019\/03\/mavi-vatan-2019-tatbikati-denizaltindan-personel-kurtarma-egitimi-ile-devam-ediyor_d0e3bd5.jpg?resize=300%2C200 300w, https:\/\/i0.wp.com\/www.tvturk.com\/wp-content\/uploads\/2019\/03\/mavi-vatan-2019-tatbikati-denizaltindan-personel-kurtarma-egitimi-ile-devam-ediyor_d0e3bd5.jpg?resize=768%2C511 768w, https:\/\/i0.wp.com\/www.tvturk.com\/wp-content\/uploads\/2019\/03\/mavi-vatan-2019-tatbikati-denizaltindan-personel-kurtarma-egitimi-ile-devam-ediyor_d0e3bd5.jpg?resize=170%2C113 170w, https:\/\/i0.wp.com\/www.tvturk.com\/wp-content\/uploads\/2019\/03\/mavi-vatan-2019-tatbikati-denizaltindan-personel-kurtarma-egitimi-ile-devam-ediyor_d0e3bd5.jpg?resize=120%2C80 120w\" width=\"162\" height=\"108\" loading=\"lazy\" data-original-width=\"162\" data-original-height=\"108\" itemprop=\"http:\/\/schema.org\/image\" title=\"Mavi Vatan 2019 Tatbikat\u0131 \u2018Denizalt\u0131ndan Personel Kurtarma E\u011fitimi\u2019 ile devam ediyor\" alt=\"Mavi Vatan 2019 Tatbikat\u0131 \u2018Denizalt\u0131ndan Personel Kurtarma E\u011fitimi\u2019 ile devam ediyor\" style=\"width: 162px; height: 108px;\" \/> <\/a> <\/div> <\/div> <!-- close group --> <\/div> <!-- close row --> <div class=\"gallery-row\" style=\"width: 500px; height: 334px;\" data-original-width=\"500\" data-original-height=\"334\" > <div class=\"gallery-group images-1\" style=\"width: 500px; height: 334px;\" data-original-width=\"500\" data-original-height=\"334\" > <div class=\"tiled-gallery-item tiled-gallery-item-large\" itemprop=\"associatedMedia\" itemscope itemtype=\"http:\/\/schema.org\/ImageObject\"> <a href=\"http:\/\/www.tvturk.com\/index.php\/mavi-vatan-2019-tatbikati-denizaltindan-personel-kurtarma-egitimi-ile-devam-ediyor\/mavi-vatan-2019-tatbikati-denizaltindan-personel-kurtarma-egitimi-ile-devam-ediyor-6\/\" border=\"0\" itemprop=\"url\"> <meta itemprop=\"width\" content=\"496\"> <meta itemprop=\"height\" content=\"330\"> <img decoding=\"async\" class=\"\" data-attachment-id=\"71637\" data-orig-file=\"http:\/\/www.tvturk.com\/wp-content\/uploads\/2019\/03\/mavi-vatan-2019-tatbikati-denizaltindan-personel-kurtarma-egitimi-ile-devam-ediyor_61af90c.jpg\" data-orig-size=\"1000,666\" data-comments-opened=\"\" data-image-meta=\"{&quot;aperture&quot;:&quot;0&quot;,&quot;credit&quot;:&quot;IHA&quot;,&quot;camera&quot;:&quot;&quot;,&quot;caption&quot;:&quot;MAV\\u0130 VATAN-2019 TATB\\u0130KATI DEVAM ED\\u0130YOR. (RAMAZAN TERKOS\\\/MU\\u011eLA-\\u0130HA)&quot;,&quot;created_timestamp&quot;:&quot;0&quot;,&quot;copyright&quot;:&quot;\\u0130HLAS HABER AJANSI, www.iha.com.tr&quot;,&quot;focal_length&quot;:&quot;0&quot;,&quot;iso&quot;:&quot;0&quot;,&quot;shutter_speed&quot;:&quot;0&quot;,&quot;title&quot;:&quot;MAV\\u0130 VATAN 2019 TATB\\u0130KATI \\u2018DEN\\u0130ZALTINDAN PERSONEL KURTARMA E\\u011e\\u0130T\\u0130M\\u0130\\u2019 \\u0130LE DEVAM ED\\u0130YOR&quot;,&quot;orientation&quot;:&quot;0&quot;}\" data-image-title=\"Mavi Vatan 2019 Tatbikat\u0131 \u2018Denizalt\u0131ndan Personel Kurtarma E\u011fitimi\u2019 ile devam ediyor\" data-image-description=\"&lt;p&gt;Mavi Vatan 2019 Tatbikat\u0131 \u2018Denizalt\u0131ndan Personel Kurtarma E\u011fitimi\u2019 ile devam ediyor&lt;\/p&gt; \" data-medium-file=\"https:\/\/i0.wp.com\/www.tvturk.com\/wp-content\/uploads\/2019\/03\/mavi-vatan-2019-tatbikati-denizaltindan-personel-kurtarma-egitimi-ile-devam-ediyor_61af90c.jpg?fit=300%2C200\" data-large-file=\"https:\/\/i0.wp.com\/www.tvturk.com\/wp-content\/uploads\/2019\/03\/mavi-vatan-2019-tatbikati-denizaltindan-personel-kurtarma-egitimi-ile-devam-ediyor_61af90c.jpg?fit=1000%2C666\" src=\"https:\/\/i0.wp.com\/www.tvturk.com\/wp-content\/uploads\/2019\/03\/mavi-vatan-2019-tatbikati-denizaltindan-personel-kurtarma-egitimi-ile-devam-ediyor_61af90c.jpg?w=496&#038;h=330\" srcset=\"https:\/\/i0.wp.com\/www.tvturk.com\/wp-content\/uploads\/2019\/03\/mavi-vatan-2019-tatbikati-denizaltindan-personel-kurtarma-egitimi-ile-devam-ediyor_61af90c.jpg?w=1000 1000w, https:\/\/i0.wp.com\/www.tvturk.com\/wp-content\/uploads\/2019\/03\/mavi-vatan-2019-tatbikati-denizaltindan-personel-kurtarma-egitimi-ile-devam-ediyor_61af90c.jpg?resize=150%2C100 150w, https:\/\/i0.wp.com\/www.tvturk.com\/wp-content\/uploads\/2019\/03\/mavi-vatan-2019-tatbikati-denizaltindan-personel-kurtarma-egitimi-ile-devam-ediyor_61af90c.jpg?resize=300%2C200 300w, https:\/\/i0.wp.com\/www.tvturk.com\/wp-content\/uploads\/2019\/03\/mavi-vatan-2019-tatbikati-denizaltindan-personel-kurtarma-egitimi-ile-devam-ediyor_61af90c.jpg?resize=768%2C511 768w, https:\/\/i0.wp.com\/www.tvturk.com\/wp-content\/uploads\/2019\/03\/mavi-vatan-2019-tatbikati-denizaltindan-personel-kurtarma-egitimi-ile-devam-ediyor_61af90c.jpg?resize=170%2C113 170w, https:\/\/i0.wp.com\/www.tvturk.com\/wp-content\/uploads\/2019\/03\/mavi-vatan-2019-tatbikati-denizaltindan-personel-kurtarma-egitimi-ile-devam-ediyor_61af90c.jpg?resize=120%2C80 120w\" width=\"496\" height=\"330\" loading=\"lazy\" data-original-width=\"496\" data-original-height=\"330\" itemprop=\"http:\/\/schema.org\/image\" title=\"Mavi Vatan 2019 Tatbikat\u0131 \u2018Denizalt\u0131ndan Personel Kurtarma E\u011fitimi\u2019 ile devam ediyor\" alt=\"Mavi Vatan 2019 Tatbikat\u0131 \u2018Denizalt\u0131ndan Personel Kurtarma E\u011fitimi\u2019 ile devam ediyor\" style=\"width: 496px; height: 330px;\" \/> <\/a> <\/div> <\/div> <!-- close group --> <\/div> <!-- close row --> <\/div><\/p>\n","protected":false},"excerpt":{"rendered":"<p>MAV\u0130 VATAN-2019 TATB\u0130KATI DEVAM ED\u0130YOR. TATB\u0130KATIN AKDEN\u0130Z ETABINDA \u2018DEN\u0130ZALTIDAN PERSONEL KURTARMA E\u011e\u0130T\u0130M\u0130\u2019 \u0130CRA ED\u0130LD\u0130.<\/p>\n","protected":false},"author":1,"featured_media":71633,"comment_status":"closed","ping_status":"open","sticky":false,"template":"","format":"standard","meta":{"jetpack_post_was_ever_published":false,"_jetpack_newsletter_access":"","_jetpack_dont_email_post_to_subs":false,"_jetpack_newsletter_tier_id":0,"_jetpack_memberships_contains_paywalled_content":false,"_jetpack_memberships_contains_paid_content":false,"footnotes":"","jetpack_publicize_message":"","jetpack_publicize_feature_enabled":true,"jetpack_social_post_already_shared":true,"jetpack_social_options":{"image_generator_settings":{"template":"highway","default_image_id":0,"font":"","enabled":false},"version":2}},"categories":[1],"tags":[21096,2705,319,522,523,581,192,57,5187,222,4708],"class_list":["post-71632","post","type-post","status-publish","format-standard","has-post-thumbnail","hentry","category-genel","tag-denizaltindan","tag-2705","tag-personel","tag-devam","tag-ediyor","tag-egitimi","tag-ile","tag-kurtarma","tag-mavi","tag-tatbikati","tag-vatan"],"jetpack_publicize_connections":[],"jetpack_featured_media_url":"https:\/\/i0.wp.com\/www.tvturk.com\/wp-content\/uploads\/2019\/03\/mavi-vatan-2019-tatbikati-denizaltindan-personel-kurtarma-egitimi-ile-devam-ediyor_3930a7b.jpg?fit=1000%2C666","jetpack_sharing_enabled":true,"jetpack_shortlink":"https:\/\/wp.me\/paKIfm-iDm","_links":{"self":[{"href":"http:\/\/www.tvturk.com\/index.php\/wp-json\/wp\/v2\/posts\/71632","targetHints":{"allow":["GET"]}}],"collection":[{"href":"http:\/\/www.tvturk.com\/index.php\/wp-json\/wp\/v2\/posts"}],"about":[{"href":"http:\/\/www.tvturk.com\/index.php\/wp-json\/wp\/v2\/types\/post"}],"author":[{"embeddable":true,"href":"http:\/\/www.tvturk.com\/index.php\/wp-json\/wp\/v2\/users\/1"}],"replies":[{"embeddable":true,"href":"http:\/\/www.tvturk.com\/index.php\/wp-json\/wp\/v2\/comments?post=71632"}],"version-history":[{"count":1,"href":"http:\/\/www.tvturk.com\/index.php\/wp-json\/wp\/v2\/posts\/71632\/revisions"}],"predecessor-version":[{"id":71638,"href":"http:\/\/www.tvturk.com\/index.php\/wp-json\/wp\/v2\/posts\/71632\/revisions\/71638"}],"wp:featuredmedia":[{"embeddable":true,"href":"http:\/\/www.tvturk.com\/index.php\/wp-json\/wp\/v2\/media\/71633"}],"wp:attachment":[{"href":"http:\/\/www.tvturk.com\/index.php\/wp-json\/wp\/v2\/media?parent=71632"}],"wp:term":[{"taxonomy":"category","embeddable":true,"href":"http:\/\/www.tvturk.com\/index.php\/wp-json\/wp\/v2\/categories?post=71632"},{"taxonomy":"post_tag","embeddable":true,"href":"http:\/\/www.tvturk.com\/index.php\/wp-json\/wp\/v2\/tags?post=71632"}],"curies":[{"name":"wp","href":"https:\/\/api.w.org\/{rel}","templated":true}]}}