{"id":71702,"date":"2019-03-05T10:58:30","date_gmt":"2019-03-05T07:58:30","guid":{"rendered":"http:\/\/www.tvturk.com\/index.php\/pinar-karsiyaka-menajeri-selim-cinara-fibadan-davet\/"},"modified":"2019-03-05T10:58:30","modified_gmt":"2019-03-05T07:58:30","slug":"pinar-karsiyaka-menajeri-selim-cinara-fibadan-davet","status":"publish","type":"post","link":"http:\/\/www.tvturk.com\/index.php\/pinar-karsiyaka-menajeri-selim-cinara-fibadan-davet\/","title":{"rendered":"P\u0131nar Kar\u015f\u0131yaka Menajeri Selim \u00c7\u0131nar\u2019a FIBA\u2019dan davet"},"content":{"rendered":"<p>P\u0131nar Kar\u015f\u0131yaka Genel Menajeri Selim \u00c7\u0131nar, FIBA b\u00fcnyesinde faaliyet g\u00f6steren Basketbol Tahkim Mahkemesi taraf\u0131ndan per\u015fembe g\u00fcn\u00fc ilk defa d\u00fczenlenecek kullan\u0131c\u0131 konferans\u0131na konu\u015fmac\u0131 olarak davet edildi.<\/p>\n<p>Tahincio\u011flu Basketbol S\u00fcper Ligi ve Uluslararas\u0131 Basketbol Federasyonu (FIBA) Avrupa Kupas\u0131\u2019nda m\u00fccadele eden P\u0131nar Kar\u015f\u0131yaka\u2019n\u0131n Genel Menajeri Selim \u00c7\u0131nar, FIBA b\u00fcnyesinde faaliyet g\u00f6steren Basketbol Tahkim Mahkemesi (Basketball Arbitral Tribunal-BAT) taraf\u0131ndan ilk defa d\u00fczenlenecek kullan\u0131c\u0131 konferans\u0131na konu\u015fmac\u0131 olarak davet edildi. \u00c7\u0131nar, 8 Mart Per\u015fembe g\u00fcn\u00fc Almanya\u2019n\u0131n M\u00fcnih kentinde d\u00fczenlenecek BAT Kullan\u0131c\u0131 Konferans\u0131\u2019nda, Avrupa kul\u00fcpleri aras\u0131ndan konu\u015fmac\u0131 olarak davet edilen tek kul\u00fcp menajeri olacak.<\/p>\n<p>Konferansta kullan\u0131c\u0131lara BAT \u00f6ncesi i\u015flemler hakk\u0131nda faydal\u0131 bilgiler verilecek, y\u00fcr\u00fcrl\u00fckte olan kurallar ve uygulamalar hakk\u0131nda kullan\u0131c\u0131lardan geri bildirimler al\u0131narak bir ileti\u015fim a\u011f\u0131 kurma f\u0131rsat\u0131 sunulacak. BAT Y\u00f6netiminden ilgili ki\u015filer ile uluslararas\u0131 spor hukuk\u00e7ular\u0131n\u0131n da konu\u015fmac\u0131 olarak yer alaca\u011f\u0131 konferansta Selim \u00c7\u0131nar, &#8220;BAT prosed\u00fcr\u00fcnde iyi uygulanan ve iyile\u015ftirilmesi gereken elementler&#8221; oturumunda konu\u015fma yaparak Avrupa\u2019da basketbol hukukunun geli\u015fim ve de\u011fi\u015fimine dair fikirlerini kat\u0131l\u0131mc\u0131larla payla\u015facak.<\/p>\n<p>Selim \u00c7\u0131nar, Kar\u015f\u0131yaka\u2019n\u0131n basketbol \u015fubesinde 2001 y\u0131l\u0131ndan bu yana bir\u00e7ok kademede g\u00f6rev yapm\u0131\u015f olup, 6 y\u0131ld\u0131r genel menajerlik g\u00f6revini y\u00fcr\u00fct\u00fcyor.<\/p>\n","protected":false},"excerpt":{"rendered":"<p>PINAR KAR\u015eIYAKA GENEL MENAJER\u0130 SEL\u0130M \u00c7INAR, FIBA B\u00dcNYES\u0130NDE FAAL\u0130YET G\u00d6STEREN BASKETBOL TAHK\u0130M MAHKEMES\u0130 TARAFINDAN PER\u015eEMBE G\u00dcN\u00dc \u0130LK DEFA D\u00dcZENLENECEK KULLANICI KONFERANSINA KONU\u015eMACI OLARAK DAVET ED\u0130LD\u0130.<\/p>\n","protected":false},"author":1,"featured_media":71703,"comment_status":"closed","ping_status":"open","sticky":false,"template":"","format":"standard","meta":{"jetpack_post_was_ever_published":false,"_jetpack_newsletter_access":"","_jetpack_dont_email_post_to_subs":false,"_jetpack_newsletter_tier_id":0,"_jetpack_memberships_contains_paywalled_content":false,"_jetpack_memberships_contains_paid_content":false,"footnotes":"","jetpack_publicize_message":"","jetpack_publicize_feature_enabled":true,"jetpack_social_post_already_shared":true,"jetpack_social_options":{"image_generator_settings":{"template":"highway","default_image_id":0,"font":"","enabled":false},"version":2}},"categories":[657],"tags":[3116,3008,21117,3878,21116,2229,4587],"class_list":["post-71702","post","type-post","status-publish","format-standard","has-post-thumbnail","hentry","category-spor","tag-cinara","tag-davet","tag-fibadan","tag-karsiyaka","tag-menajeri","tag-pinar","tag-selim"],"jetpack_publicize_connections":[],"jetpack_featured_media_url":"https:\/\/i0.wp.com\/www.tvturk.com\/wp-content\/uploads\/2019\/03\/pinar-karsiyaka-menajeri-selim-cinara-fibadan-davet_6d458ab.jpg?fit=743%2C541","jetpack_sharing_enabled":true,"jetpack_shortlink":"https:\/\/wp.me\/paKIfm-iEu","_links":{"self":[{"href":"http:\/\/www.tvturk.com\/index.php\/wp-json\/wp\/v2\/posts\/71702","targetHints":{"allow":["GET"]}}],"collection":[{"href":"http:\/\/www.tvturk.com\/index.php\/wp-json\/wp\/v2\/posts"}],"about":[{"href":"http:\/\/www.tvturk.com\/index.php\/wp-json\/wp\/v2\/types\/post"}],"author":[{"embeddable":true,"href":"http:\/\/www.tvturk.com\/index.php\/wp-json\/wp\/v2\/users\/1"}],"replies":[{"embeddable":true,"href":"http:\/\/www.tvturk.com\/index.php\/wp-json\/wp\/v2\/comments?post=71702"}],"version-history":[{"count":0,"href":"http:\/\/www.tvturk.com\/index.php\/wp-json\/wp\/v2\/posts\/71702\/revisions"}],"wp:featuredmedia":[{"embeddable":true,"href":"http:\/\/www.tvturk.com\/index.php\/wp-json\/wp\/v2\/media\/71703"}],"wp:attachment":[{"href":"http:\/\/www.tvturk.com\/index.php\/wp-json\/wp\/v2\/media?parent=71702"}],"wp:term":[{"taxonomy":"category","embeddable":true,"href":"http:\/\/www.tvturk.com\/index.php\/wp-json\/wp\/v2\/categories?post=71702"},{"taxonomy":"post_tag","embeddable":true,"href":"http:\/\/www.tvturk.com\/index.php\/wp-json\/wp\/v2\/tags?post=71702"}],"curies":[{"name":"wp","href":"https:\/\/api.w.org\/{rel}","templated":true}]}}