{"id":71730,"date":"2019-03-05T11:01:15","date_gmt":"2019-03-05T08:01:15","guid":{"rendered":"http:\/\/www.tvturk.com\/index.php\/balkondan-dusen-kadinin-kocasi-tutuklandi\/"},"modified":"2019-03-05T11:01:17","modified_gmt":"2019-03-05T08:01:17","slug":"balkondan-dusen-kadinin-kocasi-tutuklandi","status":"publish","type":"post","link":"http:\/\/www.tvturk.com\/index.php\/balkondan-dusen-kadinin-kocasi-tutuklandi\/","title":{"rendered":"Balkondan d\u00fc\u015fen kad\u0131n\u0131n kocas\u0131 tutukland\u0131"},"content":{"rendered":"<p>Bursa\u2019da ge\u00e7ti\u011fimiz g\u00fcnlerde balkondan atlayarak intihar eden kad\u0131n\u0131n kocas\u0131, olaydan 2 g\u00fcn sonra cinayet \u015f\u00fcphesiyle g\u00f6zalt\u0131na al\u0131narak tutukland\u0131.<\/p>\n<p>Olay Bursa\u2019n\u0131n Y\u0131ld\u0131r\u0131m il\u00e7esine ba\u011fl\u0131 \u0130sabey Mahallesi\u2019nde meydana geldi. Edinilen bilgilere g\u00f6re, Deniz Erkan isimli kad\u0131n, ak\u015fam saatlerinde e\u015fi M.E. ile tart\u0131\u015fmaya ba\u015flad\u0131. Tart\u0131\u015fma s\u0131ras\u0131nda balkona \u00e7\u0131kan kad\u0131n, balkondan a\u015fa\u011f\u0131ya sarkarak e\u015fini \u2018atlar\u0131m\u2019 diye tehdit etti. E\u015fiyle tart\u0131\u015fmaya devam eden kad\u0131n 3. Kattaki evinin balkonundan kendini a\u015fa\u011f\u0131 b\u0131rakt\u0131. Yere \u00e7ak\u0131lan kad\u0131n olay yerine \u00e7a\u011f\u0131r\u0131lan ambulansla kald\u0131r\u0131ld\u0131\u011f\u0131 hastanede hayat\u0131n\u0131 kaybetti.<\/p>\n<p>Olaydan yakla\u015f\u0131k 2 g\u00fcn sonra kad\u0131n\u0131n e\u015fi M.E. hakk\u0131nda e\u015fini balkondan att\u0131\u011f\u0131 y\u00f6n\u00fcnde ihbar yap\u0131ld\u0131. \u0130hbar\u0131n ard\u0131ndan Asayi\u015f \u015eube M\u00fcd\u00fcrl\u00fc\u011f\u00fc Cinayet B\u00fcro Amirli\u011fi ekipleri M.E\u2019yi g\u00f6zalt\u0131na ald\u0131. Emniyetteki ifadesinin ard\u0131ndan adliyeye sevk edilen M.E. savc\u0131l\u0131k ifadesinde iddialar\u0131 kabul etmeyerek e\u015fini \u00f6ld\u00fcrmedi\u011fini ileri s\u00fcrd\u00fc. E\u015finin balkondan sarkarken iddia edildi\u011fi gibi ellerini \u00e7\u00f6zmeye \u00e7al\u0131\u015fmad\u0131\u011f\u0131n\u0131, kad\u0131n\u0131n kendisini a\u015fa\u011f\u0131ya b\u0131rakt\u0131\u011f\u0131n\u0131 belirten M.E\u2019nin su\u00e7suz oldu\u011funu dile getirdi\u011fi \u00f6\u011frenildi.<\/p>\n<p>Savc\u0131l\u0131k ifadesinden sonra tutuklama talebiyle Sulh Ceza Mahkemesi\u2019ne sevk edilen M.E. burada tutuklanarak cezaevine g\u00f6nderildi.<div class=\"tiled-gallery type-rectangular tiled-gallery-unresized\" data-original-width=\"500\" data-carousel-extra='null' itemscope itemtype=\"http:\/\/schema.org\/ImageGallery\" > <div class=\"gallery-row\" style=\"width: 500px; height: 142px;\" data-original-width=\"500\" data-original-height=\"142\" > <div class=\"gallery-group images-1\" style=\"width: 250px; height: 142px;\" data-original-width=\"250\" data-original-height=\"142\" > <div class=\"tiled-gallery-item tiled-gallery-item-small\" itemprop=\"associatedMedia\" itemscope itemtype=\"http:\/\/schema.org\/ImageObject\"> <a href=\"http:\/\/www.tvturk.com\/index.php\/balkondan-dusen-kadinin-kocasi-tutuklandi\/balkondan-dusen-kadinin-kocasi-tutuklandi-3\/\" border=\"0\" itemprop=\"url\"> <meta itemprop=\"width\" content=\"246\"> <meta itemprop=\"height\" content=\"138\"> <img decoding=\"async\" class=\"\" data-attachment-id=\"71732\" data-orig-file=\"http:\/\/www.tvturk.com\/wp-content\/uploads\/2019\/03\/balkondan-dusen-kadinin-kocasi-tutuklandi_a3dfb50.jpg\" data-orig-size=\"1000,562\" data-comments-opened=\"\" data-image-meta=\"{&quot;aperture&quot;:&quot;0&quot;,&quot;credit&quot;:&quot;IHA&quot;,&quot;camera&quot;:&quot;&quot;,&quot;caption&quot;:&quot;BURSA\\u2019DA GE\\u00c7T\\u0130\\u011e\\u0130M\\u0130Z G\\u00dcNLERDE BALKONDAN ATLAYARAK \\u0130NT\\u0130HAR EDEN KADININ KOCASI, OLAYDAN 2 G\\u00dcN SONRA C\\u0130NAYET \\u015e\\u00dcPHES\\u0130YLE G\\u00d6ZALTINA ALINARAK TUTUKLANDI. (DERYA EVREN - FAT\\u0130H \\u00c7APKIN\\\/BURSA-\\u0130HA)&quot;,&quot;created_timestamp&quot;:&quot;0&quot;,&quot;copyright&quot;:&quot;\\u0130HLAS HABER AJANSI, www.iha.com.tr&quot;,&quot;focal_length&quot;:&quot;0&quot;,&quot;iso&quot;:&quot;0&quot;,&quot;shutter_speed&quot;:&quot;0&quot;,&quot;title&quot;:&quot;BALKONDAN D\\u00dc\\u015eEN KADININ KOCASI TUTUKLANDI \\u0130NT\\u0130HAR ETT\\u0130\\u011e\\u0130 D\\u00dc\\u015e\\u00dcN\\u00dcLEN KADININ KOCASI C\\u0130NAYET \\u015e\\u00dcPHES\\u0130YLE TUTUKLANDI&quot;,&quot;orientation&quot;:&quot;0&quot;}\" data-image-title=\"Balkondan d\u00fc\u015fen kad\u0131n\u0131n kocas\u0131 tutukland\u0131\" data-image-description=\"&lt;p&gt;Balkondan d\u00fc\u015fen kad\u0131n\u0131n kocas\u0131 tutukland\u0131&lt;\/p&gt; \" data-medium-file=\"https:\/\/i0.wp.com\/www.tvturk.com\/wp-content\/uploads\/2019\/03\/balkondan-dusen-kadinin-kocasi-tutuklandi_a3dfb50.jpg?fit=300%2C169\" data-large-file=\"https:\/\/i0.wp.com\/www.tvturk.com\/wp-content\/uploads\/2019\/03\/balkondan-dusen-kadinin-kocasi-tutuklandi_a3dfb50.jpg?fit=1000%2C562\" src=\"https:\/\/i0.wp.com\/www.tvturk.com\/wp-content\/uploads\/2019\/03\/balkondan-dusen-kadinin-kocasi-tutuklandi_a3dfb50.jpg?w=246&#038;h=138\" srcset=\"https:\/\/i0.wp.com\/www.tvturk.com\/wp-content\/uploads\/2019\/03\/balkondan-dusen-kadinin-kocasi-tutuklandi_a3dfb50.jpg?w=1000 1000w, https:\/\/i0.wp.com\/www.tvturk.com\/wp-content\/uploads\/2019\/03\/balkondan-dusen-kadinin-kocasi-tutuklandi_a3dfb50.jpg?resize=150%2C84 150w, https:\/\/i0.wp.com\/www.tvturk.com\/wp-content\/uploads\/2019\/03\/balkondan-dusen-kadinin-kocasi-tutuklandi_a3dfb50.jpg?resize=300%2C169 300w, https:\/\/i0.wp.com\/www.tvturk.com\/wp-content\/uploads\/2019\/03\/balkondan-dusen-kadinin-kocasi-tutuklandi_a3dfb50.jpg?resize=768%2C432 768w, https:\/\/i0.wp.com\/www.tvturk.com\/wp-content\/uploads\/2019\/03\/balkondan-dusen-kadinin-kocasi-tutuklandi_a3dfb50.jpg?resize=200%2C113 200w\" width=\"246\" height=\"138\" loading=\"lazy\" data-original-width=\"246\" data-original-height=\"138\" itemprop=\"http:\/\/schema.org\/image\" title=\"Balkondan d\u00fc\u015fen kad\u0131n\u0131n kocas\u0131 tutukland\u0131\" alt=\"Balkondan d\u00fc\u015fen kad\u0131n\u0131n kocas\u0131 tutukland\u0131\" style=\"width: 246px; height: 138px;\" \/> <\/a> <\/div> <\/div> <!-- close group --> <div class=\"gallery-group images-1\" style=\"width: 250px; height: 142px;\" data-original-width=\"250\" data-original-height=\"142\" > <div class=\"tiled-gallery-item tiled-gallery-item-small\" itemprop=\"associatedMedia\" itemscope itemtype=\"http:\/\/schema.org\/ImageObject\"> <a href=\"http:\/\/www.tvturk.com\/index.php\/balkondan-dusen-kadinin-kocasi-tutuklandi\/balkondan-dusen-kadinin-kocasi-tutuklandi-4\/\" border=\"0\" itemprop=\"url\"> <meta itemprop=\"width\" content=\"246\"> <meta itemprop=\"height\" content=\"138\"> <img decoding=\"async\" class=\"\" data-attachment-id=\"71733\" data-orig-file=\"http:\/\/www.tvturk.com\/wp-content\/uploads\/2019\/03\/balkondan-dusen-kadinin-kocasi-tutuklandi_2f75bf1.jpg\" data-orig-size=\"1000,562\" data-comments-opened=\"\" data-image-meta=\"{&quot;aperture&quot;:&quot;0&quot;,&quot;credit&quot;:&quot;IHA&quot;,&quot;camera&quot;:&quot;&quot;,&quot;caption&quot;:&quot;BURSA\\u2019DA GE\\u00c7T\\u0130\\u011e\\u0130M\\u0130Z G\\u00dcNLERDE BALKONDAN ATLAYARAK \\u0130NT\\u0130HAR EDEN KADININ KOCASI, OLAYDAN 2 G\\u00dcN SONRA C\\u0130NAYET \\u015e\\u00dcPHES\\u0130YLE G\\u00d6ZALTINA ALINARAK TUTUKLANDI. (DERYA EVREN - FAT\\u0130H \\u00c7APKIN\\\/BURSA-\\u0130HA)&quot;,&quot;created_timestamp&quot;:&quot;0&quot;,&quot;copyright&quot;:&quot;\\u0130HLAS HABER AJANSI, www.iha.com.tr&quot;,&quot;focal_length&quot;:&quot;0&quot;,&quot;iso&quot;:&quot;0&quot;,&quot;shutter_speed&quot;:&quot;0&quot;,&quot;title&quot;:&quot;BALKONDAN D\\u00dc\\u015eEN KADININ KOCASI TUTUKLANDI \\u0130NT\\u0130HAR ETT\\u0130\\u011e\\u0130 D\\u00dc\\u015e\\u00dcN\\u00dcLEN KADININ KOCASI C\\u0130NAYET \\u015e\\u00dcPHES\\u0130YLE TUTUKLANDI&quot;,&quot;orientation&quot;:&quot;0&quot;}\" data-image-title=\"Balkondan d\u00fc\u015fen kad\u0131n\u0131n kocas\u0131 tutukland\u0131\" data-image-description=\"&lt;p&gt;Balkondan d\u00fc\u015fen kad\u0131n\u0131n kocas\u0131 tutukland\u0131&lt;\/p&gt; \" data-medium-file=\"https:\/\/i0.wp.com\/www.tvturk.com\/wp-content\/uploads\/2019\/03\/balkondan-dusen-kadinin-kocasi-tutuklandi_2f75bf1.jpg?fit=300%2C169\" data-large-file=\"https:\/\/i0.wp.com\/www.tvturk.com\/wp-content\/uploads\/2019\/03\/balkondan-dusen-kadinin-kocasi-tutuklandi_2f75bf1.jpg?fit=1000%2C562\" src=\"https:\/\/i0.wp.com\/www.tvturk.com\/wp-content\/uploads\/2019\/03\/balkondan-dusen-kadinin-kocasi-tutuklandi_2f75bf1.jpg?w=246&#038;h=138\" srcset=\"https:\/\/i0.wp.com\/www.tvturk.com\/wp-content\/uploads\/2019\/03\/balkondan-dusen-kadinin-kocasi-tutuklandi_2f75bf1.jpg?w=1000 1000w, https:\/\/i0.wp.com\/www.tvturk.com\/wp-content\/uploads\/2019\/03\/balkondan-dusen-kadinin-kocasi-tutuklandi_2f75bf1.jpg?resize=150%2C84 150w, https:\/\/i0.wp.com\/www.tvturk.com\/wp-content\/uploads\/2019\/03\/balkondan-dusen-kadinin-kocasi-tutuklandi_2f75bf1.jpg?resize=300%2C169 300w, https:\/\/i0.wp.com\/www.tvturk.com\/wp-content\/uploads\/2019\/03\/balkondan-dusen-kadinin-kocasi-tutuklandi_2f75bf1.jpg?resize=768%2C432 768w, https:\/\/i0.wp.com\/www.tvturk.com\/wp-content\/uploads\/2019\/03\/balkondan-dusen-kadinin-kocasi-tutuklandi_2f75bf1.jpg?resize=200%2C113 200w\" width=\"246\" height=\"138\" loading=\"lazy\" data-original-width=\"246\" data-original-height=\"138\" itemprop=\"http:\/\/schema.org\/image\" title=\"Balkondan d\u00fc\u015fen kad\u0131n\u0131n kocas\u0131 tutukland\u0131\" alt=\"Balkondan d\u00fc\u015fen kad\u0131n\u0131n kocas\u0131 tutukland\u0131\" style=\"width: 246px; height: 138px;\" \/> <\/a> <\/div> <\/div> <!-- close group --> <\/div> <!-- close row --> <\/div><\/p>\n","protected":false},"excerpt":{"rendered":"<p>BURSA\u2019DA GE\u00c7T\u0130\u011e\u0130M\u0130Z G\u00dcNLERDE BALKONDAN ATLAYARAK \u0130NT\u0130HAR EDEN KADININ KOCASI, OLAYDAN 2 G\u00dcN SONRA C\u0130NAYET \u015e\u00dcPHES\u0130YLE G\u00d6ZALTINA ALINARAK TUTUKLANDI.<\/p>\n","protected":false},"author":1,"featured_media":71731,"comment_status":"closed","ping_status":"open","sticky":false,"template":"","format":"standard","meta":{"jetpack_post_was_ever_published":false,"_jetpack_newsletter_access":"","_jetpack_dont_email_post_to_subs":false,"_jetpack_newsletter_tier_id":0,"_jetpack_memberships_contains_paywalled_content":false,"_jetpack_memberships_contains_paid_content":false,"footnotes":"","jetpack_publicize_message":"","jetpack_publicize_feature_enabled":true,"jetpack_social_post_already_shared":true,"jetpack_social_options":{"image_generator_settings":{"template":"highway","default_image_id":0,"font":"","enabled":false},"version":2}},"categories":[655],"tags":[847,762,2160,1352,1804],"class_list":["post-71730","post","type-post","status-publish","format-standard","has-post-thumbnail","hentry","category-son-dakika","tag-balkondan","tag-dusen","tag-kadinin","tag-kocasi","tag-tutuklandi"],"jetpack_publicize_connections":[],"jetpack_featured_media_url":"https:\/\/i0.wp.com\/www.tvturk.com\/wp-content\/uploads\/2019\/03\/balkondan-dusen-kadinin-kocasi-tutuklandi_d1da254.jpg?fit=1000%2C562","jetpack_sharing_enabled":true,"jetpack_shortlink":"https:\/\/wp.me\/paKIfm-iEW","_links":{"self":[{"href":"http:\/\/www.tvturk.com\/index.php\/wp-json\/wp\/v2\/posts\/71730","targetHints":{"allow":["GET"]}}],"collection":[{"href":"http:\/\/www.tvturk.com\/index.php\/wp-json\/wp\/v2\/posts"}],"about":[{"href":"http:\/\/www.tvturk.com\/index.php\/wp-json\/wp\/v2\/types\/post"}],"author":[{"embeddable":true,"href":"http:\/\/www.tvturk.com\/index.php\/wp-json\/wp\/v2\/users\/1"}],"replies":[{"embeddable":true,"href":"http:\/\/www.tvturk.com\/index.php\/wp-json\/wp\/v2\/comments?post=71730"}],"version-history":[{"count":1,"href":"http:\/\/www.tvturk.com\/index.php\/wp-json\/wp\/v2\/posts\/71730\/revisions"}],"predecessor-version":[{"id":71734,"href":"http:\/\/www.tvturk.com\/index.php\/wp-json\/wp\/v2\/posts\/71730\/revisions\/71734"}],"wp:featuredmedia":[{"embeddable":true,"href":"http:\/\/www.tvturk.com\/index.php\/wp-json\/wp\/v2\/media\/71731"}],"wp:attachment":[{"href":"http:\/\/www.tvturk.com\/index.php\/wp-json\/wp\/v2\/media?parent=71730"}],"wp:term":[{"taxonomy":"category","embeddable":true,"href":"http:\/\/www.tvturk.com\/index.php\/wp-json\/wp\/v2\/categories?post=71730"},{"taxonomy":"post_tag","embeddable":true,"href":"http:\/\/www.tvturk.com\/index.php\/wp-json\/wp\/v2\/tags?post=71730"}],"curies":[{"name":"wp","href":"https:\/\/api.w.org\/{rel}","templated":true}]}}