{"id":72613,"date":"2019-03-05T15:43:21","date_gmt":"2019-03-05T12:43:21","guid":{"rendered":"http:\/\/www.tvturk.com\/index.php\/2-nukleer-santraller-fuari-ve-6-nukleer-santraller-zirvesi-gerceklesti\/"},"modified":"2019-03-05T15:43:23","modified_gmt":"2019-03-05T12:43:23","slug":"2-nukleer-santraller-fuari-ve-6-nukleer-santraller-zirvesi-gerceklesti","status":"publish","type":"post","link":"http:\/\/www.tvturk.com\/index.php\/2-nukleer-santraller-fuari-ve-6-nukleer-santraller-zirvesi-gerceklesti\/","title":{"rendered":"2. N\u00fckleer Santraller Fuar\u0131 ve 6. N\u00fckleer Santraller Zirvesi ger\u00e7ekle\u015fti"},"content":{"rendered":"<p>N\u00fckleer Enerji sekt\u00f6r\u00fcndeki en son geli\u015fmeler, 6. d\u00fczenlenen N\u00fckleer Santraller Zirvesi\u2019nde ele al\u0131nd\u0131. Zirvede a\u00e7\u0131klamalarda bulunan Akkuyu N\u00fckleer A\u015e Y\u00f6netim Kurulu Ba\u015fkan Yard\u0131mc\u0131s\u0131 Anton Dedusenko, \u201cEnerji N\u00fckleer Santralinin projesinin ger\u00e7ekle\u015ftirilmesinde hali haz\u0131rda 500 ki\u015fi istihdam edilmektedir. Personel say\u0131s\u0131 2019 y\u0131l\u0131n\u0131n sonunda Bin 900 y\u00fcz ki\u015fiyi 2023\u2019te de 9 bini ge\u00e7mi\u015f olacakt\u0131r\u201d dedi.<\/p>\n<p>\u0130kinci N\u00fckleer Santraller Fuar\u0131 ve 6. N\u00fckleer Santraller Zirvesi \u0130stanbul Pullman Airport Otel\u2019de ger\u00e7ekle\u015fti. Zirvede Rosatom Energy International A.\u015e. Proje Y\u00f6netiminden Sorumlu Birinci Genel M\u00fcd\u00fcr Yard\u0131mc\u0131s\u0131 ve Akkuyu N\u00fckleer A.\u015e. Y\u00f6netim Kurulu Ba\u015fkan Yard\u0131mc\u0131s\u0131 Anton Dedusenko ile Rosatom Yak\u0131n Do\u011fu ve Kuzey Afrika B\u00f6lgesi Temsilcili\u011fi Genel M\u00fcd\u00fcr Yard\u0131mc\u0131s\u0131 Aleksandr Voronkov bas\u0131n mensuplar\u0131na a\u00e7\u0131klamalarda bulundu.<\/p>\n<p>\u201c2019 y\u0131l\u0131n\u0131n sonuna kadar i\u015fe al\u0131mlar\u0131m\u0131z devam edecek\u201d<\/p>\n<p>Enerji N\u00fckleer Santralinin projesinin ger\u00e7ekle\u015ftirilmesinde halen haz\u0131rda 500 ki\u015finin  istihdam edildi\u011fini a\u00e7\u0131klayan Akkuyu N\u00fckleer A.\u015e. Y\u00f6netim Kurulu Ba\u015fkan Yard\u0131mc\u0131s\u0131 Anton Dedusenko, \u201c\u0130laveten 800 ki\u015fi in\u015faat\u0131n yap\u0131ld\u0131\u011f\u0131 sahada istihdam edilmektedir. 2019 y\u0131l\u0131n\u0131n sonuna kadar i\u015fe al\u0131mlar\u0131m\u0131z devam edecek. Personel say\u0131s\u0131 2019 y\u0131l\u0131n\u0131n sonunda bin 900 y\u00fcz ki\u015fiye \u00e7\u0131kacakt\u0131r. Zirve d\u00f6nemine denk gelen 2023\u2019\u00fc konu\u015fmak gerekirse o d\u00f6nemde \u00e7al\u0131\u015fanlar\u0131m\u0131z\u0131n say\u0131s\u0131 9 bini ge\u00e7mi\u015f olacakt\u0131r\u201d dedi.<\/p>\n<p>\u201cY\u00fczde 90\u2019\u0131 T\u00fcrkiye Cumhuriyeti vatanda\u015f\u0131d\u0131r\u201d<\/p>\n<p>Personel say\u0131s\u0131n\u0131n b\u00fcy\u00fck \u00e7o\u011funlu\u011funun T\u00fcrkiye\u2019den oldu\u011funu vurgulayan Dedusenko, \u201c\u0130n\u015faat sahas\u0131nda istihdam edilen personelimizin y\u00fczde 90\u2019\u0131 T\u00fcrkiye Cumhuriyeti vatanda\u015f\u0131d\u0131r. Elektrik \u00fcretiminde maliyetler artmakta oldu\u011fu i\u00e7in elektrik maliyetlerinde art\u0131\u015f gerekmektedir. \u0130lk ba\u015flad\u0131\u011f\u0131m\u0131z maliyetten \u015fu an da maliyette ne olur diye soracak olursan\u0131z; malzemelere ve gereken ekipmanlar da fiyat art\u0131\u015f\u0131 oldu\u011fu i\u00e7in bir miktar enflasyonla oran\u0131nda hareketle bir de\u011fi\u015fiklik olacakt\u0131r. \u0130mzalanan h\u00fckumetler aras\u0131 anla\u015fmaya g\u00f6re ilk elektrik \u00fcretimi lisans al\u0131nd\u0131ktan 7 sene sonra ba\u015flamas\u0131 gerekir. Fakat T\u00fcrk ve Rus taraf\u0131n\u0131n ortakl\u0131\u011f\u0131, birbirileriyle anla\u015fmas\u0131 i\u00e7erisinde biz ge\u00e7en sene ilkbahar aylar\u0131nda ilk \u00fcnitemizin stand\u0131n\u0131 alm\u0131\u015f bulunmaktay\u0131z. Bu 7 seneyi beklemeden daha erken s\u00fcrede ilk \u00fcniteyi devralmay\u0131 i\u015fletmeye almay\u0131 planlamaktay\u0131z\u201d diye konu\u015ftu.<\/p>\n<p>\u201cGelirin Y\u00fczde 20\u2019sini T\u00fcrkiye\u2019ye \u00f6deyece\u011fiz\u201d<\/p>\n<p>T\u00fcrkiye\u2019nin Akkuyu NGS\u2019ye kilovatsaat ba\u015f\u0131 12,35 dolar\/cent al\u0131m garantisi \u00f6deyece\u011fini, ilk \u00fcnitenin devreye al\u0131nmas\u0131n\u0131n planland\u0131\u011f\u0131 2023\u2019te T\u00fcrkiye\u2019deki elektrik fiyatlar\u0131 daha y\u00fcksek olsa da bu fiyat\u0131n artmayaca\u011f\u0131n\u0131 ifade eden Dedusenko, \u201cT\u00fcrkiye\u2019deki elektrik fiyatlar\u0131na ileriye d\u00f6n\u00fck bakt\u0131\u011f\u0131m\u0131zda art\u0131\u015flar\u0131 dikkate almak gerekirse \u00d6zellikle yenilenebilir enerjide belirtilen tarife belli oldu\u011fu s\u00fcrece, o tarifenin alt\u0131na d\u00fc\u015fmesi s\u00f6z konusu olmuyor. Bu bizim proje i\u00e7in de ge\u00e7erli. Proje \u015firketimiz elektrik \u00fcretiminin gelirinden y\u00fczde 20\u2019sini T\u00fcrkiye taraf\u0131na \u00f6deyece\u011fi i\u00e7in tarife ne kadar y\u00fcksek olursa, T\u00fcrkiye\u2019nin bizden alaca\u011f\u0131 gelir de o kadar y\u00fcksek olacak&#8221; ifadelerinde bulundu.<div class=\"tiled-gallery type-rectangular tiled-gallery-unresized\" data-original-width=\"500\" data-carousel-extra='null' itemscope itemtype=\"http:\/\/schema.org\/ImageGallery\" > <div class=\"gallery-row\" style=\"width: 500px; height: 389px;\" data-original-width=\"500\" data-original-height=\"389\" > <div class=\"gallery-group images-1\" style=\"width: 500px; height: 389px;\" data-original-width=\"500\" data-original-height=\"389\" > <div class=\"tiled-gallery-item tiled-gallery-item-large\" itemprop=\"associatedMedia\" itemscope itemtype=\"http:\/\/schema.org\/ImageObject\"> <a href=\"http:\/\/www.tvturk.com\/index.php\/2-nukleer-santraller-fuari-ve-6-nukleer-santraller-zirvesi-gerceklesti\/2-nukleer-santraller-fuari-ve-6-nukleer-santraller-zirvesi-gerceklesti-3\/\" border=\"0\" itemprop=\"url\"> <meta itemprop=\"width\" content=\"496\"> <meta itemprop=\"height\" content=\"385\"> <img decoding=\"async\" class=\"\" data-attachment-id=\"72615\" data-orig-file=\"http:\/\/www.tvturk.com\/wp-content\/uploads\/2019\/03\/2-nukleer-santraller-fuari-ve-6-nukleer-santraller-zirvesi-gerceklesti_8ed3b43.jpg\" data-orig-size=\"1000,776\" data-comments-opened=\"\" data-image-meta=\"{&quot;aperture&quot;:&quot;0&quot;,&quot;credit&quot;:&quot;IHA&quot;,&quot;camera&quot;:&quot;&quot;,&quot;caption&quot;:&quot;\\u0130K\\u0130NC\\u0130 N\\u00dcKLEER SANTRALLER FUARI VE 6. N\\u00dcKLEER SANTRALLER Z\\u0130RVES\\u0130 \\u0130STANBUL PULLMAN A\\u0130RPORT OTEL\\u2019DE GER\\u00c7EKLE\\u015eT\\u0130. (AHMET FARUK SARIKO\\u00c7\\\/\\u0130STANBUL-\\u0130HA)&quot;,&quot;created_timestamp&quot;:&quot;0&quot;,&quot;copyright&quot;:&quot;\\u0130HLAS HABER AJANSI, www.iha.com.tr&quot;,&quot;focal_length&quot;:&quot;0&quot;,&quot;iso&quot;:&quot;0&quot;,&quot;shutter_speed&quot;:&quot;0&quot;,&quot;title&quot;:&quot;2. N\\u00dcKLEER SANTRALLER FUARI VE 6. N\\u00dcKLEER SANTRALLER Z\\u0130RVES\\u0130 GER\\u00c7EKLE\\u015eT\\u0130 AKKUYU N\\u00dcKLEER A\\u015e Y\\u00d6NET\\u0130M KURULU BA\\u015eKAN YARDIMCISI ANTON DEDUSENKO: \\u201cPROJE KAPSAMINDA \\u0130ST\\u0130HDAM ED\\u0130LEN SAYISI 2023\\u2019TE 9 B\\u0130N\\u0130 GE\\u00c7ECEK\\u201d&quot;,&quot;orientation&quot;:&quot;0&quot;}\" data-image-title=\"2. N\u00fckleer Santraller Fuar\u0131 ve 6. N\u00fckleer Santraller Zirvesi ger\u00e7ekle\u015fti\" data-image-description=\"&lt;p&gt;2. N\u00fckleer Santraller Fuar\u0131 ve 6. N\u00fckleer Santraller Zirvesi ger\u00e7ekle\u015fti&lt;\/p&gt; \" data-medium-file=\"https:\/\/i0.wp.com\/www.tvturk.com\/wp-content\/uploads\/2019\/03\/2-nukleer-santraller-fuari-ve-6-nukleer-santraller-zirvesi-gerceklesti_8ed3b43.jpg?fit=300%2C233\" data-large-file=\"https:\/\/i0.wp.com\/www.tvturk.com\/wp-content\/uploads\/2019\/03\/2-nukleer-santraller-fuari-ve-6-nukleer-santraller-zirvesi-gerceklesti_8ed3b43.jpg?fit=1000%2C776\" src=\"https:\/\/i0.wp.com\/www.tvturk.com\/wp-content\/uploads\/2019\/03\/2-nukleer-santraller-fuari-ve-6-nukleer-santraller-zirvesi-gerceklesti_8ed3b43.jpg?w=496&#038;h=385\" srcset=\"https:\/\/i0.wp.com\/www.tvturk.com\/wp-content\/uploads\/2019\/03\/2-nukleer-santraller-fuari-ve-6-nukleer-santraller-zirvesi-gerceklesti_8ed3b43.jpg?w=1000 1000w, https:\/\/i0.wp.com\/www.tvturk.com\/wp-content\/uploads\/2019\/03\/2-nukleer-santraller-fuari-ve-6-nukleer-santraller-zirvesi-gerceklesti_8ed3b43.jpg?resize=150%2C116 150w, https:\/\/i0.wp.com\/www.tvturk.com\/wp-content\/uploads\/2019\/03\/2-nukleer-santraller-fuari-ve-6-nukleer-santraller-zirvesi-gerceklesti_8ed3b43.jpg?resize=300%2C233 300w, https:\/\/i0.wp.com\/www.tvturk.com\/wp-content\/uploads\/2019\/03\/2-nukleer-santraller-fuari-ve-6-nukleer-santraller-zirvesi-gerceklesti_8ed3b43.jpg?resize=768%2C596 768w\" width=\"496\" height=\"385\" loading=\"lazy\" data-original-width=\"496\" data-original-height=\"385\" itemprop=\"http:\/\/schema.org\/image\" title=\"2. N\u00fckleer Santraller Fuar\u0131 ve 6. N\u00fckleer Santraller Zirvesi ger\u00e7ekle\u015fti\" alt=\"2. N\u00fckleer Santraller Fuar\u0131 ve 6. N\u00fckleer Santraller Zirvesi ger\u00e7ekle\u015fti\" style=\"width: 496px; height: 385px;\" \/> <\/a> <\/div> <\/div> <!-- close group --> <\/div> <!-- close row --> <\/div><\/p>\n","protected":false},"excerpt":{"rendered":"<p>\u0130K\u0130NC\u0130 N\u00dcKLEER SANTRALLER FUARI VE 6. N\u00dcKLEER SANTRALLER Z\u0130RVES\u0130 \u0130STANBUL PULLMAN A\u0130RPORT OTEL\u2019DE GER\u00c7EKLE\u015eT\u0130.<\/p>\n","protected":false},"author":1,"featured_media":72614,"comment_status":"closed","ping_status":"open","sticky":false,"template":"","format":"standard","meta":{"jetpack_post_was_ever_published":false,"_jetpack_newsletter_access":"","_jetpack_dont_email_post_to_subs":false,"_jetpack_newsletter_tier_id":0,"_jetpack_memberships_contains_paywalled_content":false,"_jetpack_memberships_contains_paid_content":false,"footnotes":"","jetpack_publicize_message":"","jetpack_publicize_feature_enabled":true,"jetpack_social_post_already_shared":true,"jetpack_social_options":{"image_generator_settings":{"template":"highway","default_image_id":0,"font":"","enabled":false},"version":2}},"categories":[1],"tags":[2924,8901,12874,21305,411],"class_list":["post-72613","post","type-post","status-publish","format-standard","has-post-thumbnail","hentry","category-genel","tag-fuari","tag-gerceklesti","tag-nukleer","tag-santraller","tag-zirvesi"],"jetpack_publicize_connections":[],"jetpack_featured_media_url":"https:\/\/i0.wp.com\/www.tvturk.com\/wp-content\/uploads\/2019\/03\/2-nukleer-santraller-fuari-ve-6-nukleer-santraller-zirvesi-gerceklesti_294be91.jpg?fit=1000%2C741","jetpack_sharing_enabled":true,"jetpack_shortlink":"https:\/\/wp.me\/paKIfm-iTb","_links":{"self":[{"href":"http:\/\/www.tvturk.com\/index.php\/wp-json\/wp\/v2\/posts\/72613","targetHints":{"allow":["GET"]}}],"collection":[{"href":"http:\/\/www.tvturk.com\/index.php\/wp-json\/wp\/v2\/posts"}],"about":[{"href":"http:\/\/www.tvturk.com\/index.php\/wp-json\/wp\/v2\/types\/post"}],"author":[{"embeddable":true,"href":"http:\/\/www.tvturk.com\/index.php\/wp-json\/wp\/v2\/users\/1"}],"replies":[{"embeddable":true,"href":"http:\/\/www.tvturk.com\/index.php\/wp-json\/wp\/v2\/comments?post=72613"}],"version-history":[{"count":1,"href":"http:\/\/www.tvturk.com\/index.php\/wp-json\/wp\/v2\/posts\/72613\/revisions"}],"predecessor-version":[{"id":72616,"href":"http:\/\/www.tvturk.com\/index.php\/wp-json\/wp\/v2\/posts\/72613\/revisions\/72616"}],"wp:featuredmedia":[{"embeddable":true,"href":"http:\/\/www.tvturk.com\/index.php\/wp-json\/wp\/v2\/media\/72614"}],"wp:attachment":[{"href":"http:\/\/www.tvturk.com\/index.php\/wp-json\/wp\/v2\/media?parent=72613"}],"wp:term":[{"taxonomy":"category","embeddable":true,"href":"http:\/\/www.tvturk.com\/index.php\/wp-json\/wp\/v2\/categories?post=72613"},{"taxonomy":"post_tag","embeddable":true,"href":"http:\/\/www.tvturk.com\/index.php\/wp-json\/wp\/v2\/tags?post=72613"}],"curies":[{"name":"wp","href":"https:\/\/api.w.org\/{rel}","templated":true}]}}