{"id":72675,"date":"2019-03-05T15:59:57","date_gmt":"2019-03-05T12:59:57","guid":{"rendered":"http:\/\/www.tvturk.com\/index.php\/pakistandan-terore-buyuk-darbe\/"},"modified":"2019-03-05T15:59:57","modified_gmt":"2019-03-05T12:59:57","slug":"pakistandan-terore-buyuk-darbe","status":"publish","type":"post","link":"http:\/\/www.tvturk.com\/index.php\/pakistandan-terore-buyuk-darbe\/","title":{"rendered":"Pakistan\u2019dan ter\u00f6re b\u00fcy\u00fck darbe"},"content":{"rendered":"<p>Pakistan \u0130\u00e7i\u015fleri Bakanl\u0131\u011f\u0131, ter\u00f6r \u00f6rg\u00fct\u00fc Cey\u015f-i Muhammed\u2019in lideri Mesud Azhar\u2019\u0131n karde\u015fi Abdur Rauf dahil 44 ter\u00f6ristin tutukland\u0131\u011f\u0131n\u0131 a\u00e7\u0131klad\u0131.<\/p>\n<p>Pakistan ve Hindistan aras\u0131nda ihtilafl\u0131 olan Ke\u015fmir\u2019in Hindistan taraf\u0131ndan y\u00f6netilen b\u00f6lgesine 14 \u015eubat\u2019ta bombal\u0131 sald\u0131r\u0131 d\u00fczenleyen Cey\u015fi Muhammed \u00f6rg\u00fct\u00fcne, Pakistan taraf\u0131ndan b\u00fcy\u00fck darbe vuruldu. Pakistan \u0130\u00e7i\u015fleri Bakan\u0131 \u015eehriyar Afridi, Cey\u015f-i Muhammed \u00f6rg\u00fct\u00fcne y\u00f6nelik geni\u015f \u00e7apl\u0131 bir operasyon d\u00fczenlendi\u011fini a\u00e7\u0131klad\u0131. Bakan Afridi d\u00fczenledi\u011fi bas\u0131n toplant\u0131s\u0131nda, \u00f6rg\u00fct\u00fcn lideri Mesud Azhar\u2019\u0131n karde\u015fi Abdur Rauf dahil 44 ter\u00f6ristin tutukland\u0131\u011f\u0131n\u0131 a\u00e7\u0131klad\u0131.<\/p>\n<p>Pakistan genelinde ba\u015flat\u0131lan Milli Hareket Plan\u0131 \u00e7er\u00e7evesinde, ter\u00f6r \u00f6rg\u00fctlerine y\u00f6nelik operasyonlar devam ediyor. \u00d6n\u00fcm\u00fczdeki g\u00fcnlerde operasyonlar\u0131n ve tutuklamalar\u0131n artmas\u0131 bekleniyor.<\/p>\n","protected":false},"excerpt":{"rendered":"<p>BAKANLI\u011eIN YAZILI A\u00c7IKLAMASI<\/p>\n","protected":false},"author":1,"featured_media":72676,"comment_status":"closed","ping_status":"open","sticky":false,"template":"","format":"standard","meta":{"jetpack_post_was_ever_published":false,"_jetpack_newsletter_access":"","_jetpack_dont_email_post_to_subs":false,"_jetpack_newsletter_tier_id":0,"_jetpack_memberships_contains_paywalled_content":false,"_jetpack_memberships_contains_paid_content":false,"footnotes":"","jetpack_publicize_message":"","jetpack_publicize_feature_enabled":true,"jetpack_social_post_already_shared":true,"jetpack_social_options":{"image_generator_settings":{"template":"highway","default_image_id":0,"font":"","enabled":false},"version":2}},"categories":[10],"tags":[545,3791,21313,13496],"class_list":["post-72675","post","type-post","status-publish","format-standard","has-post-thumbnail","hentry","category-dunya","tag-buyuk","tag-darbe","tag-pakistandan","tag-terore"],"jetpack_publicize_connections":[],"jetpack_featured_media_url":"https:\/\/i0.wp.com\/www.tvturk.com\/wp-content\/uploads\/2019\/03\/pakistandan-terore-buyuk-darbe_c8838f4.jpg?fit=750%2C1000","jetpack_sharing_enabled":true,"jetpack_shortlink":"https:\/\/wp.me\/paKIfm-iUb","_links":{"self":[{"href":"http:\/\/www.tvturk.com\/index.php\/wp-json\/wp\/v2\/posts\/72675","targetHints":{"allow":["GET"]}}],"collection":[{"href":"http:\/\/www.tvturk.com\/index.php\/wp-json\/wp\/v2\/posts"}],"about":[{"href":"http:\/\/www.tvturk.com\/index.php\/wp-json\/wp\/v2\/types\/post"}],"author":[{"embeddable":true,"href":"http:\/\/www.tvturk.com\/index.php\/wp-json\/wp\/v2\/users\/1"}],"replies":[{"embeddable":true,"href":"http:\/\/www.tvturk.com\/index.php\/wp-json\/wp\/v2\/comments?post=72675"}],"version-history":[{"count":0,"href":"http:\/\/www.tvturk.com\/index.php\/wp-json\/wp\/v2\/posts\/72675\/revisions"}],"wp:featuredmedia":[{"embeddable":true,"href":"http:\/\/www.tvturk.com\/index.php\/wp-json\/wp\/v2\/media\/72676"}],"wp:attachment":[{"href":"http:\/\/www.tvturk.com\/index.php\/wp-json\/wp\/v2\/media?parent=72675"}],"wp:term":[{"taxonomy":"category","embeddable":true,"href":"http:\/\/www.tvturk.com\/index.php\/wp-json\/wp\/v2\/categories?post=72675"},{"taxonomy":"post_tag","embeddable":true,"href":"http:\/\/www.tvturk.com\/index.php\/wp-json\/wp\/v2\/tags?post=72675"}],"curies":[{"name":"wp","href":"https:\/\/api.w.org\/{rel}","templated":true}]}}