{"id":72759,"date":"2019-03-05T16:20:28","date_gmt":"2019-03-05T13:20:28","guid":{"rendered":"http:\/\/www.tvturk.com\/index.php\/hakan-keles-iki-uc-maglubiyetle-yikilacak-bir-camia-degiliz\/"},"modified":"2019-03-05T16:20:33","modified_gmt":"2019-03-05T13:20:33","slug":"hakan-keles-iki-uc-maglubiyetle-yikilacak-bir-camia-degiliz","status":"publish","type":"post","link":"http:\/\/www.tvturk.com\/index.php\/hakan-keles-iki-uc-maglubiyetle-yikilacak-bir-camia-degiliz\/","title":{"rendered":"Hakan Kele\u015f: &#8220;\u0130ki, \u00fc\u00e7 ma\u011flubiyetle y\u0131k\u0131lacak bir camia de\u011filiz&#8221;"},"content":{"rendered":"<p>Demir Grup Sivasspor Teknik Direkt\u00f6r\u00fc Hakan Kele\u015f, bug\u00fcn yap\u0131lan antrenmanda a\u00e7\u0131klamalarda bulundu. Bulunduklar\u0131 konuma kolay gelmediklerini s\u00f6yleyen Kele\u015f, &#8220;Biz \u00f6yle iki, \u00fc\u00e7 ma\u011flubiyette y\u0131k\u0131lacak bir camia de\u011filiz. Buraya iyi galibiyetlerle, iyi sonu\u00e7lar alarak geldik. G\u00fc\u00e7l\u00fc bir tak\u0131m\u0131z. G\u00fc\u00e7l\u00fc bir camiay\u0131z. \u00d6n\u00fcm\u00fczde Malatya ma\u00e7\u0131 var, ona haz\u0131rlan\u0131yoruz. Galip gelecek g\u00fc\u00e7teyiz&#8221; dedi.<\/p>\n<p>Spor Toto S\u00fcper Lig\u2019in 25. haftas\u0131nda cuma g\u00fcn\u00fc kendi sahas\u0131nda Evkur Yeni Malatyaspor ile kar\u015f\u0131la\u015facak olan Demir Grup Sivasspor bu m\u00fccadelenin haz\u0131rl\u0131klar\u0131n\u0131 s\u00fcrd\u00fcrd\u00fc. Kul\u00fcp tesislerinde Teknik Direkt\u00f6r Hakan Kele\u015f y\u00f6netiminde ger\u00e7ekle\u015ftirilen antrenman d\u00fcz ko\u015fu ile ba\u015flad\u0131. Kondisyon ve pas \u00e7al\u0131\u015fmas\u0131yla devam eden idman, \u00e7ift kale ma\u00e7la sona erdi. \u00c7al\u0131\u015fmaya sakatl\u0131klar\u0131 bulunan Arouna Kone ve Muhammet Demir kat\u0131lmad\u0131.<\/p>\n<p>Antrenmanda bas\u0131n mensuplar\u0131na a\u00e7\u0131klamalarda bulunan Teknik Direkt\u00f6r Hakan Kele\u015f, &#8220;Son ma\u00e7ta Bursa\u2019da k\u00f6t\u00fc bir ma\u011flubiyet ald\u0131k. Uzatman\u0131n son dakikas\u0131nda gol yedik. Bizim i\u00e7in k\u00f6t\u00fc oldu fakat biz \u00f6yle iki, \u00fc\u00e7 ma\u011flubiyette y\u0131k\u0131lacak bir camia de\u011filiz. Buraya kolay gelmedik. \u0130yi galibiyetlerle geldik. \u0130yi sonu\u00e7lar alarak geldik. Biz g\u00fc\u00e7l\u00fc bir tak\u0131m\u0131z. G\u00fc\u00e7l\u00fc bir camiay\u0131z. \u00d6n\u00fcm\u00fczde \u015fimdi bir Malatya ma\u00e7\u0131 var. Ona haz\u0131rlan\u0131yoruz. Galip gelecek g\u00fc\u00e7teyiz. Yendi\u011fimiz zaman her \u015feyin unutulaca\u011f\u0131n\u0131, tekrar \u00f6n\u00fcm\u00fcze bakaca\u011f\u0131m\u0131z\u0131, hedefimizi tekrar kovalayaca\u011f\u0131m\u0131z\u0131 d\u00fc\u015f\u00fcn\u00fcyorum&#8221; dedi.<\/p>\n<p>Tak\u0131m\u0131n forvetsiz kald\u0131\u011f\u0131n\u0131 ifade eden Kele\u015f, &#8220;\u0130ki tane sakat\u0131m\u0131z oldu. Forvette, Kone ile Muhammet sakat. Hugo\u2019yu da katarsak i\u00e7ine, \u015fu an forvetsiz durumday\u0131z. Ama transfer olmad\u0131\u011f\u0131 i\u00e7in i\u00e7eriden bir \u00e7\u00f6z\u00fcm bulmaya \u00e7al\u0131\u015f\u0131yoruz. Bir \u015fekilde \u00fcstesinden gelece\u011fiz. Kone\u2019yi yeti\u015ftirmeye \u00e7al\u0131\u015f\u0131yoruz&#8221; diye konu\u015ftu.<\/p>\n<p>Tak\u0131mdan baz\u0131 futbolcular\u0131n bireysel performanslar\u0131ndaki ya\u015fanan d\u00fc\u015f\u00fc\u015f\u00fcn sorulmas\u0131 \u00fczerine konu\u015fan Kele\u015f, &#8220;\u0130yi bir form grafi\u011fi ile geldik buraya. \u0130yi \u015feyler yaparak geldik. Tabii ki baz\u0131 form d\u00fc\u015f\u00fckl\u00fckleri olacak. Bunlar\u0131 ne kadar \u00e7abuk atlat\u0131r\u0131z diye \u00e7al\u0131\u015fmalar yap\u0131yoruz. Malatya ma\u00e7\u0131 ile bunlara son verip \u00e7\u0131k\u0131\u015fa ge\u00e7eriz&#8221; ifadelerini kulland\u0131.<div class=\"tiled-gallery type-rectangular tiled-gallery-unresized\" data-original-width=\"500\" data-carousel-extra='null' itemscope itemtype=\"http:\/\/schema.org\/ImageGallery\" > <div class=\"gallery-row\" style=\"width: 500px; height: 316px;\" data-original-width=\"500\" data-original-height=\"316\" > <div class=\"gallery-group images-2\" style=\"width: 222px; height: 316px;\" data-original-width=\"222\" data-original-height=\"316\" > <div class=\"tiled-gallery-item tiled-gallery-item-small\" itemprop=\"associatedMedia\" itemscope itemtype=\"http:\/\/schema.org\/ImageObject\"> <a href=\"http:\/\/www.tvturk.com\/index.php\/hakan-keles-iki-uc-maglubiyetle-yikilacak-bir-camia-degiliz\/hakan-keles-iki-uc-maglubiyetle-yikilacak-bir-camia-degiliz-3\/\" border=\"0\" itemprop=\"url\"> <meta itemprop=\"width\" content=\"218\"> <meta itemprop=\"height\" content=\"136\"> <img decoding=\"async\" class=\"\" data-attachment-id=\"72761\" data-orig-file=\"http:\/\/www.tvturk.com\/wp-content\/uploads\/2019\/03\/hakan-keles-iki-uc-maglubiyetle-yikilacak-bir-camia-degiliz_6132350.jpg\" data-orig-size=\"1000,623\" data-comments-opened=\"\" data-image-meta=\"{&quot;aperture&quot;:&quot;0&quot;,&quot;credit&quot;:&quot;IHA&quot;,&quot;camera&quot;:&quot;&quot;,&quot;caption&quot;:&quot;SPOR TOTO S\\u00dcPER L\\u0130G\\u0027\\u0130N 25.HAFTASINDA CUMA G\\u00dcN\\u00dc KEND\\u0130 SAHASINDA EVKUR YEN\\u0130 MALATYASPOR \\u0130LE KAR\\u015eILA\\u015eACAK OLAN DEM\\u0130R GRUP S\\u0130VASSPOR KAR\\u015eILA\\u015eMANIN HAZIRLIKLARINI S\\u00dcRD\\u00dcRD\\u00dc. (ONUR ERDEN - U\\u011eUR Y\\u0130\\u011e\\u0130T\\\/S\\u0130VAS-\\u0130HA)&quot;,&quot;created_timestamp&quot;:&quot;0&quot;,&quot;copyright&quot;:&quot;\\u0130HLAS HABER AJANSI, www.iha.com.tr&quot;,&quot;focal_length&quot;:&quot;0&quot;,&quot;iso&quot;:&quot;0&quot;,&quot;shutter_speed&quot;:&quot;0&quot;,&quot;title&quot;:&quot;HAKAN KELE\\u015e: \\u0022\\u0130K\\u0130, \\u00dc\\u00c7 MA\\u011eLUB\\u0130YETLE YIKILACAK B\\u0130R CAM\\u0130A DE\\u011e\\u0130L\\u0130Z\\u0022&quot;,&quot;orientation&quot;:&quot;0&quot;}\" data-image-title=\"Hakan Kele\u015f: &amp;#8220;\u0130ki, \u00fc\u00e7 ma\u011flubiyetle y\u0131k\u0131lacak bir camia de\u011filiz&amp;#8221;\" data-image-description=\"&lt;p&gt;Hakan Kele\u015f: &amp;#8220;\u0130ki, \u00fc\u00e7 ma\u011flubiyetle y\u0131k\u0131lacak bir camia de\u011filiz&amp;#8221;&lt;\/p&gt; \" data-medium-file=\"https:\/\/i0.wp.com\/www.tvturk.com\/wp-content\/uploads\/2019\/03\/hakan-keles-iki-uc-maglubiyetle-yikilacak-bir-camia-degiliz_6132350.jpg?fit=300%2C187\" data-large-file=\"https:\/\/i0.wp.com\/www.tvturk.com\/wp-content\/uploads\/2019\/03\/hakan-keles-iki-uc-maglubiyetle-yikilacak-bir-camia-degiliz_6132350.jpg?fit=1000%2C623\" src=\"https:\/\/i0.wp.com\/www.tvturk.com\/wp-content\/uploads\/2019\/03\/hakan-keles-iki-uc-maglubiyetle-yikilacak-bir-camia-degiliz_6132350.jpg?w=218&#038;h=136\" srcset=\"https:\/\/i0.wp.com\/www.tvturk.com\/wp-content\/uploads\/2019\/03\/hakan-keles-iki-uc-maglubiyetle-yikilacak-bir-camia-degiliz_6132350.jpg?w=1000 1000w, https:\/\/i0.wp.com\/www.tvturk.com\/wp-content\/uploads\/2019\/03\/hakan-keles-iki-uc-maglubiyetle-yikilacak-bir-camia-degiliz_6132350.jpg?resize=150%2C93 150w, https:\/\/i0.wp.com\/www.tvturk.com\/wp-content\/uploads\/2019\/03\/hakan-keles-iki-uc-maglubiyetle-yikilacak-bir-camia-degiliz_6132350.jpg?resize=300%2C187 300w, https:\/\/i0.wp.com\/www.tvturk.com\/wp-content\/uploads\/2019\/03\/hakan-keles-iki-uc-maglubiyetle-yikilacak-bir-camia-degiliz_6132350.jpg?resize=768%2C478 768w, https:\/\/i0.wp.com\/www.tvturk.com\/wp-content\/uploads\/2019\/03\/hakan-keles-iki-uc-maglubiyetle-yikilacak-bir-camia-degiliz_6132350.jpg?resize=243%2C150 243w, https:\/\/i0.wp.com\/www.tvturk.com\/wp-content\/uploads\/2019\/03\/hakan-keles-iki-uc-maglubiyetle-yikilacak-bir-camia-degiliz_6132350.jpg?resize=460%2C290 460w\" width=\"218\" height=\"136\" loading=\"lazy\" data-original-width=\"218\" data-original-height=\"136\" itemprop=\"http:\/\/schema.org\/image\" title=\"Hakan Kele\u015f: &quot;\u0130ki, \u00fc\u00e7 ma\u011flubiyetle y\u0131k\u0131lacak bir camia de\u011filiz&quot;\" alt=\"Hakan Kele\u015f: &quot;\u0130ki, \u00fc\u00e7 ma\u011flubiyetle y\u0131k\u0131lacak bir camia de\u011filiz&quot;\" style=\"width: 218px; height: 136px;\" \/> <\/a> <\/div> <div class=\"tiled-gallery-item tiled-gallery-item-small\" itemprop=\"associatedMedia\" itemscope itemtype=\"http:\/\/schema.org\/ImageObject\"> <a href=\"http:\/\/www.tvturk.com\/index.php\/hakan-keles-iki-uc-maglubiyetle-yikilacak-bir-camia-degiliz\/hakan-keles-iki-uc-maglubiyetle-yikilacak-bir-camia-degiliz-4\/\" border=\"0\" itemprop=\"url\"> <meta itemprop=\"width\" content=\"218\"> <meta itemprop=\"height\" content=\"172\"> <img decoding=\"async\" class=\"\" data-attachment-id=\"72762\" data-orig-file=\"http:\/\/www.tvturk.com\/wp-content\/uploads\/2019\/03\/hakan-keles-iki-uc-maglubiyetle-yikilacak-bir-camia-degiliz_bff013a.jpg\" data-orig-size=\"1000,788\" data-comments-opened=\"\" data-image-meta=\"{&quot;aperture&quot;:&quot;0&quot;,&quot;credit&quot;:&quot;IHA&quot;,&quot;camera&quot;:&quot;&quot;,&quot;caption&quot;:&quot;SPOR TOTO S\\u00dcPER L\\u0130G\\u0027\\u0130N 25.HAFTASINDA CUMA G\\u00dcN\\u00dc KEND\\u0130 SAHASINDA EVKUR YEN\\u0130 MALATYASPOR \\u0130LE KAR\\u015eILA\\u015eACAK OLAN DEM\\u0130R GRUP S\\u0130VASSPOR KAR\\u015eILA\\u015eMANIN HAZIRLIKLARINI S\\u00dcRD\\u00dcRD\\u00dc. (ONUR ERDEN - U\\u011eUR Y\\u0130\\u011e\\u0130T\\\/S\\u0130VAS-\\u0130HA)&quot;,&quot;created_timestamp&quot;:&quot;0&quot;,&quot;copyright&quot;:&quot;\\u0130HLAS HABER AJANSI, www.iha.com.tr&quot;,&quot;focal_length&quot;:&quot;0&quot;,&quot;iso&quot;:&quot;0&quot;,&quot;shutter_speed&quot;:&quot;0&quot;,&quot;title&quot;:&quot;HAKAN KELE\\u015e: \\u0022\\u0130K\\u0130, \\u00dc\\u00c7 MA\\u011eLUB\\u0130YETLE YIKILACAK B\\u0130R CAM\\u0130A DE\\u011e\\u0130L\\u0130Z\\u0022&quot;,&quot;orientation&quot;:&quot;0&quot;}\" data-image-title=\"Hakan Kele\u015f: &amp;#8220;\u0130ki, \u00fc\u00e7 ma\u011flubiyetle y\u0131k\u0131lacak bir camia de\u011filiz&amp;#8221;\" data-image-description=\"&lt;p&gt;Hakan Kele\u015f: &amp;#8220;\u0130ki, \u00fc\u00e7 ma\u011flubiyetle y\u0131k\u0131lacak bir camia de\u011filiz&amp;#8221;&lt;\/p&gt; \" data-medium-file=\"https:\/\/i0.wp.com\/www.tvturk.com\/wp-content\/uploads\/2019\/03\/hakan-keles-iki-uc-maglubiyetle-yikilacak-bir-camia-degiliz_bff013a.jpg?fit=300%2C236\" data-large-file=\"https:\/\/i0.wp.com\/www.tvturk.com\/wp-content\/uploads\/2019\/03\/hakan-keles-iki-uc-maglubiyetle-yikilacak-bir-camia-degiliz_bff013a.jpg?fit=1000%2C788\" src=\"https:\/\/i0.wp.com\/www.tvturk.com\/wp-content\/uploads\/2019\/03\/hakan-keles-iki-uc-maglubiyetle-yikilacak-bir-camia-degiliz_bff013a.jpg?w=218&#038;h=172\" srcset=\"https:\/\/i0.wp.com\/www.tvturk.com\/wp-content\/uploads\/2019\/03\/hakan-keles-iki-uc-maglubiyetle-yikilacak-bir-camia-degiliz_bff013a.jpg?w=1000 1000w, https:\/\/i0.wp.com\/www.tvturk.com\/wp-content\/uploads\/2019\/03\/hakan-keles-iki-uc-maglubiyetle-yikilacak-bir-camia-degiliz_bff013a.jpg?resize=150%2C118 150w, https:\/\/i0.wp.com\/www.tvturk.com\/wp-content\/uploads\/2019\/03\/hakan-keles-iki-uc-maglubiyetle-yikilacak-bir-camia-degiliz_bff013a.jpg?resize=300%2C236 300w, https:\/\/i0.wp.com\/www.tvturk.com\/wp-content\/uploads\/2019\/03\/hakan-keles-iki-uc-maglubiyetle-yikilacak-bir-camia-degiliz_bff013a.jpg?resize=768%2C605 768w\" width=\"218\" height=\"172\" loading=\"lazy\" data-original-width=\"218\" data-original-height=\"172\" itemprop=\"http:\/\/schema.org\/image\" title=\"Hakan Kele\u015f: &quot;\u0130ki, \u00fc\u00e7 ma\u011flubiyetle y\u0131k\u0131lacak bir camia de\u011filiz&quot;\" alt=\"Hakan Kele\u015f: &quot;\u0130ki, \u00fc\u00e7 ma\u011flubiyetle y\u0131k\u0131lacak bir camia de\u011filiz&quot;\" style=\"width: 218px; height: 172px;\" \/> <\/a> <\/div> <\/div> <!-- close group --> <div class=\"gallery-group images-1\" style=\"width: 278px; height: 316px;\" data-original-width=\"278\" data-original-height=\"316\" > <div class=\"tiled-gallery-item tiled-gallery-item-large\" itemprop=\"associatedMedia\" itemscope itemtype=\"http:\/\/schema.org\/ImageObject\"> <a href=\"http:\/\/www.tvturk.com\/index.php\/hakan-keles-iki-uc-maglubiyetle-yikilacak-bir-camia-degiliz\/hakan-keles-iki-uc-maglubiyetle-yikilacak-bir-camia-degiliz-5\/\" border=\"0\" itemprop=\"url\"> <meta itemprop=\"width\" content=\"274\"> <meta itemprop=\"height\" content=\"312\"> <img decoding=\"async\" class=\"\" data-attachment-id=\"72763\" data-orig-file=\"http:\/\/www.tvturk.com\/wp-content\/uploads\/2019\/03\/hakan-keles-iki-uc-maglubiyetle-yikilacak-bir-camia-degiliz_4d67858.jpg\" data-orig-size=\"879,1000\" data-comments-opened=\"\" data-image-meta=\"{&quot;aperture&quot;:&quot;0&quot;,&quot;credit&quot;:&quot;IHA&quot;,&quot;camera&quot;:&quot;&quot;,&quot;caption&quot;:&quot;SPOR TOTO S\\u00dcPER L\\u0130G\\u0027\\u0130N 25.HAFTASINDA CUMA G\\u00dcN\\u00dc KEND\\u0130 SAHASINDA EVKUR YEN\\u0130 MALATYASPOR \\u0130LE KAR\\u015eILA\\u015eACAK OLAN DEM\\u0130R GRUP S\\u0130VASSPOR KAR\\u015eILA\\u015eMANIN HAZIRLIKLARINI S\\u00dcRD\\u00dcRD\\u00dc. (ONUR ERDEN - U\\u011eUR Y\\u0130\\u011e\\u0130T\\\/S\\u0130VAS-\\u0130HA)&quot;,&quot;created_timestamp&quot;:&quot;0&quot;,&quot;copyright&quot;:&quot;\\u0130HLAS HABER AJANSI, www.iha.com.tr&quot;,&quot;focal_length&quot;:&quot;0&quot;,&quot;iso&quot;:&quot;0&quot;,&quot;shutter_speed&quot;:&quot;0&quot;,&quot;title&quot;:&quot;HAKAN KELE\\u015e: \\u0022\\u0130K\\u0130, \\u00dc\\u00c7 MA\\u011eLUB\\u0130YETLE YIKILACAK B\\u0130R CAM\\u0130A DE\\u011e\\u0130L\\u0130Z\\u0022&quot;,&quot;orientation&quot;:&quot;0&quot;}\" data-image-title=\"Hakan Kele\u015f: &amp;#8220;\u0130ki, \u00fc\u00e7 ma\u011flubiyetle y\u0131k\u0131lacak bir camia de\u011filiz&amp;#8221;\" data-image-description=\"&lt;p&gt;Hakan Kele\u015f: &amp;#8220;\u0130ki, \u00fc\u00e7 ma\u011flubiyetle y\u0131k\u0131lacak bir camia de\u011filiz&amp;#8221;&lt;\/p&gt; \" data-medium-file=\"https:\/\/i0.wp.com\/www.tvturk.com\/wp-content\/uploads\/2019\/03\/hakan-keles-iki-uc-maglubiyetle-yikilacak-bir-camia-degiliz_4d67858.jpg?fit=264%2C300\" data-large-file=\"https:\/\/i0.wp.com\/www.tvturk.com\/wp-content\/uploads\/2019\/03\/hakan-keles-iki-uc-maglubiyetle-yikilacak-bir-camia-degiliz_4d67858.jpg?fit=879%2C1000\" src=\"https:\/\/i0.wp.com\/www.tvturk.com\/wp-content\/uploads\/2019\/03\/hakan-keles-iki-uc-maglubiyetle-yikilacak-bir-camia-degiliz_4d67858.jpg?w=274&#038;h=312\" srcset=\"https:\/\/i0.wp.com\/www.tvturk.com\/wp-content\/uploads\/2019\/03\/hakan-keles-iki-uc-maglubiyetle-yikilacak-bir-camia-degiliz_4d67858.jpg?w=879 879w, https:\/\/i0.wp.com\/www.tvturk.com\/wp-content\/uploads\/2019\/03\/hakan-keles-iki-uc-maglubiyetle-yikilacak-bir-camia-degiliz_4d67858.jpg?resize=132%2C150 132w, https:\/\/i0.wp.com\/www.tvturk.com\/wp-content\/uploads\/2019\/03\/hakan-keles-iki-uc-maglubiyetle-yikilacak-bir-camia-degiliz_4d67858.jpg?resize=264%2C300 264w, https:\/\/i0.wp.com\/www.tvturk.com\/wp-content\/uploads\/2019\/03\/hakan-keles-iki-uc-maglubiyetle-yikilacak-bir-camia-degiliz_4d67858.jpg?resize=768%2C874 768w\" width=\"274\" height=\"312\" loading=\"lazy\" data-original-width=\"274\" data-original-height=\"312\" itemprop=\"http:\/\/schema.org\/image\" title=\"Hakan Kele\u015f: &quot;\u0130ki, \u00fc\u00e7 ma\u011flubiyetle y\u0131k\u0131lacak bir camia de\u011filiz&quot;\" alt=\"Hakan Kele\u015f: &quot;\u0130ki, \u00fc\u00e7 ma\u011flubiyetle y\u0131k\u0131lacak bir camia de\u011filiz&quot;\" style=\"width: 274px; height: 312px;\" \/> <\/a> <\/div> <\/div> <!-- close group --> <\/div> <!-- close row --> <div class=\"gallery-row\" style=\"width: 500px; height: 299px;\" data-original-width=\"500\" data-original-height=\"299\" > <div class=\"gallery-group images-1\" style=\"width: 266px; height: 299px;\" data-original-width=\"266\" data-original-height=\"299\" > <div class=\"tiled-gallery-item tiled-gallery-item-large\" itemprop=\"associatedMedia\" itemscope itemtype=\"http:\/\/schema.org\/ImageObject\"> <a href=\"http:\/\/www.tvturk.com\/index.php\/hakan-keles-iki-uc-maglubiyetle-yikilacak-bir-camia-degiliz\/hakan-keles-iki-uc-maglubiyetle-yikilacak-bir-camia-degiliz-6\/\" border=\"0\" itemprop=\"url\"> <meta itemprop=\"width\" content=\"262\"> <meta itemprop=\"height\" content=\"295\"> <img decoding=\"async\" class=\"\" data-attachment-id=\"72764\" data-orig-file=\"http:\/\/www.tvturk.com\/wp-content\/uploads\/2019\/03\/hakan-keles-iki-uc-maglubiyetle-yikilacak-bir-camia-degiliz_9be8974.jpg\" data-orig-size=\"888,1000\" data-comments-opened=\"\" data-image-meta=\"{&quot;aperture&quot;:&quot;0&quot;,&quot;credit&quot;:&quot;IHA&quot;,&quot;camera&quot;:&quot;&quot;,&quot;caption&quot;:&quot;SPOR TOTO S\\u00dcPER L\\u0130G\\u0027\\u0130N 25.HAFTASINDA CUMA G\\u00dcN\\u00dc KEND\\u0130 SAHASINDA EVKUR YEN\\u0130 MALATYASPOR \\u0130LE KAR\\u015eILA\\u015eACAK OLAN DEM\\u0130R GRUP S\\u0130VASSPOR KAR\\u015eILA\\u015eMANIN HAZIRLIKLARINI S\\u00dcRD\\u00dcRD\\u00dc. (ONUR ERDEN - U\\u011eUR Y\\u0130\\u011e\\u0130T\\\/S\\u0130VAS-\\u0130HA)&quot;,&quot;created_timestamp&quot;:&quot;0&quot;,&quot;copyright&quot;:&quot;\\u0130HLAS HABER AJANSI, www.iha.com.tr&quot;,&quot;focal_length&quot;:&quot;0&quot;,&quot;iso&quot;:&quot;0&quot;,&quot;shutter_speed&quot;:&quot;0&quot;,&quot;title&quot;:&quot;HAKAN KELE\\u015e: \\u0022\\u0130K\\u0130, \\u00dc\\u00c7 MA\\u011eLUB\\u0130YETLE YIKILACAK B\\u0130R CAM\\u0130A DE\\u011e\\u0130L\\u0130Z\\u0022&quot;,&quot;orientation&quot;:&quot;0&quot;}\" data-image-title=\"Hakan Kele\u015f: &amp;#8220;\u0130ki, \u00fc\u00e7 ma\u011flubiyetle y\u0131k\u0131lacak bir camia de\u011filiz&amp;#8221;\" data-image-description=\"&lt;p&gt;Hakan Kele\u015f: &amp;#8220;\u0130ki, \u00fc\u00e7 ma\u011flubiyetle y\u0131k\u0131lacak bir camia de\u011filiz&amp;#8221;&lt;\/p&gt; \" data-medium-file=\"https:\/\/i0.wp.com\/www.tvturk.com\/wp-content\/uploads\/2019\/03\/hakan-keles-iki-uc-maglubiyetle-yikilacak-bir-camia-degiliz_9be8974.jpg?fit=266%2C300\" data-large-file=\"https:\/\/i0.wp.com\/www.tvturk.com\/wp-content\/uploads\/2019\/03\/hakan-keles-iki-uc-maglubiyetle-yikilacak-bir-camia-degiliz_9be8974.jpg?fit=888%2C1000\" src=\"https:\/\/i0.wp.com\/www.tvturk.com\/wp-content\/uploads\/2019\/03\/hakan-keles-iki-uc-maglubiyetle-yikilacak-bir-camia-degiliz_9be8974.jpg?w=262&#038;h=295\" srcset=\"https:\/\/i0.wp.com\/www.tvturk.com\/wp-content\/uploads\/2019\/03\/hakan-keles-iki-uc-maglubiyetle-yikilacak-bir-camia-degiliz_9be8974.jpg?w=888 888w, https:\/\/i0.wp.com\/www.tvturk.com\/wp-content\/uploads\/2019\/03\/hakan-keles-iki-uc-maglubiyetle-yikilacak-bir-camia-degiliz_9be8974.jpg?resize=133%2C150 133w, https:\/\/i0.wp.com\/www.tvturk.com\/wp-content\/uploads\/2019\/03\/hakan-keles-iki-uc-maglubiyetle-yikilacak-bir-camia-degiliz_9be8974.jpg?resize=266%2C300 266w, https:\/\/i0.wp.com\/www.tvturk.com\/wp-content\/uploads\/2019\/03\/hakan-keles-iki-uc-maglubiyetle-yikilacak-bir-camia-degiliz_9be8974.jpg?resize=768%2C865 768w\" width=\"262\" height=\"295\" loading=\"lazy\" data-original-width=\"262\" data-original-height=\"295\" itemprop=\"http:\/\/schema.org\/image\" title=\"Hakan Kele\u015f: &quot;\u0130ki, \u00fc\u00e7 ma\u011flubiyetle y\u0131k\u0131lacak bir camia de\u011filiz&quot;\" alt=\"Hakan Kele\u015f: &quot;\u0130ki, \u00fc\u00e7 ma\u011flubiyetle y\u0131k\u0131lacak bir camia de\u011filiz&quot;\" style=\"width: 262px; height: 295px;\" \/> <\/a> <\/div> <\/div> <!-- close group --> <div class=\"gallery-group images-1\" style=\"width: 234px; height: 299px;\" data-original-width=\"234\" data-original-height=\"299\" > <div class=\"tiled-gallery-item tiled-gallery-item-small\" itemprop=\"associatedMedia\" itemscope itemtype=\"http:\/\/schema.org\/ImageObject\"> <a href=\"http:\/\/www.tvturk.com\/index.php\/hakan-keles-iki-uc-maglubiyetle-yikilacak-bir-camia-degiliz\/hakan-keles-iki-uc-maglubiyetle-yikilacak-bir-camia-degiliz-7\/\" border=\"0\" itemprop=\"url\"> <meta itemprop=\"width\" content=\"230\"> <meta itemprop=\"height\" content=\"295\"> <img decoding=\"async\" class=\"\" data-attachment-id=\"72765\" data-orig-file=\"http:\/\/www.tvturk.com\/wp-content\/uploads\/2019\/03\/hakan-keles-iki-uc-maglubiyetle-yikilacak-bir-camia-degiliz_450b76f.jpg\" data-orig-size=\"781,1000\" data-comments-opened=\"\" data-image-meta=\"{&quot;aperture&quot;:&quot;0&quot;,&quot;credit&quot;:&quot;IHA&quot;,&quot;camera&quot;:&quot;&quot;,&quot;caption&quot;:&quot;SPOR TOTO S\\u00dcPER L\\u0130G\\u0027\\u0130N 25.HAFTASINDA CUMA G\\u00dcN\\u00dc KEND\\u0130 SAHASINDA EVKUR YEN\\u0130 MALATYASPOR \\u0130LE KAR\\u015eILA\\u015eACAK OLAN DEM\\u0130R GRUP S\\u0130VASSPOR KAR\\u015eILA\\u015eMANIN HAZIRLIKLARINI S\\u00dcRD\\u00dcRD\\u00dc. (ONUR ERDEN - U\\u011eUR Y\\u0130\\u011e\\u0130T\\\/S\\u0130VAS-\\u0130HA)&quot;,&quot;created_timestamp&quot;:&quot;0&quot;,&quot;copyright&quot;:&quot;\\u0130HLAS HABER AJANSI, www.iha.com.tr&quot;,&quot;focal_length&quot;:&quot;0&quot;,&quot;iso&quot;:&quot;0&quot;,&quot;shutter_speed&quot;:&quot;0&quot;,&quot;title&quot;:&quot;HAKAN KELE\\u015e: \\u0022\\u0130K\\u0130, \\u00dc\\u00c7 MA\\u011eLUB\\u0130YETLE YIKILACAK B\\u0130R CAM\\u0130A DE\\u011e\\u0130L\\u0130Z\\u0022&quot;,&quot;orientation&quot;:&quot;0&quot;}\" data-image-title=\"Hakan Kele\u015f: &amp;#8220;\u0130ki, \u00fc\u00e7 ma\u011flubiyetle y\u0131k\u0131lacak bir camia de\u011filiz&amp;#8221;\" data-image-description=\"&lt;p&gt;Hakan Kele\u015f: &amp;#8220;\u0130ki, \u00fc\u00e7 ma\u011flubiyetle y\u0131k\u0131lacak bir camia de\u011filiz&amp;#8221;&lt;\/p&gt; \" data-medium-file=\"https:\/\/i0.wp.com\/www.tvturk.com\/wp-content\/uploads\/2019\/03\/hakan-keles-iki-uc-maglubiyetle-yikilacak-bir-camia-degiliz_450b76f.jpg?fit=234%2C300\" data-large-file=\"https:\/\/i0.wp.com\/www.tvturk.com\/wp-content\/uploads\/2019\/03\/hakan-keles-iki-uc-maglubiyetle-yikilacak-bir-camia-degiliz_450b76f.jpg?fit=781%2C1000\" src=\"https:\/\/i0.wp.com\/www.tvturk.com\/wp-content\/uploads\/2019\/03\/hakan-keles-iki-uc-maglubiyetle-yikilacak-bir-camia-degiliz_450b76f.jpg?w=230&#038;h=295\" srcset=\"https:\/\/i0.wp.com\/www.tvturk.com\/wp-content\/uploads\/2019\/03\/hakan-keles-iki-uc-maglubiyetle-yikilacak-bir-camia-degiliz_450b76f.jpg?w=781 781w, https:\/\/i0.wp.com\/www.tvturk.com\/wp-content\/uploads\/2019\/03\/hakan-keles-iki-uc-maglubiyetle-yikilacak-bir-camia-degiliz_450b76f.jpg?resize=117%2C150 117w, https:\/\/i0.wp.com\/www.tvturk.com\/wp-content\/uploads\/2019\/03\/hakan-keles-iki-uc-maglubiyetle-yikilacak-bir-camia-degiliz_450b76f.jpg?resize=234%2C300 234w, https:\/\/i0.wp.com\/www.tvturk.com\/wp-content\/uploads\/2019\/03\/hakan-keles-iki-uc-maglubiyetle-yikilacak-bir-camia-degiliz_450b76f.jpg?resize=768%2C983 768w\" width=\"230\" height=\"295\" loading=\"lazy\" data-original-width=\"230\" data-original-height=\"295\" itemprop=\"http:\/\/schema.org\/image\" title=\"Hakan Kele\u015f: &quot;\u0130ki, \u00fc\u00e7 ma\u011flubiyetle y\u0131k\u0131lacak bir camia de\u011filiz&quot;\" alt=\"Hakan Kele\u015f: &quot;\u0130ki, \u00fc\u00e7 ma\u011flubiyetle y\u0131k\u0131lacak bir camia de\u011filiz&quot;\" style=\"width: 230px; height: 295px;\" \/> <\/a> <\/div> <\/div> <!-- close group --> <\/div> <!-- close row --> <\/div><\/p>\n","protected":false},"excerpt":{"rendered":"<p>DEM\u0130R GRUP S\u0130VASSPOR TEKN\u0130K D\u0130REKT\u00d6R\u00dc HAKAN KELE\u015e,&#8221;B\u0130Z \u00d6YLE \u0130K\u0130, \u00dc\u00c7 MA\u011eLUB\u0130YETTE YIKILACAK B\u0130R CAM\u0130A DE\u011e\u0130L\u0130Z.  BURAYA KOLAY GELMED\u0130K. \u0130Y\u0130 GAL\u0130B\u0130YETLERLE GELD\u0130K. \u0130Y\u0130 SONU\u00c7LAR ALARAK GELD\u0130K. B\u0130Z G\u00dc\u00c7L\u00dc B\u0130R TAKIMIZ. G\u00dc\u00c7L\u00dc B\u0130R CAM\u0130AYIZ. \u00d6N\u00dcM\u00dcZDE \u015e\u0130MD\u0130 B\u0130R MALATYA MA\u00c7I VAR. ONA HAZIRLANIYORUZ. GAL\u0130P GELECEK G\u00dc\u00c7TEY\u0130Z.&#8221;DED\u0130.<\/p>\n","protected":false},"author":1,"featured_media":72760,"comment_status":"closed","ping_status":"open","sticky":false,"template":"","format":"standard","meta":{"jetpack_post_was_ever_published":false,"_jetpack_newsletter_access":"","_jetpack_dont_email_post_to_subs":false,"_jetpack_newsletter_tier_id":0,"_jetpack_memberships_contains_paywalled_content":false,"_jetpack_memberships_contains_paid_content":false,"footnotes":"","jetpack_publicize_message":"","jetpack_publicize_feature_enabled":true,"jetpack_social_post_already_shared":true,"jetpack_social_options":{"image_generator_settings":{"template":"highway","default_image_id":0,"font":"","enabled":false},"version":2}},"categories":[657],"tags":[125,21325,8689,3239,1220,4820,7950,1942,8197],"class_list":["post-72759","post","type-post","status-publish","format-standard","has-post-thumbnail","hentry","category-spor","tag-bir","tag-camia","tag-degiliz","tag-hakan","tag-iki","tag-keles","tag-maglubiyetle","tag-uc","tag-yikilacak"],"jetpack_publicize_connections":[],"jetpack_featured_media_url":"https:\/\/i0.wp.com\/www.tvturk.com\/wp-content\/uploads\/2019\/03\/hakan-keles-iki-uc-maglubiyetle-yikilacak-bir-camia-degiliz_2f1c460.jpg?fit=1000%2C666","jetpack_sharing_enabled":true,"jetpack_shortlink":"https:\/\/wp.me\/paKIfm-iVx","_links":{"self":[{"href":"http:\/\/www.tvturk.com\/index.php\/wp-json\/wp\/v2\/posts\/72759","targetHints":{"allow":["GET"]}}],"collection":[{"href":"http:\/\/www.tvturk.com\/index.php\/wp-json\/wp\/v2\/posts"}],"about":[{"href":"http:\/\/www.tvturk.com\/index.php\/wp-json\/wp\/v2\/types\/post"}],"author":[{"embeddable":true,"href":"http:\/\/www.tvturk.com\/index.php\/wp-json\/wp\/v2\/users\/1"}],"replies":[{"embeddable":true,"href":"http:\/\/www.tvturk.com\/index.php\/wp-json\/wp\/v2\/comments?post=72759"}],"version-history":[{"count":1,"href":"http:\/\/www.tvturk.com\/index.php\/wp-json\/wp\/v2\/posts\/72759\/revisions"}],"predecessor-version":[{"id":72766,"href":"http:\/\/www.tvturk.com\/index.php\/wp-json\/wp\/v2\/posts\/72759\/revisions\/72766"}],"wp:featuredmedia":[{"embeddable":true,"href":"http:\/\/www.tvturk.com\/index.php\/wp-json\/wp\/v2\/media\/72760"}],"wp:attachment":[{"href":"http:\/\/www.tvturk.com\/index.php\/wp-json\/wp\/v2\/media?parent=72759"}],"wp:term":[{"taxonomy":"category","embeddable":true,"href":"http:\/\/www.tvturk.com\/index.php\/wp-json\/wp\/v2\/categories?post=72759"},{"taxonomy":"post_tag","embeddable":true,"href":"http:\/\/www.tvturk.com\/index.php\/wp-json\/wp\/v2\/tags?post=72759"}],"curies":[{"name":"wp","href":"https:\/\/api.w.org\/{rel}","templated":true}]}}