{"id":72948,"date":"2019-03-05T17:06:57","date_gmt":"2019-03-05T14:06:57","guid":{"rendered":"http:\/\/www.tvturk.com\/index.php\/yanan-kagit-yuklu-tirin-temde-olusturdugu-trafik-havadan-goruntulendi\/"},"modified":"2019-03-05T17:07:00","modified_gmt":"2019-03-05T14:07:00","slug":"yanan-kagit-yuklu-tirin-temde-olusturdugu-trafik-havadan-goruntulendi","status":"publish","type":"post","link":"http:\/\/www.tvturk.com\/index.php\/yanan-kagit-yuklu-tirin-temde-olusturdugu-trafik-havadan-goruntulendi\/","title":{"rendered":"Yanan ka\u011f\u0131t y\u00fckl\u00fc t\u0131r\u0131n TEM\u2019de olu\u015fturdu\u011fu trafik havadan g\u00f6r\u00fcnt\u00fclendi"},"content":{"rendered":"<p>Kocaeli\u2019nin Dilovas\u0131 il\u00e7esi TEM Otoyolu\u2019nda alev alev yanan ka\u011f\u0131t y\u00fckl\u00fc t\u0131r sebebi ile olu\u015fan trafik havadan g\u00f6r\u00fcnt\u00fclendi.<\/p>\n<p>Dilovas\u0131 TEM Otoyolunda yanan ka\u011f\u0131t y\u00fckl\u00fc t\u0131r nedeniyle kapanan yolda olu\u015fan trafi\u011fin boyutu havadan \u00e7ekilen g\u00f6r\u00fcnt\u00fclere yans\u0131d\u0131. Edinilen bilgilere g\u00f6re Muharem G\u00fcney idaresinde 74 BU 970 plakal\u0131 t\u0131r, seyir halindeyken bir anda ka\u011f\u0131t ve karton y\u00fckl\u00fc dorsesinden dumanlar y\u00fckselmeye ba\u015flad\u0131. T\u0131r\u0131 yolun kenar\u0131nda durduran G\u00fcney, dorseyi kupa k\u0131sm\u0131ndan ay\u0131rarak durumu hemen 112 Acil Yard\u0131m ekiplerine bildirdi. \u0130hbar \u00fczerine olay yerine itfaiye, polis ve Karayollar\u0131 ekipleri sevk edildi. K\u0131sa s\u00fcre sonra olay yerine gelen itfaiye ekipleri yang\u0131n\u0131 s\u00f6nd\u00fcrmek i\u00e7in \u00e7al\u0131\u015fma ba\u015flatt\u0131. Ekipler taraf\u0131ndan yap\u0131lan 1 saatlik \u00e7al\u0131\u015fma ard\u0131ndan alevler kontrol alt\u0131na al\u0131nabildi. Ekipler, i\u015f makinelerinin yol kenar\u0131ndaki su kanallar\u0131na ta\u015f\u0131d\u0131\u011f\u0131 ka\u011f\u0131tlar i\u00e7in so\u011futma \u00e7al\u0131\u015fmalar\u0131n\u0131 s\u00fcrd\u00fcr\u00fcyor. Yap\u0131lan \u00e7al\u0131\u015fman\u0131n ard\u0131ndan t\u0131r dorsesi \u00e7ekici ve yanan ka\u011f\u0131tlar i\u015f makinesi ve \u00e7ekici yard\u0131m\u0131 ile kald\u0131r\u0131lacak.<\/p>\n<p>Olu\u015fan ara\u00e7 kuyru\u011fu havadan g\u00f6r\u00fcnt\u00fclendi<\/p>\n<p>Polis ekiplerinin yang\u0131n sebebi ile yolun 2 \u015feridini kontroll\u00fc olarak trafi\u011fe kapatmas\u0131 sonras\u0131nda. TEM Ototoyolu \u0130stanbul istikametinde uzun ara\u00e7 kuyruklar\u0131 olu\u015ftu. Trafi\u011fin durma noktas\u0131na geldi\u011fi yolda dakikalarca bekleyen s\u00fcr\u00fcc\u00fcler yolun a\u00e7\u0131lmas\u0131n\u0131 bekledi. Polis ekipleri ise s\u00fcr\u00fcc\u00fclere yard\u0131mc\u0131 olarak s\u0131k\u0131\u015fan trafi\u011fin a\u00e7\u0131lmas\u0131 i\u00e7in \u00e7al\u0131\u015fmalar\u0131n\u0131 s\u00fcrd\u00fcr\u00fcyor. Ara\u00e7lar\u0131n olu\u015fturdu\u011fu uzun kuyruk havadan g\u00f6r\u00fcnt\u00fclendi.<div class=\"tiled-gallery type-rectangular tiled-gallery-unresized\" data-original-width=\"500\" data-carousel-extra='null' itemscope itemtype=\"http:\/\/schema.org\/ImageGallery\" > <div class=\"gallery-row\" style=\"width: 500px; height: 148px;\" data-original-width=\"500\" data-original-height=\"148\" > <div class=\"gallery-group images-1\" style=\"width: 240px; height: 148px;\" data-original-width=\"240\" data-original-height=\"148\" > <div class=\"tiled-gallery-item tiled-gallery-item-small\" itemprop=\"associatedMedia\" itemscope itemtype=\"http:\/\/schema.org\/ImageObject\"> <a href=\"http:\/\/www.tvturk.com\/index.php\/yanan-kagit-yuklu-tirin-temde-olusturdugu-trafik-havadan-goruntulendi\/yanan-kagit-yuklu-tirin-temde-olusturdugu-trafik-havadan-goruntulendi-3\/\" border=\"0\" itemprop=\"url\"> <meta itemprop=\"width\" content=\"236\"> <meta itemprop=\"height\" content=\"144\"> <img decoding=\"async\" class=\"\" data-attachment-id=\"72950\" data-orig-file=\"http:\/\/www.tvturk.com\/wp-content\/uploads\/2019\/03\/yanan-kagit-yuklu-tirin-temde-olusturdugu-trafik-havadan-goruntulendi_7d77ca2.jpg\" data-orig-size=\"1000,611\" data-comments-opened=\"\" data-image-meta=\"{&quot;aperture&quot;:&quot;0&quot;,&quot;credit&quot;:&quot;IHA&quot;,&quot;camera&quot;:&quot;&quot;,&quot;caption&quot;:&quot;KOCAEL\\u0130\\u2019N\\u0130N D\\u0130LOVASI \\u0130L\\u00c7ES\\u0130 TEM OTOYOLU\\u2019NDA ALEV ALEV YANAN KA\\u011eIT Y\\u00dcKL\\u00dc TIR SEBEB\\u0130 \\u0130LE OLU\\u015eAN TRAF\\u0130K HAVADAN G\\u00d6R\\u00dcNT\\u00dcLEND\\u0130. (MURAT KANBER\\\/KOCAEL\\u0130-\\u0130HA)&quot;,&quot;created_timestamp&quot;:&quot;0&quot;,&quot;copyright&quot;:&quot;\\u0130HLAS HABER AJANSI, www.iha.com.tr&quot;,&quot;focal_length&quot;:&quot;0&quot;,&quot;iso&quot;:&quot;0&quot;,&quot;shutter_speed&quot;:&quot;0&quot;,&quot;title&quot;:&quot;YANAN KA\\u011eIT Y\\u00dcKL\\u00dc TIRIN TEM\\u0027DE OLU\\u015eTURDU\\u011eU TRAF\\u0130K HAVADAN G\\u00d6R\\u00dcNT\\u00dcLEND\\u0130&quot;,&quot;orientation&quot;:&quot;0&quot;}\" data-image-title=\"Yanan ka\u011f\u0131t y\u00fckl\u00fc t\u0131r\u0131n TEM\u2019de olu\u015fturdu\u011fu trafik havadan g\u00f6r\u00fcnt\u00fclendi\" data-image-description=\"&lt;p&gt;Yanan ka\u011f\u0131t y\u00fckl\u00fc t\u0131r\u0131n TEM\u2019de olu\u015fturdu\u011fu trafik havadan g\u00f6r\u00fcnt\u00fclendi&lt;\/p&gt; \" data-medium-file=\"https:\/\/i0.wp.com\/www.tvturk.com\/wp-content\/uploads\/2019\/03\/yanan-kagit-yuklu-tirin-temde-olusturdugu-trafik-havadan-goruntulendi_7d77ca2.jpg?fit=300%2C183\" data-large-file=\"https:\/\/i0.wp.com\/www.tvturk.com\/wp-content\/uploads\/2019\/03\/yanan-kagit-yuklu-tirin-temde-olusturdugu-trafik-havadan-goruntulendi_7d77ca2.jpg?fit=1000%2C611\" src=\"https:\/\/i0.wp.com\/www.tvturk.com\/wp-content\/uploads\/2019\/03\/yanan-kagit-yuklu-tirin-temde-olusturdugu-trafik-havadan-goruntulendi_7d77ca2.jpg?w=236&#038;h=144\" srcset=\"https:\/\/i0.wp.com\/www.tvturk.com\/wp-content\/uploads\/2019\/03\/yanan-kagit-yuklu-tirin-temde-olusturdugu-trafik-havadan-goruntulendi_7d77ca2.jpg?w=1000 1000w, https:\/\/i0.wp.com\/www.tvturk.com\/wp-content\/uploads\/2019\/03\/yanan-kagit-yuklu-tirin-temde-olusturdugu-trafik-havadan-goruntulendi_7d77ca2.jpg?resize=150%2C92 150w, https:\/\/i0.wp.com\/www.tvturk.com\/wp-content\/uploads\/2019\/03\/yanan-kagit-yuklu-tirin-temde-olusturdugu-trafik-havadan-goruntulendi_7d77ca2.jpg?resize=300%2C183 300w, https:\/\/i0.wp.com\/www.tvturk.com\/wp-content\/uploads\/2019\/03\/yanan-kagit-yuklu-tirin-temde-olusturdugu-trafik-havadan-goruntulendi_7d77ca2.jpg?resize=768%2C469 768w, https:\/\/i0.wp.com\/www.tvturk.com\/wp-content\/uploads\/2019\/03\/yanan-kagit-yuklu-tirin-temde-olusturdugu-trafik-havadan-goruntulendi_7d77ca2.jpg?resize=187%2C113 187w\" width=\"236\" height=\"144\" loading=\"lazy\" data-original-width=\"236\" data-original-height=\"144\" itemprop=\"http:\/\/schema.org\/image\" title=\"Yanan ka\u011f\u0131t y\u00fckl\u00fc t\u0131r\u0131n TEM\u2019de olu\u015fturdu\u011fu trafik havadan g\u00f6r\u00fcnt\u00fclendi\" alt=\"Yanan ka\u011f\u0131t y\u00fckl\u00fc t\u0131r\u0131n TEM\u2019de olu\u015fturdu\u011fu trafik havadan g\u00f6r\u00fcnt\u00fclendi\" style=\"width: 236px; height: 144px;\" \/> <\/a> <\/div> <\/div> <!-- close group --> <div class=\"gallery-group images-1\" style=\"width: 260px; height: 148px;\" data-original-width=\"260\" data-original-height=\"148\" > <div class=\"tiled-gallery-item tiled-gallery-item-large\" itemprop=\"associatedMedia\" itemscope itemtype=\"http:\/\/schema.org\/ImageObject\"> <a href=\"http:\/\/www.tvturk.com\/index.php\/yanan-kagit-yuklu-tirin-temde-olusturdugu-trafik-havadan-goruntulendi\/yanan-kagit-yuklu-tirin-temde-olusturdugu-trafik-havadan-goruntulendi-4\/\" border=\"0\" itemprop=\"url\"> <meta itemprop=\"width\" content=\"256\"> <meta itemprop=\"height\" content=\"144\"> <img decoding=\"async\" class=\"\" data-attachment-id=\"72951\" data-orig-file=\"http:\/\/www.tvturk.com\/wp-content\/uploads\/2019\/03\/yanan-kagit-yuklu-tirin-temde-olusturdugu-trafik-havadan-goruntulendi_4e5d9b4.jpg\" data-orig-size=\"1000,562\" data-comments-opened=\"\" data-image-meta=\"{&quot;aperture&quot;:&quot;0&quot;,&quot;credit&quot;:&quot;IHA&quot;,&quot;camera&quot;:&quot;&quot;,&quot;caption&quot;:&quot;KOCAEL\\u0130\\u2019N\\u0130N D\\u0130LOVASI \\u0130L\\u00c7ES\\u0130 TEM OTOYOLU\\u2019NDA ALEV ALEV YANAN KA\\u011eIT Y\\u00dcKL\\u00dc TIR SEBEB\\u0130 \\u0130LE OLU\\u015eAN TRAF\\u0130K HAVADAN G\\u00d6R\\u00dcNT\\u00dcLEND\\u0130. (MURAT KANBER\\\/KOCAEL\\u0130-\\u0130HA)&quot;,&quot;created_timestamp&quot;:&quot;0&quot;,&quot;copyright&quot;:&quot;\\u0130HLAS HABER AJANSI, www.iha.com.tr&quot;,&quot;focal_length&quot;:&quot;0&quot;,&quot;iso&quot;:&quot;0&quot;,&quot;shutter_speed&quot;:&quot;0&quot;,&quot;title&quot;:&quot;YANAN KA\\u011eIT Y\\u00dcKL\\u00dc TIRIN TEM\\u0027DE OLU\\u015eTURDU\\u011eU TRAF\\u0130K HAVADAN G\\u00d6R\\u00dcNT\\u00dcLEND\\u0130&quot;,&quot;orientation&quot;:&quot;0&quot;}\" data-image-title=\"Yanan ka\u011f\u0131t y\u00fckl\u00fc t\u0131r\u0131n TEM\u2019de olu\u015fturdu\u011fu trafik havadan g\u00f6r\u00fcnt\u00fclendi\" data-image-description=\"&lt;p&gt;Yanan ka\u011f\u0131t y\u00fckl\u00fc t\u0131r\u0131n TEM\u2019de olu\u015fturdu\u011fu trafik havadan g\u00f6r\u00fcnt\u00fclendi&lt;\/p&gt; \" data-medium-file=\"https:\/\/i0.wp.com\/www.tvturk.com\/wp-content\/uploads\/2019\/03\/yanan-kagit-yuklu-tirin-temde-olusturdugu-trafik-havadan-goruntulendi_4e5d9b4.jpg?fit=300%2C169\" data-large-file=\"https:\/\/i0.wp.com\/www.tvturk.com\/wp-content\/uploads\/2019\/03\/yanan-kagit-yuklu-tirin-temde-olusturdugu-trafik-havadan-goruntulendi_4e5d9b4.jpg?fit=1000%2C562\" src=\"https:\/\/i0.wp.com\/www.tvturk.com\/wp-content\/uploads\/2019\/03\/yanan-kagit-yuklu-tirin-temde-olusturdugu-trafik-havadan-goruntulendi_4e5d9b4.jpg?w=256&#038;h=144\" srcset=\"https:\/\/i0.wp.com\/www.tvturk.com\/wp-content\/uploads\/2019\/03\/yanan-kagit-yuklu-tirin-temde-olusturdugu-trafik-havadan-goruntulendi_4e5d9b4.jpg?w=1000 1000w, https:\/\/i0.wp.com\/www.tvturk.com\/wp-content\/uploads\/2019\/03\/yanan-kagit-yuklu-tirin-temde-olusturdugu-trafik-havadan-goruntulendi_4e5d9b4.jpg?resize=150%2C84 150w, https:\/\/i0.wp.com\/www.tvturk.com\/wp-content\/uploads\/2019\/03\/yanan-kagit-yuklu-tirin-temde-olusturdugu-trafik-havadan-goruntulendi_4e5d9b4.jpg?resize=300%2C169 300w, https:\/\/i0.wp.com\/www.tvturk.com\/wp-content\/uploads\/2019\/03\/yanan-kagit-yuklu-tirin-temde-olusturdugu-trafik-havadan-goruntulendi_4e5d9b4.jpg?resize=768%2C432 768w, https:\/\/i0.wp.com\/www.tvturk.com\/wp-content\/uploads\/2019\/03\/yanan-kagit-yuklu-tirin-temde-olusturdugu-trafik-havadan-goruntulendi_4e5d9b4.jpg?resize=200%2C113 200w\" width=\"256\" height=\"144\" loading=\"lazy\" data-original-width=\"256\" data-original-height=\"144\" itemprop=\"http:\/\/schema.org\/image\" title=\"Yanan ka\u011f\u0131t y\u00fckl\u00fc t\u0131r\u0131n TEM\u2019de olu\u015fturdu\u011fu trafik havadan g\u00f6r\u00fcnt\u00fclendi\" alt=\"Yanan ka\u011f\u0131t y\u00fckl\u00fc t\u0131r\u0131n TEM\u2019de olu\u015fturdu\u011fu trafik havadan g\u00f6r\u00fcnt\u00fclendi\" style=\"width: 256px; height: 144px;\" \/> <\/a> <\/div> <\/div> <!-- close group --> <\/div> <!-- close row --> <div class=\"gallery-row\" style=\"width: 500px; height: 302px;\" data-original-width=\"500\" data-original-height=\"302\" > <div class=\"gallery-group images-1\" style=\"width: 500px; height: 302px;\" data-original-width=\"500\" data-original-height=\"302\" > <div class=\"tiled-gallery-item tiled-gallery-item-large\" itemprop=\"associatedMedia\" itemscope itemtype=\"http:\/\/schema.org\/ImageObject\"> <a href=\"http:\/\/www.tvturk.com\/index.php\/yanan-kagit-yuklu-tirin-temde-olusturdugu-trafik-havadan-goruntulendi\/yanan-kagit-yuklu-tirin-temde-olusturdugu-trafik-havadan-goruntulendi-5\/\" border=\"0\" itemprop=\"url\"> <meta itemprop=\"width\" content=\"496\"> <meta itemprop=\"height\" content=\"298\"> <img decoding=\"async\" class=\"\" data-attachment-id=\"72952\" data-orig-file=\"http:\/\/www.tvturk.com\/wp-content\/uploads\/2019\/03\/yanan-kagit-yuklu-tirin-temde-olusturdugu-trafik-havadan-goruntulendi_f77d528.jpg\" data-orig-size=\"1000,601\" data-comments-opened=\"\" data-image-meta=\"{&quot;aperture&quot;:&quot;0&quot;,&quot;credit&quot;:&quot;IHA&quot;,&quot;camera&quot;:&quot;&quot;,&quot;caption&quot;:&quot;KOCAEL\\u0130\\u2019N\\u0130N D\\u0130LOVASI \\u0130L\\u00c7ES\\u0130 TEM OTOYOLU\\u2019NDA ALEV ALEV YANAN KA\\u011eIT Y\\u00dcKL\\u00dc TIR SEBEB\\u0130 \\u0130LE OLU\\u015eAN TRAF\\u0130K HAVADAN G\\u00d6R\\u00dcNT\\u00dcLEND\\u0130. (MURAT KANBER\\\/KOCAEL\\u0130-\\u0130HA)&quot;,&quot;created_timestamp&quot;:&quot;0&quot;,&quot;copyright&quot;:&quot;\\u0130HLAS HABER AJANSI, www.iha.com.tr&quot;,&quot;focal_length&quot;:&quot;0&quot;,&quot;iso&quot;:&quot;0&quot;,&quot;shutter_speed&quot;:&quot;0&quot;,&quot;title&quot;:&quot;YANAN KA\\u011eIT Y\\u00dcKL\\u00dc TIRIN TEM\\u0027DE OLU\\u015eTURDU\\u011eU TRAF\\u0130K HAVADAN G\\u00d6R\\u00dcNT\\u00dcLEND\\u0130&quot;,&quot;orientation&quot;:&quot;0&quot;}\" data-image-title=\"Yanan ka\u011f\u0131t y\u00fckl\u00fc t\u0131r\u0131n TEM\u2019de olu\u015fturdu\u011fu trafik havadan g\u00f6r\u00fcnt\u00fclendi\" data-image-description=\"&lt;p&gt;Yanan ka\u011f\u0131t y\u00fckl\u00fc t\u0131r\u0131n TEM\u2019de olu\u015fturdu\u011fu trafik havadan g\u00f6r\u00fcnt\u00fclendi&lt;\/p&gt; \" data-medium-file=\"https:\/\/i0.wp.com\/www.tvturk.com\/wp-content\/uploads\/2019\/03\/yanan-kagit-yuklu-tirin-temde-olusturdugu-trafik-havadan-goruntulendi_f77d528.jpg?fit=300%2C180\" data-large-file=\"https:\/\/i0.wp.com\/www.tvturk.com\/wp-content\/uploads\/2019\/03\/yanan-kagit-yuklu-tirin-temde-olusturdugu-trafik-havadan-goruntulendi_f77d528.jpg?fit=1000%2C601\" src=\"https:\/\/i0.wp.com\/www.tvturk.com\/wp-content\/uploads\/2019\/03\/yanan-kagit-yuklu-tirin-temde-olusturdugu-trafik-havadan-goruntulendi_f77d528.jpg?w=496&#038;h=298\" srcset=\"https:\/\/i0.wp.com\/www.tvturk.com\/wp-content\/uploads\/2019\/03\/yanan-kagit-yuklu-tirin-temde-olusturdugu-trafik-havadan-goruntulendi_f77d528.jpg?w=1000 1000w, https:\/\/i0.wp.com\/www.tvturk.com\/wp-content\/uploads\/2019\/03\/yanan-kagit-yuklu-tirin-temde-olusturdugu-trafik-havadan-goruntulendi_f77d528.jpg?resize=150%2C90 150w, https:\/\/i0.wp.com\/www.tvturk.com\/wp-content\/uploads\/2019\/03\/yanan-kagit-yuklu-tirin-temde-olusturdugu-trafik-havadan-goruntulendi_f77d528.jpg?resize=300%2C180 300w, https:\/\/i0.wp.com\/www.tvturk.com\/wp-content\/uploads\/2019\/03\/yanan-kagit-yuklu-tirin-temde-olusturdugu-trafik-havadan-goruntulendi_f77d528.jpg?resize=768%2C462 768w, https:\/\/i0.wp.com\/www.tvturk.com\/wp-content\/uploads\/2019\/03\/yanan-kagit-yuklu-tirin-temde-olusturdugu-trafik-havadan-goruntulendi_f77d528.jpg?resize=187%2C113 187w\" width=\"496\" height=\"298\" loading=\"lazy\" data-original-width=\"496\" data-original-height=\"298\" itemprop=\"http:\/\/schema.org\/image\" title=\"Yanan ka\u011f\u0131t y\u00fckl\u00fc t\u0131r\u0131n TEM\u2019de olu\u015fturdu\u011fu trafik havadan g\u00f6r\u00fcnt\u00fclendi\" alt=\"Yanan ka\u011f\u0131t y\u00fckl\u00fc t\u0131r\u0131n TEM\u2019de olu\u015fturdu\u011fu trafik havadan g\u00f6r\u00fcnt\u00fclendi\" style=\"width: 496px; height: 298px;\" \/> <\/a> <\/div> <\/div> <!-- close group --> <\/div> <!-- close row --> <\/div><\/p>\n","protected":false},"excerpt":{"rendered":"<p>KOCAEL\u0130\u2019N\u0130N D\u0130LOVASI \u0130L\u00c7ES\u0130 TEM OTOYOLU\u2019NDA ALEV ALEV YANAN KA\u011eIT Y\u00dcKL\u00dc TIR SEBEB\u0130 \u0130LE OLU\u015eAN TRAF\u0130K HAVADAN G\u00d6R\u00dcNT\u00dcLEND\u0130.<\/p>\n","protected":false},"author":1,"featured_media":72949,"comment_status":"closed","ping_status":"open","sticky":false,"template":"","format":"standard","meta":{"jetpack_post_was_ever_published":false,"_jetpack_newsletter_access":"","_jetpack_dont_email_post_to_subs":false,"_jetpack_newsletter_tier_id":0,"_jetpack_memberships_contains_paywalled_content":false,"_jetpack_memberships_contains_paid_content":false,"footnotes":"","jetpack_publicize_message":"","jetpack_publicize_feature_enabled":true,"jetpack_social_post_already_shared":true,"jetpack_social_options":{"image_generator_settings":{"template":"highway","default_image_id":0,"font":"","enabled":false},"version":2}},"categories":[655],"tags":[3388,3387,6571,21373,2319,6895,131,5266,1809],"class_list":["post-72948","post","type-post","status-publish","format-standard","has-post-thumbnail","hentry","category-son-dakika","tag-goruntulendi","tag-havadan","tag-kagit","tag-olusturdugu","tag-temde","tag-tirin","tag-trafik","tag-yanan","tag-yuklu"],"jetpack_publicize_connections":[],"jetpack_featured_media_url":"https:\/\/i0.wp.com\/www.tvturk.com\/wp-content\/uploads\/2019\/03\/yanan-kagit-yuklu-tirin-temde-olusturdugu-trafik-havadan-goruntulendi_6388177.jpg?fit=1000%2C621","jetpack_sharing_enabled":true,"jetpack_shortlink":"https:\/\/wp.me\/paKIfm-iYA","_links":{"self":[{"href":"http:\/\/www.tvturk.com\/index.php\/wp-json\/wp\/v2\/posts\/72948","targetHints":{"allow":["GET"]}}],"collection":[{"href":"http:\/\/www.tvturk.com\/index.php\/wp-json\/wp\/v2\/posts"}],"about":[{"href":"http:\/\/www.tvturk.com\/index.php\/wp-json\/wp\/v2\/types\/post"}],"author":[{"embeddable":true,"href":"http:\/\/www.tvturk.com\/index.php\/wp-json\/wp\/v2\/users\/1"}],"replies":[{"embeddable":true,"href":"http:\/\/www.tvturk.com\/index.php\/wp-json\/wp\/v2\/comments?post=72948"}],"version-history":[{"count":1,"href":"http:\/\/www.tvturk.com\/index.php\/wp-json\/wp\/v2\/posts\/72948\/revisions"}],"predecessor-version":[{"id":72953,"href":"http:\/\/www.tvturk.com\/index.php\/wp-json\/wp\/v2\/posts\/72948\/revisions\/72953"}],"wp:featuredmedia":[{"embeddable":true,"href":"http:\/\/www.tvturk.com\/index.php\/wp-json\/wp\/v2\/media\/72949"}],"wp:attachment":[{"href":"http:\/\/www.tvturk.com\/index.php\/wp-json\/wp\/v2\/media?parent=72948"}],"wp:term":[{"taxonomy":"category","embeddable":true,"href":"http:\/\/www.tvturk.com\/index.php\/wp-json\/wp\/v2\/categories?post=72948"},{"taxonomy":"post_tag","embeddable":true,"href":"http:\/\/www.tvturk.com\/index.php\/wp-json\/wp\/v2\/tags?post=72948"}],"curies":[{"name":"wp","href":"https:\/\/api.w.org\/{rel}","templated":true}]}}