{"id":73260,"date":"2019-03-05T20:07:28","date_gmt":"2019-03-05T17:07:28","guid":{"rendered":"http:\/\/www.tvturk.com\/index.php\/karabuksporda-afjet-afyonspor-maci-hazirliklari-basladi\/"},"modified":"2019-03-05T20:07:31","modified_gmt":"2019-03-05T17:07:31","slug":"karabuksporda-afjet-afyonspor-maci-hazirliklari-basladi","status":"publish","type":"post","link":"http:\/\/www.tvturk.com\/index.php\/karabuksporda-afjet-afyonspor-maci-hazirliklari-basladi\/","title":{"rendered":"Karab\u00fckspor\u2019da Afjet Afyonspor ma\u00e7\u0131 haz\u0131rl\u0131klar\u0131 ba\u015flad\u0131"},"content":{"rendered":"<p>Spor Toto 1. Lig ekiplerinden Kardemir Karab\u00fckspor cumartesi g\u00fcn\u00fc sahas\u0131nda a\u011f\u0131rlayaca\u011f\u0131 Afjet Afyonspor ma\u00e7\u0131n\u0131n haz\u0131rl\u0131klar\u0131na tesislerinde yapt\u0131\u011f\u0131 antrenmanla ba\u015flad\u0131.<\/p>\n<p>K\u0131rm\u0131z\u0131-mavili tak\u0131m ligin 25. haftas\u0131nda Dr.Necmettin \u015eeyho\u011flu Stadyumu\u2019nda oynayaca\u011f\u0131 Afjet Afyonspor ma\u00e7\u0131n\u0131n haz\u0131rl\u0131klar\u0131na Hasan Do\u011fan Tesisleri\u2019nde ak\u015fam \u00fcst\u00fc ger\u00e7ekle\u015ftirdi\u011fi antrenmanla ba\u015flad\u0131. Teknik Direkt\u00f6r Taner \u00d6cal y\u00f6netiminde ger\u00e7ekle\u015fen antrenmanda tak\u0131m \u0131s\u0131nma hareketlerinin ard\u0131ndan dayan\u0131kl\u0131l\u0131k \u00e7al\u0131\u015fmas\u0131 yapt\u0131. Antrenman \u00e7ift kale ma\u00e7 ile son buldu.<div class=\"tiled-gallery type-rectangular tiled-gallery-unresized\" data-original-width=\"500\" data-carousel-extra='null' itemscope itemtype=\"http:\/\/schema.org\/ImageGallery\" > <div class=\"gallery-row\" style=\"width: 500px; height: 224px;\" data-original-width=\"500\" data-original-height=\"224\" > <div class=\"gallery-group images-1\" style=\"width: 334px; height: 224px;\" data-original-width=\"334\" data-original-height=\"224\" > <div class=\"tiled-gallery-item tiled-gallery-item-large\" itemprop=\"associatedMedia\" itemscope itemtype=\"http:\/\/schema.org\/ImageObject\"> <a href=\"http:\/\/www.tvturk.com\/index.php\/karabuksporda-afjet-afyonspor-maci-hazirliklari-basladi\/karabuksporda-afjet-afyonspor-maci-hazirliklari-basladi-3\/\" border=\"0\" itemprop=\"url\"> <meta itemprop=\"width\" content=\"330\"> <meta itemprop=\"height\" content=\"220\"> <img decoding=\"async\" class=\"\" data-attachment-id=\"73262\" data-orig-file=\"http:\/\/www.tvturk.com\/wp-content\/uploads\/2019\/03\/karabuksporda-afjet-afyonspor-maci-hazirliklari-basladi_3930a7b.jpg\" data-orig-size=\"1000,666\" data-comments-opened=\"\" data-image-meta=\"{&quot;aperture&quot;:&quot;0&quot;,&quot;credit&quot;:&quot;IHA&quot;,&quot;camera&quot;:&quot;&quot;,&quot;caption&quot;:&quot;KIRMIZI-MAV\\u0130L\\u0130 TAKIM L\\u0130G\\u0130N 25. HAFTASINDA DR.NECMETT\\u0130N \\u015eEYHO\\u011eLU STADYUMU\\u0027NDA OYNAYACA\\u011eI AFJET AFYONSPOR MA\\u00c7ININ HAZIRLIKLARINA HASAN DO\\u011eAN TES\\u0130SLER\\u0130\\u0027NDE AK\\u015eAM \\u00dcST\\u00dc GER\\u00c7EKLE\\u015eT\\u0130RD\\u0130\\u011e\\u0130 ANTRENMANLA BA\\u015eLADI. (FAT\\u0130H \\u00dcNL\\u00dc\\\/KARAB\\u00dcK-\\u0130HA)&quot;,&quot;created_timestamp&quot;:&quot;0&quot;,&quot;copyright&quot;:&quot;\\u0130HLAS HABER AJANSI, www.iha.com.tr&quot;,&quot;focal_length&quot;:&quot;0&quot;,&quot;iso&quot;:&quot;0&quot;,&quot;shutter_speed&quot;:&quot;0&quot;,&quot;title&quot;:&quot;KARAB\\u00dcKSPOR\\u2019DA AFJET AFYONSPOR MA\\u00c7I HAZIRLIKLARI BA\\u015eLADI&quot;,&quot;orientation&quot;:&quot;0&quot;}\" data-image-title=\"Karab\u00fckspor\u2019da Afjet Afyonspor ma\u00e7\u0131 haz\u0131rl\u0131klar\u0131 ba\u015flad\u0131\" data-image-description=\"&lt;p&gt;Karab\u00fckspor\u2019da Afjet Afyonspor ma\u00e7\u0131 haz\u0131rl\u0131klar\u0131 ba\u015flad\u0131&lt;\/p&gt; \" data-medium-file=\"https:\/\/i0.wp.com\/www.tvturk.com\/wp-content\/uploads\/2019\/03\/karabuksporda-afjet-afyonspor-maci-hazirliklari-basladi_3930a7b.jpg?fit=300%2C200\" data-large-file=\"https:\/\/i0.wp.com\/www.tvturk.com\/wp-content\/uploads\/2019\/03\/karabuksporda-afjet-afyonspor-maci-hazirliklari-basladi_3930a7b.jpg?fit=1000%2C666\" src=\"https:\/\/i0.wp.com\/www.tvturk.com\/wp-content\/uploads\/2019\/03\/karabuksporda-afjet-afyonspor-maci-hazirliklari-basladi_3930a7b.jpg?w=330&#038;h=220\" srcset=\"https:\/\/i0.wp.com\/www.tvturk.com\/wp-content\/uploads\/2019\/03\/karabuksporda-afjet-afyonspor-maci-hazirliklari-basladi_3930a7b.jpg?w=1000 1000w, https:\/\/i0.wp.com\/www.tvturk.com\/wp-content\/uploads\/2019\/03\/karabuksporda-afjet-afyonspor-maci-hazirliklari-basladi_3930a7b.jpg?resize=150%2C100 150w, https:\/\/i0.wp.com\/www.tvturk.com\/wp-content\/uploads\/2019\/03\/karabuksporda-afjet-afyonspor-maci-hazirliklari-basladi_3930a7b.jpg?resize=300%2C200 300w, https:\/\/i0.wp.com\/www.tvturk.com\/wp-content\/uploads\/2019\/03\/karabuksporda-afjet-afyonspor-maci-hazirliklari-basladi_3930a7b.jpg?resize=768%2C511 768w, https:\/\/i0.wp.com\/www.tvturk.com\/wp-content\/uploads\/2019\/03\/karabuksporda-afjet-afyonspor-maci-hazirliklari-basladi_3930a7b.jpg?resize=170%2C113 170w, https:\/\/i0.wp.com\/www.tvturk.com\/wp-content\/uploads\/2019\/03\/karabuksporda-afjet-afyonspor-maci-hazirliklari-basladi_3930a7b.jpg?resize=120%2C80 120w\" width=\"330\" height=\"220\" loading=\"lazy\" data-original-width=\"330\" data-original-height=\"220\" itemprop=\"http:\/\/schema.org\/image\" title=\"Karab\u00fckspor\u2019da Afjet Afyonspor ma\u00e7\u0131 haz\u0131rl\u0131klar\u0131 ba\u015flad\u0131\" alt=\"Karab\u00fckspor\u2019da Afjet Afyonspor ma\u00e7\u0131 haz\u0131rl\u0131klar\u0131 ba\u015flad\u0131\" style=\"width: 330px; height: 220px;\" \/> <\/a> <\/div> <\/div> <!-- close group --> <div class=\"gallery-group images-2\" style=\"width: 166px; height: 224px;\" data-original-width=\"166\" data-original-height=\"224\" > <div class=\"tiled-gallery-item tiled-gallery-item-small\" itemprop=\"associatedMedia\" itemscope itemtype=\"http:\/\/schema.org\/ImageObject\"> <a href=\"http:\/\/www.tvturk.com\/index.php\/karabuksporda-afjet-afyonspor-maci-hazirliklari-basladi\/karabuksporda-afjet-afyonspor-maci-hazirliklari-basladi-4\/\" border=\"0\" itemprop=\"url\"> <meta itemprop=\"width\" content=\"162\"> <meta itemprop=\"height\" content=\"108\"> <img decoding=\"async\" class=\"\" data-attachment-id=\"73263\" data-orig-file=\"http:\/\/www.tvturk.com\/wp-content\/uploads\/2019\/03\/karabuksporda-afjet-afyonspor-maci-hazirliklari-basladi_28a67d9.jpg\" data-orig-size=\"1000,666\" data-comments-opened=\"\" data-image-meta=\"{&quot;aperture&quot;:&quot;0&quot;,&quot;credit&quot;:&quot;IHA&quot;,&quot;camera&quot;:&quot;&quot;,&quot;caption&quot;:&quot;TEKN\\u0130K D\\u0130REKT\\u00d6R TANER \\u00d6CAL Y\\u00d6NET\\u0130M\\u0130NDE GER\\u00c7EKLE\\u015eEN ANTRENMANDA TAKIM ISINMA HAREKETLER\\u0130N\\u0130N ARDINDAN DAYANIKLILIK \\u00c7ALI\\u015eMASI YAPTI. (FAT\\u0130H \\u00dcNL\\u00dc\\\/KARAB\\u00dcK-\\u0130HA)&quot;,&quot;created_timestamp&quot;:&quot;0&quot;,&quot;copyright&quot;:&quot;\\u0130HLAS HABER AJANSI, www.iha.com.tr&quot;,&quot;focal_length&quot;:&quot;0&quot;,&quot;iso&quot;:&quot;0&quot;,&quot;shutter_speed&quot;:&quot;0&quot;,&quot;title&quot;:&quot;KARAB\\u00dcKSPOR\\u2019DA AFJET AFYONSPOR MA\\u00c7I HAZIRLIKLARI BA\\u015eLADI&quot;,&quot;orientation&quot;:&quot;0&quot;}\" data-image-title=\"Karab\u00fckspor\u2019da Afjet Afyonspor ma\u00e7\u0131 haz\u0131rl\u0131klar\u0131 ba\u015flad\u0131\" data-image-description=\"&lt;p&gt;Karab\u00fckspor\u2019da Afjet Afyonspor ma\u00e7\u0131 haz\u0131rl\u0131klar\u0131 ba\u015flad\u0131&lt;\/p&gt; \" data-medium-file=\"https:\/\/i0.wp.com\/www.tvturk.com\/wp-content\/uploads\/2019\/03\/karabuksporda-afjet-afyonspor-maci-hazirliklari-basladi_28a67d9.jpg?fit=300%2C200\" data-large-file=\"https:\/\/i0.wp.com\/www.tvturk.com\/wp-content\/uploads\/2019\/03\/karabuksporda-afjet-afyonspor-maci-hazirliklari-basladi_28a67d9.jpg?fit=1000%2C666\" src=\"https:\/\/i0.wp.com\/www.tvturk.com\/wp-content\/uploads\/2019\/03\/karabuksporda-afjet-afyonspor-maci-hazirliklari-basladi_28a67d9.jpg?w=162&#038;h=108\" srcset=\"https:\/\/i0.wp.com\/www.tvturk.com\/wp-content\/uploads\/2019\/03\/karabuksporda-afjet-afyonspor-maci-hazirliklari-basladi_28a67d9.jpg?w=1000 1000w, https:\/\/i0.wp.com\/www.tvturk.com\/wp-content\/uploads\/2019\/03\/karabuksporda-afjet-afyonspor-maci-hazirliklari-basladi_28a67d9.jpg?resize=150%2C100 150w, https:\/\/i0.wp.com\/www.tvturk.com\/wp-content\/uploads\/2019\/03\/karabuksporda-afjet-afyonspor-maci-hazirliklari-basladi_28a67d9.jpg?resize=300%2C200 300w, https:\/\/i0.wp.com\/www.tvturk.com\/wp-content\/uploads\/2019\/03\/karabuksporda-afjet-afyonspor-maci-hazirliklari-basladi_28a67d9.jpg?resize=768%2C511 768w, https:\/\/i0.wp.com\/www.tvturk.com\/wp-content\/uploads\/2019\/03\/karabuksporda-afjet-afyonspor-maci-hazirliklari-basladi_28a67d9.jpg?resize=170%2C113 170w, https:\/\/i0.wp.com\/www.tvturk.com\/wp-content\/uploads\/2019\/03\/karabuksporda-afjet-afyonspor-maci-hazirliklari-basladi_28a67d9.jpg?resize=120%2C80 120w\" width=\"162\" height=\"108\" loading=\"lazy\" data-original-width=\"162\" data-original-height=\"108\" itemprop=\"http:\/\/schema.org\/image\" title=\"Karab\u00fckspor\u2019da Afjet Afyonspor ma\u00e7\u0131 haz\u0131rl\u0131klar\u0131 ba\u015flad\u0131\" alt=\"Karab\u00fckspor\u2019da Afjet Afyonspor ma\u00e7\u0131 haz\u0131rl\u0131klar\u0131 ba\u015flad\u0131\" style=\"width: 162px; height: 108px;\" \/> <\/a> <\/div> <div class=\"tiled-gallery-item tiled-gallery-item-small\" itemprop=\"associatedMedia\" itemscope itemtype=\"http:\/\/schema.org\/ImageObject\"> <a href=\"http:\/\/www.tvturk.com\/index.php\/karabuksporda-afjet-afyonspor-maci-hazirliklari-basladi\/karabuksporda-afjet-afyonspor-maci-hazirliklari-basladi-5\/\" border=\"0\" itemprop=\"url\"> <meta itemprop=\"width\" content=\"162\"> <meta itemprop=\"height\" content=\"108\"> <img decoding=\"async\" class=\"\" data-attachment-id=\"73264\" data-orig-file=\"http:\/\/www.tvturk.com\/wp-content\/uploads\/2019\/03\/karabuksporda-afjet-afyonspor-maci-hazirliklari-basladi_41e16a6.jpg\" data-orig-size=\"1000,666\" data-comments-opened=\"\" data-image-meta=\"{&quot;aperture&quot;:&quot;0&quot;,&quot;credit&quot;:&quot;IHA&quot;,&quot;camera&quot;:&quot;&quot;,&quot;caption&quot;:&quot;ANTRENMAN \\u00c7\\u0130FT KALE MA\\u00c7 \\u0130LE SON BULDU. (FAT\\u0130H \\u00dcNL\\u00dc\\\/KARAB\\u00dcK-\\u0130HA)&quot;,&quot;created_timestamp&quot;:&quot;0&quot;,&quot;copyright&quot;:&quot;\\u0130HLAS HABER AJANSI, www.iha.com.tr&quot;,&quot;focal_length&quot;:&quot;0&quot;,&quot;iso&quot;:&quot;0&quot;,&quot;shutter_speed&quot;:&quot;0&quot;,&quot;title&quot;:&quot;KARAB\\u00dcKSPOR\\u2019DA AFJET AFYONSPOR MA\\u00c7I HAZIRLIKLARI BA\\u015eLADI&quot;,&quot;orientation&quot;:&quot;0&quot;}\" data-image-title=\"Karab\u00fckspor\u2019da Afjet Afyonspor ma\u00e7\u0131 haz\u0131rl\u0131klar\u0131 ba\u015flad\u0131\" data-image-description=\"&lt;p&gt;Karab\u00fckspor\u2019da Afjet Afyonspor ma\u00e7\u0131 haz\u0131rl\u0131klar\u0131 ba\u015flad\u0131&lt;\/p&gt; \" data-medium-file=\"https:\/\/i0.wp.com\/www.tvturk.com\/wp-content\/uploads\/2019\/03\/karabuksporda-afjet-afyonspor-maci-hazirliklari-basladi_41e16a6.jpg?fit=300%2C200\" data-large-file=\"https:\/\/i0.wp.com\/www.tvturk.com\/wp-content\/uploads\/2019\/03\/karabuksporda-afjet-afyonspor-maci-hazirliklari-basladi_41e16a6.jpg?fit=1000%2C666\" src=\"https:\/\/i0.wp.com\/www.tvturk.com\/wp-content\/uploads\/2019\/03\/karabuksporda-afjet-afyonspor-maci-hazirliklari-basladi_41e16a6.jpg?w=162&#038;h=108\" srcset=\"https:\/\/i0.wp.com\/www.tvturk.com\/wp-content\/uploads\/2019\/03\/karabuksporda-afjet-afyonspor-maci-hazirliklari-basladi_41e16a6.jpg?w=1000 1000w, https:\/\/i0.wp.com\/www.tvturk.com\/wp-content\/uploads\/2019\/03\/karabuksporda-afjet-afyonspor-maci-hazirliklari-basladi_41e16a6.jpg?resize=150%2C100 150w, https:\/\/i0.wp.com\/www.tvturk.com\/wp-content\/uploads\/2019\/03\/karabuksporda-afjet-afyonspor-maci-hazirliklari-basladi_41e16a6.jpg?resize=300%2C200 300w, https:\/\/i0.wp.com\/www.tvturk.com\/wp-content\/uploads\/2019\/03\/karabuksporda-afjet-afyonspor-maci-hazirliklari-basladi_41e16a6.jpg?resize=768%2C511 768w, https:\/\/i0.wp.com\/www.tvturk.com\/wp-content\/uploads\/2019\/03\/karabuksporda-afjet-afyonspor-maci-hazirliklari-basladi_41e16a6.jpg?resize=170%2C113 170w, https:\/\/i0.wp.com\/www.tvturk.com\/wp-content\/uploads\/2019\/03\/karabuksporda-afjet-afyonspor-maci-hazirliklari-basladi_41e16a6.jpg?resize=120%2C80 120w\" width=\"162\" height=\"108\" loading=\"lazy\" data-original-width=\"162\" data-original-height=\"108\" itemprop=\"http:\/\/schema.org\/image\" title=\"Karab\u00fckspor\u2019da Afjet Afyonspor ma\u00e7\u0131 haz\u0131rl\u0131klar\u0131 ba\u015flad\u0131\" alt=\"Karab\u00fckspor\u2019da Afjet Afyonspor ma\u00e7\u0131 haz\u0131rl\u0131klar\u0131 ba\u015flad\u0131\" style=\"width: 162px; height: 108px;\" \/> <\/a> <\/div> <\/div> <!-- close group --> <\/div> <!-- close row --> <\/div><\/p>\n","protected":false},"excerpt":{"rendered":"<p>SPOR TOTO 1.L\u0130G EK\u0130PLER\u0130NDEN KARDEM\u0130R KARAB\u00dcKSPOR CUMARTES\u0130  G\u00dcN\u00dc SAHASINDA A\u011eIRLAYACA\u011eI AFJET AFYONSPOR MA\u00c7ININ HAZIRLIKLARINA TES\u0130SLER\u0130NDE YAPTI\u011eI ANTRENMANLA BA\u015eLADI.<\/p>\n","protected":false},"author":1,"featured_media":73261,"comment_status":"closed","ping_status":"open","sticky":false,"template":"","format":"standard","meta":{"jetpack_post_was_ever_published":false,"_jetpack_newsletter_access":"","_jetpack_dont_email_post_to_subs":false,"_jetpack_newsletter_tier_id":0,"_jetpack_memberships_contains_paywalled_content":false,"_jetpack_memberships_contains_paid_content":false,"footnotes":"","jetpack_publicize_message":"","jetpack_publicize_feature_enabled":true,"jetpack_social_post_already_shared":true,"jetpack_social_options":{"image_generator_settings":{"template":"highway","default_image_id":0,"font":"","enabled":false},"version":2}},"categories":[657],"tags":[8444,8445,55,3026,11026,777],"class_list":["post-73260","post","type-post","status-publish","format-standard","has-post-thumbnail","hentry","category-spor","tag-afjet","tag-afyonspor","tag-basladi","tag-hazirliklari","tag-karabuksporda","tag-maci"],"jetpack_publicize_connections":[],"jetpack_featured_media_url":"https:\/\/i0.wp.com\/www.tvturk.com\/wp-content\/uploads\/2019\/03\/karabuksporda-afjet-afyonspor-maci-hazirliklari-basladi_a7ab84f.jpg?fit=1000%2C666","jetpack_sharing_enabled":true,"jetpack_shortlink":"https:\/\/wp.me\/paKIfm-j3C","_links":{"self":[{"href":"http:\/\/www.tvturk.com\/index.php\/wp-json\/wp\/v2\/posts\/73260","targetHints":{"allow":["GET"]}}],"collection":[{"href":"http:\/\/www.tvturk.com\/index.php\/wp-json\/wp\/v2\/posts"}],"about":[{"href":"http:\/\/www.tvturk.com\/index.php\/wp-json\/wp\/v2\/types\/post"}],"author":[{"embeddable":true,"href":"http:\/\/www.tvturk.com\/index.php\/wp-json\/wp\/v2\/users\/1"}],"replies":[{"embeddable":true,"href":"http:\/\/www.tvturk.com\/index.php\/wp-json\/wp\/v2\/comments?post=73260"}],"version-history":[{"count":1,"href":"http:\/\/www.tvturk.com\/index.php\/wp-json\/wp\/v2\/posts\/73260\/revisions"}],"predecessor-version":[{"id":73265,"href":"http:\/\/www.tvturk.com\/index.php\/wp-json\/wp\/v2\/posts\/73260\/revisions\/73265"}],"wp:featuredmedia":[{"embeddable":true,"href":"http:\/\/www.tvturk.com\/index.php\/wp-json\/wp\/v2\/media\/73261"}],"wp:attachment":[{"href":"http:\/\/www.tvturk.com\/index.php\/wp-json\/wp\/v2\/media?parent=73260"}],"wp:term":[{"taxonomy":"category","embeddable":true,"href":"http:\/\/www.tvturk.com\/index.php\/wp-json\/wp\/v2\/categories?post=73260"},{"taxonomy":"post_tag","embeddable":true,"href":"http:\/\/www.tvturk.com\/index.php\/wp-json\/wp\/v2\/tags?post=73260"}],"curies":[{"name":"wp","href":"https:\/\/api.w.org\/{rel}","templated":true}]}}