{"id":73324,"date":"2019-03-05T21:06:59","date_gmt":"2019-03-05T18:06:59","guid":{"rendered":"http:\/\/www.tvturk.com\/index.php\/defalarca-takla-atan-aractan-sag-cikti\/"},"modified":"2019-03-05T21:07:02","modified_gmt":"2019-03-05T18:07:02","slug":"defalarca-takla-atan-aractan-sag-cikti","status":"publish","type":"post","link":"http:\/\/www.tvturk.com\/index.php\/defalarca-takla-atan-aractan-sag-cikti\/","title":{"rendered":"Defalarca takla atan ara\u00e7tan sa\u011f \u00e7\u0131kt\u0131"},"content":{"rendered":"<p>K\u0131r\u0131kkale\u2019de seyir halinde defalarca takla atarak tarlaya yuvarlanan otomobilin s\u00fcr\u00fcc\u00fcs\u00fc kazay\u0131 hafif yaral\u0131 olarak atlatt\u0131.<\/p>\n<p>Kaza, K\u0131r\u0131kkale-Ankara ve Samsun karayolunun birle\u015fti\u011fi ba\u011flant\u0131 yolunda meydana geldi. Edinilen bilgiye g\u00f6re, Hasan O\u011fulcan Birdal idaresindeki 71 DF 352 plakal\u0131 otomobil, seyir halindeyken viraj\u0131 alamayarak defalarca atarak tarlaya yuvarland\u0131. Hurdaya d\u00f6nen otomobilin s\u00fcr\u00fcc\u00fcs\u00fc Birdal ise kendi \u00e7abalar\u0131yla ara\u00e7tan sa\u011f \u00e7\u0131kt\u0131. Olay yerine \u00e7a\u011fr\u0131lan 112 Acil Servis ekipleri taraf\u0131ndan s\u00fcr\u00fcc\u00fc Birdal tedbir ama\u00e7l\u0131 hastaneye kald\u0131r\u0131ld\u0131.<\/p>\n<p>Kazayla ilgili soru\u015fturma ba\u015flat\u0131ld\u0131.<div class=\"tiled-gallery type-rectangular tiled-gallery-unresized\" data-original-width=\"500\" data-carousel-extra='null' itemscope itemtype=\"http:\/\/schema.org\/ImageGallery\" > <div class=\"gallery-row\" style=\"width: 500px; height: 142px;\" data-original-width=\"500\" data-original-height=\"142\" > <div class=\"gallery-group images-1\" style=\"width: 250px; height: 142px;\" data-original-width=\"250\" data-original-height=\"142\" > <div class=\"tiled-gallery-item tiled-gallery-item-small\" itemprop=\"associatedMedia\" itemscope itemtype=\"http:\/\/schema.org\/ImageObject\"> <a href=\"http:\/\/www.tvturk.com\/index.php\/defalarca-takla-atan-aractan-sag-cikti\/defalarca-takla-atan-aractan-sag-cikti-3\/\" border=\"0\" itemprop=\"url\"> <meta itemprop=\"width\" content=\"246\"> <meta itemprop=\"height\" content=\"138\"> <img decoding=\"async\" class=\"\" data-attachment-id=\"73326\" data-orig-file=\"http:\/\/www.tvturk.com\/wp-content\/uploads\/2019\/03\/defalarca-takla-atan-aractan-sag-cikti_974ed59.jpg\" data-orig-size=\"1000,562\" data-comments-opened=\"\" data-image-meta=\"{&quot;aperture&quot;:&quot;0&quot;,&quot;credit&quot;:&quot;IHA&quot;,&quot;camera&quot;:&quot;&quot;,&quot;caption&quot;:&quot;KIRIKKALE\\u2019DE SEY\\u0130R HAL\\u0130NDE DEFALARCA TAKLA ATARAK TARLAYA YUVARLANAN OTOMOB\\u0130L\\u0130N S\\u00dcR\\u00dcC\\u00dcS\\u00dc KAZAYI HAF\\u0130F YARALI OLARAK ATLATTI. (HASAN AY\\\/KIRIKKALE-\\u0130HA)&quot;,&quot;created_timestamp&quot;:&quot;0&quot;,&quot;copyright&quot;:&quot;\\u0130HLAS HABER AJANSI, www.iha.com.tr&quot;,&quot;focal_length&quot;:&quot;0&quot;,&quot;iso&quot;:&quot;0&quot;,&quot;shutter_speed&quot;:&quot;0&quot;,&quot;title&quot;:&quot;DEFALARCA TAKLA ATAN ARA\\u00c7TAN SA\\u011e \\u00c7IKTI&quot;,&quot;orientation&quot;:&quot;0&quot;}\" data-image-title=\"Defalarca takla atan ara\u00e7tan sa\u011f \u00e7\u0131kt\u0131\" data-image-description=\"&lt;p&gt;Defalarca takla atan ara\u00e7tan sa\u011f \u00e7\u0131kt\u0131&lt;\/p&gt; \" data-medium-file=\"https:\/\/i0.wp.com\/www.tvturk.com\/wp-content\/uploads\/2019\/03\/defalarca-takla-atan-aractan-sag-cikti_974ed59.jpg?fit=300%2C169\" data-large-file=\"https:\/\/i0.wp.com\/www.tvturk.com\/wp-content\/uploads\/2019\/03\/defalarca-takla-atan-aractan-sag-cikti_974ed59.jpg?fit=1000%2C562\" src=\"https:\/\/i0.wp.com\/www.tvturk.com\/wp-content\/uploads\/2019\/03\/defalarca-takla-atan-aractan-sag-cikti_974ed59.jpg?w=246&#038;h=138\" srcset=\"https:\/\/i0.wp.com\/www.tvturk.com\/wp-content\/uploads\/2019\/03\/defalarca-takla-atan-aractan-sag-cikti_974ed59.jpg?w=1000 1000w, https:\/\/i0.wp.com\/www.tvturk.com\/wp-content\/uploads\/2019\/03\/defalarca-takla-atan-aractan-sag-cikti_974ed59.jpg?resize=150%2C84 150w, https:\/\/i0.wp.com\/www.tvturk.com\/wp-content\/uploads\/2019\/03\/defalarca-takla-atan-aractan-sag-cikti_974ed59.jpg?resize=300%2C169 300w, https:\/\/i0.wp.com\/www.tvturk.com\/wp-content\/uploads\/2019\/03\/defalarca-takla-atan-aractan-sag-cikti_974ed59.jpg?resize=768%2C432 768w, https:\/\/i0.wp.com\/www.tvturk.com\/wp-content\/uploads\/2019\/03\/defalarca-takla-atan-aractan-sag-cikti_974ed59.jpg?resize=200%2C113 200w\" width=\"246\" height=\"138\" loading=\"lazy\" data-original-width=\"246\" data-original-height=\"138\" itemprop=\"http:\/\/schema.org\/image\" title=\"Defalarca takla atan ara\u00e7tan sa\u011f \u00e7\u0131kt\u0131\" alt=\"Defalarca takla atan ara\u00e7tan sa\u011f \u00e7\u0131kt\u0131\" style=\"width: 246px; height: 138px;\" \/> <\/a> <\/div> <\/div> <!-- close group --> <div class=\"gallery-group images-1\" style=\"width: 250px; height: 142px;\" data-original-width=\"250\" data-original-height=\"142\" > <div class=\"tiled-gallery-item tiled-gallery-item-small\" itemprop=\"associatedMedia\" itemscope itemtype=\"http:\/\/schema.org\/ImageObject\"> <a href=\"http:\/\/www.tvturk.com\/index.php\/defalarca-takla-atan-aractan-sag-cikti\/defalarca-takla-atan-aractan-sag-cikti-4\/\" border=\"0\" itemprop=\"url\"> <meta itemprop=\"width\" content=\"246\"> <meta itemprop=\"height\" content=\"138\"> <img decoding=\"async\" class=\"\" data-attachment-id=\"73327\" data-orig-file=\"http:\/\/www.tvturk.com\/wp-content\/uploads\/2019\/03\/defalarca-takla-atan-aractan-sag-cikti_89792e0.jpg\" data-orig-size=\"1000,562\" data-comments-opened=\"\" data-image-meta=\"{&quot;aperture&quot;:&quot;0&quot;,&quot;credit&quot;:&quot;IHA&quot;,&quot;camera&quot;:&quot;&quot;,&quot;caption&quot;:&quot;KIRIKKALE\\u2019DE SEY\\u0130R HAL\\u0130NDE DEFALARCA TAKLA ATARAK TARLAYA YUVARLANAN OTOMOB\\u0130L\\u0130N S\\u00dcR\\u00dcC\\u00dcS\\u00dc KAZAYI HAF\\u0130F YARALI OLARAK ATLATTI. (HASAN AY\\\/KIRIKKALE-\\u0130HA)&quot;,&quot;created_timestamp&quot;:&quot;0&quot;,&quot;copyright&quot;:&quot;\\u0130HLAS HABER AJANSI, www.iha.com.tr&quot;,&quot;focal_length&quot;:&quot;0&quot;,&quot;iso&quot;:&quot;0&quot;,&quot;shutter_speed&quot;:&quot;0&quot;,&quot;title&quot;:&quot;DEFALARCA TAKLA ATAN ARA\\u00c7TAN SA\\u011e \\u00c7IKTI&quot;,&quot;orientation&quot;:&quot;0&quot;}\" data-image-title=\"Defalarca takla atan ara\u00e7tan sa\u011f \u00e7\u0131kt\u0131\" data-image-description=\"&lt;p&gt;Defalarca takla atan ara\u00e7tan sa\u011f \u00e7\u0131kt\u0131&lt;\/p&gt; \" data-medium-file=\"https:\/\/i0.wp.com\/www.tvturk.com\/wp-content\/uploads\/2019\/03\/defalarca-takla-atan-aractan-sag-cikti_89792e0.jpg?fit=300%2C169\" data-large-file=\"https:\/\/i0.wp.com\/www.tvturk.com\/wp-content\/uploads\/2019\/03\/defalarca-takla-atan-aractan-sag-cikti_89792e0.jpg?fit=1000%2C562\" src=\"https:\/\/i0.wp.com\/www.tvturk.com\/wp-content\/uploads\/2019\/03\/defalarca-takla-atan-aractan-sag-cikti_89792e0.jpg?w=246&#038;h=138\" srcset=\"https:\/\/i0.wp.com\/www.tvturk.com\/wp-content\/uploads\/2019\/03\/defalarca-takla-atan-aractan-sag-cikti_89792e0.jpg?w=1000 1000w, https:\/\/i0.wp.com\/www.tvturk.com\/wp-content\/uploads\/2019\/03\/defalarca-takla-atan-aractan-sag-cikti_89792e0.jpg?resize=150%2C84 150w, https:\/\/i0.wp.com\/www.tvturk.com\/wp-content\/uploads\/2019\/03\/defalarca-takla-atan-aractan-sag-cikti_89792e0.jpg?resize=300%2C169 300w, https:\/\/i0.wp.com\/www.tvturk.com\/wp-content\/uploads\/2019\/03\/defalarca-takla-atan-aractan-sag-cikti_89792e0.jpg?resize=768%2C432 768w, https:\/\/i0.wp.com\/www.tvturk.com\/wp-content\/uploads\/2019\/03\/defalarca-takla-atan-aractan-sag-cikti_89792e0.jpg?resize=200%2C113 200w\" width=\"246\" height=\"138\" loading=\"lazy\" data-original-width=\"246\" data-original-height=\"138\" itemprop=\"http:\/\/schema.org\/image\" title=\"Defalarca takla atan ara\u00e7tan sa\u011f \u00e7\u0131kt\u0131\" alt=\"Defalarca takla atan ara\u00e7tan sa\u011f \u00e7\u0131kt\u0131\" style=\"width: 246px; height: 138px;\" \/> <\/a> <\/div> <\/div> <!-- close group --> <\/div> <!-- close row --> <div class=\"gallery-row\" style=\"width: 500px; height: 283px;\" data-original-width=\"500\" data-original-height=\"283\" > <div class=\"gallery-group images-1\" style=\"width: 500px; height: 283px;\" data-original-width=\"500\" data-original-height=\"283\" > <div class=\"tiled-gallery-item tiled-gallery-item-large\" itemprop=\"associatedMedia\" itemscope itemtype=\"http:\/\/schema.org\/ImageObject\"> <a href=\"http:\/\/www.tvturk.com\/index.php\/defalarca-takla-atan-aractan-sag-cikti\/defalarca-takla-atan-aractan-sag-cikti-5\/\" border=\"0\" itemprop=\"url\"> <meta itemprop=\"width\" content=\"496\"> <meta itemprop=\"height\" content=\"279\"> <img decoding=\"async\" class=\"\" data-attachment-id=\"73328\" data-orig-file=\"http:\/\/www.tvturk.com\/wp-content\/uploads\/2019\/03\/defalarca-takla-atan-aractan-sag-cikti_6d2b0eb.jpg\" data-orig-size=\"1000,562\" data-comments-opened=\"\" data-image-meta=\"{&quot;aperture&quot;:&quot;0&quot;,&quot;credit&quot;:&quot;IHA&quot;,&quot;camera&quot;:&quot;&quot;,&quot;caption&quot;:&quot;KIRIKKALE\\u2019DE SEY\\u0130R HAL\\u0130NDE DEFALARCA TAKLA ATARAK TARLAYA YUVARLANAN OTOMOB\\u0130L\\u0130N S\\u00dcR\\u00dcC\\u00dcS\\u00dc KAZAYI HAF\\u0130F YARALI OLARAK ATLATTI. (HASAN AY\\\/KIRIKKALE-\\u0130HA)&quot;,&quot;created_timestamp&quot;:&quot;0&quot;,&quot;copyright&quot;:&quot;\\u0130HLAS HABER AJANSI, www.iha.com.tr&quot;,&quot;focal_length&quot;:&quot;0&quot;,&quot;iso&quot;:&quot;0&quot;,&quot;shutter_speed&quot;:&quot;0&quot;,&quot;title&quot;:&quot;DEFALARCA TAKLA ATAN ARA\\u00c7TAN SA\\u011e \\u00c7IKTI&quot;,&quot;orientation&quot;:&quot;0&quot;}\" data-image-title=\"Defalarca takla atan ara\u00e7tan sa\u011f \u00e7\u0131kt\u0131\" data-image-description=\"&lt;p&gt;Defalarca takla atan ara\u00e7tan sa\u011f \u00e7\u0131kt\u0131&lt;\/p&gt; \" data-medium-file=\"https:\/\/i0.wp.com\/www.tvturk.com\/wp-content\/uploads\/2019\/03\/defalarca-takla-atan-aractan-sag-cikti_6d2b0eb.jpg?fit=300%2C169\" data-large-file=\"https:\/\/i0.wp.com\/www.tvturk.com\/wp-content\/uploads\/2019\/03\/defalarca-takla-atan-aractan-sag-cikti_6d2b0eb.jpg?fit=1000%2C562\" src=\"https:\/\/i0.wp.com\/www.tvturk.com\/wp-content\/uploads\/2019\/03\/defalarca-takla-atan-aractan-sag-cikti_6d2b0eb.jpg?w=496&#038;h=279\" srcset=\"https:\/\/i0.wp.com\/www.tvturk.com\/wp-content\/uploads\/2019\/03\/defalarca-takla-atan-aractan-sag-cikti_6d2b0eb.jpg?w=1000 1000w, https:\/\/i0.wp.com\/www.tvturk.com\/wp-content\/uploads\/2019\/03\/defalarca-takla-atan-aractan-sag-cikti_6d2b0eb.jpg?resize=150%2C84 150w, https:\/\/i0.wp.com\/www.tvturk.com\/wp-content\/uploads\/2019\/03\/defalarca-takla-atan-aractan-sag-cikti_6d2b0eb.jpg?resize=300%2C169 300w, https:\/\/i0.wp.com\/www.tvturk.com\/wp-content\/uploads\/2019\/03\/defalarca-takla-atan-aractan-sag-cikti_6d2b0eb.jpg?resize=768%2C432 768w, https:\/\/i0.wp.com\/www.tvturk.com\/wp-content\/uploads\/2019\/03\/defalarca-takla-atan-aractan-sag-cikti_6d2b0eb.jpg?resize=200%2C113 200w\" width=\"496\" height=\"279\" loading=\"lazy\" data-original-width=\"496\" data-original-height=\"279\" itemprop=\"http:\/\/schema.org\/image\" title=\"Defalarca takla atan ara\u00e7tan sa\u011f \u00e7\u0131kt\u0131\" alt=\"Defalarca takla atan ara\u00e7tan sa\u011f \u00e7\u0131kt\u0131\" style=\"width: 496px; height: 279px;\" \/> <\/a> <\/div> <\/div> <!-- close group --> <\/div> <!-- close row --> <\/div><\/p>\n","protected":false},"excerpt":{"rendered":"<p>KIRIKKALE\u2019DE SEY\u0130R HAL\u0130NDE DEFALARCA TAKLA ATARAK TARLAYA YUVARLANAN OTOMOB\u0130L\u0130N S\u00dcR\u00dcC\u00dcS\u00dc KAZAYI HAF\u0130F YARALI OLARAK ATLATTI.<\/p>\n","protected":false},"author":1,"featured_media":73325,"comment_status":"closed","ping_status":"open","sticky":false,"template":"","format":"standard","meta":{"jetpack_post_was_ever_published":false,"_jetpack_newsletter_access":"","_jetpack_dont_email_post_to_subs":false,"_jetpack_newsletter_tier_id":0,"_jetpack_memberships_contains_paywalled_content":false,"_jetpack_memberships_contains_paid_content":false,"footnotes":"","jetpack_publicize_message":"","jetpack_publicize_feature_enabled":true,"jetpack_social_post_already_shared":true,"jetpack_social_options":{"image_generator_settings":{"template":"highway","default_image_id":0,"font":"","enabled":false},"version":2}},"categories":[655],"tags":[2263,9781,1202,21433,1785,2874],"class_list":["post-73324","post","type-post","status-publish","format-standard","has-post-thumbnail","hentry","category-son-dakika","tag-aractan","tag-atan","tag-cikti","tag-defalarca","tag-sag","tag-takla"],"jetpack_publicize_connections":[],"jetpack_featured_media_url":"https:\/\/i0.wp.com\/www.tvturk.com\/wp-content\/uploads\/2019\/03\/defalarca-takla-atan-aractan-sag-cikti_8ab31d0.jpg?fit=1000%2C562","jetpack_sharing_enabled":true,"jetpack_shortlink":"https:\/\/wp.me\/paKIfm-j4E","_links":{"self":[{"href":"http:\/\/www.tvturk.com\/index.php\/wp-json\/wp\/v2\/posts\/73324","targetHints":{"allow":["GET"]}}],"collection":[{"href":"http:\/\/www.tvturk.com\/index.php\/wp-json\/wp\/v2\/posts"}],"about":[{"href":"http:\/\/www.tvturk.com\/index.php\/wp-json\/wp\/v2\/types\/post"}],"author":[{"embeddable":true,"href":"http:\/\/www.tvturk.com\/index.php\/wp-json\/wp\/v2\/users\/1"}],"replies":[{"embeddable":true,"href":"http:\/\/www.tvturk.com\/index.php\/wp-json\/wp\/v2\/comments?post=73324"}],"version-history":[{"count":1,"href":"http:\/\/www.tvturk.com\/index.php\/wp-json\/wp\/v2\/posts\/73324\/revisions"}],"predecessor-version":[{"id":73329,"href":"http:\/\/www.tvturk.com\/index.php\/wp-json\/wp\/v2\/posts\/73324\/revisions\/73329"}],"wp:featuredmedia":[{"embeddable":true,"href":"http:\/\/www.tvturk.com\/index.php\/wp-json\/wp\/v2\/media\/73325"}],"wp:attachment":[{"href":"http:\/\/www.tvturk.com\/index.php\/wp-json\/wp\/v2\/media?parent=73324"}],"wp:term":[{"taxonomy":"category","embeddable":true,"href":"http:\/\/www.tvturk.com\/index.php\/wp-json\/wp\/v2\/categories?post=73324"},{"taxonomy":"post_tag","embeddable":true,"href":"http:\/\/www.tvturk.com\/index.php\/wp-json\/wp\/v2\/tags?post=73324"}],"curies":[{"name":"wp","href":"https:\/\/api.w.org\/{rel}","templated":true}]}}