{"id":73330,"date":"2019-03-05T21:07:03","date_gmt":"2019-03-05T18:07:03","guid":{"rendered":"http:\/\/www.tvturk.com\/index.php\/corludaki-tren-kazasi-iddianamesi-kabul-edildi\/"},"modified":"2019-03-05T21:07:08","modified_gmt":"2019-03-05T18:07:08","slug":"corludaki-tren-kazasi-iddianamesi-kabul-edildi","status":"publish","type":"post","link":"http:\/\/www.tvturk.com\/index.php\/corludaki-tren-kazasi-iddianamesi-kabul-edildi\/","title":{"rendered":"\u00c7orlu\u2019daki tren kazas\u0131 iddianamesi kabul edildi"},"content":{"rendered":"<p>TEK\u0130RDA\u011e (\u0130HA) \u2013 Tekirda\u011f\u2019\u0131n \u00c7orlu il\u00e7esinde 8 Temmuz 2018 tarihinde meydana gelen ve 25 ki\u015finin hayat\u0131n\u0131 kaybetti\u011fi tren kazas\u0131yla ilgili \u00c7orlu Cumhuriyet Ba\u015fsavc\u0131l\u0131\u011f\u0131 taraf\u0131ndan haz\u0131rlanan iddianame \u00c7orlu 1. A\u011f\u0131r Ceza Mahkemesi taraf\u0131ndan kabul edildi.<\/p>\n<p>Kazan\u0131n ard\u0131ndan haz\u0131rlanan bilirki\u015fi raporlar\u0131 uyar\u0131nca da asli kusurlu g\u00f6r\u00fclen TCDD 1.  B\u00f6lge M\u00fcd\u00fcrl\u00fc\u011f\u00fc Halkal\u0131 14. Demir Yolu Bak\u0131m M\u00fcd\u00fcrl\u00fc\u011f\u00fc Demir Yolu Bak\u0131m M\u00fcd\u00fcr\u00fc Turgut Kurt, \u00c7erkezk\u00f6y 143 Yol Bak\u0131m \u015eefli\u011fi Yol Bak\u0131m ve Onar\u0131m \u015eefi \u00d6zkan Polat, K\u00f6pr\u00fcler \u015eefi \u00c7etin Y\u0131ld\u0131r\u0131m ve Hat Bak\u0131m Onar\u0131m Memuru Celaleddin \u00c7abuk hakk\u0131nda \u00c7orlu Cumhuriyet Ba\u015fsavc\u0131l\u0131\u011f\u0131 taraf\u0131ndan da Cumhuriyet Ba\u015fsavc\u0131s\u0131 Galip Y\u0131lmaz \u00d6zkur\u015fun taraf\u0131ndan taksirle \u00f6l\u00fcme ve yaralanmaya neden olma su\u00e7undan tanzim edilen iddianame \u00c7orlu 1. A\u011f\u0131r Ceza Mahkemesi taraf\u0131ndan kabul edildi.<\/p>\n<p>\u0130ddianamede, kazan\u0131n ray ve traverslerin alt\u0131ndaki menfezin \u00fcst taraf\u0131nda bulunan balast ve dolgu zeminin bo\u015falmas\u0131 ve hareket halindeki lokomotifin a\u011f\u0131rl\u0131\u011f\u0131 ile alt\u0131 bo\u015f raylar\u0131n esnemesi ve a\u00e7\u0131lmas\u0131, 2. vagondan itibaren dizinin devrilerek s\u00fcr\u00fcklenmesi neticesinde ger\u00e7ekle\u015fti\u011finin tespit edildi\u011fi bilgisine yer verildi.<\/p>\n<p>\u0130ddianamede yer alan bilgiye g\u00f6re yap\u0131lan incelemede ask\u0131da kalan travers ile hat dolgusu aras\u0131ndaki kot fark\u0131n\u0131n 65 ila 104 santimetre aras\u0131nda de\u011fi\u015fti\u011fi, alt\u0131 bo\u015falan kesimde sadece dolgu zeminin kald\u0131\u011f\u0131 ve balast tabakas\u0131n\u0131n mansap taraf\u0131na ta\u015f\u0131nd\u0131\u011f\u0131 bilgisine yer verildi. \u0130ddianamede ayr\u0131ca menfezin 1,5 metre geni\u015fli\u011finde ve 2 metre y\u00fcksekli\u011finde ve kargir yap\u0131da oldu\u011fu muhtemelen \u0130stanbul &#8211; Edirne hatt\u0131n\u0131n imal edildi\u011fi y\u0131l olan 1873 y\u0131l\u0131nda yap\u0131ld\u0131\u011f\u0131 yani yakla\u015f\u0131k 145 y\u0131ll\u0131k menfez oldu\u011fu da kaydedildi.<\/p>\n<p>TCDD g\u00f6revlilerinin g\u00f6rev ve yetkilerine de at\u0131fta  bulunulan iddianamede TCDD 1.  B\u00f6lge M\u00fcd\u00fcrl\u00fc\u011f\u00fc Halkal\u0131 14. Demir Yolu Bak\u0131m M\u00fcd\u00fcrl\u00fc\u011f\u00fc Demir Yolu Bak\u0131m M\u00fcd\u00fcr\u00fc Turgut Kurt, \u00c7erkezk\u00f6y 143 Yol Bak\u0131m \u015eefli\u011fi Yol Bak\u0131m ve Onar\u0131m \u015eefi \u00d6zkan Polat, K\u00f6pr\u00fcler \u015eefi \u00c7etin Y\u0131ld\u0131r\u0131m ve Hat Bak\u0131m Onar\u0131m Memuru Celaleddin \u00c7abuk\u2019un ilk savunmalar\u0131ndaki ifadelerine de yer verildi.<\/p>\n<p>\u201cKusur ve ihmal iddialar\u0131n\u0131 kabul etmiyorum\u201d<\/p>\n<p>TCDD b\u00fcnyesinde k\u00f6pr\u00fcler \u015fefi olarak g\u00f6rev yapan ve May\u0131s 2018 tarihli sentetik umumi muayene raporunda imzas\u0131 bulunan \u00c7etin Y\u0131ld\u0131r\u0131m\u2019\u0131n ifadesinde 2015 y\u0131l\u0131 Mart ay\u0131ndan bu yana TCDD b\u00fcnyesinde k\u00f6pr\u00fcler \u015fefi olarak g\u00f6rev yapt\u0131\u011f\u0131n\u0131 sorumluluk b\u00f6lgesinin Kap\u0131kule\u2019den Eski\u015fehir\u2019e kadar yakla\u015f\u0131k 750 kilometrelik bir hat oldu\u011funu bu hat i\u00e7erisinde 250 adet k\u00f6pr\u00fc ve 2 bin 500 adet menfez ve \u00fcst ge\u00e7it bulundu\u011funu s\u00f6yledi\u011fi kaydedildi. Bu menfez ve k\u00f6pr\u00fcleri y\u0131lda 2 defa kontrol etmesi g\u00f6revinin bulundu\u011funu belirten \u00c7etin Y\u0131ld\u0131r\u0131m\u2019\u0131n, \u201cBu muayeneler de Eyl\u00fcl ve Nisan aylar\u0131nda zaman\u0131nda yap\u0131l\u0131p evraklar\u0131 tanzim edilmi\u015ftir. Bu kazan\u0131n oldu\u011fu menfezde 11 May\u0131s 2018 tarihinde muayeneyi ger\u00e7ekle\u015ftirdik. Muayene neticesinde hi\u00e7bir olumsuzluk yoktu. Yap\u0131lan muayene g\u00f6zle yap\u0131lan muayenedir. Menfez halen \u00e7al\u0131\u015fmaktad\u0131r. Ya\u011f\u0131\u015flardan \u00f6nce yol kontrol\u00fc ve denetimine ili\u015fkin belirtilen uyar\u0131 ve emirler benim g\u00f6rev tan\u0131m\u0131m i\u00e7erisinde yoktur. Ben ancak deprem, sel gibi do\u011fal afetler sonras\u0131 muayene yapmakla y\u00fck\u00fcml\u00fcy\u00fcm. Sorumlu oldu\u011fum m\u0131nt\u0131kan\u0131n \u00e7ok geni\u015f olmas\u0131 sebebiyle her ya\u011fmur ihbar\u0131nda benim yakla\u015f\u0131k 250 k\u00f6pr\u00fc ve 2 bin 500 menfezi kontrol etmem s\u00f6z konusu de\u011fildir. Bilirki\u015fi raporundaki kusur ve ihmal iddialar\u0131n\u0131 kabul etmiyorum, rapora itiraz ediyorum\u201d \u015feklinde beyanda bulundu\u011fu kaydedildi.<\/p>\n<p>TCDD 1. B\u00f6lge M\u00fcd\u00fcrl\u00fc\u011f\u00fc Halkal\u0131 14. Demiryolu Bak\u0131m M\u00fcd\u00fcrl\u00fc\u011f\u00fc \u00c7erkezk\u00f6y 143. Yol Bak\u0131m \u015eefli\u011fi\u2019nde hat bak\u0131m ve onar\u0131m memuru olarak g\u00f6rev yapan Celaleddin \u00c7abuk\u2019un ise ifadesinde 1988 y\u0131l\u0131ndan bu yana \u00e7al\u0131\u015ft\u0131\u011f\u0131n\u0131 s\u00f6yledi\u011fi, Bak\u0131m \u015eefi \u00d6zkan Polat\u2019\u0131n emirleri do\u011frultusunda g\u00f6rev yapt\u0131\u011f\u0131n\u0131 belirtti\u011fi kaydedildi.<\/p>\n<p>\u201c\u00c7erkezk\u00f6y\u2019den getirdi\u011fimiz ta\u015flar\u0131 kulland\u0131k\u201d<\/p>\n<p>Kazada herhangi bir kusuru olmad\u0131\u011f\u0131n\u0131 \u00f6ne s\u00fcren ve su\u00e7lamay\u0131 kabul etmeyen \u00c7abuk olay g\u00fcn\u00fcne ili\u015fkin ise \u015fu bilgileri aktard\u0131: \u201cKazan\u0131n ya\u015fand\u0131\u011f\u0131 g\u00fcn saat 17.15 s\u0131ralar\u0131nda \u00c7erkezk\u00f6y\u2019deki hareket memuru telsizle \u00d6zkan Polat\u2019a kazan\u0131n ya\u015fand\u0131\u011f\u0131n\u0131 bildirdi. \u00d6zkan Polat bana eve gitmemi herhangi bir durum olursa beni arayaca\u011f\u0131n\u0131 s\u00f6yledi. Eve girdikten 10-15 dakika sonra \u00d6zkan Polat beni telefonla arayarak olay\u0131n vahametini anlatt\u0131 ve olay yerine karayolu ile gitti\u011fini ve i\u015f\u00e7ileri toplayarak bekledim. Gece yar\u0131s\u0131 \u00d6zkan Polat arayarak bir vagon ta\u015f y\u00fckleyip kazan\u0131n oldu\u011fu yere i\u015f\u00e7ilerle birlikte gelmemi s\u00f6yledi. Kaza mahalline gitti\u011fimizde getirdi\u011fimiz ta\u015flar\u0131 indiremedik, Olaydan birka\u00e7 g\u00fcn sonra vagonlar vin\u00e7lerle \u00e7ekildikten sonra yol yenilemesini yaparken \u00c7erkezk\u00f6y\u2019den getirdi\u011fimiz ta\u015flar\u0131 kulland\u0131k. Bilirki\u015fi heyeti taraf\u0131ndan tanzim edilen rapordaki kazada kusurum ve ihmalim oldu\u011fu iddialar\u0131n\u0131 kabul etmiyorum. Benim olayda herhangi bir ihmal ve kusurum yoktur.\u201d<\/p>\n<p>TCDD 1. B\u00f6lge M\u00fcd\u00fcrl\u00fc\u011f\u00fc Halkal\u0131 14. Demir Yolu Bak\u0131m M\u00fcd\u00fcrl\u00fc\u011f\u00fc Demir Yolu Bak\u0131m M\u00fcd\u00fcr\u00fc Turgut Kurt\u2019un \u00c7orlu Cumhuriyet Savc\u0131l\u0131\u011f\u0131na verdi\u011fi savunmas\u0131nda, g\u00f6revinin ayda iki defa otodirezin ile hatt\u0131 gezmek ve g\u00f6z ile muayene etmek ayr\u0131ca bir kez de lokomotif veya tren ile hatt\u0131 gezmek  oldu\u011funu belirtti.  G\u00f6revini ve turnelerini zaman\u0131nda yapt\u0131\u011f\u0131n\u0131 \u00f6ne s\u00fcren Kurt, Kazadan \u00f6nce de 26 Haziran 2018 tarihinde Yol M\u00fcd\u00fcr Yard\u0131mc\u0131s\u0131 Levent Kaytan ile gerekli kontrol\u00fc yapt\u0131\u011f\u0131n\u0131 ve o turnede herhangi bir olumsuzluk tespit etmedi\u011fini s\u00f6yledi.<\/p>\n<p>\u201cKaza \u00f6ncesinde bu konuda herhangi bir ihbar gelmemi\u015fti\u201d<\/p>\n<p>Savunmas\u0131nda kazan\u0131n olu\u015f sebebine ili\u015fkin bilgiye de yer veren Turgut Kurt, \u201cO menfeze k\u0131sa s\u00fcrede ta\u015f\u0131yamayaca\u011f\u0131 kadar ya\u011fmur ve sel suyunun gelmesi sonucu suyun \u00fcsten ta\u015f\u0131p yolun alt\u0131n\u0131 bo\u015faltmas\u0131na  sebep olmas\u0131d\u0131r. Bana o g\u00fcn kaza \u00f6ncesinde bu konuda herhangi bir ihbar gelmemi\u015fti. Civar istasyonlarda g\u00f6revli personel de herhangi bir ihbar ve uyar\u0131da bulunmam\u0131\u015ft\u0131r. \u00c7\u00fcnk\u00fc o istasyonlar\u0131n b\u00f6lgelerine de \u00e7ok ciddi ya\u011f\u0131\u015f d\u00fc\u015fmemi\u015ftir. Raporda \u00e7ok b\u00fcy\u00fck ya\u011f\u0131\u015flardan sonra menfezlerin ve k\u00f6pr\u00fclerin kontrollerinin  yapt\u0131r\u0131lmas\u0131 konusundan bahsedilse de taraf\u0131m\u0131za ula\u015fan bir ihbar olmad\u0131\u011f\u0131 i\u00e7in  b\u00f6yle bir kontrol ve denetim yapt\u0131rma durumumuz olmam\u0131\u015ft\u0131r. Kaza g\u00fcn\u00fc yo\u011fun bak\u0131m onar\u0131m \u015fefi \u00d6zkan Polat \u00c7erkezk\u00f6y\u2019de g\u00f6revinin ba\u015f\u0131ndayd\u0131 ve makas at\u0131yordu. Ona bu konuda bir ihbar gelmemi\u015ftir, gelseydi zaten gidip kontrol\u00fcn\u00fc yapard\u0131. Ani olu\u015fan bir ya\u011f\u0131\u015f ve sel sonucu menfez topra\u011f\u0131 bo\u015falm\u0131\u015ft\u0131r. Ben kaza g\u00fcn\u00fc \u0130stanbul\u2019dayd\u0131m. Zaten g\u00f6rev yerim de \u0130stanbul\u2019dad\u0131r. Oradaki ya\u011f\u0131\u015f\u0131 g\u00f6rmem veya bilmem m\u00fcmk\u00fcn de\u011fildir. Dolay\u0131s\u0131yla kazada benim bir ihmal veya kusurum yoktur\u201d dedi.<\/p>\n<p>\u201cG\u00f6revimi en iyi \u015fekilde yerine getirdi\u011fimi d\u00fc\u015f\u00fcn\u00fcyorum\u201d<\/p>\n<p>\u00c7erkezk\u00f6y 143. Yol Bak\u0131m \u015eefli\u011fi Yol Bak\u0131m ve Onar\u0131m \u015eefi \u00d6zkan Polat da \u00fczerine at\u0131l\u0131 su\u00e7lamay\u0131 kabul etmeyerek, 2001 y\u0131l\u0131ndan beri \u00c7erkezk\u00f6y\u2019de  yol bak\u0131m ve onar\u0131m \u015fefi olarak g\u00f6rev yapt\u0131\u011f\u0131n\u0131 belirtti. Polat, \u201cKaza g\u00fcn\u00fc b\u00f6lgemde \u00c7erkezk\u00f6y \u0130stasyonu\u2019nda trenlerin ayr\u0131 ayr\u0131 yollara girmesini sa\u011flayan makas ad\u0131 verilen 35 metre uzunlu\u011funda bir tesisin yenilenmesi \u00e7al\u0131\u015fmalar\u0131n\u0131 yapan TRS firmas\u0131 ile beraber \u00e7al\u0131\u015f\u0131yordum. Eski makas sistemini s\u00f6kt\u00fck ve yerinden temizledik. Bundan sonra yeni makas kurum  \u00e7al\u0131\u015fmalar\u0131na ba\u015flad\u0131k. Saat sistemini s\u00f6kt\u00fck ve yerinden temizledik. Yeni makas  kurum \u00e7al\u0131\u015fmalar\u0131na ba\u015flad\u0131k. Saat 15.30-16.00\u2019dan sonra hava kapanm\u0131\u015ft\u0131. Hafif ya\u011f\u0131\u015f hissedildi\u011fi, bundan hava gayet s\u0131cakt\u0131. Paletli makineyle kaz\u0131 i\u015flemleri gayet rahat yap\u0131ld\u0131. \u00c7\u00fcnk\u00fc yap\u0131\u015f yoktu. B\u00f6yle bir yap\u0131\u015f olaca\u011f\u0131 zaten bilinseydi o g\u00fcn o i\u015fi planlamazd\u0131k. Rapordaki kusur ve ihmal iddialar\u0131n\u0131 kabul etmiyorum, g\u00f6revimi en iyi \u015fekilde yerine getirdi\u011fimi d\u00fc\u015f\u00fcn\u00fcyorum\u201d diyerek savunma yapt\u0131.<\/p>\n<p>\u00c7orlu 1. A\u011f\u0131r Ceza Mahkemesi taraf\u0131ndan kabul edilen iddianamede TCDD 1.  B\u00f6lge M\u00fcd\u00fcrl\u00fc\u011f\u00fc Halkal\u0131 14. Demir Yolu Bak\u0131m M\u00fcd\u00fcrl\u00fc\u011f\u00fc Demir Yolu Bak\u0131m M\u00fcd\u00fcr\u00fc Turgut Kurt, \u00c7erkezk\u00f6y 143 Yol Bak\u0131m \u015eefli\u011fi Yol Bak\u0131m ve Onar\u0131m \u015eefi \u00d6zkan Polat, K\u00f6pr\u00fcler \u015eefi \u00c7etin Y\u0131ld\u0131r\u0131m ve Hat Bak\u0131m Onar\u0131m Memuru Celaleddin \u00c7abuk hakk\u0131nda her bir \u015f\u00fcpheli i\u00e7in ayr\u0131 ayr\u0131 T\u00fcrk Ceza Kanunu 85\/2 maddesi uyar\u0131nca ceza talep edildi. San\u0131klar 2 y\u0131ldan 15 y\u0131la kadar hapis cezas\u0131 istemiyle yarg\u0131lanacak.<div class=\"tiled-gallery type-rectangular tiled-gallery-unresized\" data-original-width=\"500\" data-carousel-extra='null' itemscope itemtype=\"http:\/\/schema.org\/ImageGallery\" > <div class=\"gallery-row\" style=\"width: 500px; height: 227px;\" data-original-width=\"500\" data-original-height=\"227\" > <div class=\"gallery-group images-2\" style=\"width: 199px; height: 227px;\" data-original-width=\"199\" data-original-height=\"227\" > <div class=\"tiled-gallery-item tiled-gallery-item-small\" itemprop=\"associatedMedia\" itemscope itemtype=\"http:\/\/schema.org\/ImageObject\"> <a href=\"http:\/\/www.tvturk.com\/index.php\/corludaki-tren-kazasi-iddianamesi-kabul-edildi\/corludaki-tren-kazasi-iddianamesi-kabul-edildi-3\/\" border=\"0\" itemprop=\"url\"> <meta itemprop=\"width\" content=\"195\"> <meta itemprop=\"height\" content=\"110\"> <img decoding=\"async\" class=\"\" data-attachment-id=\"73332\" data-orig-file=\"http:\/\/www.tvturk.com\/wp-content\/uploads\/2019\/03\/corludaki-tren-kazasi-iddianamesi-kabul-edildi_20d928d.jpg\" data-orig-size=\"1000,562\" data-comments-opened=\"\" data-image-meta=\"{&quot;aperture&quot;:&quot;0&quot;,&quot;credit&quot;:&quot;IHA&quot;,&quot;camera&quot;:&quot;&quot;,&quot;caption&quot;:&quot;TEK\\u0130RDA\\u011e\\u2019IN \\u00c7ORLU \\u0130L\\u00c7ES\\u0130NDE 8 TEMMUZ 2018 TAR\\u0130H\\u0130NDE MEYDANA GELEN VE 25 K\\u0130\\u015e\\u0130N\\u0130N HAYATINI KAYBETT\\u0130\\u011e\\u0130 TREN KAZASIYLA \\u0130LG\\u0130L\\u0130 \\u00c7ORLU CUMHUR\\u0130YET BA\\u015eSAVCILI\\u011eI TARAFINDAN HAZIRLANAN \\u0130DD\\u0130ANAME \\u00c7ORLU 1. A\\u011eIR CEZA MAHKEMES\\u0130 TARAFINDAN KABUL ED\\u0130LD\\u0130. (SERDAR \\u015eAH\\u0130N\\\/TEK\\u0130RDA\\u011e-\\u0130HA)&quot;,&quot;created_timestamp&quot;:&quot;0&quot;,&quot;copyright&quot;:&quot;\\u0130HLAS HABER AJANSI, www.iha.com.tr&quot;,&quot;focal_length&quot;:&quot;0&quot;,&quot;iso&quot;:&quot;0&quot;,&quot;shutter_speed&quot;:&quot;0&quot;,&quot;title&quot;:&quot;\\u00c7ORLU\\u2019DAK\\u0130 TREN KAZASI \\u0130DD\\u0130ANAMES\\u0130 KABUL ED\\u0130LD\\u0130 \\u00c7ORLU TREN KAZASI SANIKLARI 2 YILDAN 15 YILA KADAR HAP\\u0130S CEZASI \\u0130STEM\\u0130YLE YARGILANACAK&quot;,&quot;orientation&quot;:&quot;0&quot;}\" data-image-title=\"\u00c7orlu\u2019daki tren kazas\u0131 iddianamesi kabul edildi\" data-image-description=\"&lt;p&gt;\u00c7orlu\u2019daki tren kazas\u0131 iddianamesi kabul edildi&lt;\/p&gt; \" data-medium-file=\"https:\/\/i0.wp.com\/www.tvturk.com\/wp-content\/uploads\/2019\/03\/corludaki-tren-kazasi-iddianamesi-kabul-edildi_20d928d.jpg?fit=300%2C169\" data-large-file=\"https:\/\/i0.wp.com\/www.tvturk.com\/wp-content\/uploads\/2019\/03\/corludaki-tren-kazasi-iddianamesi-kabul-edildi_20d928d.jpg?fit=1000%2C562\" src=\"https:\/\/i0.wp.com\/www.tvturk.com\/wp-content\/uploads\/2019\/03\/corludaki-tren-kazasi-iddianamesi-kabul-edildi_20d928d.jpg?w=195&#038;h=110\" srcset=\"https:\/\/i0.wp.com\/www.tvturk.com\/wp-content\/uploads\/2019\/03\/corludaki-tren-kazasi-iddianamesi-kabul-edildi_20d928d.jpg?w=1000 1000w, https:\/\/i0.wp.com\/www.tvturk.com\/wp-content\/uploads\/2019\/03\/corludaki-tren-kazasi-iddianamesi-kabul-edildi_20d928d.jpg?resize=150%2C84 150w, https:\/\/i0.wp.com\/www.tvturk.com\/wp-content\/uploads\/2019\/03\/corludaki-tren-kazasi-iddianamesi-kabul-edildi_20d928d.jpg?resize=300%2C169 300w, https:\/\/i0.wp.com\/www.tvturk.com\/wp-content\/uploads\/2019\/03\/corludaki-tren-kazasi-iddianamesi-kabul-edildi_20d928d.jpg?resize=768%2C432 768w, https:\/\/i0.wp.com\/www.tvturk.com\/wp-content\/uploads\/2019\/03\/corludaki-tren-kazasi-iddianamesi-kabul-edildi_20d928d.jpg?resize=200%2C113 200w\" width=\"195\" height=\"110\" loading=\"lazy\" data-original-width=\"195\" data-original-height=\"110\" itemprop=\"http:\/\/schema.org\/image\" title=\"\u00c7orlu\u2019daki tren kazas\u0131 iddianamesi kabul edildi\" alt=\"\u00c7orlu\u2019daki tren kazas\u0131 iddianamesi kabul edildi\" style=\"width: 195px; height: 110px;\" \/> <\/a> <\/div> <div class=\"tiled-gallery-item tiled-gallery-item-small\" itemprop=\"associatedMedia\" itemscope itemtype=\"http:\/\/schema.org\/ImageObject\"> <a href=\"http:\/\/www.tvturk.com\/index.php\/corludaki-tren-kazasi-iddianamesi-kabul-edildi\/corludaki-tren-kazasi-iddianamesi-kabul-edildi-4\/\" border=\"0\" itemprop=\"url\"> <meta itemprop=\"width\" content=\"195\"> <meta itemprop=\"height\" content=\"109\"> <img decoding=\"async\" class=\"\" data-attachment-id=\"73333\" data-orig-file=\"http:\/\/www.tvturk.com\/wp-content\/uploads\/2019\/03\/corludaki-tren-kazasi-iddianamesi-kabul-edildi_d4d76fe.jpg\" data-orig-size=\"1000,562\" data-comments-opened=\"\" data-image-meta=\"{&quot;aperture&quot;:&quot;0&quot;,&quot;credit&quot;:&quot;IHA&quot;,&quot;camera&quot;:&quot;&quot;,&quot;caption&quot;:&quot;TEK\\u0130RDA\\u011e\\u2019IN \\u00c7ORLU \\u0130L\\u00c7ES\\u0130NDE 8 TEMMUZ 2018 TAR\\u0130H\\u0130NDE MEYDANA GELEN VE 25 K\\u0130\\u015e\\u0130N\\u0130N HAYATINI KAYBETT\\u0130\\u011e\\u0130 TREN KAZASIYLA \\u0130LG\\u0130L\\u0130 \\u00c7ORLU CUMHUR\\u0130YET BA\\u015eSAVCILI\\u011eI TARAFINDAN HAZIRLANAN \\u0130DD\\u0130ANAME \\u00c7ORLU 1. A\\u011eIR CEZA MAHKEMES\\u0130 TARAFINDAN KABUL ED\\u0130LD\\u0130. (SERDAR \\u015eAH\\u0130N\\\/TEK\\u0130RDA\\u011e-\\u0130HA)&quot;,&quot;created_timestamp&quot;:&quot;0&quot;,&quot;copyright&quot;:&quot;\\u0130HLAS HABER AJANSI, www.iha.com.tr&quot;,&quot;focal_length&quot;:&quot;0&quot;,&quot;iso&quot;:&quot;0&quot;,&quot;shutter_speed&quot;:&quot;0&quot;,&quot;title&quot;:&quot;\\u00c7ORLU\\u2019DAK\\u0130 TREN KAZASI \\u0130DD\\u0130ANAMES\\u0130 KABUL ED\\u0130LD\\u0130 \\u00c7ORLU TREN KAZASI SANIKLARI 2 YILDAN 15 YILA KADAR HAP\\u0130S CEZASI \\u0130STEM\\u0130YLE YARGILANACAK&quot;,&quot;orientation&quot;:&quot;0&quot;}\" data-image-title=\"\u00c7orlu\u2019daki tren kazas\u0131 iddianamesi kabul edildi\" data-image-description=\"&lt;p&gt;\u00c7orlu\u2019daki tren kazas\u0131 iddianamesi kabul edildi&lt;\/p&gt; \" data-medium-file=\"https:\/\/i0.wp.com\/www.tvturk.com\/wp-content\/uploads\/2019\/03\/corludaki-tren-kazasi-iddianamesi-kabul-edildi_d4d76fe.jpg?fit=300%2C169\" data-large-file=\"https:\/\/i0.wp.com\/www.tvturk.com\/wp-content\/uploads\/2019\/03\/corludaki-tren-kazasi-iddianamesi-kabul-edildi_d4d76fe.jpg?fit=1000%2C562\" src=\"https:\/\/i0.wp.com\/www.tvturk.com\/wp-content\/uploads\/2019\/03\/corludaki-tren-kazasi-iddianamesi-kabul-edildi_d4d76fe.jpg?w=195&#038;h=109\" srcset=\"https:\/\/i0.wp.com\/www.tvturk.com\/wp-content\/uploads\/2019\/03\/corludaki-tren-kazasi-iddianamesi-kabul-edildi_d4d76fe.jpg?w=1000 1000w, https:\/\/i0.wp.com\/www.tvturk.com\/wp-content\/uploads\/2019\/03\/corludaki-tren-kazasi-iddianamesi-kabul-edildi_d4d76fe.jpg?resize=150%2C84 150w, https:\/\/i0.wp.com\/www.tvturk.com\/wp-content\/uploads\/2019\/03\/corludaki-tren-kazasi-iddianamesi-kabul-edildi_d4d76fe.jpg?resize=300%2C169 300w, https:\/\/i0.wp.com\/www.tvturk.com\/wp-content\/uploads\/2019\/03\/corludaki-tren-kazasi-iddianamesi-kabul-edildi_d4d76fe.jpg?resize=768%2C432 768w, https:\/\/i0.wp.com\/www.tvturk.com\/wp-content\/uploads\/2019\/03\/corludaki-tren-kazasi-iddianamesi-kabul-edildi_d4d76fe.jpg?resize=200%2C113 200w\" width=\"195\" height=\"109\" loading=\"lazy\" data-original-width=\"195\" data-original-height=\"109\" itemprop=\"http:\/\/schema.org\/image\" title=\"\u00c7orlu\u2019daki tren kazas\u0131 iddianamesi kabul edildi\" alt=\"\u00c7orlu\u2019daki tren kazas\u0131 iddianamesi kabul edildi\" style=\"width: 195px; height: 109px;\" \/> <\/a> <\/div> <\/div> <!-- close group --> <div class=\"gallery-group images-1\" style=\"width: 301px; height: 227px;\" data-original-width=\"301\" data-original-height=\"227\" > <div class=\"tiled-gallery-item tiled-gallery-item-large\" itemprop=\"associatedMedia\" itemscope itemtype=\"http:\/\/schema.org\/ImageObject\"> <a href=\"http:\/\/www.tvturk.com\/index.php\/corludaki-tren-kazasi-iddianamesi-kabul-edildi\/corludaki-tren-kazasi-iddianamesi-kabul-edildi-5\/\" border=\"0\" itemprop=\"url\"> <meta itemprop=\"width\" content=\"297\"> <meta itemprop=\"height\" content=\"223\"> <img decoding=\"async\" class=\"\" data-attachment-id=\"73334\" data-orig-file=\"http:\/\/www.tvturk.com\/wp-content\/uploads\/2019\/03\/corludaki-tren-kazasi-iddianamesi-kabul-edildi_5c29742.jpg\" data-orig-size=\"1000,750\" data-comments-opened=\"\" data-image-meta=\"{&quot;aperture&quot;:&quot;0&quot;,&quot;credit&quot;:&quot;IHA&quot;,&quot;camera&quot;:&quot;&quot;,&quot;caption&quot;:&quot;TEK\\u0130RDA\\u011e\\u2019IN \\u00c7ORLU \\u0130L\\u00c7ES\\u0130NDE 8 TEMMUZ 2018 TAR\\u0130H\\u0130NDE MEYDANA GELEN VE 25 K\\u0130\\u015e\\u0130N\\u0130N HAYATINI KAYBETT\\u0130\\u011e\\u0130 TREN KAZASIYLA \\u0130LG\\u0130L\\u0130 \\u00c7ORLU CUMHUR\\u0130YET BA\\u015eSAVCILI\\u011eI TARAFINDAN HAZIRLANAN \\u0130DD\\u0130ANAME \\u00c7ORLU 1. A\\u011eIR CEZA MAHKEMES\\u0130 TARAFINDAN KABUL ED\\u0130LD\\u0130. (SERDAR \\u015eAH\\u0130N\\\/TEK\\u0130RDA\\u011e-\\u0130HA)&quot;,&quot;created_timestamp&quot;:&quot;0&quot;,&quot;copyright&quot;:&quot;\\u0130HLAS HABER AJANSI, www.iha.com.tr&quot;,&quot;focal_length&quot;:&quot;0&quot;,&quot;iso&quot;:&quot;0&quot;,&quot;shutter_speed&quot;:&quot;0&quot;,&quot;title&quot;:&quot;\\u00c7ORLU\\u2019DAK\\u0130 TREN KAZASI \\u0130DD\\u0130ANAMES\\u0130 KABUL ED\\u0130LD\\u0130 \\u00c7ORLU TREN KAZASI SANIKLARI 2 YILDAN 15 YILA KADAR HAP\\u0130S CEZASI \\u0130STEM\\u0130YLE YARGILANACAK&quot;,&quot;orientation&quot;:&quot;0&quot;}\" data-image-title=\"\u00c7orlu\u2019daki tren kazas\u0131 iddianamesi kabul edildi\" data-image-description=\"&lt;p&gt;\u00c7orlu\u2019daki tren kazas\u0131 iddianamesi kabul edildi&lt;\/p&gt; \" data-medium-file=\"https:\/\/i0.wp.com\/www.tvturk.com\/wp-content\/uploads\/2019\/03\/corludaki-tren-kazasi-iddianamesi-kabul-edildi_5c29742.jpg?fit=300%2C225\" data-large-file=\"https:\/\/i0.wp.com\/www.tvturk.com\/wp-content\/uploads\/2019\/03\/corludaki-tren-kazasi-iddianamesi-kabul-edildi_5c29742.jpg?fit=1000%2C750\" src=\"https:\/\/i0.wp.com\/www.tvturk.com\/wp-content\/uploads\/2019\/03\/corludaki-tren-kazasi-iddianamesi-kabul-edildi_5c29742.jpg?w=297&#038;h=223\" srcset=\"https:\/\/i0.wp.com\/www.tvturk.com\/wp-content\/uploads\/2019\/03\/corludaki-tren-kazasi-iddianamesi-kabul-edildi_5c29742.jpg?w=1000 1000w, https:\/\/i0.wp.com\/www.tvturk.com\/wp-content\/uploads\/2019\/03\/corludaki-tren-kazasi-iddianamesi-kabul-edildi_5c29742.jpg?resize=150%2C113 150w, https:\/\/i0.wp.com\/www.tvturk.com\/wp-content\/uploads\/2019\/03\/corludaki-tren-kazasi-iddianamesi-kabul-edildi_5c29742.jpg?resize=300%2C225 300w, https:\/\/i0.wp.com\/www.tvturk.com\/wp-content\/uploads\/2019\/03\/corludaki-tren-kazasi-iddianamesi-kabul-edildi_5c29742.jpg?resize=768%2C576 768w\" width=\"297\" height=\"223\" loading=\"lazy\" data-original-width=\"297\" data-original-height=\"223\" itemprop=\"http:\/\/schema.org\/image\" title=\"\u00c7orlu\u2019daki tren kazas\u0131 iddianamesi kabul edildi\" alt=\"\u00c7orlu\u2019daki tren kazas\u0131 iddianamesi kabul edildi\" style=\"width: 297px; height: 223px;\" \/> <\/a> <\/div> <\/div> <!-- close group --> <\/div> <!-- close row --> <div class=\"gallery-row\" style=\"width: 500px; height: 189px;\" data-original-width=\"500\" data-original-height=\"189\" > <div class=\"gallery-group images-1\" style=\"width: 250px; height: 189px;\" data-original-width=\"250\" data-original-height=\"189\" > <div class=\"tiled-gallery-item tiled-gallery-item-small\" itemprop=\"associatedMedia\" itemscope itemtype=\"http:\/\/schema.org\/ImageObject\"> <a href=\"http:\/\/www.tvturk.com\/index.php\/corludaki-tren-kazasi-iddianamesi-kabul-edildi\/corludaki-tren-kazasi-iddianamesi-kabul-edildi-6\/\" border=\"0\" itemprop=\"url\"> <meta itemprop=\"width\" content=\"246\"> <meta itemprop=\"height\" content=\"185\"> <img decoding=\"async\" class=\"\" data-attachment-id=\"73335\" data-orig-file=\"http:\/\/www.tvturk.com\/wp-content\/uploads\/2019\/03\/corludaki-tren-kazasi-iddianamesi-kabul-edildi_a3dfb50.jpg\" data-orig-size=\"1000,750\" data-comments-opened=\"\" data-image-meta=\"{&quot;aperture&quot;:&quot;0&quot;,&quot;credit&quot;:&quot;IHA&quot;,&quot;camera&quot;:&quot;&quot;,&quot;caption&quot;:&quot;TEK\\u0130RDA\\u011e\\u2019IN \\u00c7ORLU \\u0130L\\u00c7ES\\u0130NDE 8 TEMMUZ 2018 TAR\\u0130H\\u0130NDE MEYDANA GELEN VE 25 K\\u0130\\u015e\\u0130N\\u0130N HAYATINI KAYBETT\\u0130\\u011e\\u0130 TREN KAZASIYLA \\u0130LG\\u0130L\\u0130 \\u00c7ORLU CUMHUR\\u0130YET BA\\u015eSAVCILI\\u011eI TARAFINDAN HAZIRLANAN \\u0130DD\\u0130ANAME \\u00c7ORLU 1. A\\u011eIR CEZA MAHKEMES\\u0130 TARAFINDAN KABUL ED\\u0130LD\\u0130. (SERDAR \\u015eAH\\u0130N\\\/TEK\\u0130RDA\\u011e-\\u0130HA)&quot;,&quot;created_timestamp&quot;:&quot;0&quot;,&quot;copyright&quot;:&quot;\\u0130HLAS HABER AJANSI, www.iha.com.tr&quot;,&quot;focal_length&quot;:&quot;0&quot;,&quot;iso&quot;:&quot;0&quot;,&quot;shutter_speed&quot;:&quot;0&quot;,&quot;title&quot;:&quot;\\u00c7ORLU\\u2019DAK\\u0130 TREN KAZASI \\u0130DD\\u0130ANAMES\\u0130 KABUL ED\\u0130LD\\u0130 \\u00c7ORLU TREN KAZASI SANIKLARI 2 YILDAN 15 YILA KADAR HAP\\u0130S CEZASI \\u0130STEM\\u0130YLE YARGILANACAK&quot;,&quot;orientation&quot;:&quot;0&quot;}\" data-image-title=\"\u00c7orlu\u2019daki tren kazas\u0131 iddianamesi kabul edildi\" data-image-description=\"&lt;p&gt;\u00c7orlu\u2019daki tren kazas\u0131 iddianamesi kabul edildi&lt;\/p&gt; \" data-medium-file=\"https:\/\/i0.wp.com\/www.tvturk.com\/wp-content\/uploads\/2019\/03\/corludaki-tren-kazasi-iddianamesi-kabul-edildi_a3dfb50.jpg?fit=300%2C225\" data-large-file=\"https:\/\/i0.wp.com\/www.tvturk.com\/wp-content\/uploads\/2019\/03\/corludaki-tren-kazasi-iddianamesi-kabul-edildi_a3dfb50.jpg?fit=1000%2C750\" src=\"https:\/\/i0.wp.com\/www.tvturk.com\/wp-content\/uploads\/2019\/03\/corludaki-tren-kazasi-iddianamesi-kabul-edildi_a3dfb50.jpg?w=246&#038;h=185\" srcset=\"https:\/\/i0.wp.com\/www.tvturk.com\/wp-content\/uploads\/2019\/03\/corludaki-tren-kazasi-iddianamesi-kabul-edildi_a3dfb50.jpg?w=1000 1000w, https:\/\/i0.wp.com\/www.tvturk.com\/wp-content\/uploads\/2019\/03\/corludaki-tren-kazasi-iddianamesi-kabul-edildi_a3dfb50.jpg?resize=150%2C113 150w, https:\/\/i0.wp.com\/www.tvturk.com\/wp-content\/uploads\/2019\/03\/corludaki-tren-kazasi-iddianamesi-kabul-edildi_a3dfb50.jpg?resize=300%2C225 300w, https:\/\/i0.wp.com\/www.tvturk.com\/wp-content\/uploads\/2019\/03\/corludaki-tren-kazasi-iddianamesi-kabul-edildi_a3dfb50.jpg?resize=768%2C576 768w\" width=\"246\" height=\"185\" loading=\"lazy\" data-original-width=\"246\" data-original-height=\"185\" itemprop=\"http:\/\/schema.org\/image\" title=\"\u00c7orlu\u2019daki tren kazas\u0131 iddianamesi kabul edildi\" alt=\"\u00c7orlu\u2019daki tren kazas\u0131 iddianamesi kabul edildi\" style=\"width: 246px; height: 185px;\" \/> <\/a> <\/div> <\/div> <!-- close group --> <div class=\"gallery-group images-1\" style=\"width: 250px; height: 189px;\" data-original-width=\"250\" data-original-height=\"189\" > <div class=\"tiled-gallery-item tiled-gallery-item-small\" itemprop=\"associatedMedia\" itemscope itemtype=\"http:\/\/schema.org\/ImageObject\"> <a href=\"http:\/\/www.tvturk.com\/index.php\/corludaki-tren-kazasi-iddianamesi-kabul-edildi\/corludaki-tren-kazasi-iddianamesi-kabul-edildi-7\/\" border=\"0\" itemprop=\"url\"> <meta itemprop=\"width\" content=\"246\"> <meta itemprop=\"height\" content=\"185\"> <img decoding=\"async\" class=\"\" data-attachment-id=\"73336\" data-orig-file=\"http:\/\/www.tvturk.com\/wp-content\/uploads\/2019\/03\/corludaki-tren-kazasi-iddianamesi-kabul-edildi_7f04a7d.jpg\" data-orig-size=\"1000,750\" data-comments-opened=\"\" data-image-meta=\"{&quot;aperture&quot;:&quot;0&quot;,&quot;credit&quot;:&quot;IHA&quot;,&quot;camera&quot;:&quot;&quot;,&quot;caption&quot;:&quot;TEK\\u0130RDA\\u011e\\u2019IN \\u00c7ORLU \\u0130L\\u00c7ES\\u0130NDE 8 TEMMUZ 2018 TAR\\u0130H\\u0130NDE MEYDANA GELEN VE 25 K\\u0130\\u015e\\u0130N\\u0130N HAYATINI KAYBETT\\u0130\\u011e\\u0130 TREN KAZASIYLA \\u0130LG\\u0130L\\u0130 \\u00c7ORLU CUMHUR\\u0130YET BA\\u015eSAVCILI\\u011eI TARAFINDAN HAZIRLANAN \\u0130DD\\u0130ANAME \\u00c7ORLU 1. A\\u011eIR CEZA MAHKEMES\\u0130 TARAFINDAN KABUL ED\\u0130LD\\u0130. (SERDAR \\u015eAH\\u0130N\\\/TEK\\u0130RDA\\u011e-\\u0130HA)&quot;,&quot;created_timestamp&quot;:&quot;0&quot;,&quot;copyright&quot;:&quot;\\u0130HLAS HABER AJANSI, www.iha.com.tr&quot;,&quot;focal_length&quot;:&quot;0&quot;,&quot;iso&quot;:&quot;0&quot;,&quot;shutter_speed&quot;:&quot;0&quot;,&quot;title&quot;:&quot;\\u00c7ORLU\\u2019DAK\\u0130 TREN KAZASI \\u0130DD\\u0130ANAMES\\u0130 KABUL ED\\u0130LD\\u0130 \\u00c7ORLU TREN KAZASI SANIKLARI 2 YILDAN 15 YILA KADAR HAP\\u0130S CEZASI \\u0130STEM\\u0130YLE YARGILANACAK&quot;,&quot;orientation&quot;:&quot;0&quot;}\" data-image-title=\"\u00c7orlu\u2019daki tren kazas\u0131 iddianamesi kabul edildi\" data-image-description=\"&lt;p&gt;\u00c7orlu\u2019daki tren kazas\u0131 iddianamesi kabul edildi&lt;\/p&gt; \" data-medium-file=\"https:\/\/i0.wp.com\/www.tvturk.com\/wp-content\/uploads\/2019\/03\/corludaki-tren-kazasi-iddianamesi-kabul-edildi_7f04a7d.jpg?fit=300%2C225\" data-large-file=\"https:\/\/i0.wp.com\/www.tvturk.com\/wp-content\/uploads\/2019\/03\/corludaki-tren-kazasi-iddianamesi-kabul-edildi_7f04a7d.jpg?fit=1000%2C750\" src=\"https:\/\/i0.wp.com\/www.tvturk.com\/wp-content\/uploads\/2019\/03\/corludaki-tren-kazasi-iddianamesi-kabul-edildi_7f04a7d.jpg?w=246&#038;h=185\" srcset=\"https:\/\/i0.wp.com\/www.tvturk.com\/wp-content\/uploads\/2019\/03\/corludaki-tren-kazasi-iddianamesi-kabul-edildi_7f04a7d.jpg?w=1000 1000w, https:\/\/i0.wp.com\/www.tvturk.com\/wp-content\/uploads\/2019\/03\/corludaki-tren-kazasi-iddianamesi-kabul-edildi_7f04a7d.jpg?resize=150%2C113 150w, https:\/\/i0.wp.com\/www.tvturk.com\/wp-content\/uploads\/2019\/03\/corludaki-tren-kazasi-iddianamesi-kabul-edildi_7f04a7d.jpg?resize=300%2C225 300w, https:\/\/i0.wp.com\/www.tvturk.com\/wp-content\/uploads\/2019\/03\/corludaki-tren-kazasi-iddianamesi-kabul-edildi_7f04a7d.jpg?resize=768%2C576 768w\" width=\"246\" height=\"185\" loading=\"lazy\" data-original-width=\"246\" data-original-height=\"185\" itemprop=\"http:\/\/schema.org\/image\" title=\"\u00c7orlu\u2019daki tren kazas\u0131 iddianamesi kabul edildi\" alt=\"\u00c7orlu\u2019daki tren kazas\u0131 iddianamesi kabul edildi\" style=\"width: 246px; height: 185px;\" \/> <\/a> <\/div> <\/div> <!-- close group --> <\/div> <!-- close row --> <\/div><\/p>\n","protected":false},"excerpt":{"rendered":"<p>TEK\u0130RDA\u011e\u2019IN \u00c7ORLU \u0130L\u00c7ES\u0130NDE 8 TEMMUZ 2018 TAR\u0130H\u0130NDE MEYDANA GELEN VE 25 K\u0130\u015e\u0130N\u0130N HAYATINI KAYBETT\u0130\u011e\u0130 TREN KAZASIYLA \u0130LG\u0130L\u0130 \u00c7ORLU CUMHUR\u0130YET BA\u015eSAVCILI\u011eI TARAFINDAN HAZIRLANAN \u0130DD\u0130ANAME \u00c7ORLU 1. A\u011eIR CEZA MAHKEMES\u0130 TARAFINDAN KABUL ED\u0130LD\u0130.<\/p>\n","protected":false},"author":1,"featured_media":73331,"comment_status":"closed","ping_status":"open","sticky":false,"template":"","format":"standard","meta":{"jetpack_post_was_ever_published":false,"_jetpack_newsletter_access":"","_jetpack_dont_email_post_to_subs":false,"_jetpack_newsletter_tier_id":0,"_jetpack_memberships_contains_paywalled_content":false,"_jetpack_memberships_contains_paid_content":false,"footnotes":"","jetpack_publicize_message":"","jetpack_publicize_feature_enabled":true,"jetpack_social_post_already_shared":true,"jetpack_social_options":{"image_generator_settings":{"template":"highway","default_image_id":0,"font":"","enabled":false},"version":2}},"categories":[655],"tags":[21434,857,21435,654,771,5044],"class_list":["post-73330","post","type-post","status-publish","format-standard","has-post-thumbnail","hentry","category-son-dakika","tag-corludaki","tag-edildi","tag-iddianamesi","tag-kabul","tag-kazasi","tag-tren"],"jetpack_publicize_connections":[],"jetpack_featured_media_url":"https:\/\/i0.wp.com\/www.tvturk.com\/wp-content\/uploads\/2019\/03\/corludaki-tren-kazasi-iddianamesi-kabul-edildi_59b7ef8.jpg?fit=1000%2C562","jetpack_sharing_enabled":true,"jetpack_shortlink":"https:\/\/wp.me\/paKIfm-j4K","_links":{"self":[{"href":"http:\/\/www.tvturk.com\/index.php\/wp-json\/wp\/v2\/posts\/73330","targetHints":{"allow":["GET"]}}],"collection":[{"href":"http:\/\/www.tvturk.com\/index.php\/wp-json\/wp\/v2\/posts"}],"about":[{"href":"http:\/\/www.tvturk.com\/index.php\/wp-json\/wp\/v2\/types\/post"}],"author":[{"embeddable":true,"href":"http:\/\/www.tvturk.com\/index.php\/wp-json\/wp\/v2\/users\/1"}],"replies":[{"embeddable":true,"href":"http:\/\/www.tvturk.com\/index.php\/wp-json\/wp\/v2\/comments?post=73330"}],"version-history":[{"count":1,"href":"http:\/\/www.tvturk.com\/index.php\/wp-json\/wp\/v2\/posts\/73330\/revisions"}],"predecessor-version":[{"id":73337,"href":"http:\/\/www.tvturk.com\/index.php\/wp-json\/wp\/v2\/posts\/73330\/revisions\/73337"}],"wp:featuredmedia":[{"embeddable":true,"href":"http:\/\/www.tvturk.com\/index.php\/wp-json\/wp\/v2\/media\/73331"}],"wp:attachment":[{"href":"http:\/\/www.tvturk.com\/index.php\/wp-json\/wp\/v2\/media?parent=73330"}],"wp:term":[{"taxonomy":"category","embeddable":true,"href":"http:\/\/www.tvturk.com\/index.php\/wp-json\/wp\/v2\/categories?post=73330"},{"taxonomy":"post_tag","embeddable":true,"href":"http:\/\/www.tvturk.com\/index.php\/wp-json\/wp\/v2\/tags?post=73330"}],"curies":[{"name":"wp","href":"https:\/\/api.w.org\/{rel}","templated":true}]}}